{"id":324704,"date":"2024-03-16T05:15:48","date_gmt":"2024-03-16T08:15:48","guid":{"rendered":"https:\/\/www.notibras.com\/site\/?p=324704"},"modified":"2024-03-16T05:15:48","modified_gmt":"2024-03-16T08:15:48","slug":"flerte-ainda-na-gravidez-merece-titulo-duplo","status":"publish","type":"post","link":"https:\/\/www.notibras.com\/site\/flerte-ainda-na-gravidez-merece-titulo-duplo\/","title":{"rendered":"Flerte ainda na gravidez merece t\u00edtulo duplo"},"content":{"rendered":"<p>A tia era t\u00e3o apegada \u00e0 sobrinha, que a tratava como filha. Ali\u00e1s, al\u00e9m de tia, ela tamb\u00e9m era a madrinha da menina. Antes mesmo da afilhada nascer, l\u00e1 estava a mulher ao lado da irm\u00e3, que estava com aquele barrig\u00e3o. O nome j\u00e1 at\u00e9 estava decidido, mas a futura tia queria, a todo custo, tentou convencer os futuros pais de que a menina deveria ter outro nome.<\/p>\n<p>\u2013 Ah, ela tem que ter um nome chique. O que voc\u00eas escolheram \u00e9 muito simples.<\/p>\n<p>\u2013 E qual deveria ser o nome dela?<\/p>\n<p>\u2013 Milady Rayani!<\/p>\n<p>\u2013 Melhor deixar Ana Maria mesmo.<\/p>\n<p>At\u00e9 a menina, anos mais tarde, agradeceu ao pai por n\u00e3o ter dado ouvido \u00e0quela ideia esdr\u00faxula. Isso para n\u00e3o usar outras palavras menos educadas.<\/p>\n<p>Mas voltando \u00e0 hist\u00f3ria, a menina j\u00e1 estava com 10 anos, quando a tia foi busc\u00e1-la para dar um passeio. Seria aquela farra somente entre ela e a sobrinha. No entanto, j\u00e1 na porta do apartamento, foi justamente a av\u00f3 da menina que atendeu. Essa av\u00f3, na verdade, era a m\u00e3e do pai da menina. A tia at\u00e9 gostava dela, mas havia certa disputa entre as duas pela aten\u00e7\u00e3o da garota. Ah, a av\u00f3 estava com uma visita, uma amiga de longa data. Ent\u00e3o, aconteceu o seguinte di\u00e1logo.<\/p>\n<p>\u2013 Lourdes, essa \u00e9 a Marinha, tia da minha neta.<\/p>\n<p>\u2013 Tia e madrinha! E voc\u00ea sabe, n\u00e9? Tia e madrinha \u00e9 at\u00e9 mais importante do que av\u00f3.<\/p>\n","protected":false},"excerpt":{"rendered":"<p>A tia era t\u00e3o apegada \u00e0 sobrinha, que a tratava como filha. Ali\u00e1s, al\u00e9m de tia, ela tamb\u00e9m era a madrinha da menina. Antes mesmo da afilhada nascer, l\u00e1 estava a mulher ao lado da irm\u00e3, que estava com aquele barrig\u00e3o. O nome j\u00e1 at\u00e9 estava decidido, mas a futura tia queria, a todo custo, [&hellip;]<\/p>\n","protected":false},"author":2,"featured_media":324705,"comment_status":"closed","ping_status":"closed","sticky":false,"template":"","format":"standard","meta":{"_acf_changed":false,"footnotes":""},"categories":[161],"tags":[],"class_list":["post-324704","post","type-post","status-publish","format-standard","has-post-thumbnail","hentry","category-quadradinho-em-foco"],"acf":[],"yoast_head":"<!-- This site is optimized with the Yoast SEO plugin v27.2 - https:\/\/yoast.com\/product\/yoast-seo-wordpress\/ -->\n<title>Flerte ainda na gravidez merece t\u00edtulo duplo - Notibras<\/title>\n<meta name=\"robots\" content=\"index, follow, max-snippet:-1, max-image-preview:large, max-video-preview:-1\" \/>\n<link rel=\"canonical\" href=\"https:\/\/www.notibras.com\/site\/flerte-ainda-na-gravidez-merece-titulo-duplo\/\" \/>\n<meta property=\"og:locale\" content=\"pt_BR\" \/>\n<meta property=\"og:type\" content=\"article\" \/>\n<meta property=\"og:title\" content=\"Flerte ainda na gravidez merece t\u00edtulo duplo - Notibras\" \/>\n<meta property=\"og:description\" content=\"A tia era t\u00e3o apegada \u00e0 sobrinha, que a tratava como filha. Ali\u00e1s, al\u00e9m de tia, ela tamb\u00e9m era a madrinha da menina. Antes mesmo da afilhada nascer, l\u00e1 estava a mulher ao lado da irm\u00e3, que estava com aquele barrig\u00e3o. O nome j\u00e1 at\u00e9 estava decidido, mas a futura tia queria, a todo custo, [&hellip;]\" \/>\n<meta property=\"og:url\" content=\"https:\/\/www.notibras.com\/site\/flerte-ainda-na-gravidez-merece-titulo-duplo\/\" \/>\n<meta property=\"og:site_name\" content=\"Notibras\" \/>\n<meta property=\"article:publisher\" content=\"https:\/\/www.facebook.com\/notibras\/\" \/>\n<meta property=\"article:published_time\" content=\"2024-03-16T08:15:48+00:00\" \/>\n<meta property=\"og:image\" content=\"https:\/\/www.notibras.com\/site\/wp-content\/uploads\/2024\/03\/b0821b9b-9ecb-45b5-af84-b649c2fab2d0.jpeg\" \/>\n\t<meta property=\"og:image:width\" content=\"1024\" \/>\n\t<meta property=\"og:image:height\" content=\"1024\" \/>\n\t<meta property=\"og:image:type\" content=\"image\/jpeg\" \/>\n<meta name=\"author\" content=\"Reda\u00e7\u00e3o\" \/>\n<meta name=\"twitter:card\" content=\"summary_large_image\" \/>\n<meta name=\"twitter:creator\" content=\"@Notibras\" \/>\n<meta name=\"twitter:site\" content=\"@Notibras\" \/>\n<meta name=\"twitter:label1\" content=\"Escrito por\" \/>\n\t<meta name=\"twitter:data1\" content=\"Reda\u00e7\u00e3o\" \/>\n\t<meta name=\"twitter:label2\" content=\"Est. tempo de leitura\" \/>\n\t<meta name=\"twitter:data2\" content=\"2 minutos\" \/>\n<script type=\"application\/ld+json\" class=\"yoast-schema-graph\">{\"@context\":\"https:\/\/schema.org\",\"@graph\":[{\"@type\":\"Article\",\"@id\":\"https:\/\/www.notibras.com\/site\/flerte-ainda-na-gravidez-merece-titulo-duplo\/#article\",\"isPartOf\":{\"@id\":\"https:\/\/www.notibras.com\/site\/flerte-ainda-na-gravidez-merece-titulo-duplo\/\"},\"author\":{\"name\":\"Reda\u00e7\u00e3o\",\"@id\":\"https:\/\/www.notibras.com\/site\/#\/schema\/person\/36ab0979449956132d3e5b517ea76ac8\"},\"headline\":\"Flerte ainda na gravidez merece t\u00edtulo duplo\",\"datePublished\":\"2024-03-16T08:15:48+00:00\",\"mainEntityOfPage\":{\"@id\":\"https:\/\/www.notibras.com\/site\/flerte-ainda-na-gravidez-merece-titulo-duplo\/\"},\"wordCount\":253,\"publisher\":{\"@id\":\"https:\/\/www.notibras.com\/site\/#organization\"},\"image\":{\"@id\":\"https:\/\/www.notibras.com\/site\/flerte-ainda-na-gravidez-merece-titulo-duplo\/#primaryimage\"},\"thumbnailUrl\":\"https:\/\/www.notibras.com\/site\/wp-content\/uploads\/2024\/03\/b0821b9b-9ecb-45b5-af84-b649c2fab2d0.jpeg\",\"articleSection\":[\"Quadradinho em Foco\"],\"inLanguage\":\"pt-BR\"},{\"@type\":\"WebPage\",\"@id\":\"https:\/\/www.notibras.com\/site\/flerte-ainda-na-gravidez-merece-titulo-duplo\/\",\"url\":\"https:\/\/www.notibras.com\/site\/flerte-ainda-na-gravidez-merece-titulo-duplo\/\",\"name\":\"Flerte ainda na gravidez merece t\u00edtulo duplo - Notibras\",\"isPartOf\":{\"@id\":\"https:\/\/www.notibras.com\/site\/#website\"},\"primaryImageOfPage\":{\"@id\":\"https:\/\/www.notibras.com\/site\/flerte-ainda-na-gravidez-merece-titulo-duplo\/#primaryimage\"},\"image\":{\"@id\":\"https:\/\/www.notibras.com\/site\/flerte-ainda-na-gravidez-merece-titulo-duplo\/#primaryimage\"},\"thumbnailUrl\":\"https:\/\/www.notibras.com\/site\/wp-content\/uploads\/2024\/03\/b0821b9b-9ecb-45b5-af84-b649c2fab2d0.jpeg\",\"datePublished\":\"2024-03-16T08:15:48+00:00\",\"breadcrumb\":{\"@id\":\"https:\/\/www.notibras.com\/site\/flerte-ainda-na-gravidez-merece-titulo-duplo\/#breadcrumb\"},\"inLanguage\":\"pt-BR\",\"potentialAction\":[{\"@type\":\"ReadAction\",\"target\":[\"https:\/\/www.notibras.com\/site\/flerte-ainda-na-gravidez-merece-titulo-duplo\/\"]}]},{\"@type\":\"ImageObject\",\"inLanguage\":\"pt-BR\",\"@id\":\"https:\/\/www.notibras.com\/site\/flerte-ainda-na-gravidez-merece-titulo-duplo\/#primaryimage\",\"url\":\"https:\/\/www.notibras.com\/site\/wp-content\/uploads\/2024\/03\/b0821b9b-9ecb-45b5-af84-b649c2fab2d0.jpeg\",\"contentUrl\":\"https:\/\/www.notibras.com\/site\/wp-content\/uploads\/2024\/03\/b0821b9b-9ecb-45b5-af84-b649c2fab2d0.jpeg\",\"width\":1024,\"height\":1024},{\"@type\":\"BreadcrumbList\",\"@id\":\"https:\/\/www.notibras.com\/site\/flerte-ainda-na-gravidez-merece-titulo-duplo\/#breadcrumb\",\"itemListElement\":[{\"@type\":\"ListItem\",\"position\":1,\"name\":\"In\u00edcio\",\"item\":\"https:\/\/www.notibras.com\/site\/\"},{\"@type\":\"ListItem\",\"position\":2,\"name\":\"Flerte ainda na gravidez merece t\u00edtulo duplo\"}]},{\"@type\":\"WebSite\",\"@id\":\"https:\/\/www.notibras.com\/site\/#website\",\"url\":\"https:\/\/www.notibras.com\/site\/\",\"name\":\"Notibras\",\"description\":\"Not\u00edcias de Bras\u00edlia, do Brasil e do Mundo\",\"publisher\":{\"@id\":\"https:\/\/www.notibras.com\/site\/#organization\"},\"potentialAction\":[{\"@type\":\"SearchAction\",\"target\":{\"@type\":\"EntryPoint\",\"urlTemplate\":\"https:\/\/www.notibras.com\/site\/?s={search_term_string}\"},\"query-input\":{\"@type\":\"PropertyValueSpecification\",\"valueRequired\":true,\"valueName\":\"search_term_string\"}}],\"inLanguage\":\"pt-BR\"},{\"@type\":\"Organization\",\"@id\":\"https:\/\/www.notibras.com\/site\/#organization\",\"name\":\"Grupo Notibras de Comunica\u00e7\u00e3o\",\"url\":\"https:\/\/www.notibras.com\/site\/\",\"logo\":{\"@type\":\"ImageObject\",\"inLanguage\":\"pt-BR\",\"@id\":\"https:\/\/www.notibras.com\/site\/#\/schema\/logo\/image\/\",\"url\":\"https:\/\/www.notibras.com\/site\/wp-content\/uploads\/2023\/01\/notibras23.png\",\"contentUrl\":\"https:\/\/www.notibras.com\/site\/wp-content\/uploads\/2023\/01\/notibras23.png\",\"width\":350,\"height\":87,\"caption\":\"Grupo Notibras de Comunica\u00e7\u00e3o\"},\"image\":{\"@id\":\"https:\/\/www.notibras.com\/site\/#\/schema\/logo\/image\/\"},\"sameAs\":[\"https:\/\/www.facebook.com\/notibras\/\",\"https:\/\/x.com\/Notibras\",\"https:\/\/www.instagram.com\/notibras\/\"]},{\"@type\":\"Person\",\"@id\":\"https:\/\/www.notibras.com\/site\/#\/schema\/person\/36ab0979449956132d3e5b517ea76ac8\",\"name\":\"Reda\u00e7\u00e3o\",\"image\":{\"@type\":\"ImageObject\",\"inLanguage\":\"pt-BR\",\"@id\":\"https:\/\/secure.gravatar.com\/avatar\/e0a867bdedb85fd243eadf09663511f96fc81e0720a4a42581f334ad4303aa6b?s=96&d=mm&r=g\",\"url\":\"https:\/\/secure.gravatar.com\/avatar\/e0a867bdedb85fd243eadf09663511f96fc81e0720a4a42581f334ad4303aa6b?s=96&d=mm&r=g\",\"contentUrl\":\"https:\/\/secure.gravatar.com\/avatar\/e0a867bdedb85fd243eadf09663511f96fc81e0720a4a42581f334ad4303aa6b?s=96&d=mm&r=g\",\"caption\":\"Reda\u00e7\u00e3o\"}}]}<\/script>\n<!-- \/ Yoast SEO plugin. -->","yoast_head_json":{"title":"Flerte ainda na gravidez merece t\u00edtulo duplo - Notibras","robots":{"index":"index","follow":"follow","max-snippet":"max-snippet:-1","max-image-preview":"max-image-preview:large","max-video-preview":"max-video-preview:-1"},"canonical":"https:\/\/www.notibras.com\/site\/flerte-ainda-na-gravidez-merece-titulo-duplo\/","og_locale":"pt_BR","og_type":"article","og_title":"Flerte ainda na gravidez merece t\u00edtulo duplo - Notibras","og_description":"A tia era t\u00e3o apegada \u00e0 sobrinha, que a tratava como filha. Ali\u00e1s, al\u00e9m de tia, ela tamb\u00e9m era a madrinha da menina. Antes mesmo da afilhada nascer, l\u00e1 estava a mulher ao lado da irm\u00e3, que estava com aquele barrig\u00e3o. O nome j\u00e1 at\u00e9 estava decidido, mas a futura tia queria, a todo custo, [&hellip;]","og_url":"https:\/\/www.notibras.com\/site\/flerte-ainda-na-gravidez-merece-titulo-duplo\/","og_site_name":"Notibras","article_publisher":"https:\/\/www.facebook.com\/notibras\/","article_published_time":"2024-03-16T08:15:48+00:00","og_image":[{"width":1024,"height":1024,"url":"https:\/\/www.notibras.com\/site\/wp-content\/uploads\/2024\/03\/b0821b9b-9ecb-45b5-af84-b649c2fab2d0.jpeg","type":"image\/jpeg"}],"author":"Reda\u00e7\u00e3o","twitter_card":"summary_large_image","twitter_creator":"@Notibras","twitter_site":"@Notibras","twitter_misc":{"Escrito por":"Reda\u00e7\u00e3o","Est. tempo de leitura":"2 minutos"},"schema":{"@context":"https:\/\/schema.org","@graph":[{"@type":"Article","@id":"https:\/\/www.notibras.com\/site\/flerte-ainda-na-gravidez-merece-titulo-duplo\/#article","isPartOf":{"@id":"https:\/\/www.notibras.com\/site\/flerte-ainda-na-gravidez-merece-titulo-duplo\/"},"author":{"name":"Reda\u00e7\u00e3o","@id":"https:\/\/www.notibras.com\/site\/#\/schema\/person\/36ab0979449956132d3e5b517ea76ac8"},"headline":"Flerte ainda na gravidez merece t\u00edtulo duplo","datePublished":"2024-03-16T08:15:48+00:00","mainEntityOfPage":{"@id":"https:\/\/www.notibras.com\/site\/flerte-ainda-na-gravidez-merece-titulo-duplo\/"},"wordCount":253,"publisher":{"@id":"https:\/\/www.notibras.com\/site\/#organization"},"image":{"@id":"https:\/\/www.notibras.com\/site\/flerte-ainda-na-gravidez-merece-titulo-duplo\/#primaryimage"},"thumbnailUrl":"https:\/\/www.notibras.com\/site\/wp-content\/uploads\/2024\/03\/b0821b9b-9ecb-45b5-af84-b649c2fab2d0.jpeg","articleSection":["Quadradinho em Foco"],"inLanguage":"pt-BR"},{"@type":"WebPage","@id":"https:\/\/www.notibras.com\/site\/flerte-ainda-na-gravidez-merece-titulo-duplo\/","url":"https:\/\/www.notibras.com\/site\/flerte-ainda-na-gravidez-merece-titulo-duplo\/","name":"Flerte ainda na gravidez merece t\u00edtulo duplo - Notibras","isPartOf":{"@id":"https:\/\/www.notibras.com\/site\/#website"},"primaryImageOfPage":{"@id":"https:\/\/www.notibras.com\/site\/flerte-ainda-na-gravidez-merece-titulo-duplo\/#primaryimage"},"image":{"@id":"https:\/\/www.notibras.com\/site\/flerte-ainda-na-gravidez-merece-titulo-duplo\/#primaryimage"},"thumbnailUrl":"https:\/\/www.notibras.com\/site\/wp-content\/uploads\/2024\/03\/b0821b9b-9ecb-45b5-af84-b649c2fab2d0.jpeg","datePublished":"2024-03-16T08:15:48+00:00","breadcrumb":{"@id":"https:\/\/www.notibras.com\/site\/flerte-ainda-na-gravidez-merece-titulo-duplo\/#breadcrumb"},"inLanguage":"pt-BR","potentialAction":[{"@type":"ReadAction","target":["https:\/\/www.notibras.com\/site\/flerte-ainda-na-gravidez-merece-titulo-duplo\/"]}]},{"@type":"ImageObject","inLanguage":"pt-BR","@id":"https:\/\/www.notibras.com\/site\/flerte-ainda-na-gravidez-merece-titulo-duplo\/#primaryimage","url":"https:\/\/www.notibras.com\/site\/wp-content\/uploads\/2024\/03\/b0821b9b-9ecb-45b5-af84-b649c2fab2d0.jpeg","contentUrl":"https:\/\/www.notibras.com\/site\/wp-content\/uploads\/2024\/03\/b0821b9b-9ecb-45b5-af84-b649c2fab2d0.jpeg","width":1024,"height":1024},{"@type":"BreadcrumbList","@id":"https:\/\/www.notibras.com\/site\/flerte-ainda-na-gravidez-merece-titulo-duplo\/#breadcrumb","itemListElement":[{"@type":"ListItem","position":1,"name":"In\u00edcio","item":"https:\/\/www.notibras.com\/site\/"},{"@type":"ListItem","position":2,"name":"Flerte ainda na gravidez merece t\u00edtulo duplo"}]},{"@type":"WebSite","@id":"https:\/\/www.notibras.com\/site\/#website","url":"https:\/\/www.notibras.com\/site\/","name":"Notibras","description":"Not\u00edcias de Bras\u00edlia, do Brasil e do Mundo","publisher":{"@id":"https:\/\/www.notibras.com\/site\/#organization"},"potentialAction":[{"@type":"SearchAction","target":{"@type":"EntryPoint","urlTemplate":"https:\/\/www.notibras.com\/site\/?s={search_term_string}"},"query-input":{"@type":"PropertyValueSpecification","valueRequired":true,"valueName":"search_term_string"}}],"inLanguage":"pt-BR"},{"@type":"Organization","@id":"https:\/\/www.notibras.com\/site\/#organization","name":"Grupo Notibras de Comunica\u00e7\u00e3o","url":"https:\/\/www.notibras.com\/site\/","logo":{"@type":"ImageObject","inLanguage":"pt-BR","@id":"https:\/\/www.notibras.com\/site\/#\/schema\/logo\/image\/","url":"https:\/\/www.notibras.com\/site\/wp-content\/uploads\/2023\/01\/notibras23.png","contentUrl":"https:\/\/www.notibras.com\/site\/wp-content\/uploads\/2023\/01\/notibras23.png","width":350,"height":87,"caption":"Grupo Notibras de Comunica\u00e7\u00e3o"},"image":{"@id":"https:\/\/www.notibras.com\/site\/#\/schema\/logo\/image\/"},"sameAs":["https:\/\/www.facebook.com\/notibras\/","https:\/\/x.com\/Notibras","https:\/\/www.instagram.com\/notibras\/"]},{"@type":"Person","@id":"https:\/\/www.notibras.com\/site\/#\/schema\/person\/36ab0979449956132d3e5b517ea76ac8","name":"Reda\u00e7\u00e3o","image":{"@type":"ImageObject","inLanguage":"pt-BR","@id":"https:\/\/secure.gravatar.com\/avatar\/e0a867bdedb85fd243eadf09663511f96fc81e0720a4a42581f334ad4303aa6b?s=96&d=mm&r=g","url":"https:\/\/secure.gravatar.com\/avatar\/e0a867bdedb85fd243eadf09663511f96fc81e0720a4a42581f334ad4303aa6b?s=96&d=mm&r=g","contentUrl":"https:\/\/secure.gravatar.com\/avatar\/e0a867bdedb85fd243eadf09663511f96fc81e0720a4a42581f334ad4303aa6b?s=96&d=mm&r=g","caption":"Reda\u00e7\u00e3o"}}]}},"amp_enabled":true,"_links":{"self":[{"href":"https:\/\/www.notibras.com\/site\/wp-json\/wp\/v2\/posts\/324704","targetHints":{"allow":["GET"]}}],"collection":[{"href":"https:\/\/www.notibras.com\/site\/wp-json\/wp\/v2\/posts"}],"about":[{"href":"https:\/\/www.notibras.com\/site\/wp-json\/wp\/v2\/types\/post"}],"author":[{"embeddable":true,"href":"https:\/\/www.notibras.com\/site\/wp-json\/wp\/v2\/users\/2"}],"replies":[{"embeddable":true,"href":"https:\/\/www.notibras.com\/site\/wp-json\/wp\/v2\/comments?post=324704"}],"version-history":[{"count":1,"href":"https:\/\/www.notibras.com\/site\/wp-json\/wp\/v2\/posts\/324704\/revisions"}],"predecessor-version":[{"id":324706,"href":"https:\/\/www.notibras.com\/site\/wp-json\/wp\/v2\/posts\/324704\/revisions\/324706"}],"wp:featuredmedia":[{"embeddable":true,"href":"https:\/\/www.notibras.com\/site\/wp-json\/wp\/v2\/media\/324705"}],"wp:attachment":[{"href":"https:\/\/www.notibras.com\/site\/wp-json\/wp\/v2\/media?parent=324704"}],"wp:term":[{"taxonomy":"category","embeddable":true,"href":"https:\/\/www.notibras.com\/site\/wp-json\/wp\/v2\/categories?post=324704"},{"taxonomy":"post_tag","embeddable":true,"href":"https:\/\/www.notibras.com\/site\/wp-json\/wp\/v2\/tags?post=324704"}],"curies":[{"name":"wp","href":"https:\/\/api.w.org\/{rel}","templated":true}]}}