{"id":324734,"date":"2024-03-16T00:00:04","date_gmt":"2024-03-16T03:00:04","guid":{"rendered":"https:\/\/www.notibras.com\/site\/?p=324734"},"modified":"2024-03-16T07:55:23","modified_gmt":"2024-03-16T10:55:23","slug":"acao-para-acolher-morador-de-rua-e-humanitaria-e-faz-bem","status":"publish","type":"post","link":"https:\/\/www.notibras.com\/site\/acao-para-acolher-morador-de-rua-e-humanitaria-e-faz-bem\/","title":{"rendered":"A\u00e7\u00e3o para acolher morador de rua \u00e9 humanit\u00e1ria e faz bem"},"content":{"rendered":"<p>A Secretaria de Desenvolvimento Social (Sedes) viabilizou, nesta sexta-feira (15), a oferta de 15 atendimentos socioassistenciais e 12 encaminhamentos para acolhimento institucional das pessoas em situa\u00e7\u00e3o de rua que estavam acampadas em 19 barracas, nas proximidades do Centro de Refer\u00eancia Especializado para Popula\u00e7\u00e3o em Situa\u00e7\u00e3o de Rua (Centro Pop) Bras\u00edlia, na 903 Sul. Vinte e quatro pessoas estavam acampadas no local.<\/p>\n<p>Esse foi um dos 74 pontos mapeados pelo Governo do Distrito Federal (GDF) para serem realizadas zeladorias urbanas, que \u00e9 a retirada gradual dos acampamentos. A a\u00e7\u00e3o faz parte de um plano para reduzir e acolher pessoas em situa\u00e7\u00e3o de rua que vivem no DF. Autorizado pelo ministro do Supremo Tribunal Federal (STF) Alexandre de Moraes, o plano de a\u00e7\u00e3o, em fase final de elabora\u00e7\u00e3o, foi anunciado na quinta-feira (14) pela Casa Civil, Sedes e DF Legal e aguarda sugest\u00f5es do Minist\u00e9rio P\u00fablico do Distrito Federal e dos Territ\u00f3rios (MPDFT).<\/p>\n<p>No caso da Sedes, o processo come\u00e7ou na \u00faltima segunda-feira (11), com o apoio das equipes do Centro Pop Bras\u00edlia e do Servi\u00e7o Especializado em Abordagem Social (Seas). Foram realizados encontros de sensibiliza\u00e7\u00e3o di\u00e1rios com os assistidos durante toda a semana. Tr\u00eas deles j\u00e1 faziam parte do programa RenovaDF, inseridos por meio dos atendimentos prestados pelo Centro Pop Bras\u00edlia. Quatro fam\u00edlias est\u00e3o em acompanhamento para sa\u00edda das ruas. Foram realizadas 26 ofertas de acolhimento institucional.<\/p>\n<p>Conforme balan\u00e7o da Sedes, nesta sexta, cinco pessoas foram acolhidas. Outras quatro aceitaram o atendimento e tiveram a vaga disponibilizada, mas n\u00e3o se apresentaram \u00e0s casas. Foram realizados sete acolhimentos adicionais com as vagas remanescentes da a\u00e7\u00e3o, de pessoas que n\u00e3o comparecerem \u00e0s vagas de acolhimento.<\/p>\n<p>Das pessoas mapeadas pelas equipes da Sedes que viviam no local, seis n\u00e3o foram localizadas e onze recusaram acolhimento. Um dos assistidos foi atendido com demanda de passagem interestadual para retornar \u00e0 cidade de origem. Duas pessoas tinham demandas relacionadas a documenta\u00e7\u00e3o.<\/p>\n<p>\u201cEsse \u00e9 um tema complexo. Gosto de enfatizar que se voc\u00ea tem 100 pessoas em situa\u00e7\u00e3o de rua, voc\u00ea vai precisar de 100 solu\u00e7\u00f5es porque cada um tem uma hist\u00f3ria, cada um tem motivo para estar nessa situa\u00e7\u00e3o. Nossos servidores e equipes de abordagem atuam justamente para tentar estabelecer um v\u00ednculo com essa pessoa, tentar entender a hist\u00f3ria dela e encontrar a melhor solu\u00e7\u00e3o\u201d, explica a secret\u00e1ria de Desenvolvimento Social, Ana Paula Marra.<\/p>\n<p>Para o secret\u00e1rio-chefe da Casa Civil, Gustavo Rocha, a for\u00e7a-tarefa garantiu o pleno direito das pessoas ali instaladas de forma prec\u00e1ria gra\u00e7as \u00e0 integra\u00e7\u00e3o das a\u00e7\u00f5es. \u201cA opera\u00e7\u00e3o foi exitosa, todos os \u00f3rg\u00e3os do governo atuaram de forma integrada, sob fiscaliza\u00e7\u00e3o do Minist\u00e9rio P\u00fablico do Distrito Federal e Territ\u00f3rios (MPDFT). Ap\u00f3s essa opera\u00e7\u00e3o, vamos analisar as a\u00e7\u00f5es, verificar o que precisa de adequa\u00e7\u00e3o, encampar as sugest\u00f5es do MP e programar a pr\u00f3xima a\u00e7\u00e3o\u201d, afirmou.<\/p>\n<p><strong>A\u00e7\u00f5es<\/strong><br \/>\nA popula\u00e7\u00e3o em situa\u00e7\u00e3o de rua que vive no DF \u00e9 acompanhada, diariamente, por 28 equipes de abordagem social, que fazem apresenta\u00e7\u00e3o e viabilizam a oferta de servi\u00e7os socioassistenciais e acesso \u00e0 pol\u00edtica de assist\u00eancia social e de outras \u00e1reas, como Sa\u00fade e Educa\u00e7\u00e3o. Dois Centros Pop, um em Taguatinga e outro no Plano Piloto, funcionam diariamente a partir das 7 horas e servem como ponto de apoio durante o dia para quem vive ou sobrevive nas ruas.<\/p>\n<p>Nessas unidades, \u00e9 poss\u00edvel acessar espa\u00e7os para guarda de pertences, higiene pessoal, alimenta\u00e7\u00e3o (quatro refei\u00e7\u00f5es: caf\u00e9 da manh\u00e3, almo\u00e7o, lanche e jantar) e provis\u00e3o de documenta\u00e7\u00e3o, al\u00e9m de prestar informa\u00e7\u00f5es, orienta\u00e7\u00f5es sobre os direitos e viabilizar o acesso a outros servi\u00e7os, benef\u00edcios socioassistenciais e programas. Pessoas em situa\u00e7\u00e3o de rua acompanhadas pelo servi\u00e7o de abordagem podem almo\u00e7ar gratuitamente em qualquer um dos 16 restaurantes comunit\u00e1rios do DF.<\/p>\n","protected":false},"excerpt":{"rendered":"<p>A Secretaria de Desenvolvimento Social (Sedes) viabilizou, nesta sexta-feira (15), a oferta de 15 atendimentos socioassistenciais e 12 encaminhamentos para acolhimento institucional das pessoas em situa\u00e7\u00e3o de rua que estavam acampadas em 19 barracas, nas proximidades do Centro de Refer\u00eancia Especializado para Popula\u00e7\u00e3o em Situa\u00e7\u00e3o de Rua (Centro Pop) Bras\u00edlia, na 903 Sul. Vinte e [&hellip;]<\/p>\n","protected":false},"author":2,"featured_media":324735,"comment_status":"closed","ping_status":"closed","sticky":false,"template":"","format":"standard","meta":{"_acf_changed":false,"footnotes":""},"categories":[161],"tags":[],"class_list":["post-324734","post","type-post","status-publish","format-standard","has-post-thumbnail","hentry","category-quadradinho-em-foco"],"acf":[],"yoast_head":"<!-- This site is optimized with the Yoast SEO plugin v27.2 - https:\/\/yoast.com\/product\/yoast-seo-wordpress\/ -->\n<title>A\u00e7\u00e3o para acolher morador de rua \u00e9 humanit\u00e1ria e faz bem - Notibras<\/title>\n<meta name=\"robots\" content=\"index, follow, max-snippet:-1, max-image-preview:large, max-video-preview:-1\" \/>\n<link rel=\"canonical\" href=\"https:\/\/www.notibras.com\/site\/acao-para-acolher-morador-de-rua-e-humanitaria-e-faz-bem\/\" \/>\n<meta property=\"og:locale\" content=\"pt_BR\" \/>\n<meta property=\"og:type\" content=\"article\" \/>\n<meta property=\"og:title\" content=\"A\u00e7\u00e3o para acolher morador de rua \u00e9 humanit\u00e1ria e faz bem - Notibras\" \/>\n<meta property=\"og:description\" content=\"A Secretaria de Desenvolvimento Social (Sedes) viabilizou, nesta sexta-feira (15), a oferta de 15 atendimentos socioassistenciais e 12 encaminhamentos para acolhimento institucional das pessoas em situa\u00e7\u00e3o de rua que estavam acampadas em 19 barracas, nas proximidades do Centro de Refer\u00eancia Especializado para Popula\u00e7\u00e3o em Situa\u00e7\u00e3o de Rua (Centro Pop) Bras\u00edlia, na 903 Sul. Vinte e [&hellip;]\" \/>\n<meta property=\"og:url\" content=\"https:\/\/www.notibras.com\/site\/acao-para-acolher-morador-de-rua-e-humanitaria-e-faz-bem\/\" \/>\n<meta property=\"og:site_name\" content=\"Notibras\" \/>\n<meta property=\"article:publisher\" content=\"https:\/\/www.facebook.com\/notibras\/\" \/>\n<meta property=\"article:published_time\" content=\"2024-03-16T03:00:04+00:00\" \/>\n<meta property=\"article:modified_time\" content=\"2024-03-16T10:55:23+00:00\" \/>\n<meta property=\"og:image\" content=\"https:\/\/www.notibras.com\/site\/wp-content\/uploads\/2024\/03\/WhatsApp-Image-2024-03-15-at-19.43.29-6-1536x1023-1.jpeg\" \/>\n\t<meta property=\"og:image:width\" content=\"1536\" \/>\n\t<meta property=\"og:image:height\" content=\"1023\" \/>\n\t<meta property=\"og:image:type\" content=\"image\/jpeg\" \/>\n<meta name=\"author\" content=\"Reda\u00e7\u00e3o\" \/>\n<meta name=\"twitter:card\" content=\"summary_large_image\" \/>\n<meta name=\"twitter:creator\" content=\"@Notibras\" \/>\n<meta name=\"twitter:site\" content=\"@Notibras\" \/>\n<meta name=\"twitter:label1\" content=\"Escrito por\" \/>\n\t<meta name=\"twitter:data1\" content=\"Reda\u00e7\u00e3o\" \/>\n\t<meta name=\"twitter:label2\" content=\"Est. tempo de leitura\" \/>\n\t<meta name=\"twitter:data2\" content=\"4 minutos\" \/>\n<script type=\"application\/ld+json\" class=\"yoast-schema-graph\">{\"@context\":\"https:\/\/schema.org\",\"@graph\":[{\"@type\":\"Article\",\"@id\":\"https:\/\/www.notibras.com\/site\/acao-para-acolher-morador-de-rua-e-humanitaria-e-faz-bem\/#article\",\"isPartOf\":{\"@id\":\"https:\/\/www.notibras.com\/site\/acao-para-acolher-morador-de-rua-e-humanitaria-e-faz-bem\/\"},\"author\":{\"name\":\"Reda\u00e7\u00e3o\",\"@id\":\"https:\/\/www.notibras.com\/site\/#\/schema\/person\/36ab0979449956132d3e5b517ea76ac8\"},\"headline\":\"A\u00e7\u00e3o para acolher morador de rua \u00e9 humanit\u00e1ria e faz bem\",\"datePublished\":\"2024-03-16T03:00:04+00:00\",\"dateModified\":\"2024-03-16T10:55:23+00:00\",\"mainEntityOfPage\":{\"@id\":\"https:\/\/www.notibras.com\/site\/acao-para-acolher-morador-de-rua-e-humanitaria-e-faz-bem\/\"},\"wordCount\":679,\"publisher\":{\"@id\":\"https:\/\/www.notibras.com\/site\/#organization\"},\"image\":{\"@id\":\"https:\/\/www.notibras.com\/site\/acao-para-acolher-morador-de-rua-e-humanitaria-e-faz-bem\/#primaryimage\"},\"thumbnailUrl\":\"https:\/\/www.notibras.com\/site\/wp-content\/uploads\/2024\/03\/WhatsApp-Image-2024-03-15-at-19.43.29-6-1536x1023-1.jpeg\",\"articleSection\":[\"Quadradinho em Foco\"],\"inLanguage\":\"pt-BR\"},{\"@type\":\"WebPage\",\"@id\":\"https:\/\/www.notibras.com\/site\/acao-para-acolher-morador-de-rua-e-humanitaria-e-faz-bem\/\",\"url\":\"https:\/\/www.notibras.com\/site\/acao-para-acolher-morador-de-rua-e-humanitaria-e-faz-bem\/\",\"name\":\"A\u00e7\u00e3o para acolher morador de rua \u00e9 humanit\u00e1ria e faz bem - Notibras\",\"isPartOf\":{\"@id\":\"https:\/\/www.notibras.com\/site\/#website\"},\"primaryImageOfPage\":{\"@id\":\"https:\/\/www.notibras.com\/site\/acao-para-acolher-morador-de-rua-e-humanitaria-e-faz-bem\/#primaryimage\"},\"image\":{\"@id\":\"https:\/\/www.notibras.com\/site\/acao-para-acolher-morador-de-rua-e-humanitaria-e-faz-bem\/#primaryimage\"},\"thumbnailUrl\":\"https:\/\/www.notibras.com\/site\/wp-content\/uploads\/2024\/03\/WhatsApp-Image-2024-03-15-at-19.43.29-6-1536x1023-1.jpeg\",\"datePublished\":\"2024-03-16T03:00:04+00:00\",\"dateModified\":\"2024-03-16T10:55:23+00:00\",\"breadcrumb\":{\"@id\":\"https:\/\/www.notibras.com\/site\/acao-para-acolher-morador-de-rua-e-humanitaria-e-faz-bem\/#breadcrumb\"},\"inLanguage\":\"pt-BR\",\"potentialAction\":[{\"@type\":\"ReadAction\",\"target\":[\"https:\/\/www.notibras.com\/site\/acao-para-acolher-morador-de-rua-e-humanitaria-e-faz-bem\/\"]}]},{\"@type\":\"ImageObject\",\"inLanguage\":\"pt-BR\",\"@id\":\"https:\/\/www.notibras.com\/site\/acao-para-acolher-morador-de-rua-e-humanitaria-e-faz-bem\/#primaryimage\",\"url\":\"https:\/\/www.notibras.com\/site\/wp-content\/uploads\/2024\/03\/WhatsApp-Image-2024-03-15-at-19.43.29-6-1536x1023-1.jpeg\",\"contentUrl\":\"https:\/\/www.notibras.com\/site\/wp-content\/uploads\/2024\/03\/WhatsApp-Image-2024-03-15-at-19.43.29-6-1536x1023-1.jpeg\",\"width\":1536,\"height\":1023},{\"@type\":\"BreadcrumbList\",\"@id\":\"https:\/\/www.notibras.com\/site\/acao-para-acolher-morador-de-rua-e-humanitaria-e-faz-bem\/#breadcrumb\",\"itemListElement\":[{\"@type\":\"ListItem\",\"position\":1,\"name\":\"In\u00edcio\",\"item\":\"https:\/\/www.notibras.com\/site\/\"},{\"@type\":\"ListItem\",\"position\":2,\"name\":\"A\u00e7\u00e3o para acolher morador de rua \u00e9 humanit\u00e1ria e faz bem\"}]},{\"@type\":\"WebSite\",\"@id\":\"https:\/\/www.notibras.com\/site\/#website\",\"url\":\"https:\/\/www.notibras.com\/site\/\",\"name\":\"Notibras\",\"description\":\"Not\u00edcias de Bras\u00edlia, do Brasil e do Mundo\",\"publisher\":{\"@id\":\"https:\/\/www.notibras.com\/site\/#organization\"},\"potentialAction\":[{\"@type\":\"SearchAction\",\"target\":{\"@type\":\"EntryPoint\",\"urlTemplate\":\"https:\/\/www.notibras.com\/site\/?s={search_term_string}\"},\"query-input\":{\"@type\":\"PropertyValueSpecification\",\"valueRequired\":true,\"valueName\":\"search_term_string\"}}],\"inLanguage\":\"pt-BR\"},{\"@type\":\"Organization\",\"@id\":\"https:\/\/www.notibras.com\/site\/#organization\",\"name\":\"Grupo Notibras de Comunica\u00e7\u00e3o\",\"url\":\"https:\/\/www.notibras.com\/site\/\",\"logo\":{\"@type\":\"ImageObject\",\"inLanguage\":\"pt-BR\",\"@id\":\"https:\/\/www.notibras.com\/site\/#\/schema\/logo\/image\/\",\"url\":\"https:\/\/www.notibras.com\/site\/wp-content\/uploads\/2023\/01\/notibras23.png\",\"contentUrl\":\"https:\/\/www.notibras.com\/site\/wp-content\/uploads\/2023\/01\/notibras23.png\",\"width\":350,\"height\":87,\"caption\":\"Grupo Notibras de Comunica\u00e7\u00e3o\"},\"image\":{\"@id\":\"https:\/\/www.notibras.com\/site\/#\/schema\/logo\/image\/\"},\"sameAs\":[\"https:\/\/www.facebook.com\/notibras\/\",\"https:\/\/x.com\/Notibras\",\"https:\/\/www.instagram.com\/notibras\/\"]},{\"@type\":\"Person\",\"@id\":\"https:\/\/www.notibras.com\/site\/#\/schema\/person\/36ab0979449956132d3e5b517ea76ac8\",\"name\":\"Reda\u00e7\u00e3o\",\"image\":{\"@type\":\"ImageObject\",\"inLanguage\":\"pt-BR\",\"@id\":\"https:\/\/secure.gravatar.com\/avatar\/e0a867bdedb85fd243eadf09663511f96fc81e0720a4a42581f334ad4303aa6b?s=96&d=mm&r=g\",\"url\":\"https:\/\/secure.gravatar.com\/avatar\/e0a867bdedb85fd243eadf09663511f96fc81e0720a4a42581f334ad4303aa6b?s=96&d=mm&r=g\",\"contentUrl\":\"https:\/\/secure.gravatar.com\/avatar\/e0a867bdedb85fd243eadf09663511f96fc81e0720a4a42581f334ad4303aa6b?s=96&d=mm&r=g\",\"caption\":\"Reda\u00e7\u00e3o\"}}]}<\/script>\n<!-- \/ Yoast SEO plugin. -->","yoast_head_json":{"title":"A\u00e7\u00e3o para acolher morador de rua \u00e9 humanit\u00e1ria e faz bem - Notibras","robots":{"index":"index","follow":"follow","max-snippet":"max-snippet:-1","max-image-preview":"max-image-preview:large","max-video-preview":"max-video-preview:-1"},"canonical":"https:\/\/www.notibras.com\/site\/acao-para-acolher-morador-de-rua-e-humanitaria-e-faz-bem\/","og_locale":"pt_BR","og_type":"article","og_title":"A\u00e7\u00e3o para acolher morador de rua \u00e9 humanit\u00e1ria e faz bem - Notibras","og_description":"A Secretaria de Desenvolvimento Social (Sedes) viabilizou, nesta sexta-feira (15), a oferta de 15 atendimentos socioassistenciais e 12 encaminhamentos para acolhimento institucional das pessoas em situa\u00e7\u00e3o de rua que estavam acampadas em 19 barracas, nas proximidades do Centro de Refer\u00eancia Especializado para Popula\u00e7\u00e3o em Situa\u00e7\u00e3o de Rua (Centro Pop) Bras\u00edlia, na 903 Sul. Vinte e [&hellip;]","og_url":"https:\/\/www.notibras.com\/site\/acao-para-acolher-morador-de-rua-e-humanitaria-e-faz-bem\/","og_site_name":"Notibras","article_publisher":"https:\/\/www.facebook.com\/notibras\/","article_published_time":"2024-03-16T03:00:04+00:00","article_modified_time":"2024-03-16T10:55:23+00:00","og_image":[{"width":1536,"height":1023,"url":"https:\/\/www.notibras.com\/site\/wp-content\/uploads\/2024\/03\/WhatsApp-Image-2024-03-15-at-19.43.29-6-1536x1023-1.jpeg","type":"image\/jpeg"}],"author":"Reda\u00e7\u00e3o","twitter_card":"summary_large_image","twitter_creator":"@Notibras","twitter_site":"@Notibras","twitter_misc":{"Escrito por":"Reda\u00e7\u00e3o","Est. tempo de leitura":"4 minutos"},"schema":{"@context":"https:\/\/schema.org","@graph":[{"@type":"Article","@id":"https:\/\/www.notibras.com\/site\/acao-para-acolher-morador-de-rua-e-humanitaria-e-faz-bem\/#article","isPartOf":{"@id":"https:\/\/www.notibras.com\/site\/acao-para-acolher-morador-de-rua-e-humanitaria-e-faz-bem\/"},"author":{"name":"Reda\u00e7\u00e3o","@id":"https:\/\/www.notibras.com\/site\/#\/schema\/person\/36ab0979449956132d3e5b517ea76ac8"},"headline":"A\u00e7\u00e3o para acolher morador de rua \u00e9 humanit\u00e1ria e faz bem","datePublished":"2024-03-16T03:00:04+00:00","dateModified":"2024-03-16T10:55:23+00:00","mainEntityOfPage":{"@id":"https:\/\/www.notibras.com\/site\/acao-para-acolher-morador-de-rua-e-humanitaria-e-faz-bem\/"},"wordCount":679,"publisher":{"@id":"https:\/\/www.notibras.com\/site\/#organization"},"image":{"@id":"https:\/\/www.notibras.com\/site\/acao-para-acolher-morador-de-rua-e-humanitaria-e-faz-bem\/#primaryimage"},"thumbnailUrl":"https:\/\/www.notibras.com\/site\/wp-content\/uploads\/2024\/03\/WhatsApp-Image-2024-03-15-at-19.43.29-6-1536x1023-1.jpeg","articleSection":["Quadradinho em Foco"],"inLanguage":"pt-BR"},{"@type":"WebPage","@id":"https:\/\/www.notibras.com\/site\/acao-para-acolher-morador-de-rua-e-humanitaria-e-faz-bem\/","url":"https:\/\/www.notibras.com\/site\/acao-para-acolher-morador-de-rua-e-humanitaria-e-faz-bem\/","name":"A\u00e7\u00e3o para acolher morador de rua \u00e9 humanit\u00e1ria e faz bem - Notibras","isPartOf":{"@id":"https:\/\/www.notibras.com\/site\/#website"},"primaryImageOfPage":{"@id":"https:\/\/www.notibras.com\/site\/acao-para-acolher-morador-de-rua-e-humanitaria-e-faz-bem\/#primaryimage"},"image":{"@id":"https:\/\/www.notibras.com\/site\/acao-para-acolher-morador-de-rua-e-humanitaria-e-faz-bem\/#primaryimage"},"thumbnailUrl":"https:\/\/www.notibras.com\/site\/wp-content\/uploads\/2024\/03\/WhatsApp-Image-2024-03-15-at-19.43.29-6-1536x1023-1.jpeg","datePublished":"2024-03-16T03:00:04+00:00","dateModified":"2024-03-16T10:55:23+00:00","breadcrumb":{"@id":"https:\/\/www.notibras.com\/site\/acao-para-acolher-morador-de-rua-e-humanitaria-e-faz-bem\/#breadcrumb"},"inLanguage":"pt-BR","potentialAction":[{"@type":"ReadAction","target":["https:\/\/www.notibras.com\/site\/acao-para-acolher-morador-de-rua-e-humanitaria-e-faz-bem\/"]}]},{"@type":"ImageObject","inLanguage":"pt-BR","@id":"https:\/\/www.notibras.com\/site\/acao-para-acolher-morador-de-rua-e-humanitaria-e-faz-bem\/#primaryimage","url":"https:\/\/www.notibras.com\/site\/wp-content\/uploads\/2024\/03\/WhatsApp-Image-2024-03-15-at-19.43.29-6-1536x1023-1.jpeg","contentUrl":"https:\/\/www.notibras.com\/site\/wp-content\/uploads\/2024\/03\/WhatsApp-Image-2024-03-15-at-19.43.29-6-1536x1023-1.jpeg","width":1536,"height":1023},{"@type":"BreadcrumbList","@id":"https:\/\/www.notibras.com\/site\/acao-para-acolher-morador-de-rua-e-humanitaria-e-faz-bem\/#breadcrumb","itemListElement":[{"@type":"ListItem","position":1,"name":"In\u00edcio","item":"https:\/\/www.notibras.com\/site\/"},{"@type":"ListItem","position":2,"name":"A\u00e7\u00e3o para acolher morador de rua \u00e9 humanit\u00e1ria e faz bem"}]},{"@type":"WebSite","@id":"https:\/\/www.notibras.com\/site\/#website","url":"https:\/\/www.notibras.com\/site\/","name":"Notibras","description":"Not\u00edcias de Bras\u00edlia, do Brasil e do Mundo","publisher":{"@id":"https:\/\/www.notibras.com\/site\/#organization"},"potentialAction":[{"@type":"SearchAction","target":{"@type":"EntryPoint","urlTemplate":"https:\/\/www.notibras.com\/site\/?s={search_term_string}"},"query-input":{"@type":"PropertyValueSpecification","valueRequired":true,"valueName":"search_term_string"}}],"inLanguage":"pt-BR"},{"@type":"Organization","@id":"https:\/\/www.notibras.com\/site\/#organization","name":"Grupo Notibras de Comunica\u00e7\u00e3o","url":"https:\/\/www.notibras.com\/site\/","logo":{"@type":"ImageObject","inLanguage":"pt-BR","@id":"https:\/\/www.notibras.com\/site\/#\/schema\/logo\/image\/","url":"https:\/\/www.notibras.com\/site\/wp-content\/uploads\/2023\/01\/notibras23.png","contentUrl":"https:\/\/www.notibras.com\/site\/wp-content\/uploads\/2023\/01\/notibras23.png","width":350,"height":87,"caption":"Grupo Notibras de Comunica\u00e7\u00e3o"},"image":{"@id":"https:\/\/www.notibras.com\/site\/#\/schema\/logo\/image\/"},"sameAs":["https:\/\/www.facebook.com\/notibras\/","https:\/\/x.com\/Notibras","https:\/\/www.instagram.com\/notibras\/"]},{"@type":"Person","@id":"https:\/\/www.notibras.com\/site\/#\/schema\/person\/36ab0979449956132d3e5b517ea76ac8","name":"Reda\u00e7\u00e3o","image":{"@type":"ImageObject","inLanguage":"pt-BR","@id":"https:\/\/secure.gravatar.com\/avatar\/e0a867bdedb85fd243eadf09663511f96fc81e0720a4a42581f334ad4303aa6b?s=96&d=mm&r=g","url":"https:\/\/secure.gravatar.com\/avatar\/e0a867bdedb85fd243eadf09663511f96fc81e0720a4a42581f334ad4303aa6b?s=96&d=mm&r=g","contentUrl":"https:\/\/secure.gravatar.com\/avatar\/e0a867bdedb85fd243eadf09663511f96fc81e0720a4a42581f334ad4303aa6b?s=96&d=mm&r=g","caption":"Reda\u00e7\u00e3o"}}]}},"amp_enabled":true,"_links":{"self":[{"href":"https:\/\/www.notibras.com\/site\/wp-json\/wp\/v2\/posts\/324734","targetHints":{"allow":["GET"]}}],"collection":[{"href":"https:\/\/www.notibras.com\/site\/wp-json\/wp\/v2\/posts"}],"about":[{"href":"https:\/\/www.notibras.com\/site\/wp-json\/wp\/v2\/types\/post"}],"author":[{"embeddable":true,"href":"https:\/\/www.notibras.com\/site\/wp-json\/wp\/v2\/users\/2"}],"replies":[{"embeddable":true,"href":"https:\/\/www.notibras.com\/site\/wp-json\/wp\/v2\/comments?post=324734"}],"version-history":[{"count":1,"href":"https:\/\/www.notibras.com\/site\/wp-json\/wp\/v2\/posts\/324734\/revisions"}],"predecessor-version":[{"id":324736,"href":"https:\/\/www.notibras.com\/site\/wp-json\/wp\/v2\/posts\/324734\/revisions\/324736"}],"wp:featuredmedia":[{"embeddable":true,"href":"https:\/\/www.notibras.com\/site\/wp-json\/wp\/v2\/media\/324735"}],"wp:attachment":[{"href":"https:\/\/www.notibras.com\/site\/wp-json\/wp\/v2\/media?parent=324734"}],"wp:term":[{"taxonomy":"category","embeddable":true,"href":"https:\/\/www.notibras.com\/site\/wp-json\/wp\/v2\/categories?post=324734"},{"taxonomy":"post_tag","embeddable":true,"href":"https:\/\/www.notibras.com\/site\/wp-json\/wp\/v2\/tags?post=324734"}],"curies":[{"name":"wp","href":"https:\/\/api.w.org\/{rel}","templated":true}]}}