{"id":324737,"date":"2024-03-16T00:00:04","date_gmt":"2024-03-16T03:00:04","guid":{"rendered":"https:\/\/www.notibras.com\/site\/?p=324737"},"modified":"2024-03-16T08:01:28","modified_gmt":"2024-03-16T11:01:28","slug":"dflegal-recolhe-170-toneladas-de-residuos-em-casas-de-acumuladores","status":"publish","type":"post","link":"https:\/\/www.notibras.com\/site\/dflegal-recolhe-170-toneladas-de-residuos-em-casas-de-acumuladores\/","title":{"rendered":"DFLegal recolhe 170 toneladas de res\u00edduos em casas de acumuladores"},"content":{"rendered":"<p>O trabalho de combate \u00e0 dengue em Arniqueira resultou no recolhimento de 450 toneladas de entulhos e res\u00edduos s\u00f3lidos em toda a cidade nesta semana. Duas resid\u00eancias em especial chamaram a aten\u00e7\u00e3o dos funcion\u00e1rios que atuaram em campo por, juntas, reunirem 170 toneladas deste total. O trabalho de retirada de todo este material come\u00e7ou na quarta-feira (13) e ter\u00e1 continuidade na segunda-feira (18).<\/p>\n<p>\u201cPodemos considerar a opera\u00e7\u00e3o um grande sucesso. Inspecionamos mais de 2 mil domic\u00edlios em Arniqueira em apenas oito horas de opera\u00e7\u00e3o e encontramos cerca de 2.252 dep\u00f3sitos de \u00e1gua e outros 200 focos do mosquito Aedes aegypti. Esses n\u00fameros mostram a import\u00e2ncia da opera\u00e7\u00e3o, que contou com o apoio da Marinha\u201d, destacou a administradora regional de Arniqueira, Telma Rufino.<\/p>\n<p>A atua\u00e7\u00e3o na casa dos acumuladores contou com uma grande equipe de agentes e servidores da Novacap, GDF Presente, Detran, Secretaria de Administra\u00e7\u00e3o Penitenci\u00e1ria e Administra\u00e7\u00e3o Regional | Foto: Divulga\u00e7\u00e3o\/DF Legal<\/p>\n<p>A atua\u00e7\u00e3o na casa dos acumuladores contou com uma grande equipe de agentes e servidores da Novacap, GDF Presente, Detran, Secretaria de Administra\u00e7\u00e3o Penitenci\u00e1ria e Administra\u00e7\u00e3o Regional. \u201cV\u00ednhamos tentando retirar o entulho da casa desses acumuladores e conseguimos\u201d, acrescentou Telma Rufino.<\/p>\n<p>Segundo o coordenador do Polo Central II do GDF Presente, Rodrigo Caverna, foi necess\u00e1rio preencher sete caminh\u00f5es para recolher os materiais na casa de um dos acumuladores, na QS 11 do Areal.<\/p>\n<p>\u201cUtilizamos uma p\u00e1 mec\u00e2nica, uma retroescavadeira e mais de dez pessoas em campo para retirar todo o lixo e entulho em uma das duas resid\u00eancias onde se concentravam a maior parte dos res\u00edduos s\u00f3lidos\u201d, detalhou.<\/p>\n","protected":false},"excerpt":{"rendered":"<p>O trabalho de combate \u00e0 dengue em Arniqueira resultou no recolhimento de 450 toneladas de entulhos e res\u00edduos s\u00f3lidos em toda a cidade nesta semana. Duas resid\u00eancias em especial chamaram a aten\u00e7\u00e3o dos funcion\u00e1rios que atuaram em campo por, juntas, reunirem 170 toneladas deste total. O trabalho de retirada de todo este material come\u00e7ou na [&hellip;]<\/p>\n","protected":false},"author":2,"featured_media":324738,"comment_status":"closed","ping_status":"closed","sticky":false,"template":"","format":"standard","meta":{"_acf_changed":false,"footnotes":""},"categories":[161],"tags":[],"class_list":["post-324737","post","type-post","status-publish","format-standard","has-post-thumbnail","hentry","category-quadradinho-em-foco"],"acf":[],"yoast_head":"<!-- This site is optimized with the Yoast SEO plugin v27.2 - https:\/\/yoast.com\/product\/yoast-seo-wordpress\/ -->\n<title>DFLegal recolhe 170 toneladas de res\u00edduos em casas de acumuladores - Notibras<\/title>\n<meta name=\"robots\" content=\"index, follow, max-snippet:-1, max-image-preview:large, max-video-preview:-1\" \/>\n<link rel=\"canonical\" href=\"https:\/\/www.notibras.com\/site\/dflegal-recolhe-170-toneladas-de-residuos-em-casas-de-acumuladores\/\" \/>\n<meta property=\"og:locale\" content=\"pt_BR\" \/>\n<meta property=\"og:type\" content=\"article\" \/>\n<meta property=\"og:title\" content=\"DFLegal recolhe 170 toneladas de res\u00edduos em casas de acumuladores - Notibras\" \/>\n<meta property=\"og:description\" content=\"O trabalho de combate \u00e0 dengue em Arniqueira resultou no recolhimento de 450 toneladas de entulhos e res\u00edduos s\u00f3lidos em toda a cidade nesta semana. Duas resid\u00eancias em especial chamaram a aten\u00e7\u00e3o dos funcion\u00e1rios que atuaram em campo por, juntas, reunirem 170 toneladas deste total. O trabalho de retirada de todo este material come\u00e7ou na [&hellip;]\" \/>\n<meta property=\"og:url\" content=\"https:\/\/www.notibras.com\/site\/dflegal-recolhe-170-toneladas-de-residuos-em-casas-de-acumuladores\/\" \/>\n<meta property=\"og:site_name\" content=\"Notibras\" \/>\n<meta property=\"article:publisher\" content=\"https:\/\/www.facebook.com\/notibras\/\" \/>\n<meta property=\"article:published_time\" content=\"2024-03-16T03:00:04+00:00\" \/>\n<meta property=\"article:modified_time\" content=\"2024-03-16T11:01:28+00:00\" \/>\n<meta property=\"og:image\" content=\"https:\/\/www.notibras.com\/site\/wp-content\/uploads\/2024\/03\/WhatsApp-Image-2024-03-15-at-18.47.18-1.jpeg\" \/>\n\t<meta property=\"og:image:width\" content=\"1145\" \/>\n\t<meta property=\"og:image:height\" content=\"763\" \/>\n\t<meta property=\"og:image:type\" content=\"image\/jpeg\" \/>\n<meta name=\"author\" content=\"Reda\u00e7\u00e3o\" \/>\n<meta name=\"twitter:card\" content=\"summary_large_image\" \/>\n<meta name=\"twitter:creator\" content=\"@Notibras\" \/>\n<meta name=\"twitter:site\" content=\"@Notibras\" \/>\n<meta name=\"twitter:label1\" content=\"Escrito por\" \/>\n\t<meta name=\"twitter:data1\" content=\"Reda\u00e7\u00e3o\" \/>\n\t<meta name=\"twitter:label2\" content=\"Est. tempo de leitura\" \/>\n\t<meta name=\"twitter:data2\" content=\"2 minutos\" \/>\n<script type=\"application\/ld+json\" class=\"yoast-schema-graph\">{\"@context\":\"https:\/\/schema.org\",\"@graph\":[{\"@type\":\"Article\",\"@id\":\"https:\/\/www.notibras.com\/site\/dflegal-recolhe-170-toneladas-de-residuos-em-casas-de-acumuladores\/#article\",\"isPartOf\":{\"@id\":\"https:\/\/www.notibras.com\/site\/dflegal-recolhe-170-toneladas-de-residuos-em-casas-de-acumuladores\/\"},\"author\":{\"name\":\"Reda\u00e7\u00e3o\",\"@id\":\"https:\/\/www.notibras.com\/site\/#\/schema\/person\/36ab0979449956132d3e5b517ea76ac8\"},\"headline\":\"DFLegal recolhe 170 toneladas de res\u00edduos em casas de acumuladores\",\"datePublished\":\"2024-03-16T03:00:04+00:00\",\"dateModified\":\"2024-03-16T11:01:28+00:00\",\"mainEntityOfPage\":{\"@id\":\"https:\/\/www.notibras.com\/site\/dflegal-recolhe-170-toneladas-de-residuos-em-casas-de-acumuladores\/\"},\"wordCount\":291,\"publisher\":{\"@id\":\"https:\/\/www.notibras.com\/site\/#organization\"},\"image\":{\"@id\":\"https:\/\/www.notibras.com\/site\/dflegal-recolhe-170-toneladas-de-residuos-em-casas-de-acumuladores\/#primaryimage\"},\"thumbnailUrl\":\"https:\/\/www.notibras.com\/site\/wp-content\/uploads\/2024\/03\/WhatsApp-Image-2024-03-15-at-18.47.18-1.jpeg\",\"articleSection\":[\"Quadradinho em Foco\"],\"inLanguage\":\"pt-BR\"},{\"@type\":\"WebPage\",\"@id\":\"https:\/\/www.notibras.com\/site\/dflegal-recolhe-170-toneladas-de-residuos-em-casas-de-acumuladores\/\",\"url\":\"https:\/\/www.notibras.com\/site\/dflegal-recolhe-170-toneladas-de-residuos-em-casas-de-acumuladores\/\",\"name\":\"DFLegal recolhe 170 toneladas de res\u00edduos em casas de acumuladores - Notibras\",\"isPartOf\":{\"@id\":\"https:\/\/www.notibras.com\/site\/#website\"},\"primaryImageOfPage\":{\"@id\":\"https:\/\/www.notibras.com\/site\/dflegal-recolhe-170-toneladas-de-residuos-em-casas-de-acumuladores\/#primaryimage\"},\"image\":{\"@id\":\"https:\/\/www.notibras.com\/site\/dflegal-recolhe-170-toneladas-de-residuos-em-casas-de-acumuladores\/#primaryimage\"},\"thumbnailUrl\":\"https:\/\/www.notibras.com\/site\/wp-content\/uploads\/2024\/03\/WhatsApp-Image-2024-03-15-at-18.47.18-1.jpeg\",\"datePublished\":\"2024-03-16T03:00:04+00:00\",\"dateModified\":\"2024-03-16T11:01:28+00:00\",\"breadcrumb\":{\"@id\":\"https:\/\/www.notibras.com\/site\/dflegal-recolhe-170-toneladas-de-residuos-em-casas-de-acumuladores\/#breadcrumb\"},\"inLanguage\":\"pt-BR\",\"potentialAction\":[{\"@type\":\"ReadAction\",\"target\":[\"https:\/\/www.notibras.com\/site\/dflegal-recolhe-170-toneladas-de-residuos-em-casas-de-acumuladores\/\"]}]},{\"@type\":\"ImageObject\",\"inLanguage\":\"pt-BR\",\"@id\":\"https:\/\/www.notibras.com\/site\/dflegal-recolhe-170-toneladas-de-residuos-em-casas-de-acumuladores\/#primaryimage\",\"url\":\"https:\/\/www.notibras.com\/site\/wp-content\/uploads\/2024\/03\/WhatsApp-Image-2024-03-15-at-18.47.18-1.jpeg\",\"contentUrl\":\"https:\/\/www.notibras.com\/site\/wp-content\/uploads\/2024\/03\/WhatsApp-Image-2024-03-15-at-18.47.18-1.jpeg\",\"width\":1145,\"height\":763},{\"@type\":\"BreadcrumbList\",\"@id\":\"https:\/\/www.notibras.com\/site\/dflegal-recolhe-170-toneladas-de-residuos-em-casas-de-acumuladores\/#breadcrumb\",\"itemListElement\":[{\"@type\":\"ListItem\",\"position\":1,\"name\":\"In\u00edcio\",\"item\":\"https:\/\/www.notibras.com\/site\/\"},{\"@type\":\"ListItem\",\"position\":2,\"name\":\"DFLegal recolhe 170 toneladas de res\u00edduos em casas de acumuladores\"}]},{\"@type\":\"WebSite\",\"@id\":\"https:\/\/www.notibras.com\/site\/#website\",\"url\":\"https:\/\/www.notibras.com\/site\/\",\"name\":\"Notibras\",\"description\":\"Not\u00edcias de Bras\u00edlia, do Brasil e do Mundo\",\"publisher\":{\"@id\":\"https:\/\/www.notibras.com\/site\/#organization\"},\"potentialAction\":[{\"@type\":\"SearchAction\",\"target\":{\"@type\":\"EntryPoint\",\"urlTemplate\":\"https:\/\/www.notibras.com\/site\/?s={search_term_string}\"},\"query-input\":{\"@type\":\"PropertyValueSpecification\",\"valueRequired\":true,\"valueName\":\"search_term_string\"}}],\"inLanguage\":\"pt-BR\"},{\"@type\":\"Organization\",\"@id\":\"https:\/\/www.notibras.com\/site\/#organization\",\"name\":\"Grupo Notibras de Comunica\u00e7\u00e3o\",\"url\":\"https:\/\/www.notibras.com\/site\/\",\"logo\":{\"@type\":\"ImageObject\",\"inLanguage\":\"pt-BR\",\"@id\":\"https:\/\/www.notibras.com\/site\/#\/schema\/logo\/image\/\",\"url\":\"https:\/\/www.notibras.com\/site\/wp-content\/uploads\/2023\/01\/notibras23.png\",\"contentUrl\":\"https:\/\/www.notibras.com\/site\/wp-content\/uploads\/2023\/01\/notibras23.png\",\"width\":350,\"height\":87,\"caption\":\"Grupo Notibras de Comunica\u00e7\u00e3o\"},\"image\":{\"@id\":\"https:\/\/www.notibras.com\/site\/#\/schema\/logo\/image\/\"},\"sameAs\":[\"https:\/\/www.facebook.com\/notibras\/\",\"https:\/\/x.com\/Notibras\",\"https:\/\/www.instagram.com\/notibras\/\"]},{\"@type\":\"Person\",\"@id\":\"https:\/\/www.notibras.com\/site\/#\/schema\/person\/36ab0979449956132d3e5b517ea76ac8\",\"name\":\"Reda\u00e7\u00e3o\",\"image\":{\"@type\":\"ImageObject\",\"inLanguage\":\"pt-BR\",\"@id\":\"https:\/\/secure.gravatar.com\/avatar\/e0a867bdedb85fd243eadf09663511f96fc81e0720a4a42581f334ad4303aa6b?s=96&d=mm&r=g\",\"url\":\"https:\/\/secure.gravatar.com\/avatar\/e0a867bdedb85fd243eadf09663511f96fc81e0720a4a42581f334ad4303aa6b?s=96&d=mm&r=g\",\"contentUrl\":\"https:\/\/secure.gravatar.com\/avatar\/e0a867bdedb85fd243eadf09663511f96fc81e0720a4a42581f334ad4303aa6b?s=96&d=mm&r=g\",\"caption\":\"Reda\u00e7\u00e3o\"}}]}<\/script>\n<!-- \/ Yoast SEO plugin. -->","yoast_head_json":{"title":"DFLegal recolhe 170 toneladas de res\u00edduos em casas de acumuladores - Notibras","robots":{"index":"index","follow":"follow","max-snippet":"max-snippet:-1","max-image-preview":"max-image-preview:large","max-video-preview":"max-video-preview:-1"},"canonical":"https:\/\/www.notibras.com\/site\/dflegal-recolhe-170-toneladas-de-residuos-em-casas-de-acumuladores\/","og_locale":"pt_BR","og_type":"article","og_title":"DFLegal recolhe 170 toneladas de res\u00edduos em casas de acumuladores - Notibras","og_description":"O trabalho de combate \u00e0 dengue em Arniqueira resultou no recolhimento de 450 toneladas de entulhos e res\u00edduos s\u00f3lidos em toda a cidade nesta semana. Duas resid\u00eancias em especial chamaram a aten\u00e7\u00e3o dos funcion\u00e1rios que atuaram em campo por, juntas, reunirem 170 toneladas deste total. O trabalho de retirada de todo este material come\u00e7ou na [&hellip;]","og_url":"https:\/\/www.notibras.com\/site\/dflegal-recolhe-170-toneladas-de-residuos-em-casas-de-acumuladores\/","og_site_name":"Notibras","article_publisher":"https:\/\/www.facebook.com\/notibras\/","article_published_time":"2024-03-16T03:00:04+00:00","article_modified_time":"2024-03-16T11:01:28+00:00","og_image":[{"width":1145,"height":763,"url":"https:\/\/www.notibras.com\/site\/wp-content\/uploads\/2024\/03\/WhatsApp-Image-2024-03-15-at-18.47.18-1.jpeg","type":"image\/jpeg"}],"author":"Reda\u00e7\u00e3o","twitter_card":"summary_large_image","twitter_creator":"@Notibras","twitter_site":"@Notibras","twitter_misc":{"Escrito por":"Reda\u00e7\u00e3o","Est. tempo de leitura":"2 minutos"},"schema":{"@context":"https:\/\/schema.org","@graph":[{"@type":"Article","@id":"https:\/\/www.notibras.com\/site\/dflegal-recolhe-170-toneladas-de-residuos-em-casas-de-acumuladores\/#article","isPartOf":{"@id":"https:\/\/www.notibras.com\/site\/dflegal-recolhe-170-toneladas-de-residuos-em-casas-de-acumuladores\/"},"author":{"name":"Reda\u00e7\u00e3o","@id":"https:\/\/www.notibras.com\/site\/#\/schema\/person\/36ab0979449956132d3e5b517ea76ac8"},"headline":"DFLegal recolhe 170 toneladas de res\u00edduos em casas de acumuladores","datePublished":"2024-03-16T03:00:04+00:00","dateModified":"2024-03-16T11:01:28+00:00","mainEntityOfPage":{"@id":"https:\/\/www.notibras.com\/site\/dflegal-recolhe-170-toneladas-de-residuos-em-casas-de-acumuladores\/"},"wordCount":291,"publisher":{"@id":"https:\/\/www.notibras.com\/site\/#organization"},"image":{"@id":"https:\/\/www.notibras.com\/site\/dflegal-recolhe-170-toneladas-de-residuos-em-casas-de-acumuladores\/#primaryimage"},"thumbnailUrl":"https:\/\/www.notibras.com\/site\/wp-content\/uploads\/2024\/03\/WhatsApp-Image-2024-03-15-at-18.47.18-1.jpeg","articleSection":["Quadradinho em Foco"],"inLanguage":"pt-BR"},{"@type":"WebPage","@id":"https:\/\/www.notibras.com\/site\/dflegal-recolhe-170-toneladas-de-residuos-em-casas-de-acumuladores\/","url":"https:\/\/www.notibras.com\/site\/dflegal-recolhe-170-toneladas-de-residuos-em-casas-de-acumuladores\/","name":"DFLegal recolhe 170 toneladas de res\u00edduos em casas de acumuladores - Notibras","isPartOf":{"@id":"https:\/\/www.notibras.com\/site\/#website"},"primaryImageOfPage":{"@id":"https:\/\/www.notibras.com\/site\/dflegal-recolhe-170-toneladas-de-residuos-em-casas-de-acumuladores\/#primaryimage"},"image":{"@id":"https:\/\/www.notibras.com\/site\/dflegal-recolhe-170-toneladas-de-residuos-em-casas-de-acumuladores\/#primaryimage"},"thumbnailUrl":"https:\/\/www.notibras.com\/site\/wp-content\/uploads\/2024\/03\/WhatsApp-Image-2024-03-15-at-18.47.18-1.jpeg","datePublished":"2024-03-16T03:00:04+00:00","dateModified":"2024-03-16T11:01:28+00:00","breadcrumb":{"@id":"https:\/\/www.notibras.com\/site\/dflegal-recolhe-170-toneladas-de-residuos-em-casas-de-acumuladores\/#breadcrumb"},"inLanguage":"pt-BR","potentialAction":[{"@type":"ReadAction","target":["https:\/\/www.notibras.com\/site\/dflegal-recolhe-170-toneladas-de-residuos-em-casas-de-acumuladores\/"]}]},{"@type":"ImageObject","inLanguage":"pt-BR","@id":"https:\/\/www.notibras.com\/site\/dflegal-recolhe-170-toneladas-de-residuos-em-casas-de-acumuladores\/#primaryimage","url":"https:\/\/www.notibras.com\/site\/wp-content\/uploads\/2024\/03\/WhatsApp-Image-2024-03-15-at-18.47.18-1.jpeg","contentUrl":"https:\/\/www.notibras.com\/site\/wp-content\/uploads\/2024\/03\/WhatsApp-Image-2024-03-15-at-18.47.18-1.jpeg","width":1145,"height":763},{"@type":"BreadcrumbList","@id":"https:\/\/www.notibras.com\/site\/dflegal-recolhe-170-toneladas-de-residuos-em-casas-de-acumuladores\/#breadcrumb","itemListElement":[{"@type":"ListItem","position":1,"name":"In\u00edcio","item":"https:\/\/www.notibras.com\/site\/"},{"@type":"ListItem","position":2,"name":"DFLegal recolhe 170 toneladas de res\u00edduos em casas de acumuladores"}]},{"@type":"WebSite","@id":"https:\/\/www.notibras.com\/site\/#website","url":"https:\/\/www.notibras.com\/site\/","name":"Notibras","description":"Not\u00edcias de Bras\u00edlia, do Brasil e do Mundo","publisher":{"@id":"https:\/\/www.notibras.com\/site\/#organization"},"potentialAction":[{"@type":"SearchAction","target":{"@type":"EntryPoint","urlTemplate":"https:\/\/www.notibras.com\/site\/?s={search_term_string}"},"query-input":{"@type":"PropertyValueSpecification","valueRequired":true,"valueName":"search_term_string"}}],"inLanguage":"pt-BR"},{"@type":"Organization","@id":"https:\/\/www.notibras.com\/site\/#organization","name":"Grupo Notibras de Comunica\u00e7\u00e3o","url":"https:\/\/www.notibras.com\/site\/","logo":{"@type":"ImageObject","inLanguage":"pt-BR","@id":"https:\/\/www.notibras.com\/site\/#\/schema\/logo\/image\/","url":"https:\/\/www.notibras.com\/site\/wp-content\/uploads\/2023\/01\/notibras23.png","contentUrl":"https:\/\/www.notibras.com\/site\/wp-content\/uploads\/2023\/01\/notibras23.png","width":350,"height":87,"caption":"Grupo Notibras de Comunica\u00e7\u00e3o"},"image":{"@id":"https:\/\/www.notibras.com\/site\/#\/schema\/logo\/image\/"},"sameAs":["https:\/\/www.facebook.com\/notibras\/","https:\/\/x.com\/Notibras","https:\/\/www.instagram.com\/notibras\/"]},{"@type":"Person","@id":"https:\/\/www.notibras.com\/site\/#\/schema\/person\/36ab0979449956132d3e5b517ea76ac8","name":"Reda\u00e7\u00e3o","image":{"@type":"ImageObject","inLanguage":"pt-BR","@id":"https:\/\/secure.gravatar.com\/avatar\/e0a867bdedb85fd243eadf09663511f96fc81e0720a4a42581f334ad4303aa6b?s=96&d=mm&r=g","url":"https:\/\/secure.gravatar.com\/avatar\/e0a867bdedb85fd243eadf09663511f96fc81e0720a4a42581f334ad4303aa6b?s=96&d=mm&r=g","contentUrl":"https:\/\/secure.gravatar.com\/avatar\/e0a867bdedb85fd243eadf09663511f96fc81e0720a4a42581f334ad4303aa6b?s=96&d=mm&r=g","caption":"Reda\u00e7\u00e3o"}}]}},"amp_enabled":true,"_links":{"self":[{"href":"https:\/\/www.notibras.com\/site\/wp-json\/wp\/v2\/posts\/324737","targetHints":{"allow":["GET"]}}],"collection":[{"href":"https:\/\/www.notibras.com\/site\/wp-json\/wp\/v2\/posts"}],"about":[{"href":"https:\/\/www.notibras.com\/site\/wp-json\/wp\/v2\/types\/post"}],"author":[{"embeddable":true,"href":"https:\/\/www.notibras.com\/site\/wp-json\/wp\/v2\/users\/2"}],"replies":[{"embeddable":true,"href":"https:\/\/www.notibras.com\/site\/wp-json\/wp\/v2\/comments?post=324737"}],"version-history":[{"count":1,"href":"https:\/\/www.notibras.com\/site\/wp-json\/wp\/v2\/posts\/324737\/revisions"}],"predecessor-version":[{"id":324739,"href":"https:\/\/www.notibras.com\/site\/wp-json\/wp\/v2\/posts\/324737\/revisions\/324739"}],"wp:featuredmedia":[{"embeddable":true,"href":"https:\/\/www.notibras.com\/site\/wp-json\/wp\/v2\/media\/324738"}],"wp:attachment":[{"href":"https:\/\/www.notibras.com\/site\/wp-json\/wp\/v2\/media?parent=324737"}],"wp:term":[{"taxonomy":"category","embeddable":true,"href":"https:\/\/www.notibras.com\/site\/wp-json\/wp\/v2\/categories?post=324737"},{"taxonomy":"post_tag","embeddable":true,"href":"https:\/\/www.notibras.com\/site\/wp-json\/wp\/v2\/tags?post=324737"}],"curies":[{"name":"wp","href":"https:\/\/api.w.org\/{rel}","templated":true}]}}