{"id":324740,"date":"2024-03-16T00:00:54","date_gmt":"2024-03-16T03:00:54","guid":{"rendered":"https:\/\/www.notibras.com\/site\/?p=324740"},"modified":"2024-03-16T08:07:46","modified_gmt":"2024-03-16T11:07:46","slug":"brasiliense-tera-19-pontos-para-se-vacinar-neste-sabado","status":"publish","type":"post","link":"https:\/\/www.notibras.com\/site\/brasiliense-tera-19-pontos-para-se-vacinar-neste-sabado\/","title":{"rendered":"Brasiliense ter\u00e1 19 pontos para se vacinar neste s\u00e1bado"},"content":{"rendered":"<p>Neste s\u00e1bado (16) \u00e9 dia de vacina\u00e7\u00e3o no Distrito Federal. Ao todo, ser\u00e3o 19 locais de atendimento: Santa Maria, Gama, Riacho Fundo I e II, Recanto das Emas, Samambaia, Ceil\u00e2ndia, Estrutural, \u00c1guas Claras, Guar\u00e1, Candangol\u00e2ndia, Cruzeiro, Plano Piloto, Sobradinho e Itapo\u00e3.<\/p>\n<p>A lista completa com endere\u00e7os e hor\u00e1rios de atendimento est\u00e1 dispon\u00edvel no site da Secretaria de Sa\u00fade (SES-DF).<\/p>\n<p>Enquanto crian\u00e7as e adolescentes de 10 a 14 anos podem tomar o imunizante contra a dengue, pessoas das demais faixas et\u00e1rias, de beb\u00eas at\u00e9 idosos, poder\u00e3o colocar em dia suas cadernetas de vacina\u00e7\u00e3o.<\/p>\n<p>No domingo (17), n\u00e3o haver\u00e1 imuniza\u00e7\u00e3o. Mas, na segunda-feira (18), as salas de vacina\u00e7\u00e3o reabrem com oferta de imunizantes contra a dengue, covid-19 e outras doen\u00e7as, incluindo a BCG, que n\u00e3o ser\u00e1 aplicada no s\u00e1bado.<\/p>\n<p>Vale ressaltar que, ao longo do fim de semana, pacientes com sintomas de dengue poder\u00e3o buscar atendimento em tendas e em unidades b\u00e1sicas de sa\u00fade (UBSs) com hor\u00e1rio ampliado.<\/p>\n","protected":false},"excerpt":{"rendered":"<p>Neste s\u00e1bado (16) \u00e9 dia de vacina\u00e7\u00e3o no Distrito Federal. Ao todo, ser\u00e3o 19 locais de atendimento: Santa Maria, Gama, Riacho Fundo I e II, Recanto das Emas, Samambaia, Ceil\u00e2ndia, Estrutural, \u00c1guas Claras, Guar\u00e1, Candangol\u00e2ndia, Cruzeiro, Plano Piloto, Sobradinho e Itapo\u00e3. A lista completa com endere\u00e7os e hor\u00e1rios de atendimento est\u00e1 dispon\u00edvel no site da [&hellip;]<\/p>\n","protected":false},"author":2,"featured_media":324741,"comment_status":"closed","ping_status":"closed","sticky":false,"template":"","format":"standard","meta":{"_acf_changed":false,"footnotes":""},"categories":[161],"tags":[],"class_list":["post-324740","post","type-post","status-publish","format-standard","has-post-thumbnail","hentry","category-quadradinho-em-foco"],"acf":[],"yoast_head":"<!-- This site is optimized with the Yoast SEO plugin v27.2 - https:\/\/yoast.com\/product\/yoast-seo-wordpress\/ -->\n<title>Brasiliense ter\u00e1 19 pontos para se vacinar neste s\u00e1bado - Notibras<\/title>\n<meta name=\"robots\" content=\"index, follow, max-snippet:-1, max-image-preview:large, max-video-preview:-1\" \/>\n<link rel=\"canonical\" href=\"https:\/\/www.notibras.com\/site\/brasiliense-tera-19-pontos-para-se-vacinar-neste-sabado\/\" \/>\n<meta property=\"og:locale\" content=\"pt_BR\" \/>\n<meta property=\"og:type\" content=\"article\" \/>\n<meta property=\"og:title\" content=\"Brasiliense ter\u00e1 19 pontos para se vacinar neste s\u00e1bado - Notibras\" \/>\n<meta property=\"og:description\" content=\"Neste s\u00e1bado (16) \u00e9 dia de vacina\u00e7\u00e3o no Distrito Federal. Ao todo, ser\u00e3o 19 locais de atendimento: Santa Maria, Gama, Riacho Fundo I e II, Recanto das Emas, Samambaia, Ceil\u00e2ndia, Estrutural, \u00c1guas Claras, Guar\u00e1, Candangol\u00e2ndia, Cruzeiro, Plano Piloto, Sobradinho e Itapo\u00e3. A lista completa com endere\u00e7os e hor\u00e1rios de atendimento est\u00e1 dispon\u00edvel no site da [&hellip;]\" \/>\n<meta property=\"og:url\" content=\"https:\/\/www.notibras.com\/site\/brasiliense-tera-19-pontos-para-se-vacinar-neste-sabado\/\" \/>\n<meta property=\"og:site_name\" content=\"Notibras\" \/>\n<meta property=\"article:publisher\" content=\"https:\/\/www.facebook.com\/notibras\/\" \/>\n<meta property=\"article:published_time\" content=\"2024-03-16T03:00:54+00:00\" \/>\n<meta property=\"article:modified_time\" content=\"2024-03-16T11:07:46+00:00\" \/>\n<meta property=\"og:image\" content=\"https:\/\/www.notibras.com\/site\/wp-content\/uploads\/2024\/03\/vacinasabado.jpg\" \/>\n\t<meta property=\"og:image:width\" content=\"1200\" \/>\n\t<meta property=\"og:image:height\" content=\"800\" \/>\n\t<meta property=\"og:image:type\" content=\"image\/jpeg\" \/>\n<meta name=\"author\" content=\"Reda\u00e7\u00e3o\" \/>\n<meta name=\"twitter:card\" content=\"summary_large_image\" \/>\n<meta name=\"twitter:creator\" content=\"@Notibras\" \/>\n<meta name=\"twitter:site\" content=\"@Notibras\" \/>\n<meta name=\"twitter:label1\" content=\"Escrito por\" \/>\n\t<meta name=\"twitter:data1\" content=\"Reda\u00e7\u00e3o\" \/>\n\t<meta name=\"twitter:label2\" content=\"Est. tempo de leitura\" \/>\n\t<meta name=\"twitter:data2\" content=\"2 minutos\" \/>\n<script type=\"application\/ld+json\" class=\"yoast-schema-graph\">{\"@context\":\"https:\/\/schema.org\",\"@graph\":[{\"@type\":\"Article\",\"@id\":\"https:\/\/www.notibras.com\/site\/brasiliense-tera-19-pontos-para-se-vacinar-neste-sabado\/#article\",\"isPartOf\":{\"@id\":\"https:\/\/www.notibras.com\/site\/brasiliense-tera-19-pontos-para-se-vacinar-neste-sabado\/\"},\"author\":{\"name\":\"Reda\u00e7\u00e3o\",\"@id\":\"https:\/\/www.notibras.com\/site\/#\/schema\/person\/36ab0979449956132d3e5b517ea76ac8\"},\"headline\":\"Brasiliense ter\u00e1 19 pontos para se vacinar neste s\u00e1bado\",\"datePublished\":\"2024-03-16T03:00:54+00:00\",\"dateModified\":\"2024-03-16T11:07:46+00:00\",\"mainEntityOfPage\":{\"@id\":\"https:\/\/www.notibras.com\/site\/brasiliense-tera-19-pontos-para-se-vacinar-neste-sabado\/\"},\"wordCount\":182,\"publisher\":{\"@id\":\"https:\/\/www.notibras.com\/site\/#organization\"},\"image\":{\"@id\":\"https:\/\/www.notibras.com\/site\/brasiliense-tera-19-pontos-para-se-vacinar-neste-sabado\/#primaryimage\"},\"thumbnailUrl\":\"https:\/\/www.notibras.com\/site\/wp-content\/uploads\/2024\/03\/vacinasabado.jpg\",\"articleSection\":[\"Quadradinho em Foco\"],\"inLanguage\":\"pt-BR\"},{\"@type\":\"WebPage\",\"@id\":\"https:\/\/www.notibras.com\/site\/brasiliense-tera-19-pontos-para-se-vacinar-neste-sabado\/\",\"url\":\"https:\/\/www.notibras.com\/site\/brasiliense-tera-19-pontos-para-se-vacinar-neste-sabado\/\",\"name\":\"Brasiliense ter\u00e1 19 pontos para se vacinar neste s\u00e1bado - Notibras\",\"isPartOf\":{\"@id\":\"https:\/\/www.notibras.com\/site\/#website\"},\"primaryImageOfPage\":{\"@id\":\"https:\/\/www.notibras.com\/site\/brasiliense-tera-19-pontos-para-se-vacinar-neste-sabado\/#primaryimage\"},\"image\":{\"@id\":\"https:\/\/www.notibras.com\/site\/brasiliense-tera-19-pontos-para-se-vacinar-neste-sabado\/#primaryimage\"},\"thumbnailUrl\":\"https:\/\/www.notibras.com\/site\/wp-content\/uploads\/2024\/03\/vacinasabado.jpg\",\"datePublished\":\"2024-03-16T03:00:54+00:00\",\"dateModified\":\"2024-03-16T11:07:46+00:00\",\"breadcrumb\":{\"@id\":\"https:\/\/www.notibras.com\/site\/brasiliense-tera-19-pontos-para-se-vacinar-neste-sabado\/#breadcrumb\"},\"inLanguage\":\"pt-BR\",\"potentialAction\":[{\"@type\":\"ReadAction\",\"target\":[\"https:\/\/www.notibras.com\/site\/brasiliense-tera-19-pontos-para-se-vacinar-neste-sabado\/\"]}]},{\"@type\":\"ImageObject\",\"inLanguage\":\"pt-BR\",\"@id\":\"https:\/\/www.notibras.com\/site\/brasiliense-tera-19-pontos-para-se-vacinar-neste-sabado\/#primaryimage\",\"url\":\"https:\/\/www.notibras.com\/site\/wp-content\/uploads\/2024\/03\/vacinasabado.jpg\",\"contentUrl\":\"https:\/\/www.notibras.com\/site\/wp-content\/uploads\/2024\/03\/vacinasabado.jpg\",\"width\":1200,\"height\":800},{\"@type\":\"BreadcrumbList\",\"@id\":\"https:\/\/www.notibras.com\/site\/brasiliense-tera-19-pontos-para-se-vacinar-neste-sabado\/#breadcrumb\",\"itemListElement\":[{\"@type\":\"ListItem\",\"position\":1,\"name\":\"In\u00edcio\",\"item\":\"https:\/\/www.notibras.com\/site\/\"},{\"@type\":\"ListItem\",\"position\":2,\"name\":\"Brasiliense ter\u00e1 19 pontos para se vacinar neste s\u00e1bado\"}]},{\"@type\":\"WebSite\",\"@id\":\"https:\/\/www.notibras.com\/site\/#website\",\"url\":\"https:\/\/www.notibras.com\/site\/\",\"name\":\"Notibras\",\"description\":\"Not\u00edcias de Bras\u00edlia, do Brasil e do Mundo\",\"publisher\":{\"@id\":\"https:\/\/www.notibras.com\/site\/#organization\"},\"potentialAction\":[{\"@type\":\"SearchAction\",\"target\":{\"@type\":\"EntryPoint\",\"urlTemplate\":\"https:\/\/www.notibras.com\/site\/?s={search_term_string}\"},\"query-input\":{\"@type\":\"PropertyValueSpecification\",\"valueRequired\":true,\"valueName\":\"search_term_string\"}}],\"inLanguage\":\"pt-BR\"},{\"@type\":\"Organization\",\"@id\":\"https:\/\/www.notibras.com\/site\/#organization\",\"name\":\"Grupo Notibras de Comunica\u00e7\u00e3o\",\"url\":\"https:\/\/www.notibras.com\/site\/\",\"logo\":{\"@type\":\"ImageObject\",\"inLanguage\":\"pt-BR\",\"@id\":\"https:\/\/www.notibras.com\/site\/#\/schema\/logo\/image\/\",\"url\":\"https:\/\/www.notibras.com\/site\/wp-content\/uploads\/2023\/01\/notibras23.png\",\"contentUrl\":\"https:\/\/www.notibras.com\/site\/wp-content\/uploads\/2023\/01\/notibras23.png\",\"width\":350,\"height\":87,\"caption\":\"Grupo Notibras de Comunica\u00e7\u00e3o\"},\"image\":{\"@id\":\"https:\/\/www.notibras.com\/site\/#\/schema\/logo\/image\/\"},\"sameAs\":[\"https:\/\/www.facebook.com\/notibras\/\",\"https:\/\/x.com\/Notibras\",\"https:\/\/www.instagram.com\/notibras\/\"]},{\"@type\":\"Person\",\"@id\":\"https:\/\/www.notibras.com\/site\/#\/schema\/person\/36ab0979449956132d3e5b517ea76ac8\",\"name\":\"Reda\u00e7\u00e3o\",\"image\":{\"@type\":\"ImageObject\",\"inLanguage\":\"pt-BR\",\"@id\":\"https:\/\/secure.gravatar.com\/avatar\/e0a867bdedb85fd243eadf09663511f96fc81e0720a4a42581f334ad4303aa6b?s=96&d=mm&r=g\",\"url\":\"https:\/\/secure.gravatar.com\/avatar\/e0a867bdedb85fd243eadf09663511f96fc81e0720a4a42581f334ad4303aa6b?s=96&d=mm&r=g\",\"contentUrl\":\"https:\/\/secure.gravatar.com\/avatar\/e0a867bdedb85fd243eadf09663511f96fc81e0720a4a42581f334ad4303aa6b?s=96&d=mm&r=g\",\"caption\":\"Reda\u00e7\u00e3o\"}}]}<\/script>\n<!-- \/ Yoast SEO plugin. -->","yoast_head_json":{"title":"Brasiliense ter\u00e1 19 pontos para se vacinar neste s\u00e1bado - Notibras","robots":{"index":"index","follow":"follow","max-snippet":"max-snippet:-1","max-image-preview":"max-image-preview:large","max-video-preview":"max-video-preview:-1"},"canonical":"https:\/\/www.notibras.com\/site\/brasiliense-tera-19-pontos-para-se-vacinar-neste-sabado\/","og_locale":"pt_BR","og_type":"article","og_title":"Brasiliense ter\u00e1 19 pontos para se vacinar neste s\u00e1bado - Notibras","og_description":"Neste s\u00e1bado (16) \u00e9 dia de vacina\u00e7\u00e3o no Distrito Federal. Ao todo, ser\u00e3o 19 locais de atendimento: Santa Maria, Gama, Riacho Fundo I e II, Recanto das Emas, Samambaia, Ceil\u00e2ndia, Estrutural, \u00c1guas Claras, Guar\u00e1, Candangol\u00e2ndia, Cruzeiro, Plano Piloto, Sobradinho e Itapo\u00e3. A lista completa com endere\u00e7os e hor\u00e1rios de atendimento est\u00e1 dispon\u00edvel no site da [&hellip;]","og_url":"https:\/\/www.notibras.com\/site\/brasiliense-tera-19-pontos-para-se-vacinar-neste-sabado\/","og_site_name":"Notibras","article_publisher":"https:\/\/www.facebook.com\/notibras\/","article_published_time":"2024-03-16T03:00:54+00:00","article_modified_time":"2024-03-16T11:07:46+00:00","og_image":[{"width":1200,"height":800,"url":"https:\/\/www.notibras.com\/site\/wp-content\/uploads\/2024\/03\/vacinasabado.jpg","type":"image\/jpeg"}],"author":"Reda\u00e7\u00e3o","twitter_card":"summary_large_image","twitter_creator":"@Notibras","twitter_site":"@Notibras","twitter_misc":{"Escrito por":"Reda\u00e7\u00e3o","Est. tempo de leitura":"2 minutos"},"schema":{"@context":"https:\/\/schema.org","@graph":[{"@type":"Article","@id":"https:\/\/www.notibras.com\/site\/brasiliense-tera-19-pontos-para-se-vacinar-neste-sabado\/#article","isPartOf":{"@id":"https:\/\/www.notibras.com\/site\/brasiliense-tera-19-pontos-para-se-vacinar-neste-sabado\/"},"author":{"name":"Reda\u00e7\u00e3o","@id":"https:\/\/www.notibras.com\/site\/#\/schema\/person\/36ab0979449956132d3e5b517ea76ac8"},"headline":"Brasiliense ter\u00e1 19 pontos para se vacinar neste s\u00e1bado","datePublished":"2024-03-16T03:00:54+00:00","dateModified":"2024-03-16T11:07:46+00:00","mainEntityOfPage":{"@id":"https:\/\/www.notibras.com\/site\/brasiliense-tera-19-pontos-para-se-vacinar-neste-sabado\/"},"wordCount":182,"publisher":{"@id":"https:\/\/www.notibras.com\/site\/#organization"},"image":{"@id":"https:\/\/www.notibras.com\/site\/brasiliense-tera-19-pontos-para-se-vacinar-neste-sabado\/#primaryimage"},"thumbnailUrl":"https:\/\/www.notibras.com\/site\/wp-content\/uploads\/2024\/03\/vacinasabado.jpg","articleSection":["Quadradinho em Foco"],"inLanguage":"pt-BR"},{"@type":"WebPage","@id":"https:\/\/www.notibras.com\/site\/brasiliense-tera-19-pontos-para-se-vacinar-neste-sabado\/","url":"https:\/\/www.notibras.com\/site\/brasiliense-tera-19-pontos-para-se-vacinar-neste-sabado\/","name":"Brasiliense ter\u00e1 19 pontos para se vacinar neste s\u00e1bado - Notibras","isPartOf":{"@id":"https:\/\/www.notibras.com\/site\/#website"},"primaryImageOfPage":{"@id":"https:\/\/www.notibras.com\/site\/brasiliense-tera-19-pontos-para-se-vacinar-neste-sabado\/#primaryimage"},"image":{"@id":"https:\/\/www.notibras.com\/site\/brasiliense-tera-19-pontos-para-se-vacinar-neste-sabado\/#primaryimage"},"thumbnailUrl":"https:\/\/www.notibras.com\/site\/wp-content\/uploads\/2024\/03\/vacinasabado.jpg","datePublished":"2024-03-16T03:00:54+00:00","dateModified":"2024-03-16T11:07:46+00:00","breadcrumb":{"@id":"https:\/\/www.notibras.com\/site\/brasiliense-tera-19-pontos-para-se-vacinar-neste-sabado\/#breadcrumb"},"inLanguage":"pt-BR","potentialAction":[{"@type":"ReadAction","target":["https:\/\/www.notibras.com\/site\/brasiliense-tera-19-pontos-para-se-vacinar-neste-sabado\/"]}]},{"@type":"ImageObject","inLanguage":"pt-BR","@id":"https:\/\/www.notibras.com\/site\/brasiliense-tera-19-pontos-para-se-vacinar-neste-sabado\/#primaryimage","url":"https:\/\/www.notibras.com\/site\/wp-content\/uploads\/2024\/03\/vacinasabado.jpg","contentUrl":"https:\/\/www.notibras.com\/site\/wp-content\/uploads\/2024\/03\/vacinasabado.jpg","width":1200,"height":800},{"@type":"BreadcrumbList","@id":"https:\/\/www.notibras.com\/site\/brasiliense-tera-19-pontos-para-se-vacinar-neste-sabado\/#breadcrumb","itemListElement":[{"@type":"ListItem","position":1,"name":"In\u00edcio","item":"https:\/\/www.notibras.com\/site\/"},{"@type":"ListItem","position":2,"name":"Brasiliense ter\u00e1 19 pontos para se vacinar neste s\u00e1bado"}]},{"@type":"WebSite","@id":"https:\/\/www.notibras.com\/site\/#website","url":"https:\/\/www.notibras.com\/site\/","name":"Notibras","description":"Not\u00edcias de Bras\u00edlia, do Brasil e do Mundo","publisher":{"@id":"https:\/\/www.notibras.com\/site\/#organization"},"potentialAction":[{"@type":"SearchAction","target":{"@type":"EntryPoint","urlTemplate":"https:\/\/www.notibras.com\/site\/?s={search_term_string}"},"query-input":{"@type":"PropertyValueSpecification","valueRequired":true,"valueName":"search_term_string"}}],"inLanguage":"pt-BR"},{"@type":"Organization","@id":"https:\/\/www.notibras.com\/site\/#organization","name":"Grupo Notibras de Comunica\u00e7\u00e3o","url":"https:\/\/www.notibras.com\/site\/","logo":{"@type":"ImageObject","inLanguage":"pt-BR","@id":"https:\/\/www.notibras.com\/site\/#\/schema\/logo\/image\/","url":"https:\/\/www.notibras.com\/site\/wp-content\/uploads\/2023\/01\/notibras23.png","contentUrl":"https:\/\/www.notibras.com\/site\/wp-content\/uploads\/2023\/01\/notibras23.png","width":350,"height":87,"caption":"Grupo Notibras de Comunica\u00e7\u00e3o"},"image":{"@id":"https:\/\/www.notibras.com\/site\/#\/schema\/logo\/image\/"},"sameAs":["https:\/\/www.facebook.com\/notibras\/","https:\/\/x.com\/Notibras","https:\/\/www.instagram.com\/notibras\/"]},{"@type":"Person","@id":"https:\/\/www.notibras.com\/site\/#\/schema\/person\/36ab0979449956132d3e5b517ea76ac8","name":"Reda\u00e7\u00e3o","image":{"@type":"ImageObject","inLanguage":"pt-BR","@id":"https:\/\/secure.gravatar.com\/avatar\/e0a867bdedb85fd243eadf09663511f96fc81e0720a4a42581f334ad4303aa6b?s=96&d=mm&r=g","url":"https:\/\/secure.gravatar.com\/avatar\/e0a867bdedb85fd243eadf09663511f96fc81e0720a4a42581f334ad4303aa6b?s=96&d=mm&r=g","contentUrl":"https:\/\/secure.gravatar.com\/avatar\/e0a867bdedb85fd243eadf09663511f96fc81e0720a4a42581f334ad4303aa6b?s=96&d=mm&r=g","caption":"Reda\u00e7\u00e3o"}}]}},"amp_enabled":true,"_links":{"self":[{"href":"https:\/\/www.notibras.com\/site\/wp-json\/wp\/v2\/posts\/324740","targetHints":{"allow":["GET"]}}],"collection":[{"href":"https:\/\/www.notibras.com\/site\/wp-json\/wp\/v2\/posts"}],"about":[{"href":"https:\/\/www.notibras.com\/site\/wp-json\/wp\/v2\/types\/post"}],"author":[{"embeddable":true,"href":"https:\/\/www.notibras.com\/site\/wp-json\/wp\/v2\/users\/2"}],"replies":[{"embeddable":true,"href":"https:\/\/www.notibras.com\/site\/wp-json\/wp\/v2\/comments?post=324740"}],"version-history":[{"count":1,"href":"https:\/\/www.notibras.com\/site\/wp-json\/wp\/v2\/posts\/324740\/revisions"}],"predecessor-version":[{"id":324742,"href":"https:\/\/www.notibras.com\/site\/wp-json\/wp\/v2\/posts\/324740\/revisions\/324742"}],"wp:featuredmedia":[{"embeddable":true,"href":"https:\/\/www.notibras.com\/site\/wp-json\/wp\/v2\/media\/324741"}],"wp:attachment":[{"href":"https:\/\/www.notibras.com\/site\/wp-json\/wp\/v2\/media?parent=324740"}],"wp:term":[{"taxonomy":"category","embeddable":true,"href":"https:\/\/www.notibras.com\/site\/wp-json\/wp\/v2\/categories?post=324740"},{"taxonomy":"post_tag","embeddable":true,"href":"https:\/\/www.notibras.com\/site\/wp-json\/wp\/v2\/tags?post=324740"}],"curies":[{"name":"wp","href":"https:\/\/api.w.org\/{rel}","templated":true}]}}