{"id":324795,"date":"2024-03-17T00:02:55","date_gmt":"2024-03-17T03:02:55","guid":{"rendered":"https:\/\/www.notibras.com\/site\/?p=324795"},"modified":"2024-03-17T03:50:19","modified_gmt":"2024-03-17T06:50:19","slug":"governo-retira-do-mercado-10-marcas-de-azeite-extravirgem","status":"publish","type":"post","link":"https:\/\/www.notibras.com\/site\/governo-retira-do-mercado-10-marcas-de-azeite-extravirgem\/","title":{"rendered":"Governo retira do mercado 10 marcas de azeite extravirgem"},"content":{"rendered":"<p>O Minist\u00e9rio da Agricultura e Pecu\u00e1ria (Mapa) ordenou a todos comerciantes, varejistas ou atacadistas, recolherem de suas prateleiras dez marcas de azeite de oliva extravirgem.<\/p>\n<p>Conforme determina\u00e7\u00e3o divulgada na \u00faltima sexta-feira (15), devem ser retiradas de circula\u00e7\u00e3o as marcas: Terra de \u00d3bidos; Serra Morena; De Alc\u00e2ntara; Vincenzo; Az Azeite; Almazara; Escarpas das Oliveiras; Don Alejandro; Mezzano; e Uberaba.<\/p>\n<p>Aos consumidores, o Mapa orienta que parem de consumir imediatamente o produto, \u201cpodendo solicitar sua substitui\u00e7\u00e3o nos moldes determinado pelo C\u00f3digo de Defesa do Consumidor. Podem ainda comunicar o Mapa pelo canal oficial Fala.BR, informando o estabelecimento e endere\u00e7o onde foi adquirido o produto.\u201d<\/p>\n<p>O consumidor pode ser ressarcido inclusive se j\u00e1 abriu e consumiu o produto. Para isso deve levar a nota fiscal comprovando que o produto foi vendido quando j\u00e1 estava na lista dos produtos que n\u00e3o deveriam ser comercializados. As pessoas prejudicadas tamb\u00e9m podem fazer reclama\u00e7\u00e3o na secretaria de vigil\u00e2ncia sanit\u00e1ria do seu munic\u00edpio.<\/p>\n<p><strong>Esquema il\u00edcito<\/strong><br \/>\nAs medidas tomadas pelo Minist\u00e9rio da Agricultura e Pecu\u00e1ria t\u00eam car\u00e1ter cautelar e s\u00e3o desdobramentos da Opera\u00e7\u00e3o Gets\u00eamani que identificou esquema il\u00edcito de importa\u00e7\u00e3o, adultera\u00e7\u00e3o e distribui\u00e7\u00e3o de azeite de oliva fraudados.<\/p>\n<p>A opera\u00e7\u00e3o foi realizada nos dias 6, 7 e 8 de mar\u00e7o nas capitais S\u00e3o Paulo (SP), Recife (PE) e Natal (RN), e no munic\u00edpio de\u202fSaquarema, na Regi\u00e3o dos Lagos (RJ). Na a\u00e7\u00e3o foram apreendidos mais de 104 mil litros de azeite de oliva fraudados e ainda embalagens e r\u00f3tulos.<\/p>\n<p>Essa n\u00e3o foi a primeira apreens\u00e3o de azeite fraudado do ano. No come\u00e7o de janeiro, 24,5 mil litros de azeite foram retirados de circula\u00e7\u00e3o em rede de supermercados em munic\u00edpios do centro-oeste paulista, por causa da m\u00e1 qualidade e falsifica\u00e7\u00e3o de r\u00f3tulo.<\/p>\n<p>Conforme o Mapa, \u201co azeite \u00e9 o segundo produto alimentar mais fraudado do mundo, atr\u00e1s apenas do pescado.\u201d O minist\u00e9rio orienta aos consumidores antes da compra conferir a lista de produtos irregulares j\u00e1 apreendidos; n\u00e3o comprar a granel; optar por produtos com a data de envase mais recente; reparar a data de validade e o tempo dos ingredientes contidos (o tempo de colheita de azeitona para azeites extra virgem \u00e9 de seis meses).<\/p>\n<p>O Instituto de Defesa dos Consumidores (Idec) tamb\u00e9m recomenda observar se o \u00f3leo est\u00e1 turvo e se na embalagem h\u00e1 informa\u00e7\u00e3o sobre mistura de \u00f3leos (adi\u00e7\u00e3o de outro \u00f3leo vegetal).<\/p>\n<p>Outra dica \u00e9 desconfiar de pre\u00e7os muito abaixo da m\u00e9dia do mercado. O pre\u00e7o do azeite manteve-se em alta nos \u00faltimos anos e deve continuar sob press\u00e3o este ano por causa da diminui\u00e7\u00e3o hist\u00f3rica da produ\u00e7\u00e3o global, sobretudo nos pa\u00edses europeus &#8211; respons\u00e1veis por dois ter\u00e7os da produ\u00e7\u00e3o mundial de azeites.<\/p>\n<p>De acordo com a Embrapa, o Brasil \u00e9 o terceiro maior importador de azeite de oliva no mundo. O pa\u00eds tamb\u00e9m produz azeite, com \u201cqualidade reconhecida por pr\u00eamios internacionais conquistados nos \u00faltimos anos\u201d, mas a produ\u00e7\u00e3o local ainda \u00e9 incipiente. \u201cIniciada na \u00faltima d\u00e9cada, chegou a 503 toneladas em 2022, o que representa apenas 0,24% do consumo nacional.\u201d<\/p>\n","protected":false},"excerpt":{"rendered":"<p>O Minist\u00e9rio da Agricultura e Pecu\u00e1ria (Mapa) ordenou a todos comerciantes, varejistas ou atacadistas, recolherem de suas prateleiras dez marcas de azeite de oliva extravirgem. Conforme determina\u00e7\u00e3o divulgada na \u00faltima sexta-feira (15), devem ser retiradas de circula\u00e7\u00e3o as marcas: Terra de \u00d3bidos; Serra Morena; De Alc\u00e2ntara; Vincenzo; Az Azeite; Almazara; Escarpas das Oliveiras; Don Alejandro; [&hellip;]<\/p>\n","protected":false},"author":2,"featured_media":324796,"comment_status":"closed","ping_status":"closed","sticky":false,"template":"","format":"standard","meta":{"_acf_changed":false,"footnotes":""},"categories":[161],"tags":[],"class_list":["post-324795","post","type-post","status-publish","format-standard","has-post-thumbnail","hentry","category-quadradinho-em-foco"],"acf":[],"yoast_head":"<!-- This site is optimized with the Yoast SEO plugin v27.2 - https:\/\/yoast.com\/product\/yoast-seo-wordpress\/ -->\n<title>Governo retira do mercado 10 marcas de azeite extravirgem - Notibras<\/title>\n<meta name=\"robots\" content=\"index, follow, max-snippet:-1, max-image-preview:large, max-video-preview:-1\" \/>\n<link rel=\"canonical\" href=\"https:\/\/www.notibras.com\/site\/governo-retira-do-mercado-10-marcas-de-azeite-extravirgem\/\" \/>\n<meta property=\"og:locale\" content=\"pt_BR\" \/>\n<meta property=\"og:type\" content=\"article\" \/>\n<meta property=\"og:title\" content=\"Governo retira do mercado 10 marcas de azeite extravirgem - Notibras\" \/>\n<meta property=\"og:description\" content=\"O Minist\u00e9rio da Agricultura e Pecu\u00e1ria (Mapa) ordenou a todos comerciantes, varejistas ou atacadistas, recolherem de suas prateleiras dez marcas de azeite de oliva extravirgem. Conforme determina\u00e7\u00e3o divulgada na \u00faltima sexta-feira (15), devem ser retiradas de circula\u00e7\u00e3o as marcas: Terra de \u00d3bidos; Serra Morena; De Alc\u00e2ntara; Vincenzo; Az Azeite; Almazara; Escarpas das Oliveiras; Don Alejandro; [&hellip;]\" \/>\n<meta property=\"og:url\" content=\"https:\/\/www.notibras.com\/site\/governo-retira-do-mercado-10-marcas-de-azeite-extravirgem\/\" \/>\n<meta property=\"og:site_name\" content=\"Notibras\" \/>\n<meta property=\"article:publisher\" content=\"https:\/\/www.facebook.com\/notibras\/\" \/>\n<meta property=\"article:published_time\" content=\"2024-03-17T03:02:55+00:00\" \/>\n<meta property=\"article:modified_time\" content=\"2024-03-17T06:50:19+00:00\" \/>\n<meta property=\"og:image\" content=\"https:\/\/www.notibras.com\/site\/wp-content\/uploads\/2024\/03\/azeite.fpra_.webp\" \/>\n\t<meta property=\"og:image:width\" content=\"1170\" \/>\n\t<meta property=\"og:image:height\" content=\"700\" \/>\n\t<meta property=\"og:image:type\" content=\"image\/webp\" \/>\n<meta name=\"author\" content=\"Reda\u00e7\u00e3o\" \/>\n<meta name=\"twitter:card\" content=\"summary_large_image\" \/>\n<meta name=\"twitter:creator\" content=\"@Notibras\" \/>\n<meta name=\"twitter:site\" content=\"@Notibras\" \/>\n<meta name=\"twitter:label1\" content=\"Escrito por\" \/>\n\t<meta name=\"twitter:data1\" content=\"Reda\u00e7\u00e3o\" \/>\n\t<meta name=\"twitter:label2\" content=\"Est. tempo de leitura\" \/>\n\t<meta name=\"twitter:data2\" content=\"3 minutos\" \/>\n<script type=\"application\/ld+json\" class=\"yoast-schema-graph\">{\"@context\":\"https:\/\/schema.org\",\"@graph\":[{\"@type\":\"Article\",\"@id\":\"https:\/\/www.notibras.com\/site\/governo-retira-do-mercado-10-marcas-de-azeite-extravirgem\/#article\",\"isPartOf\":{\"@id\":\"https:\/\/www.notibras.com\/site\/governo-retira-do-mercado-10-marcas-de-azeite-extravirgem\/\"},\"author\":{\"name\":\"Reda\u00e7\u00e3o\",\"@id\":\"https:\/\/www.notibras.com\/site\/#\/schema\/person\/36ab0979449956132d3e5b517ea76ac8\"},\"headline\":\"Governo retira do mercado 10 marcas de azeite extravirgem\",\"datePublished\":\"2024-03-17T03:02:55+00:00\",\"dateModified\":\"2024-03-17T06:50:19+00:00\",\"mainEntityOfPage\":{\"@id\":\"https:\/\/www.notibras.com\/site\/governo-retira-do-mercado-10-marcas-de-azeite-extravirgem\/\"},\"wordCount\":551,\"publisher\":{\"@id\":\"https:\/\/www.notibras.com\/site\/#organization\"},\"image\":{\"@id\":\"https:\/\/www.notibras.com\/site\/governo-retira-do-mercado-10-marcas-de-azeite-extravirgem\/#primaryimage\"},\"thumbnailUrl\":\"https:\/\/www.notibras.com\/site\/wp-content\/uploads\/2024\/03\/azeite.fpra_.webp\",\"articleSection\":[\"Quadradinho em Foco\"],\"inLanguage\":\"pt-BR\"},{\"@type\":\"WebPage\",\"@id\":\"https:\/\/www.notibras.com\/site\/governo-retira-do-mercado-10-marcas-de-azeite-extravirgem\/\",\"url\":\"https:\/\/www.notibras.com\/site\/governo-retira-do-mercado-10-marcas-de-azeite-extravirgem\/\",\"name\":\"Governo retira do mercado 10 marcas de azeite extravirgem - Notibras\",\"isPartOf\":{\"@id\":\"https:\/\/www.notibras.com\/site\/#website\"},\"primaryImageOfPage\":{\"@id\":\"https:\/\/www.notibras.com\/site\/governo-retira-do-mercado-10-marcas-de-azeite-extravirgem\/#primaryimage\"},\"image\":{\"@id\":\"https:\/\/www.notibras.com\/site\/governo-retira-do-mercado-10-marcas-de-azeite-extravirgem\/#primaryimage\"},\"thumbnailUrl\":\"https:\/\/www.notibras.com\/site\/wp-content\/uploads\/2024\/03\/azeite.fpra_.webp\",\"datePublished\":\"2024-03-17T03:02:55+00:00\",\"dateModified\":\"2024-03-17T06:50:19+00:00\",\"breadcrumb\":{\"@id\":\"https:\/\/www.notibras.com\/site\/governo-retira-do-mercado-10-marcas-de-azeite-extravirgem\/#breadcrumb\"},\"inLanguage\":\"pt-BR\",\"potentialAction\":[{\"@type\":\"ReadAction\",\"target\":[\"https:\/\/www.notibras.com\/site\/governo-retira-do-mercado-10-marcas-de-azeite-extravirgem\/\"]}]},{\"@type\":\"ImageObject\",\"inLanguage\":\"pt-BR\",\"@id\":\"https:\/\/www.notibras.com\/site\/governo-retira-do-mercado-10-marcas-de-azeite-extravirgem\/#primaryimage\",\"url\":\"https:\/\/www.notibras.com\/site\/wp-content\/uploads\/2024\/03\/azeite.fpra_.webp\",\"contentUrl\":\"https:\/\/www.notibras.com\/site\/wp-content\/uploads\/2024\/03\/azeite.fpra_.webp\",\"width\":1170,\"height\":700},{\"@type\":\"BreadcrumbList\",\"@id\":\"https:\/\/www.notibras.com\/site\/governo-retira-do-mercado-10-marcas-de-azeite-extravirgem\/#breadcrumb\",\"itemListElement\":[{\"@type\":\"ListItem\",\"position\":1,\"name\":\"In\u00edcio\",\"item\":\"https:\/\/www.notibras.com\/site\/\"},{\"@type\":\"ListItem\",\"position\":2,\"name\":\"Governo retira do mercado 10 marcas de azeite extravirgem\"}]},{\"@type\":\"WebSite\",\"@id\":\"https:\/\/www.notibras.com\/site\/#website\",\"url\":\"https:\/\/www.notibras.com\/site\/\",\"name\":\"Notibras\",\"description\":\"Not\u00edcias de Bras\u00edlia, do Brasil e do Mundo\",\"publisher\":{\"@id\":\"https:\/\/www.notibras.com\/site\/#organization\"},\"potentialAction\":[{\"@type\":\"SearchAction\",\"target\":{\"@type\":\"EntryPoint\",\"urlTemplate\":\"https:\/\/www.notibras.com\/site\/?s={search_term_string}\"},\"query-input\":{\"@type\":\"PropertyValueSpecification\",\"valueRequired\":true,\"valueName\":\"search_term_string\"}}],\"inLanguage\":\"pt-BR\"},{\"@type\":\"Organization\",\"@id\":\"https:\/\/www.notibras.com\/site\/#organization\",\"name\":\"Grupo Notibras de Comunica\u00e7\u00e3o\",\"url\":\"https:\/\/www.notibras.com\/site\/\",\"logo\":{\"@type\":\"ImageObject\",\"inLanguage\":\"pt-BR\",\"@id\":\"https:\/\/www.notibras.com\/site\/#\/schema\/logo\/image\/\",\"url\":\"https:\/\/www.notibras.com\/site\/wp-content\/uploads\/2023\/01\/notibras23.png\",\"contentUrl\":\"https:\/\/www.notibras.com\/site\/wp-content\/uploads\/2023\/01\/notibras23.png\",\"width\":350,\"height\":87,\"caption\":\"Grupo Notibras de Comunica\u00e7\u00e3o\"},\"image\":{\"@id\":\"https:\/\/www.notibras.com\/site\/#\/schema\/logo\/image\/\"},\"sameAs\":[\"https:\/\/www.facebook.com\/notibras\/\",\"https:\/\/x.com\/Notibras\",\"https:\/\/www.instagram.com\/notibras\/\"]},{\"@type\":\"Person\",\"@id\":\"https:\/\/www.notibras.com\/site\/#\/schema\/person\/36ab0979449956132d3e5b517ea76ac8\",\"name\":\"Reda\u00e7\u00e3o\",\"image\":{\"@type\":\"ImageObject\",\"inLanguage\":\"pt-BR\",\"@id\":\"https:\/\/secure.gravatar.com\/avatar\/e0a867bdedb85fd243eadf09663511f96fc81e0720a4a42581f334ad4303aa6b?s=96&d=mm&r=g\",\"url\":\"https:\/\/secure.gravatar.com\/avatar\/e0a867bdedb85fd243eadf09663511f96fc81e0720a4a42581f334ad4303aa6b?s=96&d=mm&r=g\",\"contentUrl\":\"https:\/\/secure.gravatar.com\/avatar\/e0a867bdedb85fd243eadf09663511f96fc81e0720a4a42581f334ad4303aa6b?s=96&d=mm&r=g\",\"caption\":\"Reda\u00e7\u00e3o\"}}]}<\/script>\n<!-- \/ Yoast SEO plugin. -->","yoast_head_json":{"title":"Governo retira do mercado 10 marcas de azeite extravirgem - Notibras","robots":{"index":"index","follow":"follow","max-snippet":"max-snippet:-1","max-image-preview":"max-image-preview:large","max-video-preview":"max-video-preview:-1"},"canonical":"https:\/\/www.notibras.com\/site\/governo-retira-do-mercado-10-marcas-de-azeite-extravirgem\/","og_locale":"pt_BR","og_type":"article","og_title":"Governo retira do mercado 10 marcas de azeite extravirgem - Notibras","og_description":"O Minist\u00e9rio da Agricultura e Pecu\u00e1ria (Mapa) ordenou a todos comerciantes, varejistas ou atacadistas, recolherem de suas prateleiras dez marcas de azeite de oliva extravirgem. Conforme determina\u00e7\u00e3o divulgada na \u00faltima sexta-feira (15), devem ser retiradas de circula\u00e7\u00e3o as marcas: Terra de \u00d3bidos; Serra Morena; De Alc\u00e2ntara; Vincenzo; Az Azeite; Almazara; Escarpas das Oliveiras; Don Alejandro; [&hellip;]","og_url":"https:\/\/www.notibras.com\/site\/governo-retira-do-mercado-10-marcas-de-azeite-extravirgem\/","og_site_name":"Notibras","article_publisher":"https:\/\/www.facebook.com\/notibras\/","article_published_time":"2024-03-17T03:02:55+00:00","article_modified_time":"2024-03-17T06:50:19+00:00","og_image":[{"width":1170,"height":700,"url":"https:\/\/www.notibras.com\/site\/wp-content\/uploads\/2024\/03\/azeite.fpra_.webp","type":"image\/webp"}],"author":"Reda\u00e7\u00e3o","twitter_card":"summary_large_image","twitter_creator":"@Notibras","twitter_site":"@Notibras","twitter_misc":{"Escrito por":"Reda\u00e7\u00e3o","Est. tempo de leitura":"3 minutos"},"schema":{"@context":"https:\/\/schema.org","@graph":[{"@type":"Article","@id":"https:\/\/www.notibras.com\/site\/governo-retira-do-mercado-10-marcas-de-azeite-extravirgem\/#article","isPartOf":{"@id":"https:\/\/www.notibras.com\/site\/governo-retira-do-mercado-10-marcas-de-azeite-extravirgem\/"},"author":{"name":"Reda\u00e7\u00e3o","@id":"https:\/\/www.notibras.com\/site\/#\/schema\/person\/36ab0979449956132d3e5b517ea76ac8"},"headline":"Governo retira do mercado 10 marcas de azeite extravirgem","datePublished":"2024-03-17T03:02:55+00:00","dateModified":"2024-03-17T06:50:19+00:00","mainEntityOfPage":{"@id":"https:\/\/www.notibras.com\/site\/governo-retira-do-mercado-10-marcas-de-azeite-extravirgem\/"},"wordCount":551,"publisher":{"@id":"https:\/\/www.notibras.com\/site\/#organization"},"image":{"@id":"https:\/\/www.notibras.com\/site\/governo-retira-do-mercado-10-marcas-de-azeite-extravirgem\/#primaryimage"},"thumbnailUrl":"https:\/\/www.notibras.com\/site\/wp-content\/uploads\/2024\/03\/azeite.fpra_.webp","articleSection":["Quadradinho em Foco"],"inLanguage":"pt-BR"},{"@type":"WebPage","@id":"https:\/\/www.notibras.com\/site\/governo-retira-do-mercado-10-marcas-de-azeite-extravirgem\/","url":"https:\/\/www.notibras.com\/site\/governo-retira-do-mercado-10-marcas-de-azeite-extravirgem\/","name":"Governo retira do mercado 10 marcas de azeite extravirgem - Notibras","isPartOf":{"@id":"https:\/\/www.notibras.com\/site\/#website"},"primaryImageOfPage":{"@id":"https:\/\/www.notibras.com\/site\/governo-retira-do-mercado-10-marcas-de-azeite-extravirgem\/#primaryimage"},"image":{"@id":"https:\/\/www.notibras.com\/site\/governo-retira-do-mercado-10-marcas-de-azeite-extravirgem\/#primaryimage"},"thumbnailUrl":"https:\/\/www.notibras.com\/site\/wp-content\/uploads\/2024\/03\/azeite.fpra_.webp","datePublished":"2024-03-17T03:02:55+00:00","dateModified":"2024-03-17T06:50:19+00:00","breadcrumb":{"@id":"https:\/\/www.notibras.com\/site\/governo-retira-do-mercado-10-marcas-de-azeite-extravirgem\/#breadcrumb"},"inLanguage":"pt-BR","potentialAction":[{"@type":"ReadAction","target":["https:\/\/www.notibras.com\/site\/governo-retira-do-mercado-10-marcas-de-azeite-extravirgem\/"]}]},{"@type":"ImageObject","inLanguage":"pt-BR","@id":"https:\/\/www.notibras.com\/site\/governo-retira-do-mercado-10-marcas-de-azeite-extravirgem\/#primaryimage","url":"https:\/\/www.notibras.com\/site\/wp-content\/uploads\/2024\/03\/azeite.fpra_.webp","contentUrl":"https:\/\/www.notibras.com\/site\/wp-content\/uploads\/2024\/03\/azeite.fpra_.webp","width":1170,"height":700},{"@type":"BreadcrumbList","@id":"https:\/\/www.notibras.com\/site\/governo-retira-do-mercado-10-marcas-de-azeite-extravirgem\/#breadcrumb","itemListElement":[{"@type":"ListItem","position":1,"name":"In\u00edcio","item":"https:\/\/www.notibras.com\/site\/"},{"@type":"ListItem","position":2,"name":"Governo retira do mercado 10 marcas de azeite extravirgem"}]},{"@type":"WebSite","@id":"https:\/\/www.notibras.com\/site\/#website","url":"https:\/\/www.notibras.com\/site\/","name":"Notibras","description":"Not\u00edcias de Bras\u00edlia, do Brasil e do Mundo","publisher":{"@id":"https:\/\/www.notibras.com\/site\/#organization"},"potentialAction":[{"@type":"SearchAction","target":{"@type":"EntryPoint","urlTemplate":"https:\/\/www.notibras.com\/site\/?s={search_term_string}"},"query-input":{"@type":"PropertyValueSpecification","valueRequired":true,"valueName":"search_term_string"}}],"inLanguage":"pt-BR"},{"@type":"Organization","@id":"https:\/\/www.notibras.com\/site\/#organization","name":"Grupo Notibras de Comunica\u00e7\u00e3o","url":"https:\/\/www.notibras.com\/site\/","logo":{"@type":"ImageObject","inLanguage":"pt-BR","@id":"https:\/\/www.notibras.com\/site\/#\/schema\/logo\/image\/","url":"https:\/\/www.notibras.com\/site\/wp-content\/uploads\/2023\/01\/notibras23.png","contentUrl":"https:\/\/www.notibras.com\/site\/wp-content\/uploads\/2023\/01\/notibras23.png","width":350,"height":87,"caption":"Grupo Notibras de Comunica\u00e7\u00e3o"},"image":{"@id":"https:\/\/www.notibras.com\/site\/#\/schema\/logo\/image\/"},"sameAs":["https:\/\/www.facebook.com\/notibras\/","https:\/\/x.com\/Notibras","https:\/\/www.instagram.com\/notibras\/"]},{"@type":"Person","@id":"https:\/\/www.notibras.com\/site\/#\/schema\/person\/36ab0979449956132d3e5b517ea76ac8","name":"Reda\u00e7\u00e3o","image":{"@type":"ImageObject","inLanguage":"pt-BR","@id":"https:\/\/secure.gravatar.com\/avatar\/e0a867bdedb85fd243eadf09663511f96fc81e0720a4a42581f334ad4303aa6b?s=96&d=mm&r=g","url":"https:\/\/secure.gravatar.com\/avatar\/e0a867bdedb85fd243eadf09663511f96fc81e0720a4a42581f334ad4303aa6b?s=96&d=mm&r=g","contentUrl":"https:\/\/secure.gravatar.com\/avatar\/e0a867bdedb85fd243eadf09663511f96fc81e0720a4a42581f334ad4303aa6b?s=96&d=mm&r=g","caption":"Reda\u00e7\u00e3o"}}]}},"amp_enabled":true,"_links":{"self":[{"href":"https:\/\/www.notibras.com\/site\/wp-json\/wp\/v2\/posts\/324795","targetHints":{"allow":["GET"]}}],"collection":[{"href":"https:\/\/www.notibras.com\/site\/wp-json\/wp\/v2\/posts"}],"about":[{"href":"https:\/\/www.notibras.com\/site\/wp-json\/wp\/v2\/types\/post"}],"author":[{"embeddable":true,"href":"https:\/\/www.notibras.com\/site\/wp-json\/wp\/v2\/users\/2"}],"replies":[{"embeddable":true,"href":"https:\/\/www.notibras.com\/site\/wp-json\/wp\/v2\/comments?post=324795"}],"version-history":[{"count":1,"href":"https:\/\/www.notibras.com\/site\/wp-json\/wp\/v2\/posts\/324795\/revisions"}],"predecessor-version":[{"id":324797,"href":"https:\/\/www.notibras.com\/site\/wp-json\/wp\/v2\/posts\/324795\/revisions\/324797"}],"wp:featuredmedia":[{"embeddable":true,"href":"https:\/\/www.notibras.com\/site\/wp-json\/wp\/v2\/media\/324796"}],"wp:attachment":[{"href":"https:\/\/www.notibras.com\/site\/wp-json\/wp\/v2\/media?parent=324795"}],"wp:term":[{"taxonomy":"category","embeddable":true,"href":"https:\/\/www.notibras.com\/site\/wp-json\/wp\/v2\/categories?post=324795"},{"taxonomy":"post_tag","embeddable":true,"href":"https:\/\/www.notibras.com\/site\/wp-json\/wp\/v2\/tags?post=324795"}],"curies":[{"name":"wp","href":"https:\/\/api.w.org\/{rel}","templated":true}]}}