{"id":324801,"date":"2024-03-17T00:04:35","date_gmt":"2024-03-17T03:04:35","guid":{"rendered":"https:\/\/www.notibras.com\/site\/?p=324801"},"modified":"2024-03-17T04:06:49","modified_gmt":"2024-03-17T07:06:49","slug":"tribunal-manda-saude-colocar-ordem-na-fila-das-endoscopias","status":"publish","type":"post","link":"https:\/\/www.notibras.com\/site\/tribunal-manda-saude-colocar-ordem-na-fila-das-endoscopias\/","title":{"rendered":"Tribunal manda Sa\u00fade colocar ordem na fila das endoscopias"},"content":{"rendered":"<p>Considerando a baixa produtividade da rede p\u00fablica de sa\u00fade na realiza\u00e7\u00e3o dos exames de endoscopias digestivas e o preju\u00edzo causado aos cidad\u00e3os que aguardam na fila de espera, o Tribunal de Contas do Distrito Federal determinou que a Secretaria de Sa\u00fade do DF adote medidas para melhorar o desempenho dos hospitais distritais na realiza\u00e7\u00e3o desses procedimentos. O Tribunal tamb\u00e9m quer que a pasta implemente uma gest\u00e3o ativa das solicita\u00e7\u00f5es devolvidas aos hospitais pela central que gerencia a fila de espera. O prazo para cumprimento da decis\u00e3o \u00e9 de 60 dias, a contar da notifica\u00e7\u00e3o oficial, que ocorreu no dia 8 de mar\u00e7o (Processo n\u00ba 00600-00008924\/2023-81-e).<\/p>\n<p>A determina\u00e7\u00e3o \u00e9 resultado do monitoramento de uma auditoria realizada pelo Tribunal para acompanhar a oferta, o agendamento e a efetiva realiza\u00e7\u00e3o de endoscopias alta e baixa pela rede p\u00fablica de sa\u00fade. Segundo a auditoria, menos de 70% dos exames agendados s\u00e3o de fato realizados pelos hospitais. Esses exames s\u00e3o a principal forma de detec\u00e7\u00e3o de altera\u00e7\u00f5es e doen\u00e7as em \u00f3rg\u00e3os como o es\u00f4fago, o est\u00f4mago, o duodeno e o intestino.<\/p>\n<p>De acordo com o monitoramento do TCDF, em m\u00e9dia, 30% dos pacientes que agendam endoscopias altas n\u00e3o comparecem ou n\u00e3o fazem o preparo necess\u00e1rio para a conclus\u00e3o dos exames, indicando baixa produtividade na presta\u00e7\u00e3o dos servi\u00e7os. O Hospital Regional de Sobradinho, por exemplo, apresentou uma oferta de 214 vagas para endoscopia alta no m\u00eas de outubro do ano passado. No entanto, apenas 99 exames foram agendados e 69 efetivamente conclu\u00eddos. Assim, 145 pessoas que permanecem na fila de espera poderiam ter feito o exame. Nas endoscopias baixas, tamb\u00e9m conhecidas como colonoscopias, a produtividade na rede \u00e9 ainda menor, apenas 46%.<\/p>\n<p>Para agravar a situa\u00e7\u00e3o, alguns hospitais reservam um elevado n\u00famero de vagas para uso interno. O Relat\u00f3rio Final da Auditoria do TCDF nos servi\u00e7os de endoscopia na rede p\u00fablica de sa\u00fade do DF j\u00e1 havia apontado uma inoper\u00e2ncia do Distrito Federal em organizar e contabilizar de forma centralizada a demanda de cada tipo de exame endosc\u00f3pico. E essa reserva interna de vagas pelos hospitais reduz a capacidade de atendimento, ocasionando um aumento na fila de espera.<\/p>\n<p>O Complexo Regulador do DF \u00e9 o \u00f3rg\u00e3o que deveria registrar e monitorar toda a demanda e oferta por exames endosc\u00f3picos na rede p\u00fablica. Mas, segundo o monitoramento do TCDF, h\u00e1 incompatibilidade entre os dados contabilizados pela Central de Regula\u00e7\u00e3o e os apresentados pelas Unidades Hospitalares. Em outubro de 2023 os hospitais monitorados indicavam o oferecimento de 1049 vagas ao Complexo Regulador, enquanto a Central<br \/>\nde Regula\u00e7\u00e3o informava uma oferta de 894 vagas.<\/p>\n<p>O TCDF tamb\u00e9m identificou grande quantitativo de solicita\u00e7\u00f5es devolvidas pelo Complexo Regulador aos hospitais para complementa\u00e7\u00e3o ou corre\u00e7\u00e3o de dados. Tal procedimento \u00e9 prejudicial para o paciente que pode ficar aguardando sem saber que o pedido n\u00e3o ser\u00e1 agendado enquanto n\u00e3o houver a corre\u00e7\u00e3o pelo hospital solicitante.<\/p>\n<p>No levantamento, o Tribunal de Contas considerou os dados e informa\u00e7\u00f5es referentes aos exames de endoscopia alta e baixa agendados ou realizados, no m\u00eas de outubro de 2023, nas seguintes unidades hospitalares: Hospital de Base do Distrito Federal (HBDF); Hospital Regional da Asa Norte (HRAN); Hospital Regional de Ceil\u00e2ndia (HRC); Hospital Regional do Gama (HRG); Hospital Regional de Sobradinho (HRS); Hospital Regional de Taguatinga (HRT); Hospital Universit\u00e1rio de Bras\u00edlia (HUB); Hospital Regional de Santa Maria (HRSM); e Hospital da Crian\u00e7a de Bras\u00edlia (HCB).<\/p>\n","protected":false},"excerpt":{"rendered":"<p>Considerando a baixa produtividade da rede p\u00fablica de sa\u00fade na realiza\u00e7\u00e3o dos exames de endoscopias digestivas e o preju\u00edzo causado aos cidad\u00e3os que aguardam na fila de espera, o Tribunal de Contas do Distrito Federal determinou que a Secretaria de Sa\u00fade do DF adote medidas para melhorar o desempenho dos hospitais distritais na realiza\u00e7\u00e3o desses [&hellip;]<\/p>\n","protected":false},"author":2,"featured_media":253441,"comment_status":"closed","ping_status":"closed","sticky":false,"template":"","format":"standard","meta":{"_acf_changed":false,"footnotes":""},"categories":[161],"tags":[],"class_list":["post-324801","post","type-post","status-publish","format-standard","has-post-thumbnail","hentry","category-quadradinho-em-foco"],"acf":[],"yoast_head":"<!-- This site is optimized with the Yoast SEO plugin v27.2 - https:\/\/yoast.com\/product\/yoast-seo-wordpress\/ -->\n<title>Tribunal manda Sa\u00fade colocar ordem na fila das endoscopias - Notibras<\/title>\n<meta name=\"robots\" content=\"index, follow, max-snippet:-1, max-image-preview:large, max-video-preview:-1\" \/>\n<link rel=\"canonical\" href=\"https:\/\/www.notibras.com\/site\/tribunal-manda-saude-colocar-ordem-na-fila-das-endoscopias\/\" \/>\n<meta property=\"og:locale\" content=\"pt_BR\" \/>\n<meta property=\"og:type\" content=\"article\" \/>\n<meta property=\"og:title\" content=\"Tribunal manda Sa\u00fade colocar ordem na fila das endoscopias - Notibras\" \/>\n<meta property=\"og:description\" content=\"Considerando a baixa produtividade da rede p\u00fablica de sa\u00fade na realiza\u00e7\u00e3o dos exames de endoscopias digestivas e o preju\u00edzo causado aos cidad\u00e3os que aguardam na fila de espera, o Tribunal de Contas do Distrito Federal determinou que a Secretaria de Sa\u00fade do DF adote medidas para melhorar o desempenho dos hospitais distritais na realiza\u00e7\u00e3o desses [&hellip;]\" \/>\n<meta property=\"og:url\" content=\"https:\/\/www.notibras.com\/site\/tribunal-manda-saude-colocar-ordem-na-fila-das-endoscopias\/\" \/>\n<meta property=\"og:site_name\" content=\"Notibras\" \/>\n<meta property=\"article:publisher\" content=\"https:\/\/www.facebook.com\/notibras\/\" \/>\n<meta property=\"article:published_time\" content=\"2024-03-17T03:04:35+00:00\" \/>\n<meta property=\"article:modified_time\" content=\"2024-03-17T07:06:49+00:00\" \/>\n<meta property=\"og:image\" content=\"https:\/\/www.notibras.com\/site\/wp-content\/uploads\/2021\/03\/Coronavirus-Covid19-2-868x644-1.jpg\" \/>\n\t<meta property=\"og:image:width\" content=\"868\" \/>\n\t<meta property=\"og:image:height\" content=\"644\" \/>\n\t<meta property=\"og:image:type\" content=\"image\/jpeg\" \/>\n<meta name=\"author\" content=\"Reda\u00e7\u00e3o\" \/>\n<meta name=\"twitter:card\" content=\"summary_large_image\" \/>\n<meta name=\"twitter:creator\" content=\"@Notibras\" \/>\n<meta name=\"twitter:site\" content=\"@Notibras\" \/>\n<meta name=\"twitter:label1\" content=\"Escrito por\" \/>\n\t<meta name=\"twitter:data1\" content=\"Reda\u00e7\u00e3o\" \/>\n\t<meta name=\"twitter:label2\" content=\"Est. tempo de leitura\" \/>\n\t<meta name=\"twitter:data2\" content=\"4 minutos\" \/>\n<script type=\"application\/ld+json\" class=\"yoast-schema-graph\">{\"@context\":\"https:\/\/schema.org\",\"@graph\":[{\"@type\":\"Article\",\"@id\":\"https:\/\/www.notibras.com\/site\/tribunal-manda-saude-colocar-ordem-na-fila-das-endoscopias\/#article\",\"isPartOf\":{\"@id\":\"https:\/\/www.notibras.com\/site\/tribunal-manda-saude-colocar-ordem-na-fila-das-endoscopias\/\"},\"author\":{\"name\":\"Reda\u00e7\u00e3o\",\"@id\":\"https:\/\/www.notibras.com\/site\/#\/schema\/person\/36ab0979449956132d3e5b517ea76ac8\"},\"headline\":\"Tribunal manda Sa\u00fade colocar ordem na fila das endoscopias\",\"datePublished\":\"2024-03-17T03:04:35+00:00\",\"dateModified\":\"2024-03-17T07:06:49+00:00\",\"mainEntityOfPage\":{\"@id\":\"https:\/\/www.notibras.com\/site\/tribunal-manda-saude-colocar-ordem-na-fila-das-endoscopias\/\"},\"wordCount\":611,\"publisher\":{\"@id\":\"https:\/\/www.notibras.com\/site\/#organization\"},\"image\":{\"@id\":\"https:\/\/www.notibras.com\/site\/tribunal-manda-saude-colocar-ordem-na-fila-das-endoscopias\/#primaryimage\"},\"thumbnailUrl\":\"https:\/\/www.notibras.com\/site\/wp-content\/uploads\/2021\/03\/Coronavirus-Covid19-2-868x644-1.jpg\",\"articleSection\":[\"Quadradinho em Foco\"],\"inLanguage\":\"pt-BR\"},{\"@type\":\"WebPage\",\"@id\":\"https:\/\/www.notibras.com\/site\/tribunal-manda-saude-colocar-ordem-na-fila-das-endoscopias\/\",\"url\":\"https:\/\/www.notibras.com\/site\/tribunal-manda-saude-colocar-ordem-na-fila-das-endoscopias\/\",\"name\":\"Tribunal manda Sa\u00fade colocar ordem na fila das endoscopias - Notibras\",\"isPartOf\":{\"@id\":\"https:\/\/www.notibras.com\/site\/#website\"},\"primaryImageOfPage\":{\"@id\":\"https:\/\/www.notibras.com\/site\/tribunal-manda-saude-colocar-ordem-na-fila-das-endoscopias\/#primaryimage\"},\"image\":{\"@id\":\"https:\/\/www.notibras.com\/site\/tribunal-manda-saude-colocar-ordem-na-fila-das-endoscopias\/#primaryimage\"},\"thumbnailUrl\":\"https:\/\/www.notibras.com\/site\/wp-content\/uploads\/2021\/03\/Coronavirus-Covid19-2-868x644-1.jpg\",\"datePublished\":\"2024-03-17T03:04:35+00:00\",\"dateModified\":\"2024-03-17T07:06:49+00:00\",\"breadcrumb\":{\"@id\":\"https:\/\/www.notibras.com\/site\/tribunal-manda-saude-colocar-ordem-na-fila-das-endoscopias\/#breadcrumb\"},\"inLanguage\":\"pt-BR\",\"potentialAction\":[{\"@type\":\"ReadAction\",\"target\":[\"https:\/\/www.notibras.com\/site\/tribunal-manda-saude-colocar-ordem-na-fila-das-endoscopias\/\"]}]},{\"@type\":\"ImageObject\",\"inLanguage\":\"pt-BR\",\"@id\":\"https:\/\/www.notibras.com\/site\/tribunal-manda-saude-colocar-ordem-na-fila-das-endoscopias\/#primaryimage\",\"url\":\"https:\/\/www.notibras.com\/site\/wp-content\/uploads\/2021\/03\/Coronavirus-Covid19-2-868x644-1.jpg\",\"contentUrl\":\"https:\/\/www.notibras.com\/site\/wp-content\/uploads\/2021\/03\/Coronavirus-Covid19-2-868x644-1.jpg\",\"width\":868,\"height\":644},{\"@type\":\"BreadcrumbList\",\"@id\":\"https:\/\/www.notibras.com\/site\/tribunal-manda-saude-colocar-ordem-na-fila-das-endoscopias\/#breadcrumb\",\"itemListElement\":[{\"@type\":\"ListItem\",\"position\":1,\"name\":\"In\u00edcio\",\"item\":\"https:\/\/www.notibras.com\/site\/\"},{\"@type\":\"ListItem\",\"position\":2,\"name\":\"Tribunal manda Sa\u00fade colocar ordem na fila das endoscopias\"}]},{\"@type\":\"WebSite\",\"@id\":\"https:\/\/www.notibras.com\/site\/#website\",\"url\":\"https:\/\/www.notibras.com\/site\/\",\"name\":\"Notibras\",\"description\":\"Not\u00edcias de Bras\u00edlia, do Brasil e do Mundo\",\"publisher\":{\"@id\":\"https:\/\/www.notibras.com\/site\/#organization\"},\"potentialAction\":[{\"@type\":\"SearchAction\",\"target\":{\"@type\":\"EntryPoint\",\"urlTemplate\":\"https:\/\/www.notibras.com\/site\/?s={search_term_string}\"},\"query-input\":{\"@type\":\"PropertyValueSpecification\",\"valueRequired\":true,\"valueName\":\"search_term_string\"}}],\"inLanguage\":\"pt-BR\"},{\"@type\":\"Organization\",\"@id\":\"https:\/\/www.notibras.com\/site\/#organization\",\"name\":\"Grupo Notibras de Comunica\u00e7\u00e3o\",\"url\":\"https:\/\/www.notibras.com\/site\/\",\"logo\":{\"@type\":\"ImageObject\",\"inLanguage\":\"pt-BR\",\"@id\":\"https:\/\/www.notibras.com\/site\/#\/schema\/logo\/image\/\",\"url\":\"https:\/\/www.notibras.com\/site\/wp-content\/uploads\/2023\/01\/notibras23.png\",\"contentUrl\":\"https:\/\/www.notibras.com\/site\/wp-content\/uploads\/2023\/01\/notibras23.png\",\"width\":350,\"height\":87,\"caption\":\"Grupo Notibras de Comunica\u00e7\u00e3o\"},\"image\":{\"@id\":\"https:\/\/www.notibras.com\/site\/#\/schema\/logo\/image\/\"},\"sameAs\":[\"https:\/\/www.facebook.com\/notibras\/\",\"https:\/\/x.com\/Notibras\",\"https:\/\/www.instagram.com\/notibras\/\"]},{\"@type\":\"Person\",\"@id\":\"https:\/\/www.notibras.com\/site\/#\/schema\/person\/36ab0979449956132d3e5b517ea76ac8\",\"name\":\"Reda\u00e7\u00e3o\",\"image\":{\"@type\":\"ImageObject\",\"inLanguage\":\"pt-BR\",\"@id\":\"https:\/\/secure.gravatar.com\/avatar\/e0a867bdedb85fd243eadf09663511f96fc81e0720a4a42581f334ad4303aa6b?s=96&d=mm&r=g\",\"url\":\"https:\/\/secure.gravatar.com\/avatar\/e0a867bdedb85fd243eadf09663511f96fc81e0720a4a42581f334ad4303aa6b?s=96&d=mm&r=g\",\"contentUrl\":\"https:\/\/secure.gravatar.com\/avatar\/e0a867bdedb85fd243eadf09663511f96fc81e0720a4a42581f334ad4303aa6b?s=96&d=mm&r=g\",\"caption\":\"Reda\u00e7\u00e3o\"}}]}<\/script>\n<!-- \/ Yoast SEO plugin. -->","yoast_head_json":{"title":"Tribunal manda Sa\u00fade colocar ordem na fila das endoscopias - Notibras","robots":{"index":"index","follow":"follow","max-snippet":"max-snippet:-1","max-image-preview":"max-image-preview:large","max-video-preview":"max-video-preview:-1"},"canonical":"https:\/\/www.notibras.com\/site\/tribunal-manda-saude-colocar-ordem-na-fila-das-endoscopias\/","og_locale":"pt_BR","og_type":"article","og_title":"Tribunal manda Sa\u00fade colocar ordem na fila das endoscopias - Notibras","og_description":"Considerando a baixa produtividade da rede p\u00fablica de sa\u00fade na realiza\u00e7\u00e3o dos exames de endoscopias digestivas e o preju\u00edzo causado aos cidad\u00e3os que aguardam na fila de espera, o Tribunal de Contas do Distrito Federal determinou que a Secretaria de Sa\u00fade do DF adote medidas para melhorar o desempenho dos hospitais distritais na realiza\u00e7\u00e3o desses [&hellip;]","og_url":"https:\/\/www.notibras.com\/site\/tribunal-manda-saude-colocar-ordem-na-fila-das-endoscopias\/","og_site_name":"Notibras","article_publisher":"https:\/\/www.facebook.com\/notibras\/","article_published_time":"2024-03-17T03:04:35+00:00","article_modified_time":"2024-03-17T07:06:49+00:00","og_image":[{"width":868,"height":644,"url":"https:\/\/www.notibras.com\/site\/wp-content\/uploads\/2021\/03\/Coronavirus-Covid19-2-868x644-1.jpg","type":"image\/jpeg"}],"author":"Reda\u00e7\u00e3o","twitter_card":"summary_large_image","twitter_creator":"@Notibras","twitter_site":"@Notibras","twitter_misc":{"Escrito por":"Reda\u00e7\u00e3o","Est. tempo de leitura":"4 minutos"},"schema":{"@context":"https:\/\/schema.org","@graph":[{"@type":"Article","@id":"https:\/\/www.notibras.com\/site\/tribunal-manda-saude-colocar-ordem-na-fila-das-endoscopias\/#article","isPartOf":{"@id":"https:\/\/www.notibras.com\/site\/tribunal-manda-saude-colocar-ordem-na-fila-das-endoscopias\/"},"author":{"name":"Reda\u00e7\u00e3o","@id":"https:\/\/www.notibras.com\/site\/#\/schema\/person\/36ab0979449956132d3e5b517ea76ac8"},"headline":"Tribunal manda Sa\u00fade colocar ordem na fila das endoscopias","datePublished":"2024-03-17T03:04:35+00:00","dateModified":"2024-03-17T07:06:49+00:00","mainEntityOfPage":{"@id":"https:\/\/www.notibras.com\/site\/tribunal-manda-saude-colocar-ordem-na-fila-das-endoscopias\/"},"wordCount":611,"publisher":{"@id":"https:\/\/www.notibras.com\/site\/#organization"},"image":{"@id":"https:\/\/www.notibras.com\/site\/tribunal-manda-saude-colocar-ordem-na-fila-das-endoscopias\/#primaryimage"},"thumbnailUrl":"https:\/\/www.notibras.com\/site\/wp-content\/uploads\/2021\/03\/Coronavirus-Covid19-2-868x644-1.jpg","articleSection":["Quadradinho em Foco"],"inLanguage":"pt-BR"},{"@type":"WebPage","@id":"https:\/\/www.notibras.com\/site\/tribunal-manda-saude-colocar-ordem-na-fila-das-endoscopias\/","url":"https:\/\/www.notibras.com\/site\/tribunal-manda-saude-colocar-ordem-na-fila-das-endoscopias\/","name":"Tribunal manda Sa\u00fade colocar ordem na fila das endoscopias - Notibras","isPartOf":{"@id":"https:\/\/www.notibras.com\/site\/#website"},"primaryImageOfPage":{"@id":"https:\/\/www.notibras.com\/site\/tribunal-manda-saude-colocar-ordem-na-fila-das-endoscopias\/#primaryimage"},"image":{"@id":"https:\/\/www.notibras.com\/site\/tribunal-manda-saude-colocar-ordem-na-fila-das-endoscopias\/#primaryimage"},"thumbnailUrl":"https:\/\/www.notibras.com\/site\/wp-content\/uploads\/2021\/03\/Coronavirus-Covid19-2-868x644-1.jpg","datePublished":"2024-03-17T03:04:35+00:00","dateModified":"2024-03-17T07:06:49+00:00","breadcrumb":{"@id":"https:\/\/www.notibras.com\/site\/tribunal-manda-saude-colocar-ordem-na-fila-das-endoscopias\/#breadcrumb"},"inLanguage":"pt-BR","potentialAction":[{"@type":"ReadAction","target":["https:\/\/www.notibras.com\/site\/tribunal-manda-saude-colocar-ordem-na-fila-das-endoscopias\/"]}]},{"@type":"ImageObject","inLanguage":"pt-BR","@id":"https:\/\/www.notibras.com\/site\/tribunal-manda-saude-colocar-ordem-na-fila-das-endoscopias\/#primaryimage","url":"https:\/\/www.notibras.com\/site\/wp-content\/uploads\/2021\/03\/Coronavirus-Covid19-2-868x644-1.jpg","contentUrl":"https:\/\/www.notibras.com\/site\/wp-content\/uploads\/2021\/03\/Coronavirus-Covid19-2-868x644-1.jpg","width":868,"height":644},{"@type":"BreadcrumbList","@id":"https:\/\/www.notibras.com\/site\/tribunal-manda-saude-colocar-ordem-na-fila-das-endoscopias\/#breadcrumb","itemListElement":[{"@type":"ListItem","position":1,"name":"In\u00edcio","item":"https:\/\/www.notibras.com\/site\/"},{"@type":"ListItem","position":2,"name":"Tribunal manda Sa\u00fade colocar ordem na fila das endoscopias"}]},{"@type":"WebSite","@id":"https:\/\/www.notibras.com\/site\/#website","url":"https:\/\/www.notibras.com\/site\/","name":"Notibras","description":"Not\u00edcias de Bras\u00edlia, do Brasil e do Mundo","publisher":{"@id":"https:\/\/www.notibras.com\/site\/#organization"},"potentialAction":[{"@type":"SearchAction","target":{"@type":"EntryPoint","urlTemplate":"https:\/\/www.notibras.com\/site\/?s={search_term_string}"},"query-input":{"@type":"PropertyValueSpecification","valueRequired":true,"valueName":"search_term_string"}}],"inLanguage":"pt-BR"},{"@type":"Organization","@id":"https:\/\/www.notibras.com\/site\/#organization","name":"Grupo Notibras de Comunica\u00e7\u00e3o","url":"https:\/\/www.notibras.com\/site\/","logo":{"@type":"ImageObject","inLanguage":"pt-BR","@id":"https:\/\/www.notibras.com\/site\/#\/schema\/logo\/image\/","url":"https:\/\/www.notibras.com\/site\/wp-content\/uploads\/2023\/01\/notibras23.png","contentUrl":"https:\/\/www.notibras.com\/site\/wp-content\/uploads\/2023\/01\/notibras23.png","width":350,"height":87,"caption":"Grupo Notibras de Comunica\u00e7\u00e3o"},"image":{"@id":"https:\/\/www.notibras.com\/site\/#\/schema\/logo\/image\/"},"sameAs":["https:\/\/www.facebook.com\/notibras\/","https:\/\/x.com\/Notibras","https:\/\/www.instagram.com\/notibras\/"]},{"@type":"Person","@id":"https:\/\/www.notibras.com\/site\/#\/schema\/person\/36ab0979449956132d3e5b517ea76ac8","name":"Reda\u00e7\u00e3o","image":{"@type":"ImageObject","inLanguage":"pt-BR","@id":"https:\/\/secure.gravatar.com\/avatar\/e0a867bdedb85fd243eadf09663511f96fc81e0720a4a42581f334ad4303aa6b?s=96&d=mm&r=g","url":"https:\/\/secure.gravatar.com\/avatar\/e0a867bdedb85fd243eadf09663511f96fc81e0720a4a42581f334ad4303aa6b?s=96&d=mm&r=g","contentUrl":"https:\/\/secure.gravatar.com\/avatar\/e0a867bdedb85fd243eadf09663511f96fc81e0720a4a42581f334ad4303aa6b?s=96&d=mm&r=g","caption":"Reda\u00e7\u00e3o"}}]}},"amp_enabled":true,"_links":{"self":[{"href":"https:\/\/www.notibras.com\/site\/wp-json\/wp\/v2\/posts\/324801","targetHints":{"allow":["GET"]}}],"collection":[{"href":"https:\/\/www.notibras.com\/site\/wp-json\/wp\/v2\/posts"}],"about":[{"href":"https:\/\/www.notibras.com\/site\/wp-json\/wp\/v2\/types\/post"}],"author":[{"embeddable":true,"href":"https:\/\/www.notibras.com\/site\/wp-json\/wp\/v2\/users\/2"}],"replies":[{"embeddable":true,"href":"https:\/\/www.notibras.com\/site\/wp-json\/wp\/v2\/comments?post=324801"}],"version-history":[{"count":1,"href":"https:\/\/www.notibras.com\/site\/wp-json\/wp\/v2\/posts\/324801\/revisions"}],"predecessor-version":[{"id":324802,"href":"https:\/\/www.notibras.com\/site\/wp-json\/wp\/v2\/posts\/324801\/revisions\/324802"}],"wp:featuredmedia":[{"embeddable":true,"href":"https:\/\/www.notibras.com\/site\/wp-json\/wp\/v2\/media\/253441"}],"wp:attachment":[{"href":"https:\/\/www.notibras.com\/site\/wp-json\/wp\/v2\/media?parent=324801"}],"wp:term":[{"taxonomy":"category","embeddable":true,"href":"https:\/\/www.notibras.com\/site\/wp-json\/wp\/v2\/categories?post=324801"},{"taxonomy":"post_tag","embeddable":true,"href":"https:\/\/www.notibras.com\/site\/wp-json\/wp\/v2\/tags?post=324801"}],"curies":[{"name":"wp","href":"https:\/\/api.w.org\/{rel}","templated":true}]}}