{"id":324804,"date":"2024-03-17T00:02:49","date_gmt":"2024-03-17T03:02:49","guid":{"rendered":"https:\/\/www.notibras.com\/site\/?p=324804"},"modified":"2024-03-17T04:16:40","modified_gmt":"2024-03-17T07:16:40","slug":"dia-do-artesao-sera-comemorado-com-evento-turistico","status":"publish","type":"post","link":"https:\/\/www.notibras.com\/site\/dia-do-artesao-sera-comemorado-com-evento-turistico\/","title":{"rendered":"Dia do Artes\u00e3o ser\u00e1 comemorado com evento tur\u00edstico"},"content":{"rendered":"<p>Bras\u00edlia se prepara para homenagear os artes\u00e3os brasileiros em grande estilo. No dia 19, data dedicada aos mestres das artes manuais, a cidade receber\u00e1 uma programa\u00e7\u00e3o especial, organizada com apoio da Secretaria de Turismo do Distrito Federal (Setur-DF).<\/p>\n<p>Na \u00e1rea externa do Eixo Cultural Ibero-americano, o evento ser\u00e1 nos dias 19, 22, 23 e 24 e promover\u00e1 o turismo na regi\u00e3o e compartilhando informa\u00e7\u00f5es relevantes sobre Bras\u00edlia com o p\u00fablico local e internacional. O projeto \u00e9 uma iniciativa da organiza\u00e7\u00e3o da sociedade civil (OSC) Instituto Evolui.<\/p>\n<p>\u201cAo celebrar o Dia do Artes\u00e3o, Bras\u00edlia reafirma o compromisso com a valoriza\u00e7\u00e3o da cultura local e o incentivo aos profissionais que mant\u00eam viva a tradi\u00e7\u00e3o do artesanato brasileiro. O evento n\u00e3o apenas homenageia os artes\u00e3os, mas tamb\u00e9m destaca o potencial tur\u00edstico da capital, oferecendo uma experi\u00eancia \u00fanica para os visitantes e contribuindo para o desenvolvimento econ\u00f4mico e cultural da regi\u00e3o\u201d, declara Ocimar Di\u00f3genes, presidente do Instituto Evolui.<\/p>\n<p>A programa\u00e7\u00e3o do evento inclui uma feira de artes\u00e3os locais, shows de Teresa Lopes, Dhi Ribeiro, O Gabba e a Banda Encosta N\u2019Eu; e apresenta\u00e7\u00f5es teatrais com Mamulengo Fuzu\u00ea, M\u00e1gico Tio Andr\u00e9, Neia e Nando. As crian\u00e7as ainda ter\u00e3o um espa\u00e7o com brinquedos infl\u00e1veis, proporcionando divers\u00e3o para toda a fam\u00edlia.<\/p>\n<p>\u201cA capital, conhecida pela arquitetura modernista e futurista, ganha destaque n\u00e3o apenas pelos pr\u00e9dios ic\u00f4nicos, mas tamb\u00e9m pela rica cultura, expressa de forma marcante pelo artesanato. Esse tipo de arte n\u00e3o s\u00f3 fortalece a identidade local, mas tamb\u00e9m desempenha um papel fundamental na economia, atraindo turistas e impulsionando o turismo criativo\u201d, afirma o secret\u00e1rio de Turismo, Cristiano Ara\u00fajo.<\/p>\n","protected":false},"excerpt":{"rendered":"<p>Bras\u00edlia se prepara para homenagear os artes\u00e3os brasileiros em grande estilo. No dia 19, data dedicada aos mestres das artes manuais, a cidade receber\u00e1 uma programa\u00e7\u00e3o especial, organizada com apoio da Secretaria de Turismo do Distrito Federal (Setur-DF). Na \u00e1rea externa do Eixo Cultural Ibero-americano, o evento ser\u00e1 nos dias 19, 22, 23 e 24 [&hellip;]<\/p>\n","protected":false},"author":2,"featured_media":324805,"comment_status":"closed","ping_status":"closed","sticky":false,"template":"","format":"standard","meta":{"_acf_changed":false,"footnotes":""},"categories":[161],"tags":[],"class_list":["post-324804","post","type-post","status-publish","format-standard","has-post-thumbnail","hentry","category-quadradinho-em-foco"],"acf":[],"yoast_head":"<!-- This site is optimized with the Yoast SEO plugin v27.2 - https:\/\/yoast.com\/product\/yoast-seo-wordpress\/ -->\n<title>Dia do Artes\u00e3o ser\u00e1 comemorado com evento tur\u00edstico - Notibras<\/title>\n<meta name=\"robots\" content=\"index, follow, max-snippet:-1, max-image-preview:large, max-video-preview:-1\" \/>\n<link rel=\"canonical\" href=\"https:\/\/www.notibras.com\/site\/dia-do-artesao-sera-comemorado-com-evento-turistico\/\" \/>\n<meta property=\"og:locale\" content=\"pt_BR\" \/>\n<meta property=\"og:type\" content=\"article\" \/>\n<meta property=\"og:title\" content=\"Dia do Artes\u00e3o ser\u00e1 comemorado com evento tur\u00edstico - Notibras\" \/>\n<meta property=\"og:description\" content=\"Bras\u00edlia se prepara para homenagear os artes\u00e3os brasileiros em grande estilo. No dia 19, data dedicada aos mestres das artes manuais, a cidade receber\u00e1 uma programa\u00e7\u00e3o especial, organizada com apoio da Secretaria de Turismo do Distrito Federal (Setur-DF). Na \u00e1rea externa do Eixo Cultural Ibero-americano, o evento ser\u00e1 nos dias 19, 22, 23 e 24 [&hellip;]\" \/>\n<meta property=\"og:url\" content=\"https:\/\/www.notibras.com\/site\/dia-do-artesao-sera-comemorado-com-evento-turistico\/\" \/>\n<meta property=\"og:site_name\" content=\"Notibras\" \/>\n<meta property=\"article:publisher\" content=\"https:\/\/www.facebook.com\/notibras\/\" \/>\n<meta property=\"article:published_time\" content=\"2024-03-17T03:02:49+00:00\" \/>\n<meta property=\"article:modified_time\" content=\"2024-03-17T07:16:40+00:00\" \/>\n<meta property=\"og:image\" content=\"https:\/\/www.notibras.com\/site\/wp-content\/uploads\/2024\/03\/WhatsApp-Image-2024-03-15-at-14.42.18-1536x1023-1.jpeg\" \/>\n\t<meta property=\"og:image:width\" content=\"1536\" \/>\n\t<meta property=\"og:image:height\" content=\"1023\" \/>\n\t<meta property=\"og:image:type\" content=\"image\/jpeg\" \/>\n<meta name=\"author\" content=\"Reda\u00e7\u00e3o\" \/>\n<meta name=\"twitter:card\" content=\"summary_large_image\" \/>\n<meta name=\"twitter:creator\" content=\"@Notibras\" \/>\n<meta name=\"twitter:site\" content=\"@Notibras\" \/>\n<meta name=\"twitter:label1\" content=\"Escrito por\" \/>\n\t<meta name=\"twitter:data1\" content=\"Reda\u00e7\u00e3o\" \/>\n\t<meta name=\"twitter:label2\" content=\"Est. tempo de leitura\" \/>\n\t<meta name=\"twitter:data2\" content=\"2 minutos\" \/>\n<script type=\"application\/ld+json\" class=\"yoast-schema-graph\">{\"@context\":\"https:\/\/schema.org\",\"@graph\":[{\"@type\":\"Article\",\"@id\":\"https:\/\/www.notibras.com\/site\/dia-do-artesao-sera-comemorado-com-evento-turistico\/#article\",\"isPartOf\":{\"@id\":\"https:\/\/www.notibras.com\/site\/dia-do-artesao-sera-comemorado-com-evento-turistico\/\"},\"author\":{\"name\":\"Reda\u00e7\u00e3o\",\"@id\":\"https:\/\/www.notibras.com\/site\/#\/schema\/person\/36ab0979449956132d3e5b517ea76ac8\"},\"headline\":\"Dia do Artes\u00e3o ser\u00e1 comemorado com evento tur\u00edstico\",\"datePublished\":\"2024-03-17T03:02:49+00:00\",\"dateModified\":\"2024-03-17T07:16:40+00:00\",\"mainEntityOfPage\":{\"@id\":\"https:\/\/www.notibras.com\/site\/dia-do-artesao-sera-comemorado-com-evento-turistico\/\"},\"wordCount\":306,\"publisher\":{\"@id\":\"https:\/\/www.notibras.com\/site\/#organization\"},\"image\":{\"@id\":\"https:\/\/www.notibras.com\/site\/dia-do-artesao-sera-comemorado-com-evento-turistico\/#primaryimage\"},\"thumbnailUrl\":\"https:\/\/www.notibras.com\/site\/wp-content\/uploads\/2024\/03\/WhatsApp-Image-2024-03-15-at-14.42.18-1536x1023-1.jpeg\",\"articleSection\":[\"Quadradinho em Foco\"],\"inLanguage\":\"pt-BR\"},{\"@type\":\"WebPage\",\"@id\":\"https:\/\/www.notibras.com\/site\/dia-do-artesao-sera-comemorado-com-evento-turistico\/\",\"url\":\"https:\/\/www.notibras.com\/site\/dia-do-artesao-sera-comemorado-com-evento-turistico\/\",\"name\":\"Dia do Artes\u00e3o ser\u00e1 comemorado com evento tur\u00edstico - Notibras\",\"isPartOf\":{\"@id\":\"https:\/\/www.notibras.com\/site\/#website\"},\"primaryImageOfPage\":{\"@id\":\"https:\/\/www.notibras.com\/site\/dia-do-artesao-sera-comemorado-com-evento-turistico\/#primaryimage\"},\"image\":{\"@id\":\"https:\/\/www.notibras.com\/site\/dia-do-artesao-sera-comemorado-com-evento-turistico\/#primaryimage\"},\"thumbnailUrl\":\"https:\/\/www.notibras.com\/site\/wp-content\/uploads\/2024\/03\/WhatsApp-Image-2024-03-15-at-14.42.18-1536x1023-1.jpeg\",\"datePublished\":\"2024-03-17T03:02:49+00:00\",\"dateModified\":\"2024-03-17T07:16:40+00:00\",\"breadcrumb\":{\"@id\":\"https:\/\/www.notibras.com\/site\/dia-do-artesao-sera-comemorado-com-evento-turistico\/#breadcrumb\"},\"inLanguage\":\"pt-BR\",\"potentialAction\":[{\"@type\":\"ReadAction\",\"target\":[\"https:\/\/www.notibras.com\/site\/dia-do-artesao-sera-comemorado-com-evento-turistico\/\"]}]},{\"@type\":\"ImageObject\",\"inLanguage\":\"pt-BR\",\"@id\":\"https:\/\/www.notibras.com\/site\/dia-do-artesao-sera-comemorado-com-evento-turistico\/#primaryimage\",\"url\":\"https:\/\/www.notibras.com\/site\/wp-content\/uploads\/2024\/03\/WhatsApp-Image-2024-03-15-at-14.42.18-1536x1023-1.jpeg\",\"contentUrl\":\"https:\/\/www.notibras.com\/site\/wp-content\/uploads\/2024\/03\/WhatsApp-Image-2024-03-15-at-14.42.18-1536x1023-1.jpeg\",\"width\":1536,\"height\":1023},{\"@type\":\"BreadcrumbList\",\"@id\":\"https:\/\/www.notibras.com\/site\/dia-do-artesao-sera-comemorado-com-evento-turistico\/#breadcrumb\",\"itemListElement\":[{\"@type\":\"ListItem\",\"position\":1,\"name\":\"In\u00edcio\",\"item\":\"https:\/\/www.notibras.com\/site\/\"},{\"@type\":\"ListItem\",\"position\":2,\"name\":\"Dia do Artes\u00e3o ser\u00e1 comemorado com evento tur\u00edstico\"}]},{\"@type\":\"WebSite\",\"@id\":\"https:\/\/www.notibras.com\/site\/#website\",\"url\":\"https:\/\/www.notibras.com\/site\/\",\"name\":\"Notibras\",\"description\":\"Not\u00edcias de Bras\u00edlia, do Brasil e do Mundo\",\"publisher\":{\"@id\":\"https:\/\/www.notibras.com\/site\/#organization\"},\"potentialAction\":[{\"@type\":\"SearchAction\",\"target\":{\"@type\":\"EntryPoint\",\"urlTemplate\":\"https:\/\/www.notibras.com\/site\/?s={search_term_string}\"},\"query-input\":{\"@type\":\"PropertyValueSpecification\",\"valueRequired\":true,\"valueName\":\"search_term_string\"}}],\"inLanguage\":\"pt-BR\"},{\"@type\":\"Organization\",\"@id\":\"https:\/\/www.notibras.com\/site\/#organization\",\"name\":\"Grupo Notibras de Comunica\u00e7\u00e3o\",\"url\":\"https:\/\/www.notibras.com\/site\/\",\"logo\":{\"@type\":\"ImageObject\",\"inLanguage\":\"pt-BR\",\"@id\":\"https:\/\/www.notibras.com\/site\/#\/schema\/logo\/image\/\",\"url\":\"https:\/\/www.notibras.com\/site\/wp-content\/uploads\/2023\/01\/notibras23.png\",\"contentUrl\":\"https:\/\/www.notibras.com\/site\/wp-content\/uploads\/2023\/01\/notibras23.png\",\"width\":350,\"height\":87,\"caption\":\"Grupo Notibras de Comunica\u00e7\u00e3o\"},\"image\":{\"@id\":\"https:\/\/www.notibras.com\/site\/#\/schema\/logo\/image\/\"},\"sameAs\":[\"https:\/\/www.facebook.com\/notibras\/\",\"https:\/\/x.com\/Notibras\",\"https:\/\/www.instagram.com\/notibras\/\"]},{\"@type\":\"Person\",\"@id\":\"https:\/\/www.notibras.com\/site\/#\/schema\/person\/36ab0979449956132d3e5b517ea76ac8\",\"name\":\"Reda\u00e7\u00e3o\",\"image\":{\"@type\":\"ImageObject\",\"inLanguage\":\"pt-BR\",\"@id\":\"https:\/\/secure.gravatar.com\/avatar\/e0a867bdedb85fd243eadf09663511f96fc81e0720a4a42581f334ad4303aa6b?s=96&d=mm&r=g\",\"url\":\"https:\/\/secure.gravatar.com\/avatar\/e0a867bdedb85fd243eadf09663511f96fc81e0720a4a42581f334ad4303aa6b?s=96&d=mm&r=g\",\"contentUrl\":\"https:\/\/secure.gravatar.com\/avatar\/e0a867bdedb85fd243eadf09663511f96fc81e0720a4a42581f334ad4303aa6b?s=96&d=mm&r=g\",\"caption\":\"Reda\u00e7\u00e3o\"}}]}<\/script>\n<!-- \/ Yoast SEO plugin. -->","yoast_head_json":{"title":"Dia do Artes\u00e3o ser\u00e1 comemorado com evento tur\u00edstico - Notibras","robots":{"index":"index","follow":"follow","max-snippet":"max-snippet:-1","max-image-preview":"max-image-preview:large","max-video-preview":"max-video-preview:-1"},"canonical":"https:\/\/www.notibras.com\/site\/dia-do-artesao-sera-comemorado-com-evento-turistico\/","og_locale":"pt_BR","og_type":"article","og_title":"Dia do Artes\u00e3o ser\u00e1 comemorado com evento tur\u00edstico - Notibras","og_description":"Bras\u00edlia se prepara para homenagear os artes\u00e3os brasileiros em grande estilo. No dia 19, data dedicada aos mestres das artes manuais, a cidade receber\u00e1 uma programa\u00e7\u00e3o especial, organizada com apoio da Secretaria de Turismo do Distrito Federal (Setur-DF). Na \u00e1rea externa do Eixo Cultural Ibero-americano, o evento ser\u00e1 nos dias 19, 22, 23 e 24 [&hellip;]","og_url":"https:\/\/www.notibras.com\/site\/dia-do-artesao-sera-comemorado-com-evento-turistico\/","og_site_name":"Notibras","article_publisher":"https:\/\/www.facebook.com\/notibras\/","article_published_time":"2024-03-17T03:02:49+00:00","article_modified_time":"2024-03-17T07:16:40+00:00","og_image":[{"width":1536,"height":1023,"url":"https:\/\/www.notibras.com\/site\/wp-content\/uploads\/2024\/03\/WhatsApp-Image-2024-03-15-at-14.42.18-1536x1023-1.jpeg","type":"image\/jpeg"}],"author":"Reda\u00e7\u00e3o","twitter_card":"summary_large_image","twitter_creator":"@Notibras","twitter_site":"@Notibras","twitter_misc":{"Escrito por":"Reda\u00e7\u00e3o","Est. tempo de leitura":"2 minutos"},"schema":{"@context":"https:\/\/schema.org","@graph":[{"@type":"Article","@id":"https:\/\/www.notibras.com\/site\/dia-do-artesao-sera-comemorado-com-evento-turistico\/#article","isPartOf":{"@id":"https:\/\/www.notibras.com\/site\/dia-do-artesao-sera-comemorado-com-evento-turistico\/"},"author":{"name":"Reda\u00e7\u00e3o","@id":"https:\/\/www.notibras.com\/site\/#\/schema\/person\/36ab0979449956132d3e5b517ea76ac8"},"headline":"Dia do Artes\u00e3o ser\u00e1 comemorado com evento tur\u00edstico","datePublished":"2024-03-17T03:02:49+00:00","dateModified":"2024-03-17T07:16:40+00:00","mainEntityOfPage":{"@id":"https:\/\/www.notibras.com\/site\/dia-do-artesao-sera-comemorado-com-evento-turistico\/"},"wordCount":306,"publisher":{"@id":"https:\/\/www.notibras.com\/site\/#organization"},"image":{"@id":"https:\/\/www.notibras.com\/site\/dia-do-artesao-sera-comemorado-com-evento-turistico\/#primaryimage"},"thumbnailUrl":"https:\/\/www.notibras.com\/site\/wp-content\/uploads\/2024\/03\/WhatsApp-Image-2024-03-15-at-14.42.18-1536x1023-1.jpeg","articleSection":["Quadradinho em Foco"],"inLanguage":"pt-BR"},{"@type":"WebPage","@id":"https:\/\/www.notibras.com\/site\/dia-do-artesao-sera-comemorado-com-evento-turistico\/","url":"https:\/\/www.notibras.com\/site\/dia-do-artesao-sera-comemorado-com-evento-turistico\/","name":"Dia do Artes\u00e3o ser\u00e1 comemorado com evento tur\u00edstico - Notibras","isPartOf":{"@id":"https:\/\/www.notibras.com\/site\/#website"},"primaryImageOfPage":{"@id":"https:\/\/www.notibras.com\/site\/dia-do-artesao-sera-comemorado-com-evento-turistico\/#primaryimage"},"image":{"@id":"https:\/\/www.notibras.com\/site\/dia-do-artesao-sera-comemorado-com-evento-turistico\/#primaryimage"},"thumbnailUrl":"https:\/\/www.notibras.com\/site\/wp-content\/uploads\/2024\/03\/WhatsApp-Image-2024-03-15-at-14.42.18-1536x1023-1.jpeg","datePublished":"2024-03-17T03:02:49+00:00","dateModified":"2024-03-17T07:16:40+00:00","breadcrumb":{"@id":"https:\/\/www.notibras.com\/site\/dia-do-artesao-sera-comemorado-com-evento-turistico\/#breadcrumb"},"inLanguage":"pt-BR","potentialAction":[{"@type":"ReadAction","target":["https:\/\/www.notibras.com\/site\/dia-do-artesao-sera-comemorado-com-evento-turistico\/"]}]},{"@type":"ImageObject","inLanguage":"pt-BR","@id":"https:\/\/www.notibras.com\/site\/dia-do-artesao-sera-comemorado-com-evento-turistico\/#primaryimage","url":"https:\/\/www.notibras.com\/site\/wp-content\/uploads\/2024\/03\/WhatsApp-Image-2024-03-15-at-14.42.18-1536x1023-1.jpeg","contentUrl":"https:\/\/www.notibras.com\/site\/wp-content\/uploads\/2024\/03\/WhatsApp-Image-2024-03-15-at-14.42.18-1536x1023-1.jpeg","width":1536,"height":1023},{"@type":"BreadcrumbList","@id":"https:\/\/www.notibras.com\/site\/dia-do-artesao-sera-comemorado-com-evento-turistico\/#breadcrumb","itemListElement":[{"@type":"ListItem","position":1,"name":"In\u00edcio","item":"https:\/\/www.notibras.com\/site\/"},{"@type":"ListItem","position":2,"name":"Dia do Artes\u00e3o ser\u00e1 comemorado com evento tur\u00edstico"}]},{"@type":"WebSite","@id":"https:\/\/www.notibras.com\/site\/#website","url":"https:\/\/www.notibras.com\/site\/","name":"Notibras","description":"Not\u00edcias de Bras\u00edlia, do Brasil e do Mundo","publisher":{"@id":"https:\/\/www.notibras.com\/site\/#organization"},"potentialAction":[{"@type":"SearchAction","target":{"@type":"EntryPoint","urlTemplate":"https:\/\/www.notibras.com\/site\/?s={search_term_string}"},"query-input":{"@type":"PropertyValueSpecification","valueRequired":true,"valueName":"search_term_string"}}],"inLanguage":"pt-BR"},{"@type":"Organization","@id":"https:\/\/www.notibras.com\/site\/#organization","name":"Grupo Notibras de Comunica\u00e7\u00e3o","url":"https:\/\/www.notibras.com\/site\/","logo":{"@type":"ImageObject","inLanguage":"pt-BR","@id":"https:\/\/www.notibras.com\/site\/#\/schema\/logo\/image\/","url":"https:\/\/www.notibras.com\/site\/wp-content\/uploads\/2023\/01\/notibras23.png","contentUrl":"https:\/\/www.notibras.com\/site\/wp-content\/uploads\/2023\/01\/notibras23.png","width":350,"height":87,"caption":"Grupo Notibras de Comunica\u00e7\u00e3o"},"image":{"@id":"https:\/\/www.notibras.com\/site\/#\/schema\/logo\/image\/"},"sameAs":["https:\/\/www.facebook.com\/notibras\/","https:\/\/x.com\/Notibras","https:\/\/www.instagram.com\/notibras\/"]},{"@type":"Person","@id":"https:\/\/www.notibras.com\/site\/#\/schema\/person\/36ab0979449956132d3e5b517ea76ac8","name":"Reda\u00e7\u00e3o","image":{"@type":"ImageObject","inLanguage":"pt-BR","@id":"https:\/\/secure.gravatar.com\/avatar\/e0a867bdedb85fd243eadf09663511f96fc81e0720a4a42581f334ad4303aa6b?s=96&d=mm&r=g","url":"https:\/\/secure.gravatar.com\/avatar\/e0a867bdedb85fd243eadf09663511f96fc81e0720a4a42581f334ad4303aa6b?s=96&d=mm&r=g","contentUrl":"https:\/\/secure.gravatar.com\/avatar\/e0a867bdedb85fd243eadf09663511f96fc81e0720a4a42581f334ad4303aa6b?s=96&d=mm&r=g","caption":"Reda\u00e7\u00e3o"}}]}},"amp_enabled":true,"_links":{"self":[{"href":"https:\/\/www.notibras.com\/site\/wp-json\/wp\/v2\/posts\/324804","targetHints":{"allow":["GET"]}}],"collection":[{"href":"https:\/\/www.notibras.com\/site\/wp-json\/wp\/v2\/posts"}],"about":[{"href":"https:\/\/www.notibras.com\/site\/wp-json\/wp\/v2\/types\/post"}],"author":[{"embeddable":true,"href":"https:\/\/www.notibras.com\/site\/wp-json\/wp\/v2\/users\/2"}],"replies":[{"embeddable":true,"href":"https:\/\/www.notibras.com\/site\/wp-json\/wp\/v2\/comments?post=324804"}],"version-history":[{"count":1,"href":"https:\/\/www.notibras.com\/site\/wp-json\/wp\/v2\/posts\/324804\/revisions"}],"predecessor-version":[{"id":324806,"href":"https:\/\/www.notibras.com\/site\/wp-json\/wp\/v2\/posts\/324804\/revisions\/324806"}],"wp:featuredmedia":[{"embeddable":true,"href":"https:\/\/www.notibras.com\/site\/wp-json\/wp\/v2\/media\/324805"}],"wp:attachment":[{"href":"https:\/\/www.notibras.com\/site\/wp-json\/wp\/v2\/media?parent=324804"}],"wp:term":[{"taxonomy":"category","embeddable":true,"href":"https:\/\/www.notibras.com\/site\/wp-json\/wp\/v2\/categories?post=324804"},{"taxonomy":"post_tag","embeddable":true,"href":"https:\/\/www.notibras.com\/site\/wp-json\/wp\/v2\/tags?post=324804"}],"curies":[{"name":"wp","href":"https:\/\/api.w.org\/{rel}","templated":true}]}}