{"id":324807,"date":"2024-03-17T00:00:29","date_gmt":"2024-03-17T03:00:29","guid":{"rendered":"https:\/\/www.notibras.com\/site\/?p=324807"},"modified":"2024-03-17T04:25:45","modified_gmt":"2024-03-17T07:25:45","slug":"linhas-de-onibus-para-a-asa-norte-terao-trajeto-alterado","status":"publish","type":"post","link":"https:\/\/www.notibras.com\/site\/linhas-de-onibus-para-a-asa-norte-terao-trajeto-alterado\/","title":{"rendered":"Linhas de \u00f4nibus para a Asa Norte ter\u00e3o trajeto alterado"},"content":{"rendered":"<p>As linhas de \u00f4nibus 0.168 e 0.169, que v\u00e3o do Cruzeiro e do Sudoeste para a Asa Norte (pelas vias W3 e L2, respectivamente), ter\u00e3o mudan\u00e7as de trajeto e reprograma\u00e7\u00e3o de hor\u00e1rios a partir desta segunda-feira (18). O objetivo das interven\u00e7\u00f5es da Secretaria de Transporte e Mobilidade (Semob-DF) \u00e9 otimizar o servi\u00e7o, com melhor aproveitamento da frota.<\/p>\n<p>As mudan\u00e7as consistem em tornar as linhas 0.168 e 0.169 em bin\u00e1rias (quando h\u00e1 dois trajetos paralelos com sentidos opostos), alterando os percursos de volta de ambas.<\/p>\n<p>\u201cCom esta nova opera\u00e7\u00e3o, vamos otimizar o uso da frota com a cria\u00e7\u00e3o de mais um atendimento, que \u00e9 a liga\u00e7\u00e3o da W3 Norte com a UnB, utilizando os \u00f4nibus que operam atualmente\u201d, explica o secret\u00e1rio de Transporte e Mobilidade, Zeno Gon\u00e7alves.<\/p>\n<p>A 0.168 \u2013 que, atualmente, vai at\u00e9 o final da L2 (via Universidade de Bras\u00edlia) \u2013 retornar\u00e1 para o Cruzeiro e para o Sudoeste pela W3 Norte. J\u00e1 a 0.169 \u2013 cujo trajeto atual chega at\u00e9 o final da W3 Norte \u2013 voltar\u00e1 para as regi\u00f5es de origem pela L2 (via UnB).<\/p>\n<p>Dessa forma, no sentido volta (Plano Piloto\u2013Sudoeste\/Cruzeiro), os passageiros que est\u00e3o na W3 Norte devem embarcar na 0.168, enquanto aqueles usu\u00e1rios da L2 Norte (via UnB) t\u00eam que acessar a 0.169.<\/p>\n<p>Por sua vez, os percursos de ida (sentido Asa Norte) dessas duas linhas permanecem os mesmos.<\/p>\n<p>Por conta dessas interven\u00e7\u00f5es, a Semob vai fazer o desmembramento da linha 169.1 (Cruzeiro\/Sudoeste\/W3 Norte), que passa a funcionar unicamente aos s\u00e1bados, fazendo o atendimento somente na W3 Norte, com os mesmos hor\u00e1rios e itiner\u00e1rio atuais da 0.169.<\/p>\n<p><strong>Servi\u00e7o<\/strong><br \/>\n\u21d2 Novos itiner\u00e1rios<br \/>\nLinha 0.168 \u2013 Cruzeiro\/Sudoeste\/L2 Norte (UnB)\/W3 Norte<br \/>\nLinha 0.169 \u2013 Cruzeiro\/Sudoeste\/W3 Norte\/L2 Norte (UnB)<\/p>\n<p>\u21d2 Novos hor\u00e1rios<br \/>\nLinha 0.168 \u2013 Cruzeiro\/Sudoeste\/L2 Norte (UnB)\/W3 Norte<br \/>\nSaindo do Terminal do Cruzeiro: 6h12, 6h36, 7h, 7h30, 8h12, 8h54, 9h36, 10h18, 11h, 11h42, 12h24, 13h06, 13h48, 14h30, 15h12, 15h54, 16h36, 17h18, 18h, 19h24, 20h48 e 22h20.<\/p>\n<p>Linha 0.169 \u2013 Cruzeiro\/Sudoeste\/W3 Norte\/L2 Norte (UnB)<br \/>\nSaindo do Terminal do Cruzeiro: 6h, 6h24, 6h18, 7h12, 7h51, 8h33, 9h15, 9h57, 10h39, 11h21, 12h03, 12h45, 13h27, 14h09, 14h51, 15h33, 16h15, 17h39, 18h42, 20h06 e 21h30.<\/p>\n","protected":false},"excerpt":{"rendered":"<p>As linhas de \u00f4nibus 0.168 e 0.169, que v\u00e3o do Cruzeiro e do Sudoeste para a Asa Norte (pelas vias W3 e L2, respectivamente), ter\u00e3o mudan\u00e7as de trajeto e reprograma\u00e7\u00e3o de hor\u00e1rios a partir desta segunda-feira (18). O objetivo das interven\u00e7\u00f5es da Secretaria de Transporte e Mobilidade (Semob-DF) \u00e9 otimizar o servi\u00e7o, com melhor aproveitamento [&hellip;]<\/p>\n","protected":false},"author":2,"featured_media":324808,"comment_status":"closed","ping_status":"closed","sticky":false,"template":"","format":"standard","meta":{"_acf_changed":false,"footnotes":""},"categories":[161],"tags":[],"class_list":["post-324807","post","type-post","status-publish","format-standard","has-post-thumbnail","hentry","category-quadradinho-em-foco"],"acf":[],"yoast_head":"<!-- This site is optimized with the Yoast SEO plugin v27.2 - https:\/\/yoast.com\/product\/yoast-seo-wordpress\/ -->\n<title>Linhas de \u00f4nibus para a Asa Norte ter\u00e3o trajeto alterado - Notibras<\/title>\n<meta name=\"robots\" content=\"index, follow, max-snippet:-1, max-image-preview:large, max-video-preview:-1\" \/>\n<link rel=\"canonical\" href=\"https:\/\/www.notibras.com\/site\/linhas-de-onibus-para-a-asa-norte-terao-trajeto-alterado\/\" \/>\n<meta property=\"og:locale\" content=\"pt_BR\" \/>\n<meta property=\"og:type\" content=\"article\" \/>\n<meta property=\"og:title\" content=\"Linhas de \u00f4nibus para a Asa Norte ter\u00e3o trajeto alterado - Notibras\" \/>\n<meta property=\"og:description\" content=\"As linhas de \u00f4nibus 0.168 e 0.169, que v\u00e3o do Cruzeiro e do Sudoeste para a Asa Norte (pelas vias W3 e L2, respectivamente), ter\u00e3o mudan\u00e7as de trajeto e reprograma\u00e7\u00e3o de hor\u00e1rios a partir desta segunda-feira (18). O objetivo das interven\u00e7\u00f5es da Secretaria de Transporte e Mobilidade (Semob-DF) \u00e9 otimizar o servi\u00e7o, com melhor aproveitamento [&hellip;]\" \/>\n<meta property=\"og:url\" content=\"https:\/\/www.notibras.com\/site\/linhas-de-onibus-para-a-asa-norte-terao-trajeto-alterado\/\" \/>\n<meta property=\"og:site_name\" content=\"Notibras\" \/>\n<meta property=\"article:publisher\" content=\"https:\/\/www.facebook.com\/notibras\/\" \/>\n<meta property=\"article:published_time\" content=\"2024-03-17T03:00:29+00:00\" \/>\n<meta property=\"article:modified_time\" content=\"2024-03-17T07:25:45+00:00\" \/>\n<meta property=\"og:image\" content=\"https:\/\/www.notibras.com\/site\/wp-content\/uploads\/2024\/03\/7dbabd72-a08c-4719-9f72-414181f0a898.jpg\" \/>\n\t<meta property=\"og:image:width\" content=\"1080\" \/>\n\t<meta property=\"og:image:height\" content=\"1080\" \/>\n\t<meta property=\"og:image:type\" content=\"image\/jpeg\" \/>\n<meta name=\"author\" content=\"Reda\u00e7\u00e3o\" \/>\n<meta name=\"twitter:card\" content=\"summary_large_image\" \/>\n<meta name=\"twitter:creator\" content=\"@Notibras\" \/>\n<meta name=\"twitter:site\" content=\"@Notibras\" \/>\n<meta name=\"twitter:label1\" content=\"Escrito por\" \/>\n\t<meta name=\"twitter:data1\" content=\"Reda\u00e7\u00e3o\" \/>\n\t<meta name=\"twitter:label2\" content=\"Est. tempo de leitura\" \/>\n\t<meta name=\"twitter:data2\" content=\"3 minutos\" \/>\n<script type=\"application\/ld+json\" class=\"yoast-schema-graph\">{\"@context\":\"https:\/\/schema.org\",\"@graph\":[{\"@type\":\"Article\",\"@id\":\"https:\/\/www.notibras.com\/site\/linhas-de-onibus-para-a-asa-norte-terao-trajeto-alterado\/#article\",\"isPartOf\":{\"@id\":\"https:\/\/www.notibras.com\/site\/linhas-de-onibus-para-a-asa-norte-terao-trajeto-alterado\/\"},\"author\":{\"name\":\"Reda\u00e7\u00e3o\",\"@id\":\"https:\/\/www.notibras.com\/site\/#\/schema\/person\/36ab0979449956132d3e5b517ea76ac8\"},\"headline\":\"Linhas de \u00f4nibus para a Asa Norte ter\u00e3o trajeto alterado\",\"datePublished\":\"2024-03-17T03:00:29+00:00\",\"dateModified\":\"2024-03-17T07:25:45+00:00\",\"mainEntityOfPage\":{\"@id\":\"https:\/\/www.notibras.com\/site\/linhas-de-onibus-para-a-asa-norte-terao-trajeto-alterado\/\"},\"wordCount\":379,\"publisher\":{\"@id\":\"https:\/\/www.notibras.com\/site\/#organization\"},\"image\":{\"@id\":\"https:\/\/www.notibras.com\/site\/linhas-de-onibus-para-a-asa-norte-terao-trajeto-alterado\/#primaryimage\"},\"thumbnailUrl\":\"https:\/\/www.notibras.com\/site\/wp-content\/uploads\/2024\/03\/7dbabd72-a08c-4719-9f72-414181f0a898.jpg\",\"articleSection\":[\"Quadradinho em Foco\"],\"inLanguage\":\"pt-BR\"},{\"@type\":\"WebPage\",\"@id\":\"https:\/\/www.notibras.com\/site\/linhas-de-onibus-para-a-asa-norte-terao-trajeto-alterado\/\",\"url\":\"https:\/\/www.notibras.com\/site\/linhas-de-onibus-para-a-asa-norte-terao-trajeto-alterado\/\",\"name\":\"Linhas de \u00f4nibus para a Asa Norte ter\u00e3o trajeto alterado - Notibras\",\"isPartOf\":{\"@id\":\"https:\/\/www.notibras.com\/site\/#website\"},\"primaryImageOfPage\":{\"@id\":\"https:\/\/www.notibras.com\/site\/linhas-de-onibus-para-a-asa-norte-terao-trajeto-alterado\/#primaryimage\"},\"image\":{\"@id\":\"https:\/\/www.notibras.com\/site\/linhas-de-onibus-para-a-asa-norte-terao-trajeto-alterado\/#primaryimage\"},\"thumbnailUrl\":\"https:\/\/www.notibras.com\/site\/wp-content\/uploads\/2024\/03\/7dbabd72-a08c-4719-9f72-414181f0a898.jpg\",\"datePublished\":\"2024-03-17T03:00:29+00:00\",\"dateModified\":\"2024-03-17T07:25:45+00:00\",\"breadcrumb\":{\"@id\":\"https:\/\/www.notibras.com\/site\/linhas-de-onibus-para-a-asa-norte-terao-trajeto-alterado\/#breadcrumb\"},\"inLanguage\":\"pt-BR\",\"potentialAction\":[{\"@type\":\"ReadAction\",\"target\":[\"https:\/\/www.notibras.com\/site\/linhas-de-onibus-para-a-asa-norte-terao-trajeto-alterado\/\"]}]},{\"@type\":\"ImageObject\",\"inLanguage\":\"pt-BR\",\"@id\":\"https:\/\/www.notibras.com\/site\/linhas-de-onibus-para-a-asa-norte-terao-trajeto-alterado\/#primaryimage\",\"url\":\"https:\/\/www.notibras.com\/site\/wp-content\/uploads\/2024\/03\/7dbabd72-a08c-4719-9f72-414181f0a898.jpg\",\"contentUrl\":\"https:\/\/www.notibras.com\/site\/wp-content\/uploads\/2024\/03\/7dbabd72-a08c-4719-9f72-414181f0a898.jpg\",\"width\":1080,\"height\":1080},{\"@type\":\"BreadcrumbList\",\"@id\":\"https:\/\/www.notibras.com\/site\/linhas-de-onibus-para-a-asa-norte-terao-trajeto-alterado\/#breadcrumb\",\"itemListElement\":[{\"@type\":\"ListItem\",\"position\":1,\"name\":\"In\u00edcio\",\"item\":\"https:\/\/www.notibras.com\/site\/\"},{\"@type\":\"ListItem\",\"position\":2,\"name\":\"Linhas de \u00f4nibus para a Asa Norte ter\u00e3o trajeto alterado\"}]},{\"@type\":\"WebSite\",\"@id\":\"https:\/\/www.notibras.com\/site\/#website\",\"url\":\"https:\/\/www.notibras.com\/site\/\",\"name\":\"Notibras\",\"description\":\"Not\u00edcias de Bras\u00edlia, do Brasil e do Mundo\",\"publisher\":{\"@id\":\"https:\/\/www.notibras.com\/site\/#organization\"},\"potentialAction\":[{\"@type\":\"SearchAction\",\"target\":{\"@type\":\"EntryPoint\",\"urlTemplate\":\"https:\/\/www.notibras.com\/site\/?s={search_term_string}\"},\"query-input\":{\"@type\":\"PropertyValueSpecification\",\"valueRequired\":true,\"valueName\":\"search_term_string\"}}],\"inLanguage\":\"pt-BR\"},{\"@type\":\"Organization\",\"@id\":\"https:\/\/www.notibras.com\/site\/#organization\",\"name\":\"Grupo Notibras de Comunica\u00e7\u00e3o\",\"url\":\"https:\/\/www.notibras.com\/site\/\",\"logo\":{\"@type\":\"ImageObject\",\"inLanguage\":\"pt-BR\",\"@id\":\"https:\/\/www.notibras.com\/site\/#\/schema\/logo\/image\/\",\"url\":\"https:\/\/www.notibras.com\/site\/wp-content\/uploads\/2023\/01\/notibras23.png\",\"contentUrl\":\"https:\/\/www.notibras.com\/site\/wp-content\/uploads\/2023\/01\/notibras23.png\",\"width\":350,\"height\":87,\"caption\":\"Grupo Notibras de Comunica\u00e7\u00e3o\"},\"image\":{\"@id\":\"https:\/\/www.notibras.com\/site\/#\/schema\/logo\/image\/\"},\"sameAs\":[\"https:\/\/www.facebook.com\/notibras\/\",\"https:\/\/x.com\/Notibras\",\"https:\/\/www.instagram.com\/notibras\/\"]},{\"@type\":\"Person\",\"@id\":\"https:\/\/www.notibras.com\/site\/#\/schema\/person\/36ab0979449956132d3e5b517ea76ac8\",\"name\":\"Reda\u00e7\u00e3o\",\"image\":{\"@type\":\"ImageObject\",\"inLanguage\":\"pt-BR\",\"@id\":\"https:\/\/secure.gravatar.com\/avatar\/e0a867bdedb85fd243eadf09663511f96fc81e0720a4a42581f334ad4303aa6b?s=96&d=mm&r=g\",\"url\":\"https:\/\/secure.gravatar.com\/avatar\/e0a867bdedb85fd243eadf09663511f96fc81e0720a4a42581f334ad4303aa6b?s=96&d=mm&r=g\",\"contentUrl\":\"https:\/\/secure.gravatar.com\/avatar\/e0a867bdedb85fd243eadf09663511f96fc81e0720a4a42581f334ad4303aa6b?s=96&d=mm&r=g\",\"caption\":\"Reda\u00e7\u00e3o\"}}]}<\/script>\n<!-- \/ Yoast SEO plugin. -->","yoast_head_json":{"title":"Linhas de \u00f4nibus para a Asa Norte ter\u00e3o trajeto alterado - Notibras","robots":{"index":"index","follow":"follow","max-snippet":"max-snippet:-1","max-image-preview":"max-image-preview:large","max-video-preview":"max-video-preview:-1"},"canonical":"https:\/\/www.notibras.com\/site\/linhas-de-onibus-para-a-asa-norte-terao-trajeto-alterado\/","og_locale":"pt_BR","og_type":"article","og_title":"Linhas de \u00f4nibus para a Asa Norte ter\u00e3o trajeto alterado - Notibras","og_description":"As linhas de \u00f4nibus 0.168 e 0.169, que v\u00e3o do Cruzeiro e do Sudoeste para a Asa Norte (pelas vias W3 e L2, respectivamente), ter\u00e3o mudan\u00e7as de trajeto e reprograma\u00e7\u00e3o de hor\u00e1rios a partir desta segunda-feira (18). O objetivo das interven\u00e7\u00f5es da Secretaria de Transporte e Mobilidade (Semob-DF) \u00e9 otimizar o servi\u00e7o, com melhor aproveitamento [&hellip;]","og_url":"https:\/\/www.notibras.com\/site\/linhas-de-onibus-para-a-asa-norte-terao-trajeto-alterado\/","og_site_name":"Notibras","article_publisher":"https:\/\/www.facebook.com\/notibras\/","article_published_time":"2024-03-17T03:00:29+00:00","article_modified_time":"2024-03-17T07:25:45+00:00","og_image":[{"width":1080,"height":1080,"url":"https:\/\/www.notibras.com\/site\/wp-content\/uploads\/2024\/03\/7dbabd72-a08c-4719-9f72-414181f0a898.jpg","type":"image\/jpeg"}],"author":"Reda\u00e7\u00e3o","twitter_card":"summary_large_image","twitter_creator":"@Notibras","twitter_site":"@Notibras","twitter_misc":{"Escrito por":"Reda\u00e7\u00e3o","Est. tempo de leitura":"3 minutos"},"schema":{"@context":"https:\/\/schema.org","@graph":[{"@type":"Article","@id":"https:\/\/www.notibras.com\/site\/linhas-de-onibus-para-a-asa-norte-terao-trajeto-alterado\/#article","isPartOf":{"@id":"https:\/\/www.notibras.com\/site\/linhas-de-onibus-para-a-asa-norte-terao-trajeto-alterado\/"},"author":{"name":"Reda\u00e7\u00e3o","@id":"https:\/\/www.notibras.com\/site\/#\/schema\/person\/36ab0979449956132d3e5b517ea76ac8"},"headline":"Linhas de \u00f4nibus para a Asa Norte ter\u00e3o trajeto alterado","datePublished":"2024-03-17T03:00:29+00:00","dateModified":"2024-03-17T07:25:45+00:00","mainEntityOfPage":{"@id":"https:\/\/www.notibras.com\/site\/linhas-de-onibus-para-a-asa-norte-terao-trajeto-alterado\/"},"wordCount":379,"publisher":{"@id":"https:\/\/www.notibras.com\/site\/#organization"},"image":{"@id":"https:\/\/www.notibras.com\/site\/linhas-de-onibus-para-a-asa-norte-terao-trajeto-alterado\/#primaryimage"},"thumbnailUrl":"https:\/\/www.notibras.com\/site\/wp-content\/uploads\/2024\/03\/7dbabd72-a08c-4719-9f72-414181f0a898.jpg","articleSection":["Quadradinho em Foco"],"inLanguage":"pt-BR"},{"@type":"WebPage","@id":"https:\/\/www.notibras.com\/site\/linhas-de-onibus-para-a-asa-norte-terao-trajeto-alterado\/","url":"https:\/\/www.notibras.com\/site\/linhas-de-onibus-para-a-asa-norte-terao-trajeto-alterado\/","name":"Linhas de \u00f4nibus para a Asa Norte ter\u00e3o trajeto alterado - Notibras","isPartOf":{"@id":"https:\/\/www.notibras.com\/site\/#website"},"primaryImageOfPage":{"@id":"https:\/\/www.notibras.com\/site\/linhas-de-onibus-para-a-asa-norte-terao-trajeto-alterado\/#primaryimage"},"image":{"@id":"https:\/\/www.notibras.com\/site\/linhas-de-onibus-para-a-asa-norte-terao-trajeto-alterado\/#primaryimage"},"thumbnailUrl":"https:\/\/www.notibras.com\/site\/wp-content\/uploads\/2024\/03\/7dbabd72-a08c-4719-9f72-414181f0a898.jpg","datePublished":"2024-03-17T03:00:29+00:00","dateModified":"2024-03-17T07:25:45+00:00","breadcrumb":{"@id":"https:\/\/www.notibras.com\/site\/linhas-de-onibus-para-a-asa-norte-terao-trajeto-alterado\/#breadcrumb"},"inLanguage":"pt-BR","potentialAction":[{"@type":"ReadAction","target":["https:\/\/www.notibras.com\/site\/linhas-de-onibus-para-a-asa-norte-terao-trajeto-alterado\/"]}]},{"@type":"ImageObject","inLanguage":"pt-BR","@id":"https:\/\/www.notibras.com\/site\/linhas-de-onibus-para-a-asa-norte-terao-trajeto-alterado\/#primaryimage","url":"https:\/\/www.notibras.com\/site\/wp-content\/uploads\/2024\/03\/7dbabd72-a08c-4719-9f72-414181f0a898.jpg","contentUrl":"https:\/\/www.notibras.com\/site\/wp-content\/uploads\/2024\/03\/7dbabd72-a08c-4719-9f72-414181f0a898.jpg","width":1080,"height":1080},{"@type":"BreadcrumbList","@id":"https:\/\/www.notibras.com\/site\/linhas-de-onibus-para-a-asa-norte-terao-trajeto-alterado\/#breadcrumb","itemListElement":[{"@type":"ListItem","position":1,"name":"In\u00edcio","item":"https:\/\/www.notibras.com\/site\/"},{"@type":"ListItem","position":2,"name":"Linhas de \u00f4nibus para a Asa Norte ter\u00e3o trajeto alterado"}]},{"@type":"WebSite","@id":"https:\/\/www.notibras.com\/site\/#website","url":"https:\/\/www.notibras.com\/site\/","name":"Notibras","description":"Not\u00edcias de Bras\u00edlia, do Brasil e do Mundo","publisher":{"@id":"https:\/\/www.notibras.com\/site\/#organization"},"potentialAction":[{"@type":"SearchAction","target":{"@type":"EntryPoint","urlTemplate":"https:\/\/www.notibras.com\/site\/?s={search_term_string}"},"query-input":{"@type":"PropertyValueSpecification","valueRequired":true,"valueName":"search_term_string"}}],"inLanguage":"pt-BR"},{"@type":"Organization","@id":"https:\/\/www.notibras.com\/site\/#organization","name":"Grupo Notibras de Comunica\u00e7\u00e3o","url":"https:\/\/www.notibras.com\/site\/","logo":{"@type":"ImageObject","inLanguage":"pt-BR","@id":"https:\/\/www.notibras.com\/site\/#\/schema\/logo\/image\/","url":"https:\/\/www.notibras.com\/site\/wp-content\/uploads\/2023\/01\/notibras23.png","contentUrl":"https:\/\/www.notibras.com\/site\/wp-content\/uploads\/2023\/01\/notibras23.png","width":350,"height":87,"caption":"Grupo Notibras de Comunica\u00e7\u00e3o"},"image":{"@id":"https:\/\/www.notibras.com\/site\/#\/schema\/logo\/image\/"},"sameAs":["https:\/\/www.facebook.com\/notibras\/","https:\/\/x.com\/Notibras","https:\/\/www.instagram.com\/notibras\/"]},{"@type":"Person","@id":"https:\/\/www.notibras.com\/site\/#\/schema\/person\/36ab0979449956132d3e5b517ea76ac8","name":"Reda\u00e7\u00e3o","image":{"@type":"ImageObject","inLanguage":"pt-BR","@id":"https:\/\/secure.gravatar.com\/avatar\/e0a867bdedb85fd243eadf09663511f96fc81e0720a4a42581f334ad4303aa6b?s=96&d=mm&r=g","url":"https:\/\/secure.gravatar.com\/avatar\/e0a867bdedb85fd243eadf09663511f96fc81e0720a4a42581f334ad4303aa6b?s=96&d=mm&r=g","contentUrl":"https:\/\/secure.gravatar.com\/avatar\/e0a867bdedb85fd243eadf09663511f96fc81e0720a4a42581f334ad4303aa6b?s=96&d=mm&r=g","caption":"Reda\u00e7\u00e3o"}}]}},"amp_enabled":true,"_links":{"self":[{"href":"https:\/\/www.notibras.com\/site\/wp-json\/wp\/v2\/posts\/324807","targetHints":{"allow":["GET"]}}],"collection":[{"href":"https:\/\/www.notibras.com\/site\/wp-json\/wp\/v2\/posts"}],"about":[{"href":"https:\/\/www.notibras.com\/site\/wp-json\/wp\/v2\/types\/post"}],"author":[{"embeddable":true,"href":"https:\/\/www.notibras.com\/site\/wp-json\/wp\/v2\/users\/2"}],"replies":[{"embeddable":true,"href":"https:\/\/www.notibras.com\/site\/wp-json\/wp\/v2\/comments?post=324807"}],"version-history":[{"count":2,"href":"https:\/\/www.notibras.com\/site\/wp-json\/wp\/v2\/posts\/324807\/revisions"}],"predecessor-version":[{"id":324810,"href":"https:\/\/www.notibras.com\/site\/wp-json\/wp\/v2\/posts\/324807\/revisions\/324810"}],"wp:featuredmedia":[{"embeddable":true,"href":"https:\/\/www.notibras.com\/site\/wp-json\/wp\/v2\/media\/324808"}],"wp:attachment":[{"href":"https:\/\/www.notibras.com\/site\/wp-json\/wp\/v2\/media?parent=324807"}],"wp:term":[{"taxonomy":"category","embeddable":true,"href":"https:\/\/www.notibras.com\/site\/wp-json\/wp\/v2\/categories?post=324807"},{"taxonomy":"post_tag","embeddable":true,"href":"https:\/\/www.notibras.com\/site\/wp-json\/wp\/v2\/tags?post=324807"}],"curies":[{"name":"wp","href":"https:\/\/api.w.org\/{rel}","templated":true}]}}