{"id":324872,"date":"2024-03-18T05:33:11","date_gmt":"2024-03-18T08:33:11","guid":{"rendered":"https:\/\/www.notibras.com\/site\/?p=324872"},"modified":"2024-03-18T05:37:46","modified_gmt":"2024-03-18T08:37:46","slug":"inscricoes-para-dindim-do-fies-entram-na-reta-final","status":"publish","type":"post","link":"https:\/\/www.notibras.com\/site\/inscricoes-para-dindim-do-fies-entram-na-reta-final\/","title":{"rendered":"Inscri\u00e7\u00f5es para dindim do Fies entram na reta final"},"content":{"rendered":"<p>O Minist\u00e9rio da Educa\u00e7\u00e3o prorrogou o prazo de inscri\u00e7\u00e3o para o processo seletivo do Fies do primeiro semestre do ano para esta segunda-feira (18).<\/p>\n<p>O programa financia a gradua\u00e7\u00e3o de estudantes em institui\u00e7\u00f5es privadas de ensino superior.<\/p>\n<p>Os interessados em participar devem se inscrever at\u00e9 antes da meia noite da pr\u00f3xima segunda, pelo hor\u00e1rio de Bras\u00edlia, no Portal \u00danico de Acesso ao Ensino Superior.<\/p>\n<p>A prorroga\u00e7\u00e3o foi publicada sexta-feira (15), quando acabava do prazo de inscri\u00e7\u00f5es para o Fies.<\/p>\n<p>As demais datas do processo seletivo n\u00e3o foram alteradas. Ou seja, no dia 21 de mar\u00e7o, sai o resultado, e a complementa\u00e7\u00e3o da inscri\u00e7\u00e3o dos pr\u00e9-selecionados vai de 22 a 26 de mar\u00e7o.<\/p>\n<p>Participam desta edi\u00e7\u00e3o 1.260 institui\u00e7\u00f5es privadas de educa\u00e7\u00e3o\u202fsuperior que oferecem, por meio do programa, 67 mil vagas\u202fpara financiamento.<\/p>\n<p>Metade delas \u00e9 reservada para o\u202fFies\u202fSocial, que atende\u202fpessoas\u202fcom renda familiar de at\u00e9 meio\u202fsal\u00e1rio m\u00ednimo\u202finscritas no Cad\u00danico, o\u202fCadastro \u00danico para Programas Sociais do Governo Federal.<\/p>\n<p>Esse grupo pode\u202ffinanciar\u202fat\u00e9 100% dos encargos educacionais cobrados pela institui\u00e7\u00e3o privada de\u202feduca\u00e7\u00e3o\u202fsuperior.<\/p>\n","protected":false},"excerpt":{"rendered":"<p>O Minist\u00e9rio da Educa\u00e7\u00e3o prorrogou o prazo de inscri\u00e7\u00e3o para o processo seletivo do Fies do primeiro semestre do ano para esta segunda-feira (18). O programa financia a gradua\u00e7\u00e3o de estudantes em institui\u00e7\u00f5es privadas de ensino superior. Os interessados em participar devem se inscrever at\u00e9 antes da meia noite da pr\u00f3xima segunda, pelo hor\u00e1rio de [&hellip;]<\/p>\n","protected":false},"author":2,"featured_media":84205,"comment_status":"closed","ping_status":"closed","sticky":false,"template":"","format":"standard","meta":{"_acf_changed":false,"footnotes":""},"categories":[161],"tags":[],"class_list":["post-324872","post","type-post","status-publish","format-standard","has-post-thumbnail","hentry","category-quadradinho-em-foco"],"acf":[],"yoast_head":"<!-- This site is optimized with the Yoast SEO plugin v27.2 - https:\/\/yoast.com\/product\/yoast-seo-wordpress\/ -->\n<title>Inscri\u00e7\u00f5es para dindim do Fies entram na reta final - Notibras<\/title>\n<meta name=\"robots\" content=\"index, follow, max-snippet:-1, max-image-preview:large, max-video-preview:-1\" \/>\n<link rel=\"canonical\" href=\"https:\/\/www.notibras.com\/site\/inscricoes-para-dindim-do-fies-entram-na-reta-final\/\" \/>\n<meta property=\"og:locale\" content=\"pt_BR\" \/>\n<meta property=\"og:type\" content=\"article\" \/>\n<meta property=\"og:title\" content=\"Inscri\u00e7\u00f5es para dindim do Fies entram na reta final - Notibras\" \/>\n<meta property=\"og:description\" content=\"O Minist\u00e9rio da Educa\u00e7\u00e3o prorrogou o prazo de inscri\u00e7\u00e3o para o processo seletivo do Fies do primeiro semestre do ano para esta segunda-feira (18). O programa financia a gradua\u00e7\u00e3o de estudantes em institui\u00e7\u00f5es privadas de ensino superior. Os interessados em participar devem se inscrever at\u00e9 antes da meia noite da pr\u00f3xima segunda, pelo hor\u00e1rio de [&hellip;]\" \/>\n<meta property=\"og:url\" content=\"https:\/\/www.notibras.com\/site\/inscricoes-para-dindim-do-fies-entram-na-reta-final\/\" \/>\n<meta property=\"og:site_name\" content=\"Notibras\" \/>\n<meta property=\"article:publisher\" content=\"https:\/\/www.facebook.com\/notibras\/\" \/>\n<meta property=\"article:published_time\" content=\"2024-03-18T08:33:11+00:00\" \/>\n<meta property=\"article:modified_time\" content=\"2024-03-18T08:37:46+00:00\" \/>\n<meta property=\"og:image\" content=\"https:\/\/www.notibras.com\/site\/wp-content\/uploads\/2016\/01\/FIES-2015.jpg\" \/>\n\t<meta property=\"og:image:width\" content=\"640\" \/>\n\t<meta property=\"og:image:height\" content=\"483\" \/>\n\t<meta property=\"og:image:type\" content=\"image\/jpeg\" \/>\n<meta name=\"author\" content=\"Reda\u00e7\u00e3o\" \/>\n<meta name=\"twitter:card\" content=\"summary_large_image\" \/>\n<meta name=\"twitter:creator\" content=\"@Notibras\" \/>\n<meta name=\"twitter:site\" content=\"@Notibras\" \/>\n<meta name=\"twitter:label1\" content=\"Escrito por\" \/>\n\t<meta name=\"twitter:data1\" content=\"Reda\u00e7\u00e3o\" \/>\n\t<meta name=\"twitter:label2\" content=\"Est. tempo de leitura\" \/>\n\t<meta name=\"twitter:data2\" content=\"2 minutos\" \/>\n<script type=\"application\/ld+json\" class=\"yoast-schema-graph\">{\"@context\":\"https:\/\/schema.org\",\"@graph\":[{\"@type\":\"Article\",\"@id\":\"https:\/\/www.notibras.com\/site\/inscricoes-para-dindim-do-fies-entram-na-reta-final\/#article\",\"isPartOf\":{\"@id\":\"https:\/\/www.notibras.com\/site\/inscricoes-para-dindim-do-fies-entram-na-reta-final\/\"},\"author\":{\"name\":\"Reda\u00e7\u00e3o\",\"@id\":\"https:\/\/www.notibras.com\/site\/#\/schema\/person\/36ab0979449956132d3e5b517ea76ac8\"},\"headline\":\"Inscri\u00e7\u00f5es para dindim do Fies entram na reta final\",\"datePublished\":\"2024-03-18T08:33:11+00:00\",\"dateModified\":\"2024-03-18T08:37:46+00:00\",\"mainEntityOfPage\":{\"@id\":\"https:\/\/www.notibras.com\/site\/inscricoes-para-dindim-do-fies-entram-na-reta-final\/\"},\"wordCount\":204,\"publisher\":{\"@id\":\"https:\/\/www.notibras.com\/site\/#organization\"},\"image\":{\"@id\":\"https:\/\/www.notibras.com\/site\/inscricoes-para-dindim-do-fies-entram-na-reta-final\/#primaryimage\"},\"thumbnailUrl\":\"https:\/\/www.notibras.com\/site\/wp-content\/uploads\/2016\/01\/FIES-2015.jpg\",\"articleSection\":[\"Quadradinho em Foco\"],\"inLanguage\":\"pt-BR\"},{\"@type\":\"WebPage\",\"@id\":\"https:\/\/www.notibras.com\/site\/inscricoes-para-dindim-do-fies-entram-na-reta-final\/\",\"url\":\"https:\/\/www.notibras.com\/site\/inscricoes-para-dindim-do-fies-entram-na-reta-final\/\",\"name\":\"Inscri\u00e7\u00f5es para dindim do Fies entram na reta final - Notibras\",\"isPartOf\":{\"@id\":\"https:\/\/www.notibras.com\/site\/#website\"},\"primaryImageOfPage\":{\"@id\":\"https:\/\/www.notibras.com\/site\/inscricoes-para-dindim-do-fies-entram-na-reta-final\/#primaryimage\"},\"image\":{\"@id\":\"https:\/\/www.notibras.com\/site\/inscricoes-para-dindim-do-fies-entram-na-reta-final\/#primaryimage\"},\"thumbnailUrl\":\"https:\/\/www.notibras.com\/site\/wp-content\/uploads\/2016\/01\/FIES-2015.jpg\",\"datePublished\":\"2024-03-18T08:33:11+00:00\",\"dateModified\":\"2024-03-18T08:37:46+00:00\",\"breadcrumb\":{\"@id\":\"https:\/\/www.notibras.com\/site\/inscricoes-para-dindim-do-fies-entram-na-reta-final\/#breadcrumb\"},\"inLanguage\":\"pt-BR\",\"potentialAction\":[{\"@type\":\"ReadAction\",\"target\":[\"https:\/\/www.notibras.com\/site\/inscricoes-para-dindim-do-fies-entram-na-reta-final\/\"]}]},{\"@type\":\"ImageObject\",\"inLanguage\":\"pt-BR\",\"@id\":\"https:\/\/www.notibras.com\/site\/inscricoes-para-dindim-do-fies-entram-na-reta-final\/#primaryimage\",\"url\":\"https:\/\/www.notibras.com\/site\/wp-content\/uploads\/2016\/01\/FIES-2015.jpg\",\"contentUrl\":\"https:\/\/www.notibras.com\/site\/wp-content\/uploads\/2016\/01\/FIES-2015.jpg\",\"width\":640,\"height\":483},{\"@type\":\"BreadcrumbList\",\"@id\":\"https:\/\/www.notibras.com\/site\/inscricoes-para-dindim-do-fies-entram-na-reta-final\/#breadcrumb\",\"itemListElement\":[{\"@type\":\"ListItem\",\"position\":1,\"name\":\"In\u00edcio\",\"item\":\"https:\/\/www.notibras.com\/site\/\"},{\"@type\":\"ListItem\",\"position\":2,\"name\":\"Inscri\u00e7\u00f5es para dindim do Fies entram na reta final\"}]},{\"@type\":\"WebSite\",\"@id\":\"https:\/\/www.notibras.com\/site\/#website\",\"url\":\"https:\/\/www.notibras.com\/site\/\",\"name\":\"Notibras\",\"description\":\"Not\u00edcias de Bras\u00edlia, do Brasil e do Mundo\",\"publisher\":{\"@id\":\"https:\/\/www.notibras.com\/site\/#organization\"},\"potentialAction\":[{\"@type\":\"SearchAction\",\"target\":{\"@type\":\"EntryPoint\",\"urlTemplate\":\"https:\/\/www.notibras.com\/site\/?s={search_term_string}\"},\"query-input\":{\"@type\":\"PropertyValueSpecification\",\"valueRequired\":true,\"valueName\":\"search_term_string\"}}],\"inLanguage\":\"pt-BR\"},{\"@type\":\"Organization\",\"@id\":\"https:\/\/www.notibras.com\/site\/#organization\",\"name\":\"Grupo Notibras de Comunica\u00e7\u00e3o\",\"url\":\"https:\/\/www.notibras.com\/site\/\",\"logo\":{\"@type\":\"ImageObject\",\"inLanguage\":\"pt-BR\",\"@id\":\"https:\/\/www.notibras.com\/site\/#\/schema\/logo\/image\/\",\"url\":\"https:\/\/www.notibras.com\/site\/wp-content\/uploads\/2023\/01\/notibras23.png\",\"contentUrl\":\"https:\/\/www.notibras.com\/site\/wp-content\/uploads\/2023\/01\/notibras23.png\",\"width\":350,\"height\":87,\"caption\":\"Grupo Notibras de Comunica\u00e7\u00e3o\"},\"image\":{\"@id\":\"https:\/\/www.notibras.com\/site\/#\/schema\/logo\/image\/\"},\"sameAs\":[\"https:\/\/www.facebook.com\/notibras\/\",\"https:\/\/x.com\/Notibras\",\"https:\/\/www.instagram.com\/notibras\/\"]},{\"@type\":\"Person\",\"@id\":\"https:\/\/www.notibras.com\/site\/#\/schema\/person\/36ab0979449956132d3e5b517ea76ac8\",\"name\":\"Reda\u00e7\u00e3o\",\"image\":{\"@type\":\"ImageObject\",\"inLanguage\":\"pt-BR\",\"@id\":\"https:\/\/secure.gravatar.com\/avatar\/e0a867bdedb85fd243eadf09663511f96fc81e0720a4a42581f334ad4303aa6b?s=96&d=mm&r=g\",\"url\":\"https:\/\/secure.gravatar.com\/avatar\/e0a867bdedb85fd243eadf09663511f96fc81e0720a4a42581f334ad4303aa6b?s=96&d=mm&r=g\",\"contentUrl\":\"https:\/\/secure.gravatar.com\/avatar\/e0a867bdedb85fd243eadf09663511f96fc81e0720a4a42581f334ad4303aa6b?s=96&d=mm&r=g\",\"caption\":\"Reda\u00e7\u00e3o\"}}]}<\/script>\n<!-- \/ Yoast SEO plugin. -->","yoast_head_json":{"title":"Inscri\u00e7\u00f5es para dindim do Fies entram na reta final - Notibras","robots":{"index":"index","follow":"follow","max-snippet":"max-snippet:-1","max-image-preview":"max-image-preview:large","max-video-preview":"max-video-preview:-1"},"canonical":"https:\/\/www.notibras.com\/site\/inscricoes-para-dindim-do-fies-entram-na-reta-final\/","og_locale":"pt_BR","og_type":"article","og_title":"Inscri\u00e7\u00f5es para dindim do Fies entram na reta final - Notibras","og_description":"O Minist\u00e9rio da Educa\u00e7\u00e3o prorrogou o prazo de inscri\u00e7\u00e3o para o processo seletivo do Fies do primeiro semestre do ano para esta segunda-feira (18). O programa financia a gradua\u00e7\u00e3o de estudantes em institui\u00e7\u00f5es privadas de ensino superior. Os interessados em participar devem se inscrever at\u00e9 antes da meia noite da pr\u00f3xima segunda, pelo hor\u00e1rio de [&hellip;]","og_url":"https:\/\/www.notibras.com\/site\/inscricoes-para-dindim-do-fies-entram-na-reta-final\/","og_site_name":"Notibras","article_publisher":"https:\/\/www.facebook.com\/notibras\/","article_published_time":"2024-03-18T08:33:11+00:00","article_modified_time":"2024-03-18T08:37:46+00:00","og_image":[{"width":640,"height":483,"url":"https:\/\/www.notibras.com\/site\/wp-content\/uploads\/2016\/01\/FIES-2015.jpg","type":"image\/jpeg"}],"author":"Reda\u00e7\u00e3o","twitter_card":"summary_large_image","twitter_creator":"@Notibras","twitter_site":"@Notibras","twitter_misc":{"Escrito por":"Reda\u00e7\u00e3o","Est. tempo de leitura":"2 minutos"},"schema":{"@context":"https:\/\/schema.org","@graph":[{"@type":"Article","@id":"https:\/\/www.notibras.com\/site\/inscricoes-para-dindim-do-fies-entram-na-reta-final\/#article","isPartOf":{"@id":"https:\/\/www.notibras.com\/site\/inscricoes-para-dindim-do-fies-entram-na-reta-final\/"},"author":{"name":"Reda\u00e7\u00e3o","@id":"https:\/\/www.notibras.com\/site\/#\/schema\/person\/36ab0979449956132d3e5b517ea76ac8"},"headline":"Inscri\u00e7\u00f5es para dindim do Fies entram na reta final","datePublished":"2024-03-18T08:33:11+00:00","dateModified":"2024-03-18T08:37:46+00:00","mainEntityOfPage":{"@id":"https:\/\/www.notibras.com\/site\/inscricoes-para-dindim-do-fies-entram-na-reta-final\/"},"wordCount":204,"publisher":{"@id":"https:\/\/www.notibras.com\/site\/#organization"},"image":{"@id":"https:\/\/www.notibras.com\/site\/inscricoes-para-dindim-do-fies-entram-na-reta-final\/#primaryimage"},"thumbnailUrl":"https:\/\/www.notibras.com\/site\/wp-content\/uploads\/2016\/01\/FIES-2015.jpg","articleSection":["Quadradinho em Foco"],"inLanguage":"pt-BR"},{"@type":"WebPage","@id":"https:\/\/www.notibras.com\/site\/inscricoes-para-dindim-do-fies-entram-na-reta-final\/","url":"https:\/\/www.notibras.com\/site\/inscricoes-para-dindim-do-fies-entram-na-reta-final\/","name":"Inscri\u00e7\u00f5es para dindim do Fies entram na reta final - Notibras","isPartOf":{"@id":"https:\/\/www.notibras.com\/site\/#website"},"primaryImageOfPage":{"@id":"https:\/\/www.notibras.com\/site\/inscricoes-para-dindim-do-fies-entram-na-reta-final\/#primaryimage"},"image":{"@id":"https:\/\/www.notibras.com\/site\/inscricoes-para-dindim-do-fies-entram-na-reta-final\/#primaryimage"},"thumbnailUrl":"https:\/\/www.notibras.com\/site\/wp-content\/uploads\/2016\/01\/FIES-2015.jpg","datePublished":"2024-03-18T08:33:11+00:00","dateModified":"2024-03-18T08:37:46+00:00","breadcrumb":{"@id":"https:\/\/www.notibras.com\/site\/inscricoes-para-dindim-do-fies-entram-na-reta-final\/#breadcrumb"},"inLanguage":"pt-BR","potentialAction":[{"@type":"ReadAction","target":["https:\/\/www.notibras.com\/site\/inscricoes-para-dindim-do-fies-entram-na-reta-final\/"]}]},{"@type":"ImageObject","inLanguage":"pt-BR","@id":"https:\/\/www.notibras.com\/site\/inscricoes-para-dindim-do-fies-entram-na-reta-final\/#primaryimage","url":"https:\/\/www.notibras.com\/site\/wp-content\/uploads\/2016\/01\/FIES-2015.jpg","contentUrl":"https:\/\/www.notibras.com\/site\/wp-content\/uploads\/2016\/01\/FIES-2015.jpg","width":640,"height":483},{"@type":"BreadcrumbList","@id":"https:\/\/www.notibras.com\/site\/inscricoes-para-dindim-do-fies-entram-na-reta-final\/#breadcrumb","itemListElement":[{"@type":"ListItem","position":1,"name":"In\u00edcio","item":"https:\/\/www.notibras.com\/site\/"},{"@type":"ListItem","position":2,"name":"Inscri\u00e7\u00f5es para dindim do Fies entram na reta final"}]},{"@type":"WebSite","@id":"https:\/\/www.notibras.com\/site\/#website","url":"https:\/\/www.notibras.com\/site\/","name":"Notibras","description":"Not\u00edcias de Bras\u00edlia, do Brasil e do Mundo","publisher":{"@id":"https:\/\/www.notibras.com\/site\/#organization"},"potentialAction":[{"@type":"SearchAction","target":{"@type":"EntryPoint","urlTemplate":"https:\/\/www.notibras.com\/site\/?s={search_term_string}"},"query-input":{"@type":"PropertyValueSpecification","valueRequired":true,"valueName":"search_term_string"}}],"inLanguage":"pt-BR"},{"@type":"Organization","@id":"https:\/\/www.notibras.com\/site\/#organization","name":"Grupo Notibras de Comunica\u00e7\u00e3o","url":"https:\/\/www.notibras.com\/site\/","logo":{"@type":"ImageObject","inLanguage":"pt-BR","@id":"https:\/\/www.notibras.com\/site\/#\/schema\/logo\/image\/","url":"https:\/\/www.notibras.com\/site\/wp-content\/uploads\/2023\/01\/notibras23.png","contentUrl":"https:\/\/www.notibras.com\/site\/wp-content\/uploads\/2023\/01\/notibras23.png","width":350,"height":87,"caption":"Grupo Notibras de Comunica\u00e7\u00e3o"},"image":{"@id":"https:\/\/www.notibras.com\/site\/#\/schema\/logo\/image\/"},"sameAs":["https:\/\/www.facebook.com\/notibras\/","https:\/\/x.com\/Notibras","https:\/\/www.instagram.com\/notibras\/"]},{"@type":"Person","@id":"https:\/\/www.notibras.com\/site\/#\/schema\/person\/36ab0979449956132d3e5b517ea76ac8","name":"Reda\u00e7\u00e3o","image":{"@type":"ImageObject","inLanguage":"pt-BR","@id":"https:\/\/secure.gravatar.com\/avatar\/e0a867bdedb85fd243eadf09663511f96fc81e0720a4a42581f334ad4303aa6b?s=96&d=mm&r=g","url":"https:\/\/secure.gravatar.com\/avatar\/e0a867bdedb85fd243eadf09663511f96fc81e0720a4a42581f334ad4303aa6b?s=96&d=mm&r=g","contentUrl":"https:\/\/secure.gravatar.com\/avatar\/e0a867bdedb85fd243eadf09663511f96fc81e0720a4a42581f334ad4303aa6b?s=96&d=mm&r=g","caption":"Reda\u00e7\u00e3o"}}]}},"amp_enabled":true,"_links":{"self":[{"href":"https:\/\/www.notibras.com\/site\/wp-json\/wp\/v2\/posts\/324872","targetHints":{"allow":["GET"]}}],"collection":[{"href":"https:\/\/www.notibras.com\/site\/wp-json\/wp\/v2\/posts"}],"about":[{"href":"https:\/\/www.notibras.com\/site\/wp-json\/wp\/v2\/types\/post"}],"author":[{"embeddable":true,"href":"https:\/\/www.notibras.com\/site\/wp-json\/wp\/v2\/users\/2"}],"replies":[{"embeddable":true,"href":"https:\/\/www.notibras.com\/site\/wp-json\/wp\/v2\/comments?post=324872"}],"version-history":[{"count":1,"href":"https:\/\/www.notibras.com\/site\/wp-json\/wp\/v2\/posts\/324872\/revisions"}],"predecessor-version":[{"id":324873,"href":"https:\/\/www.notibras.com\/site\/wp-json\/wp\/v2\/posts\/324872\/revisions\/324873"}],"wp:featuredmedia":[{"embeddable":true,"href":"https:\/\/www.notibras.com\/site\/wp-json\/wp\/v2\/media\/84205"}],"wp:attachment":[{"href":"https:\/\/www.notibras.com\/site\/wp-json\/wp\/v2\/media?parent=324872"}],"wp:term":[{"taxonomy":"category","embeddable":true,"href":"https:\/\/www.notibras.com\/site\/wp-json\/wp\/v2\/categories?post=324872"},{"taxonomy":"post_tag","embeddable":true,"href":"https:\/\/www.notibras.com\/site\/wp-json\/wp\/v2\/tags?post=324872"}],"curies":[{"name":"wp","href":"https:\/\/api.w.org\/{rel}","templated":true}]}}