{"id":324914,"date":"2024-03-18T00:33:31","date_gmt":"2024-03-18T03:33:31","guid":{"rendered":"https:\/\/www.notibras.com\/site\/?p=324914"},"modified":"2024-03-18T08:35:41","modified_gmt":"2024-03-18T11:35:41","slug":"mestres-cervejeiros-recebem-assistencia-em-toda-a-cadeia-produtiva","status":"publish","type":"post","link":"https:\/\/www.notibras.com\/site\/mestres-cervejeiros-recebem-assistencia-em-toda-a-cadeia-produtiva\/","title":{"rendered":"Mestres cervejeiros recebem assist\u00eancia em toda a cadeia produtiva"},"content":{"rendered":"<p>O Distrito Federal tem se destacado como um polo promissor no cen\u00e1rio da produ\u00e7\u00e3o de cervejas artesanais, aquecendo um mercado que ganha cada vez mais espa\u00e7o e reconhecimento. Cervejeiros locais v\u00eam conquistando paladares e ampliando opera\u00e7\u00f5es impulsionados pelo apoio da Empresa de Assist\u00eancia T\u00e9cnica e Extens\u00e3o Rural do DF (Emater-DF).<\/p>\n<p>Dados do Minist\u00e9rio da Agricultura e Pecu\u00e1ria\/Secretaria de Defesa Agropecu\u00e1ria (Mapa) apontam que a capital federal tem 17 cervejarias artesanais em opera\u00e7\u00e3o \u2013 uma a cada 182 mil habitantes. De acordo com o governo federal, o setor cervejeiro cresceu 11,6% em 2022, com a abertura de 180 novos estabelecimentos, totalizando 1.729 cervejarias em atividade.<\/p>\n<p>F\u00e1bio Roberto Costa, extensionista rural da Emater, explica que a fun\u00e7\u00e3o da empresa \u00e9 atuar na integra\u00e7\u00e3o de diferentes \u00e1reas para fortalecer a cadeia produtiva da cerveja artesanal. A assist\u00eancia t\u00e9cnica oferecida abrange desde a sele\u00e7\u00e3o de insumos at\u00e9 a orienta\u00e7\u00e3o na gest\u00e3o dos neg\u00f3cios.<\/p>\n<p>\u201cNosso trabalho \u00e9 dar suporte aos produtores, fornecer ideias para poder diversificar a sua produ\u00e7\u00e3o e conect\u00e1-los a outros produtores rurais, que podem atuar no fornecimento dos insumos da cerveja\u201d, detalha o servidor. \u201cN\u00f3s tamb\u00e9m atuamos abrindo o mercado para esses novos cervejeiros nas feiras que promovemos e para dar amplitude para que eles consigam expor seu produto, mostrar o seu trabalho.\u201d<\/p>\n<p><strong>Produtores<\/strong><br \/>\nUm dos produtores atendidos pela Emater \u00e9 Jos\u00e9 Roberto Moreira, dono da cervejaria O Trombudo, no N\u00facleo Rural Lago Oeste, em Sobradinho. \u201cA Emater, desde o in\u00edcio ,tem me ajudado bastante\u201d, conta. \u201cEles me ajudaram na pr\u00f3pria constru\u00e7\u00e3o da cervejaria, na elabora\u00e7\u00e3o do projeto, estrutura e localiza\u00e7\u00e3o dele. Eles tamb\u00e9m t\u00eam me ajudado muito na busca de produtos locais que posso utilizar nas minhas cervejas\u201d.<\/p>\n<p>O empres\u00e1rio iniciou a empreitada recentemente e, com o apoio da empresa, j\u00e1 come\u00e7a a colher os frutos de sua produ\u00e7\u00e3o. \u201cEu ainda estou muito no in\u00edcio, mas temos tido boas vendas, e a aceita\u00e7\u00e3o est\u00e1 muito boa\u201d, afirma. \u201cO pessoal gosta muito da minha cerveja, ent\u00e3o muita gente vem aqui para tomar essa cerveja, que \u00e9 diferenciada e usa produtos locais na sua confec\u00e7\u00e3o\u201d.<\/p>\n<p>Leandro Gontijo \u00e9 outro produtor de cervejas refer\u00eancia no DF, e, segundo ele, boa parte da proje\u00e7\u00e3o obtida com a marca Gont\u2019s se deu gra\u00e7as ao incentivo da Emater no mercado produtivo local: \u201cCom a ajuda deles, muitas cervejarias do DF ganham recomenda\u00e7\u00f5es, as pessoas ficam sabendo sobre a exist\u00eancia das cervejarias e acabam vindo visitar. Muitas pessoas acreditam que o DF s\u00f3 tenha cervejarias gigantes, mas existe toda uma cadeia mais artesanal; e, quando h\u00e1 esse fomento ao turismo, fica muito mais f\u00e1cil as pessoas tomarem conhecimento das cervejarias menores\u201d.<\/p>\n<p><strong>Mercado em expans\u00e3o<\/strong><br \/>\nAtualmente, o Brasil ocupa o posto de terceiro maior produtor de cerveja do mundo, ficando atr\u00e1s apenas da China e dos Estados Unidos. O Sindicato Nacional da Ind\u00fastria da Cerveja (Sindcerv) calcula que, em 2023, o pa\u00eds registrou volume de vendas de 16,1 bilh\u00f5es de litros, um crescimento de 4,5% em rela\u00e7\u00e3o a 2022.<\/p>\n<p>De acordo com o Mapa, h\u00e1, atualmente, uma cervejaria registrada para cada 123.376 brasileiros. A marca representa um aumento de 10,4% na densidade cervejeira do pa\u00eds, que em 2021 era de 137.713 habitantes para cada estabelecimento.<\/p>\n<p>Em 2022, as cervejarias brasileiras contabilizaram 42.831 produtos registrados de 54.727 marcas. Houve um crescimento de quase 20% em rela\u00e7\u00e3o ao registro de novas cervejas, simbolizando um aumento de 7.090 r\u00f3tulos.<\/p>\n","protected":false},"excerpt":{"rendered":"<p>O Distrito Federal tem se destacado como um polo promissor no cen\u00e1rio da produ\u00e7\u00e3o de cervejas artesanais, aquecendo um mercado que ganha cada vez mais espa\u00e7o e reconhecimento. Cervejeiros locais v\u00eam conquistando paladares e ampliando opera\u00e7\u00f5es impulsionados pelo apoio da Empresa de Assist\u00eancia T\u00e9cnica e Extens\u00e3o Rural do DF (Emater-DF). Dados do Minist\u00e9rio da Agricultura [&hellip;]<\/p>\n","protected":false},"author":2,"featured_media":324915,"comment_status":"closed","ping_status":"closed","sticky":false,"template":"","format":"standard","meta":{"_acf_changed":false,"footnotes":""},"categories":[161],"tags":[],"class_list":["post-324914","post","type-post","status-publish","format-standard","has-post-thumbnail","hentry","category-quadradinho-em-foco"],"acf":[],"yoast_head":"<!-- This site is optimized with the Yoast SEO plugin v27.2 - https:\/\/yoast.com\/product\/yoast-seo-wordpress\/ -->\n<title>Mestres cervejeiros recebem assist\u00eancia em toda a cadeia produtiva - Notibras<\/title>\n<meta name=\"robots\" content=\"index, follow, max-snippet:-1, max-image-preview:large, max-video-preview:-1\" \/>\n<link rel=\"canonical\" href=\"https:\/\/www.notibras.com\/site\/mestres-cervejeiros-recebem-assistencia-em-toda-a-cadeia-produtiva\/\" \/>\n<meta property=\"og:locale\" content=\"pt_BR\" \/>\n<meta property=\"og:type\" content=\"article\" \/>\n<meta property=\"og:title\" content=\"Mestres cervejeiros recebem assist\u00eancia em toda a cadeia produtiva - Notibras\" \/>\n<meta property=\"og:description\" content=\"O Distrito Federal tem se destacado como um polo promissor no cen\u00e1rio da produ\u00e7\u00e3o de cervejas artesanais, aquecendo um mercado que ganha cada vez mais espa\u00e7o e reconhecimento. Cervejeiros locais v\u00eam conquistando paladares e ampliando opera\u00e7\u00f5es impulsionados pelo apoio da Empresa de Assist\u00eancia T\u00e9cnica e Extens\u00e3o Rural do DF (Emater-DF). Dados do Minist\u00e9rio da Agricultura [&hellip;]\" \/>\n<meta property=\"og:url\" content=\"https:\/\/www.notibras.com\/site\/mestres-cervejeiros-recebem-assistencia-em-toda-a-cadeia-produtiva\/\" \/>\n<meta property=\"og:site_name\" content=\"Notibras\" \/>\n<meta property=\"article:publisher\" content=\"https:\/\/www.facebook.com\/notibras\/\" \/>\n<meta property=\"article:published_time\" content=\"2024-03-18T03:33:31+00:00\" \/>\n<meta property=\"article:modified_time\" content=\"2024-03-18T11:35:41+00:00\" \/>\n<meta property=\"og:image\" content=\"https:\/\/www.notibras.com\/site\/wp-content\/uploads\/2024\/03\/53593300138_ed978dd013_c.jpg\" \/>\n\t<meta property=\"og:image:width\" content=\"799\" \/>\n\t<meta property=\"og:image:height\" content=\"533\" \/>\n\t<meta property=\"og:image:type\" content=\"image\/jpeg\" \/>\n<meta name=\"author\" content=\"Reda\u00e7\u00e3o\" \/>\n<meta name=\"twitter:card\" content=\"summary_large_image\" \/>\n<meta name=\"twitter:creator\" content=\"@Notibras\" \/>\n<meta name=\"twitter:site\" content=\"@Notibras\" \/>\n<meta name=\"twitter:label1\" content=\"Escrito por\" \/>\n\t<meta name=\"twitter:data1\" content=\"Reda\u00e7\u00e3o\" \/>\n\t<meta name=\"twitter:label2\" content=\"Est. tempo de leitura\" \/>\n\t<meta name=\"twitter:data2\" content=\"4 minutos\" \/>\n<script type=\"application\/ld+json\" class=\"yoast-schema-graph\">{\"@context\":\"https:\/\/schema.org\",\"@graph\":[{\"@type\":\"Article\",\"@id\":\"https:\/\/www.notibras.com\/site\/mestres-cervejeiros-recebem-assistencia-em-toda-a-cadeia-produtiva\/#article\",\"isPartOf\":{\"@id\":\"https:\/\/www.notibras.com\/site\/mestres-cervejeiros-recebem-assistencia-em-toda-a-cadeia-produtiva\/\"},\"author\":{\"name\":\"Reda\u00e7\u00e3o\",\"@id\":\"https:\/\/www.notibras.com\/site\/#\/schema\/person\/36ab0979449956132d3e5b517ea76ac8\"},\"headline\":\"Mestres cervejeiros recebem assist\u00eancia em toda a cadeia produtiva\",\"datePublished\":\"2024-03-18T03:33:31+00:00\",\"dateModified\":\"2024-03-18T11:35:41+00:00\",\"mainEntityOfPage\":{\"@id\":\"https:\/\/www.notibras.com\/site\/mestres-cervejeiros-recebem-assistencia-em-toda-a-cadeia-produtiva\/\"},\"wordCount\":599,\"publisher\":{\"@id\":\"https:\/\/www.notibras.com\/site\/#organization\"},\"image\":{\"@id\":\"https:\/\/www.notibras.com\/site\/mestres-cervejeiros-recebem-assistencia-em-toda-a-cadeia-produtiva\/#primaryimage\"},\"thumbnailUrl\":\"https:\/\/www.notibras.com\/site\/wp-content\/uploads\/2024\/03\/53593300138_ed978dd013_c.jpg\",\"articleSection\":[\"Quadradinho em Foco\"],\"inLanguage\":\"pt-BR\"},{\"@type\":\"WebPage\",\"@id\":\"https:\/\/www.notibras.com\/site\/mestres-cervejeiros-recebem-assistencia-em-toda-a-cadeia-produtiva\/\",\"url\":\"https:\/\/www.notibras.com\/site\/mestres-cervejeiros-recebem-assistencia-em-toda-a-cadeia-produtiva\/\",\"name\":\"Mestres cervejeiros recebem assist\u00eancia em toda a cadeia produtiva - Notibras\",\"isPartOf\":{\"@id\":\"https:\/\/www.notibras.com\/site\/#website\"},\"primaryImageOfPage\":{\"@id\":\"https:\/\/www.notibras.com\/site\/mestres-cervejeiros-recebem-assistencia-em-toda-a-cadeia-produtiva\/#primaryimage\"},\"image\":{\"@id\":\"https:\/\/www.notibras.com\/site\/mestres-cervejeiros-recebem-assistencia-em-toda-a-cadeia-produtiva\/#primaryimage\"},\"thumbnailUrl\":\"https:\/\/www.notibras.com\/site\/wp-content\/uploads\/2024\/03\/53593300138_ed978dd013_c.jpg\",\"datePublished\":\"2024-03-18T03:33:31+00:00\",\"dateModified\":\"2024-03-18T11:35:41+00:00\",\"breadcrumb\":{\"@id\":\"https:\/\/www.notibras.com\/site\/mestres-cervejeiros-recebem-assistencia-em-toda-a-cadeia-produtiva\/#breadcrumb\"},\"inLanguage\":\"pt-BR\",\"potentialAction\":[{\"@type\":\"ReadAction\",\"target\":[\"https:\/\/www.notibras.com\/site\/mestres-cervejeiros-recebem-assistencia-em-toda-a-cadeia-produtiva\/\"]}]},{\"@type\":\"ImageObject\",\"inLanguage\":\"pt-BR\",\"@id\":\"https:\/\/www.notibras.com\/site\/mestres-cervejeiros-recebem-assistencia-em-toda-a-cadeia-produtiva\/#primaryimage\",\"url\":\"https:\/\/www.notibras.com\/site\/wp-content\/uploads\/2024\/03\/53593300138_ed978dd013_c.jpg\",\"contentUrl\":\"https:\/\/www.notibras.com\/site\/wp-content\/uploads\/2024\/03\/53593300138_ed978dd013_c.jpg\",\"width\":799,\"height\":533},{\"@type\":\"BreadcrumbList\",\"@id\":\"https:\/\/www.notibras.com\/site\/mestres-cervejeiros-recebem-assistencia-em-toda-a-cadeia-produtiva\/#breadcrumb\",\"itemListElement\":[{\"@type\":\"ListItem\",\"position\":1,\"name\":\"In\u00edcio\",\"item\":\"https:\/\/www.notibras.com\/site\/\"},{\"@type\":\"ListItem\",\"position\":2,\"name\":\"Mestres cervejeiros recebem assist\u00eancia em toda a cadeia produtiva\"}]},{\"@type\":\"WebSite\",\"@id\":\"https:\/\/www.notibras.com\/site\/#website\",\"url\":\"https:\/\/www.notibras.com\/site\/\",\"name\":\"Notibras\",\"description\":\"Not\u00edcias de Bras\u00edlia, do Brasil e do Mundo\",\"publisher\":{\"@id\":\"https:\/\/www.notibras.com\/site\/#organization\"},\"potentialAction\":[{\"@type\":\"SearchAction\",\"target\":{\"@type\":\"EntryPoint\",\"urlTemplate\":\"https:\/\/www.notibras.com\/site\/?s={search_term_string}\"},\"query-input\":{\"@type\":\"PropertyValueSpecification\",\"valueRequired\":true,\"valueName\":\"search_term_string\"}}],\"inLanguage\":\"pt-BR\"},{\"@type\":\"Organization\",\"@id\":\"https:\/\/www.notibras.com\/site\/#organization\",\"name\":\"Grupo Notibras de Comunica\u00e7\u00e3o\",\"url\":\"https:\/\/www.notibras.com\/site\/\",\"logo\":{\"@type\":\"ImageObject\",\"inLanguage\":\"pt-BR\",\"@id\":\"https:\/\/www.notibras.com\/site\/#\/schema\/logo\/image\/\",\"url\":\"https:\/\/www.notibras.com\/site\/wp-content\/uploads\/2023\/01\/notibras23.png\",\"contentUrl\":\"https:\/\/www.notibras.com\/site\/wp-content\/uploads\/2023\/01\/notibras23.png\",\"width\":350,\"height\":87,\"caption\":\"Grupo Notibras de Comunica\u00e7\u00e3o\"},\"image\":{\"@id\":\"https:\/\/www.notibras.com\/site\/#\/schema\/logo\/image\/\"},\"sameAs\":[\"https:\/\/www.facebook.com\/notibras\/\",\"https:\/\/x.com\/Notibras\",\"https:\/\/www.instagram.com\/notibras\/\"]},{\"@type\":\"Person\",\"@id\":\"https:\/\/www.notibras.com\/site\/#\/schema\/person\/36ab0979449956132d3e5b517ea76ac8\",\"name\":\"Reda\u00e7\u00e3o\",\"image\":{\"@type\":\"ImageObject\",\"inLanguage\":\"pt-BR\",\"@id\":\"https:\/\/secure.gravatar.com\/avatar\/e0a867bdedb85fd243eadf09663511f96fc81e0720a4a42581f334ad4303aa6b?s=96&d=mm&r=g\",\"url\":\"https:\/\/secure.gravatar.com\/avatar\/e0a867bdedb85fd243eadf09663511f96fc81e0720a4a42581f334ad4303aa6b?s=96&d=mm&r=g\",\"contentUrl\":\"https:\/\/secure.gravatar.com\/avatar\/e0a867bdedb85fd243eadf09663511f96fc81e0720a4a42581f334ad4303aa6b?s=96&d=mm&r=g\",\"caption\":\"Reda\u00e7\u00e3o\"}}]}<\/script>\n<!-- \/ Yoast SEO plugin. -->","yoast_head_json":{"title":"Mestres cervejeiros recebem assist\u00eancia em toda a cadeia produtiva - Notibras","robots":{"index":"index","follow":"follow","max-snippet":"max-snippet:-1","max-image-preview":"max-image-preview:large","max-video-preview":"max-video-preview:-1"},"canonical":"https:\/\/www.notibras.com\/site\/mestres-cervejeiros-recebem-assistencia-em-toda-a-cadeia-produtiva\/","og_locale":"pt_BR","og_type":"article","og_title":"Mestres cervejeiros recebem assist\u00eancia em toda a cadeia produtiva - Notibras","og_description":"O Distrito Federal tem se destacado como um polo promissor no cen\u00e1rio da produ\u00e7\u00e3o de cervejas artesanais, aquecendo um mercado que ganha cada vez mais espa\u00e7o e reconhecimento. Cervejeiros locais v\u00eam conquistando paladares e ampliando opera\u00e7\u00f5es impulsionados pelo apoio da Empresa de Assist\u00eancia T\u00e9cnica e Extens\u00e3o Rural do DF (Emater-DF). Dados do Minist\u00e9rio da Agricultura [&hellip;]","og_url":"https:\/\/www.notibras.com\/site\/mestres-cervejeiros-recebem-assistencia-em-toda-a-cadeia-produtiva\/","og_site_name":"Notibras","article_publisher":"https:\/\/www.facebook.com\/notibras\/","article_published_time":"2024-03-18T03:33:31+00:00","article_modified_time":"2024-03-18T11:35:41+00:00","og_image":[{"width":799,"height":533,"url":"https:\/\/www.notibras.com\/site\/wp-content\/uploads\/2024\/03\/53593300138_ed978dd013_c.jpg","type":"image\/jpeg"}],"author":"Reda\u00e7\u00e3o","twitter_card":"summary_large_image","twitter_creator":"@Notibras","twitter_site":"@Notibras","twitter_misc":{"Escrito por":"Reda\u00e7\u00e3o","Est. tempo de leitura":"4 minutos"},"schema":{"@context":"https:\/\/schema.org","@graph":[{"@type":"Article","@id":"https:\/\/www.notibras.com\/site\/mestres-cervejeiros-recebem-assistencia-em-toda-a-cadeia-produtiva\/#article","isPartOf":{"@id":"https:\/\/www.notibras.com\/site\/mestres-cervejeiros-recebem-assistencia-em-toda-a-cadeia-produtiva\/"},"author":{"name":"Reda\u00e7\u00e3o","@id":"https:\/\/www.notibras.com\/site\/#\/schema\/person\/36ab0979449956132d3e5b517ea76ac8"},"headline":"Mestres cervejeiros recebem assist\u00eancia em toda a cadeia produtiva","datePublished":"2024-03-18T03:33:31+00:00","dateModified":"2024-03-18T11:35:41+00:00","mainEntityOfPage":{"@id":"https:\/\/www.notibras.com\/site\/mestres-cervejeiros-recebem-assistencia-em-toda-a-cadeia-produtiva\/"},"wordCount":599,"publisher":{"@id":"https:\/\/www.notibras.com\/site\/#organization"},"image":{"@id":"https:\/\/www.notibras.com\/site\/mestres-cervejeiros-recebem-assistencia-em-toda-a-cadeia-produtiva\/#primaryimage"},"thumbnailUrl":"https:\/\/www.notibras.com\/site\/wp-content\/uploads\/2024\/03\/53593300138_ed978dd013_c.jpg","articleSection":["Quadradinho em Foco"],"inLanguage":"pt-BR"},{"@type":"WebPage","@id":"https:\/\/www.notibras.com\/site\/mestres-cervejeiros-recebem-assistencia-em-toda-a-cadeia-produtiva\/","url":"https:\/\/www.notibras.com\/site\/mestres-cervejeiros-recebem-assistencia-em-toda-a-cadeia-produtiva\/","name":"Mestres cervejeiros recebem assist\u00eancia em toda a cadeia produtiva - Notibras","isPartOf":{"@id":"https:\/\/www.notibras.com\/site\/#website"},"primaryImageOfPage":{"@id":"https:\/\/www.notibras.com\/site\/mestres-cervejeiros-recebem-assistencia-em-toda-a-cadeia-produtiva\/#primaryimage"},"image":{"@id":"https:\/\/www.notibras.com\/site\/mestres-cervejeiros-recebem-assistencia-em-toda-a-cadeia-produtiva\/#primaryimage"},"thumbnailUrl":"https:\/\/www.notibras.com\/site\/wp-content\/uploads\/2024\/03\/53593300138_ed978dd013_c.jpg","datePublished":"2024-03-18T03:33:31+00:00","dateModified":"2024-03-18T11:35:41+00:00","breadcrumb":{"@id":"https:\/\/www.notibras.com\/site\/mestres-cervejeiros-recebem-assistencia-em-toda-a-cadeia-produtiva\/#breadcrumb"},"inLanguage":"pt-BR","potentialAction":[{"@type":"ReadAction","target":["https:\/\/www.notibras.com\/site\/mestres-cervejeiros-recebem-assistencia-em-toda-a-cadeia-produtiva\/"]}]},{"@type":"ImageObject","inLanguage":"pt-BR","@id":"https:\/\/www.notibras.com\/site\/mestres-cervejeiros-recebem-assistencia-em-toda-a-cadeia-produtiva\/#primaryimage","url":"https:\/\/www.notibras.com\/site\/wp-content\/uploads\/2024\/03\/53593300138_ed978dd013_c.jpg","contentUrl":"https:\/\/www.notibras.com\/site\/wp-content\/uploads\/2024\/03\/53593300138_ed978dd013_c.jpg","width":799,"height":533},{"@type":"BreadcrumbList","@id":"https:\/\/www.notibras.com\/site\/mestres-cervejeiros-recebem-assistencia-em-toda-a-cadeia-produtiva\/#breadcrumb","itemListElement":[{"@type":"ListItem","position":1,"name":"In\u00edcio","item":"https:\/\/www.notibras.com\/site\/"},{"@type":"ListItem","position":2,"name":"Mestres cervejeiros recebem assist\u00eancia em toda a cadeia produtiva"}]},{"@type":"WebSite","@id":"https:\/\/www.notibras.com\/site\/#website","url":"https:\/\/www.notibras.com\/site\/","name":"Notibras","description":"Not\u00edcias de Bras\u00edlia, do Brasil e do Mundo","publisher":{"@id":"https:\/\/www.notibras.com\/site\/#organization"},"potentialAction":[{"@type":"SearchAction","target":{"@type":"EntryPoint","urlTemplate":"https:\/\/www.notibras.com\/site\/?s={search_term_string}"},"query-input":{"@type":"PropertyValueSpecification","valueRequired":true,"valueName":"search_term_string"}}],"inLanguage":"pt-BR"},{"@type":"Organization","@id":"https:\/\/www.notibras.com\/site\/#organization","name":"Grupo Notibras de Comunica\u00e7\u00e3o","url":"https:\/\/www.notibras.com\/site\/","logo":{"@type":"ImageObject","inLanguage":"pt-BR","@id":"https:\/\/www.notibras.com\/site\/#\/schema\/logo\/image\/","url":"https:\/\/www.notibras.com\/site\/wp-content\/uploads\/2023\/01\/notibras23.png","contentUrl":"https:\/\/www.notibras.com\/site\/wp-content\/uploads\/2023\/01\/notibras23.png","width":350,"height":87,"caption":"Grupo Notibras de Comunica\u00e7\u00e3o"},"image":{"@id":"https:\/\/www.notibras.com\/site\/#\/schema\/logo\/image\/"},"sameAs":["https:\/\/www.facebook.com\/notibras\/","https:\/\/x.com\/Notibras","https:\/\/www.instagram.com\/notibras\/"]},{"@type":"Person","@id":"https:\/\/www.notibras.com\/site\/#\/schema\/person\/36ab0979449956132d3e5b517ea76ac8","name":"Reda\u00e7\u00e3o","image":{"@type":"ImageObject","inLanguage":"pt-BR","@id":"https:\/\/secure.gravatar.com\/avatar\/e0a867bdedb85fd243eadf09663511f96fc81e0720a4a42581f334ad4303aa6b?s=96&d=mm&r=g","url":"https:\/\/secure.gravatar.com\/avatar\/e0a867bdedb85fd243eadf09663511f96fc81e0720a4a42581f334ad4303aa6b?s=96&d=mm&r=g","contentUrl":"https:\/\/secure.gravatar.com\/avatar\/e0a867bdedb85fd243eadf09663511f96fc81e0720a4a42581f334ad4303aa6b?s=96&d=mm&r=g","caption":"Reda\u00e7\u00e3o"}}]}},"amp_enabled":true,"_links":{"self":[{"href":"https:\/\/www.notibras.com\/site\/wp-json\/wp\/v2\/posts\/324914","targetHints":{"allow":["GET"]}}],"collection":[{"href":"https:\/\/www.notibras.com\/site\/wp-json\/wp\/v2\/posts"}],"about":[{"href":"https:\/\/www.notibras.com\/site\/wp-json\/wp\/v2\/types\/post"}],"author":[{"embeddable":true,"href":"https:\/\/www.notibras.com\/site\/wp-json\/wp\/v2\/users\/2"}],"replies":[{"embeddable":true,"href":"https:\/\/www.notibras.com\/site\/wp-json\/wp\/v2\/comments?post=324914"}],"version-history":[{"count":1,"href":"https:\/\/www.notibras.com\/site\/wp-json\/wp\/v2\/posts\/324914\/revisions"}],"predecessor-version":[{"id":324916,"href":"https:\/\/www.notibras.com\/site\/wp-json\/wp\/v2\/posts\/324914\/revisions\/324916"}],"wp:featuredmedia":[{"embeddable":true,"href":"https:\/\/www.notibras.com\/site\/wp-json\/wp\/v2\/media\/324915"}],"wp:attachment":[{"href":"https:\/\/www.notibras.com\/site\/wp-json\/wp\/v2\/media?parent=324914"}],"wp:term":[{"taxonomy":"category","embeddable":true,"href":"https:\/\/www.notibras.com\/site\/wp-json\/wp\/v2\/categories?post=324914"},{"taxonomy":"post_tag","embeddable":true,"href":"https:\/\/www.notibras.com\/site\/wp-json\/wp\/v2\/tags?post=324914"}],"curies":[{"name":"wp","href":"https:\/\/api.w.org\/{rel}","templated":true}]}}