{"id":324917,"date":"2024-03-18T00:00:43","date_gmt":"2024-03-18T03:00:43","guid":{"rendered":"https:\/\/www.notibras.com\/site\/?p=324917"},"modified":"2024-03-18T08:40:56","modified_gmt":"2024-03-18T11:40:56","slug":"exposicao-ao-sol-exige-cuidados-especiais-com-a-pele","status":"publish","type":"post","link":"https:\/\/www.notibras.com\/site\/exposicao-ao-sol-exige-cuidados-especiais-com-a-pele\/","title":{"rendered":"Exposi\u00e7\u00e3o ao sol exige cuidados especiais com a pele"},"content":{"rendered":"<p>O ver\u00e3o do Hemisf\u00e9rio Sul segue oficialmente at\u00e9 quarta-feira (20), trazendo altas temperaturas e maior incid\u00eancia da radia\u00e7\u00e3o solar. \u00c9 durante a esta\u00e7\u00e3o que os brasileiros mais aproveitam os dias longos nos clubes e nas piscinas \u2013 condi\u00e7\u00e3o clim\u00e1tica que costuma prosseguir por mais tempo ap\u00f3s a entrada do outono. Da\u00ed surge o alerta que vale para toda a temporada: a intensa exposi\u00e7\u00e3o ao sol exige uma s\u00e9rie de cuidados para evitar rea\u00e7\u00f5es, como queimadura e insola\u00e7\u00e3o, e a potencializa\u00e7\u00e3o do fator de risco ao c\u00e2ncer de pele.<\/p>\n<p>\u201cO c\u00e2ncer de pele \u00e9, sem d\u00favidas, o maior risco da exposi\u00e7\u00e3o solar nas f\u00e9rias de ver\u00e3o porque \u00e9 uma exposi\u00e7\u00e3o muito intensa e que ocorre por v\u00e1rios dias. Por isso, \u00e9 necess\u00e1rio usar todas as formas para se proteger do sol durante o per\u00edodo\u201d, avalia a respons\u00e1vel t\u00e9cnica Fernanda Duran, colaboradora de dermatologia da Secretaria de Sa\u00fade (SES-DF).<\/p>\n<p>Estudos mostram que o filtro solar sozinho n\u00e3o consegue bloquear totalmente o contato do corpo com os raios solares. Por esse motivo \u00e9 recomendado ainda o uso de roupas com fatores com fatores UV certificadas. O material protege at\u00e9 98% dos raios de entrada na pele, sendo indicado, principalmente, para crian\u00e7as e idosos. Al\u00e9m disso, chap\u00e9us e bon\u00e9s devem ser inclu\u00eddos como prote\u00e7\u00e3o.<\/p>\n<p>Para evitar complica\u00e7\u00f5es, \u00e9 recomendado a boa hidrata\u00e7\u00e3o, com muita \u00e1gua, \u00e1gua de coco e suco, evitando o consumo de bebida alco\u00f3lica. Quem optar pela ingest\u00e3o de \u00e1lcool deve dobrar a quantidade de \u00e1gua. \u201cA hidrata\u00e7\u00e3o \u00e9 important\u00edssima porque, se a pessoa n\u00e3o bebe um l\u00edquido, vai desidratando as c\u00e9lulas e acaba tendo uma insola\u00e7\u00e3o ou uma queimadura\u201d, explica Fernanda Duran. A alimenta\u00e7\u00e3o tamb\u00e9m interfere na sa\u00fade da pele, por isso \u00e9 prefer\u00edvel evitar alimentos como frituras, a\u00e7\u00facares e derivados do leite.<\/p>\n<p>A desidrata\u00e7\u00e3o da pele devido \u00e0 exposi\u00e7\u00e3o excessiva ao sol pode resultar em queimadura e insola\u00e7\u00e3o, ocasionando sintomas como n\u00e1useas, v\u00f4mitos, diarreias e at\u00e9 arritmias. \u201c\u00c9 preciso aumentar a ingest\u00e3o h\u00eddrica e n\u00e3o se expor novamente ao sol\u201d, acrescenta. Em caso da apresenta\u00e7\u00e3o de qualquer um desses sinais, a pessoa deve procurar a unidade b\u00e1sica de sa\u00fade (UBS) mais pr\u00f3xima.<\/p>\n","protected":false},"excerpt":{"rendered":"<p>O ver\u00e3o do Hemisf\u00e9rio Sul segue oficialmente at\u00e9 quarta-feira (20), trazendo altas temperaturas e maior incid\u00eancia da radia\u00e7\u00e3o solar. \u00c9 durante a esta\u00e7\u00e3o que os brasileiros mais aproveitam os dias longos nos clubes e nas piscinas \u2013 condi\u00e7\u00e3o clim\u00e1tica que costuma prosseguir por mais tempo ap\u00f3s a entrada do outono. Da\u00ed surge o alerta que [&hellip;]<\/p>\n","protected":false},"author":2,"featured_media":278184,"comment_status":"closed","ping_status":"closed","sticky":false,"template":"","format":"standard","meta":{"_acf_changed":false,"footnotes":""},"categories":[161],"tags":[],"class_list":["post-324917","post","type-post","status-publish","format-standard","has-post-thumbnail","hentry","category-quadradinho-em-foco"],"acf":[],"yoast_head":"<!-- This site is optimized with the Yoast SEO plugin v27.2 - https:\/\/yoast.com\/product\/yoast-seo-wordpress\/ -->\n<title>Exposi\u00e7\u00e3o ao sol exige cuidados especiais com a pele - Notibras<\/title>\n<meta name=\"robots\" content=\"index, follow, max-snippet:-1, max-image-preview:large, max-video-preview:-1\" \/>\n<link rel=\"canonical\" href=\"https:\/\/www.notibras.com\/site\/exposicao-ao-sol-exige-cuidados-especiais-com-a-pele\/\" \/>\n<meta property=\"og:locale\" content=\"pt_BR\" \/>\n<meta property=\"og:type\" content=\"article\" \/>\n<meta property=\"og:title\" content=\"Exposi\u00e7\u00e3o ao sol exige cuidados especiais com a pele - Notibras\" \/>\n<meta property=\"og:description\" content=\"O ver\u00e3o do Hemisf\u00e9rio Sul segue oficialmente at\u00e9 quarta-feira (20), trazendo altas temperaturas e maior incid\u00eancia da radia\u00e7\u00e3o solar. \u00c9 durante a esta\u00e7\u00e3o que os brasileiros mais aproveitam os dias longos nos clubes e nas piscinas \u2013 condi\u00e7\u00e3o clim\u00e1tica que costuma prosseguir por mais tempo ap\u00f3s a entrada do outono. Da\u00ed surge o alerta que [&hellip;]\" \/>\n<meta property=\"og:url\" content=\"https:\/\/www.notibras.com\/site\/exposicao-ao-sol-exige-cuidados-especiais-com-a-pele\/\" \/>\n<meta property=\"og:site_name\" content=\"Notibras\" \/>\n<meta property=\"article:publisher\" content=\"https:\/\/www.facebook.com\/notibras\/\" \/>\n<meta property=\"article:published_time\" content=\"2024-03-18T03:00:43+00:00\" \/>\n<meta property=\"article:modified_time\" content=\"2024-03-18T11:40:56+00:00\" \/>\n<meta property=\"og:image\" content=\"https:\/\/www.notibras.com\/site\/wp-content\/uploads\/2022\/01\/calor-extermo.webp\" \/>\n\t<meta property=\"og:image:width\" content=\"800\" \/>\n\t<meta property=\"og:image:height\" content=\"450\" \/>\n\t<meta property=\"og:image:type\" content=\"image\/webp\" \/>\n<meta name=\"author\" content=\"Reda\u00e7\u00e3o\" \/>\n<meta name=\"twitter:card\" content=\"summary_large_image\" \/>\n<meta name=\"twitter:creator\" content=\"@Notibras\" \/>\n<meta name=\"twitter:site\" content=\"@Notibras\" \/>\n<meta name=\"twitter:label1\" content=\"Escrito por\" \/>\n\t<meta name=\"twitter:data1\" content=\"Reda\u00e7\u00e3o\" \/>\n\t<meta name=\"twitter:label2\" content=\"Est. tempo de leitura\" \/>\n\t<meta name=\"twitter:data2\" content=\"3 minutos\" \/>\n<script type=\"application\/ld+json\" class=\"yoast-schema-graph\">{\"@context\":\"https:\/\/schema.org\",\"@graph\":[{\"@type\":\"Article\",\"@id\":\"https:\/\/www.notibras.com\/site\/exposicao-ao-sol-exige-cuidados-especiais-com-a-pele\/#article\",\"isPartOf\":{\"@id\":\"https:\/\/www.notibras.com\/site\/exposicao-ao-sol-exige-cuidados-especiais-com-a-pele\/\"},\"author\":{\"name\":\"Reda\u00e7\u00e3o\",\"@id\":\"https:\/\/www.notibras.com\/site\/#\/schema\/person\/36ab0979449956132d3e5b517ea76ac8\"},\"headline\":\"Exposi\u00e7\u00e3o ao sol exige cuidados especiais com a pele\",\"datePublished\":\"2024-03-18T03:00:43+00:00\",\"dateModified\":\"2024-03-18T11:40:56+00:00\",\"mainEntityOfPage\":{\"@id\":\"https:\/\/www.notibras.com\/site\/exposicao-ao-sol-exige-cuidados-especiais-com-a-pele\/\"},\"wordCount\":409,\"publisher\":{\"@id\":\"https:\/\/www.notibras.com\/site\/#organization\"},\"image\":{\"@id\":\"https:\/\/www.notibras.com\/site\/exposicao-ao-sol-exige-cuidados-especiais-com-a-pele\/#primaryimage\"},\"thumbnailUrl\":\"https:\/\/www.notibras.com\/site\/wp-content\/uploads\/2022\/01\/calor-extermo.webp\",\"articleSection\":[\"Quadradinho em Foco\"],\"inLanguage\":\"pt-BR\"},{\"@type\":\"WebPage\",\"@id\":\"https:\/\/www.notibras.com\/site\/exposicao-ao-sol-exige-cuidados-especiais-com-a-pele\/\",\"url\":\"https:\/\/www.notibras.com\/site\/exposicao-ao-sol-exige-cuidados-especiais-com-a-pele\/\",\"name\":\"Exposi\u00e7\u00e3o ao sol exige cuidados especiais com a pele - Notibras\",\"isPartOf\":{\"@id\":\"https:\/\/www.notibras.com\/site\/#website\"},\"primaryImageOfPage\":{\"@id\":\"https:\/\/www.notibras.com\/site\/exposicao-ao-sol-exige-cuidados-especiais-com-a-pele\/#primaryimage\"},\"image\":{\"@id\":\"https:\/\/www.notibras.com\/site\/exposicao-ao-sol-exige-cuidados-especiais-com-a-pele\/#primaryimage\"},\"thumbnailUrl\":\"https:\/\/www.notibras.com\/site\/wp-content\/uploads\/2022\/01\/calor-extermo.webp\",\"datePublished\":\"2024-03-18T03:00:43+00:00\",\"dateModified\":\"2024-03-18T11:40:56+00:00\",\"breadcrumb\":{\"@id\":\"https:\/\/www.notibras.com\/site\/exposicao-ao-sol-exige-cuidados-especiais-com-a-pele\/#breadcrumb\"},\"inLanguage\":\"pt-BR\",\"potentialAction\":[{\"@type\":\"ReadAction\",\"target\":[\"https:\/\/www.notibras.com\/site\/exposicao-ao-sol-exige-cuidados-especiais-com-a-pele\/\"]}]},{\"@type\":\"ImageObject\",\"inLanguage\":\"pt-BR\",\"@id\":\"https:\/\/www.notibras.com\/site\/exposicao-ao-sol-exige-cuidados-especiais-com-a-pele\/#primaryimage\",\"url\":\"https:\/\/www.notibras.com\/site\/wp-content\/uploads\/2022\/01\/calor-extermo.webp\",\"contentUrl\":\"https:\/\/www.notibras.com\/site\/wp-content\/uploads\/2022\/01\/calor-extermo.webp\",\"width\":800,\"height\":450},{\"@type\":\"BreadcrumbList\",\"@id\":\"https:\/\/www.notibras.com\/site\/exposicao-ao-sol-exige-cuidados-especiais-com-a-pele\/#breadcrumb\",\"itemListElement\":[{\"@type\":\"ListItem\",\"position\":1,\"name\":\"In\u00edcio\",\"item\":\"https:\/\/www.notibras.com\/site\/\"},{\"@type\":\"ListItem\",\"position\":2,\"name\":\"Exposi\u00e7\u00e3o ao sol exige cuidados especiais com a pele\"}]},{\"@type\":\"WebSite\",\"@id\":\"https:\/\/www.notibras.com\/site\/#website\",\"url\":\"https:\/\/www.notibras.com\/site\/\",\"name\":\"Notibras\",\"description\":\"Not\u00edcias de Bras\u00edlia, do Brasil e do Mundo\",\"publisher\":{\"@id\":\"https:\/\/www.notibras.com\/site\/#organization\"},\"potentialAction\":[{\"@type\":\"SearchAction\",\"target\":{\"@type\":\"EntryPoint\",\"urlTemplate\":\"https:\/\/www.notibras.com\/site\/?s={search_term_string}\"},\"query-input\":{\"@type\":\"PropertyValueSpecification\",\"valueRequired\":true,\"valueName\":\"search_term_string\"}}],\"inLanguage\":\"pt-BR\"},{\"@type\":\"Organization\",\"@id\":\"https:\/\/www.notibras.com\/site\/#organization\",\"name\":\"Grupo Notibras de Comunica\u00e7\u00e3o\",\"url\":\"https:\/\/www.notibras.com\/site\/\",\"logo\":{\"@type\":\"ImageObject\",\"inLanguage\":\"pt-BR\",\"@id\":\"https:\/\/www.notibras.com\/site\/#\/schema\/logo\/image\/\",\"url\":\"https:\/\/www.notibras.com\/site\/wp-content\/uploads\/2023\/01\/notibras23.png\",\"contentUrl\":\"https:\/\/www.notibras.com\/site\/wp-content\/uploads\/2023\/01\/notibras23.png\",\"width\":350,\"height\":87,\"caption\":\"Grupo Notibras de Comunica\u00e7\u00e3o\"},\"image\":{\"@id\":\"https:\/\/www.notibras.com\/site\/#\/schema\/logo\/image\/\"},\"sameAs\":[\"https:\/\/www.facebook.com\/notibras\/\",\"https:\/\/x.com\/Notibras\",\"https:\/\/www.instagram.com\/notibras\/\"]},{\"@type\":\"Person\",\"@id\":\"https:\/\/www.notibras.com\/site\/#\/schema\/person\/36ab0979449956132d3e5b517ea76ac8\",\"name\":\"Reda\u00e7\u00e3o\",\"image\":{\"@type\":\"ImageObject\",\"inLanguage\":\"pt-BR\",\"@id\":\"https:\/\/secure.gravatar.com\/avatar\/e0a867bdedb85fd243eadf09663511f96fc81e0720a4a42581f334ad4303aa6b?s=96&d=mm&r=g\",\"url\":\"https:\/\/secure.gravatar.com\/avatar\/e0a867bdedb85fd243eadf09663511f96fc81e0720a4a42581f334ad4303aa6b?s=96&d=mm&r=g\",\"contentUrl\":\"https:\/\/secure.gravatar.com\/avatar\/e0a867bdedb85fd243eadf09663511f96fc81e0720a4a42581f334ad4303aa6b?s=96&d=mm&r=g\",\"caption\":\"Reda\u00e7\u00e3o\"}}]}<\/script>\n<!-- \/ Yoast SEO plugin. -->","yoast_head_json":{"title":"Exposi\u00e7\u00e3o ao sol exige cuidados especiais com a pele - Notibras","robots":{"index":"index","follow":"follow","max-snippet":"max-snippet:-1","max-image-preview":"max-image-preview:large","max-video-preview":"max-video-preview:-1"},"canonical":"https:\/\/www.notibras.com\/site\/exposicao-ao-sol-exige-cuidados-especiais-com-a-pele\/","og_locale":"pt_BR","og_type":"article","og_title":"Exposi\u00e7\u00e3o ao sol exige cuidados especiais com a pele - Notibras","og_description":"O ver\u00e3o do Hemisf\u00e9rio Sul segue oficialmente at\u00e9 quarta-feira (20), trazendo altas temperaturas e maior incid\u00eancia da radia\u00e7\u00e3o solar. \u00c9 durante a esta\u00e7\u00e3o que os brasileiros mais aproveitam os dias longos nos clubes e nas piscinas \u2013 condi\u00e7\u00e3o clim\u00e1tica que costuma prosseguir por mais tempo ap\u00f3s a entrada do outono. Da\u00ed surge o alerta que [&hellip;]","og_url":"https:\/\/www.notibras.com\/site\/exposicao-ao-sol-exige-cuidados-especiais-com-a-pele\/","og_site_name":"Notibras","article_publisher":"https:\/\/www.facebook.com\/notibras\/","article_published_time":"2024-03-18T03:00:43+00:00","article_modified_time":"2024-03-18T11:40:56+00:00","og_image":[{"width":800,"height":450,"url":"https:\/\/www.notibras.com\/site\/wp-content\/uploads\/2022\/01\/calor-extermo.webp","type":"image\/webp"}],"author":"Reda\u00e7\u00e3o","twitter_card":"summary_large_image","twitter_creator":"@Notibras","twitter_site":"@Notibras","twitter_misc":{"Escrito por":"Reda\u00e7\u00e3o","Est. tempo de leitura":"3 minutos"},"schema":{"@context":"https:\/\/schema.org","@graph":[{"@type":"Article","@id":"https:\/\/www.notibras.com\/site\/exposicao-ao-sol-exige-cuidados-especiais-com-a-pele\/#article","isPartOf":{"@id":"https:\/\/www.notibras.com\/site\/exposicao-ao-sol-exige-cuidados-especiais-com-a-pele\/"},"author":{"name":"Reda\u00e7\u00e3o","@id":"https:\/\/www.notibras.com\/site\/#\/schema\/person\/36ab0979449956132d3e5b517ea76ac8"},"headline":"Exposi\u00e7\u00e3o ao sol exige cuidados especiais com a pele","datePublished":"2024-03-18T03:00:43+00:00","dateModified":"2024-03-18T11:40:56+00:00","mainEntityOfPage":{"@id":"https:\/\/www.notibras.com\/site\/exposicao-ao-sol-exige-cuidados-especiais-com-a-pele\/"},"wordCount":409,"publisher":{"@id":"https:\/\/www.notibras.com\/site\/#organization"},"image":{"@id":"https:\/\/www.notibras.com\/site\/exposicao-ao-sol-exige-cuidados-especiais-com-a-pele\/#primaryimage"},"thumbnailUrl":"https:\/\/www.notibras.com\/site\/wp-content\/uploads\/2022\/01\/calor-extermo.webp","articleSection":["Quadradinho em Foco"],"inLanguage":"pt-BR"},{"@type":"WebPage","@id":"https:\/\/www.notibras.com\/site\/exposicao-ao-sol-exige-cuidados-especiais-com-a-pele\/","url":"https:\/\/www.notibras.com\/site\/exposicao-ao-sol-exige-cuidados-especiais-com-a-pele\/","name":"Exposi\u00e7\u00e3o ao sol exige cuidados especiais com a pele - Notibras","isPartOf":{"@id":"https:\/\/www.notibras.com\/site\/#website"},"primaryImageOfPage":{"@id":"https:\/\/www.notibras.com\/site\/exposicao-ao-sol-exige-cuidados-especiais-com-a-pele\/#primaryimage"},"image":{"@id":"https:\/\/www.notibras.com\/site\/exposicao-ao-sol-exige-cuidados-especiais-com-a-pele\/#primaryimage"},"thumbnailUrl":"https:\/\/www.notibras.com\/site\/wp-content\/uploads\/2022\/01\/calor-extermo.webp","datePublished":"2024-03-18T03:00:43+00:00","dateModified":"2024-03-18T11:40:56+00:00","breadcrumb":{"@id":"https:\/\/www.notibras.com\/site\/exposicao-ao-sol-exige-cuidados-especiais-com-a-pele\/#breadcrumb"},"inLanguage":"pt-BR","potentialAction":[{"@type":"ReadAction","target":["https:\/\/www.notibras.com\/site\/exposicao-ao-sol-exige-cuidados-especiais-com-a-pele\/"]}]},{"@type":"ImageObject","inLanguage":"pt-BR","@id":"https:\/\/www.notibras.com\/site\/exposicao-ao-sol-exige-cuidados-especiais-com-a-pele\/#primaryimage","url":"https:\/\/www.notibras.com\/site\/wp-content\/uploads\/2022\/01\/calor-extermo.webp","contentUrl":"https:\/\/www.notibras.com\/site\/wp-content\/uploads\/2022\/01\/calor-extermo.webp","width":800,"height":450},{"@type":"BreadcrumbList","@id":"https:\/\/www.notibras.com\/site\/exposicao-ao-sol-exige-cuidados-especiais-com-a-pele\/#breadcrumb","itemListElement":[{"@type":"ListItem","position":1,"name":"In\u00edcio","item":"https:\/\/www.notibras.com\/site\/"},{"@type":"ListItem","position":2,"name":"Exposi\u00e7\u00e3o ao sol exige cuidados especiais com a pele"}]},{"@type":"WebSite","@id":"https:\/\/www.notibras.com\/site\/#website","url":"https:\/\/www.notibras.com\/site\/","name":"Notibras","description":"Not\u00edcias de Bras\u00edlia, do Brasil e do Mundo","publisher":{"@id":"https:\/\/www.notibras.com\/site\/#organization"},"potentialAction":[{"@type":"SearchAction","target":{"@type":"EntryPoint","urlTemplate":"https:\/\/www.notibras.com\/site\/?s={search_term_string}"},"query-input":{"@type":"PropertyValueSpecification","valueRequired":true,"valueName":"search_term_string"}}],"inLanguage":"pt-BR"},{"@type":"Organization","@id":"https:\/\/www.notibras.com\/site\/#organization","name":"Grupo Notibras de Comunica\u00e7\u00e3o","url":"https:\/\/www.notibras.com\/site\/","logo":{"@type":"ImageObject","inLanguage":"pt-BR","@id":"https:\/\/www.notibras.com\/site\/#\/schema\/logo\/image\/","url":"https:\/\/www.notibras.com\/site\/wp-content\/uploads\/2023\/01\/notibras23.png","contentUrl":"https:\/\/www.notibras.com\/site\/wp-content\/uploads\/2023\/01\/notibras23.png","width":350,"height":87,"caption":"Grupo Notibras de Comunica\u00e7\u00e3o"},"image":{"@id":"https:\/\/www.notibras.com\/site\/#\/schema\/logo\/image\/"},"sameAs":["https:\/\/www.facebook.com\/notibras\/","https:\/\/x.com\/Notibras","https:\/\/www.instagram.com\/notibras\/"]},{"@type":"Person","@id":"https:\/\/www.notibras.com\/site\/#\/schema\/person\/36ab0979449956132d3e5b517ea76ac8","name":"Reda\u00e7\u00e3o","image":{"@type":"ImageObject","inLanguage":"pt-BR","@id":"https:\/\/secure.gravatar.com\/avatar\/e0a867bdedb85fd243eadf09663511f96fc81e0720a4a42581f334ad4303aa6b?s=96&d=mm&r=g","url":"https:\/\/secure.gravatar.com\/avatar\/e0a867bdedb85fd243eadf09663511f96fc81e0720a4a42581f334ad4303aa6b?s=96&d=mm&r=g","contentUrl":"https:\/\/secure.gravatar.com\/avatar\/e0a867bdedb85fd243eadf09663511f96fc81e0720a4a42581f334ad4303aa6b?s=96&d=mm&r=g","caption":"Reda\u00e7\u00e3o"}}]}},"amp_enabled":true,"_links":{"self":[{"href":"https:\/\/www.notibras.com\/site\/wp-json\/wp\/v2\/posts\/324917","targetHints":{"allow":["GET"]}}],"collection":[{"href":"https:\/\/www.notibras.com\/site\/wp-json\/wp\/v2\/posts"}],"about":[{"href":"https:\/\/www.notibras.com\/site\/wp-json\/wp\/v2\/types\/post"}],"author":[{"embeddable":true,"href":"https:\/\/www.notibras.com\/site\/wp-json\/wp\/v2\/users\/2"}],"replies":[{"embeddable":true,"href":"https:\/\/www.notibras.com\/site\/wp-json\/wp\/v2\/comments?post=324917"}],"version-history":[{"count":1,"href":"https:\/\/www.notibras.com\/site\/wp-json\/wp\/v2\/posts\/324917\/revisions"}],"predecessor-version":[{"id":324918,"href":"https:\/\/www.notibras.com\/site\/wp-json\/wp\/v2\/posts\/324917\/revisions\/324918"}],"wp:featuredmedia":[{"embeddable":true,"href":"https:\/\/www.notibras.com\/site\/wp-json\/wp\/v2\/media\/278184"}],"wp:attachment":[{"href":"https:\/\/www.notibras.com\/site\/wp-json\/wp\/v2\/media?parent=324917"}],"wp:term":[{"taxonomy":"category","embeddable":true,"href":"https:\/\/www.notibras.com\/site\/wp-json\/wp\/v2\/categories?post=324917"},{"taxonomy":"post_tag","embeddable":true,"href":"https:\/\/www.notibras.com\/site\/wp-json\/wp\/v2\/tags?post=324917"}],"curies":[{"name":"wp","href":"https:\/\/api.w.org\/{rel}","templated":true}]}}