{"id":324919,"date":"2024-03-18T00:00:58","date_gmt":"2024-03-18T03:00:58","guid":{"rendered":"https:\/\/www.notibras.com\/site\/?p=324919"},"modified":"2024-03-18T08:51:43","modified_gmt":"2024-03-18T11:51:43","slug":"abertas-inscricoes-para-conselheiros-regionais-de-cultura","status":"publish","type":"post","link":"https:\/\/www.notibras.com\/site\/abertas-inscricoes-para-conselheiros-regionais-de-cultura\/","title":{"rendered":"Abertas inscri\u00e7\u00f5es para conselheiros regionais de cultura"},"content":{"rendered":"<p>O Governo do Distrito Federal (GDF) convida representantes da sociedade civil com atua\u00e7\u00e3o na \u00e1rea cultural para compor os conselhos regionais de cultura de 15 regi\u00f5es administrativas (RAs). As inscri\u00e7\u00f5es est\u00e3o abertas at\u00e9 12 de abril, com mandatos para o tri\u00eanio 2024\/2027.<\/p>\n<p>Os conselheiros de cultura s\u00e3o parceiros do governo e dos artistas locais, e t\u00eam como foco promover o desenvolvimento das express\u00f5es culturais na regi\u00e3o onde vivem. A atua\u00e7\u00e3o deles \u00e9 fundamental para articular apoio das secretarias a propostas plurais e abrangentes.<\/p>\n<p>Cabe a eles propor pol\u00edticas, programas e diretrizes culturais da capital, al\u00e9m de acompanhar e avaliar as iniciativas p\u00fablicas voltadas para o setor.<\/p>\n<p>As regi\u00f5es administrativas que est\u00e3o com inscri\u00e7\u00f5es abertas s\u00e3o: \u00c1guas Claras, Arapoanga, Arniqueira, Lago Sul, Santa Maria, SIA, Sobradinho II, Sobradinho, Sol Nascente\/P\u00f4r do Sol, Sudoeste\/Octogonal, Parano\u00e1 e Vicente Pires, Fercal, N\u00facleo Bandeirante e Park Way.<\/p>\n<p>O resultado do pleito para as regi\u00f5es da Fercal e do Park Way ser\u00e1 publicado apenas em setembro, ap\u00f3s o fim dos mandatos atuais.<\/p>\n<p><strong>Pluralidade art\u00edstica<\/strong><br \/>\nIntegrante do Conselho de Cultura do Distrito Federal (CCDF), Felipe Vitelli explica que um bom candidato \u00e0 fun\u00e7\u00e3o deve ter, al\u00e9m de toda a viv\u00eancia enquanto agente cultural, disponibilidade para estar pr\u00f3ximo \u00e0 comunidade, \u201cprotagonizando o movimento da cadeia da economia criativa dentro da RA\u201d.<\/p>\n<p>Podem se inscrever \u00e0s vagas representantes da comunidade cultural \u2013 artistas, agentes e difusores de cultura \u2013 que comprovem tr\u00eas anos de atua\u00e7\u00e3o no meio cultural do setor habitacional em que v\u00e3o se candidatar.<\/p>\n<p>Al\u00e9m disso, o postulante deve ser morador do Distrito Federal h\u00e1, pelo menos, dois anos. N\u00e3o \u00e9 necess\u00e1rio ser residente na regi\u00e3o administrativa em que se candidatou, basta comprovar atua\u00e7\u00e3o no local pelo per\u00edodo requisitado.<\/p>\n<p>Conselheiro regional de Cultura do Gama, Henrique Silco explica que o profissional atua como um intermedi\u00e1rio entre a din\u00e2mica cultural do setor e o poder p\u00fablico.<\/p>\n<p>\u201cO papel do conselheiro \u00e9 auxiliar os agentes culturais daquela RA a receber apoio do governo, fortalecer as condi\u00e7\u00f5es de vida na cidade, garantir maior visibilidade da produ\u00e7\u00e3o local e promover aux\u00edlio aos agentes culturais para que eles tenham condi\u00e7\u00f5es de acessar os fomentos\u201d, detalha.<\/p>\n","protected":false},"excerpt":{"rendered":"<p>O Governo do Distrito Federal (GDF) convida representantes da sociedade civil com atua\u00e7\u00e3o na \u00e1rea cultural para compor os conselhos regionais de cultura de 15 regi\u00f5es administrativas (RAs). As inscri\u00e7\u00f5es est\u00e3o abertas at\u00e9 12 de abril, com mandatos para o tri\u00eanio 2024\/2027. Os conselheiros de cultura s\u00e3o parceiros do governo e dos artistas locais, e [&hellip;]<\/p>\n","protected":false},"author":2,"featured_media":324920,"comment_status":"closed","ping_status":"closed","sticky":false,"template":"","format":"standard","meta":{"_acf_changed":false,"footnotes":""},"categories":[161],"tags":[],"class_list":["post-324919","post","type-post","status-publish","format-standard","has-post-thumbnail","hentry","category-quadradinho-em-foco"],"acf":[],"yoast_head":"<!-- This site is optimized with the Yoast SEO plugin v27.5 - https:\/\/yoast.com\/product\/yoast-seo-wordpress\/ -->\n<title>Abertas inscri\u00e7\u00f5es para conselheiros regionais de cultura - Notibras<\/title>\n<meta name=\"robots\" content=\"index, follow, max-snippet:-1, max-image-preview:large, max-video-preview:-1\" \/>\n<link rel=\"canonical\" href=\"https:\/\/www.notibras.com\/site\/abertas-inscricoes-para-conselheiros-regionais-de-cultura\/\" \/>\n<meta property=\"og:locale\" content=\"pt_BR\" \/>\n<meta property=\"og:type\" content=\"article\" \/>\n<meta property=\"og:title\" content=\"Abertas inscri\u00e7\u00f5es para conselheiros regionais de cultura - Notibras\" \/>\n<meta property=\"og:description\" content=\"O Governo do Distrito Federal (GDF) convida representantes da sociedade civil com atua\u00e7\u00e3o na \u00e1rea cultural para compor os conselhos regionais de cultura de 15 regi\u00f5es administrativas (RAs). As inscri\u00e7\u00f5es est\u00e3o abertas at\u00e9 12 de abril, com mandatos para o tri\u00eanio 2024\/2027. Os conselheiros de cultura s\u00e3o parceiros do governo e dos artistas locais, e [&hellip;]\" \/>\n<meta property=\"og:url\" content=\"https:\/\/www.notibras.com\/site\/abertas-inscricoes-para-conselheiros-regionais-de-cultura\/\" \/>\n<meta property=\"og:site_name\" content=\"Notibras\" \/>\n<meta property=\"article:publisher\" content=\"https:\/\/www.facebook.com\/notibras\/\" \/>\n<meta property=\"article:published_time\" content=\"2024-03-18T03:00:58+00:00\" \/>\n<meta property=\"article:modified_time\" content=\"2024-03-18T11:51:43+00:00\" \/>\n<meta property=\"og:image\" content=\"https:\/\/www.notibras.com\/site\/wp-content\/uploads\/2024\/03\/WhatsApp-Image-2024-03-15-at-16.28.12-1536x1020-1.jpeg\" \/>\n\t<meta property=\"og:image:width\" content=\"1536\" \/>\n\t<meta property=\"og:image:height\" content=\"1020\" \/>\n\t<meta property=\"og:image:type\" content=\"image\/jpeg\" \/>\n<meta name=\"author\" content=\"Reda\u00e7\u00e3o\" \/>\n<meta name=\"twitter:card\" content=\"summary_large_image\" \/>\n<meta name=\"twitter:creator\" content=\"@Notibras\" \/>\n<meta name=\"twitter:site\" content=\"@Notibras\" \/>\n<meta name=\"twitter:label1\" content=\"Escrito por\" \/>\n\t<meta name=\"twitter:data1\" content=\"Reda\u00e7\u00e3o\" \/>\n\t<meta name=\"twitter:label2\" content=\"Est. tempo de leitura\" \/>\n\t<meta name=\"twitter:data2\" content=\"3 minutos\" \/>\n<script type=\"application\/ld+json\" class=\"yoast-schema-graph\">{\"@context\":\"https:\\\/\\\/schema.org\",\"@graph\":[{\"@type\":\"Article\",\"@id\":\"https:\\\/\\\/www.notibras.com\\\/site\\\/abertas-inscricoes-para-conselheiros-regionais-de-cultura\\\/#article\",\"isPartOf\":{\"@id\":\"https:\\\/\\\/www.notibras.com\\\/site\\\/abertas-inscricoes-para-conselheiros-regionais-de-cultura\\\/\"},\"author\":{\"name\":\"Reda\u00e7\u00e3o\",\"@id\":\"https:\\\/\\\/www.notibras.com\\\/site\\\/#\\\/schema\\\/person\\\/36ab0979449956132d3e5b517ea76ac8\"},\"headline\":\"Abertas inscri\u00e7\u00f5es para conselheiros regionais de cultura\",\"datePublished\":\"2024-03-18T03:00:58+00:00\",\"dateModified\":\"2024-03-18T11:51:43+00:00\",\"mainEntityOfPage\":{\"@id\":\"https:\\\/\\\/www.notibras.com\\\/site\\\/abertas-inscricoes-para-conselheiros-regionais-de-cultura\\\/\"},\"wordCount\":395,\"publisher\":{\"@id\":\"https:\\\/\\\/www.notibras.com\\\/site\\\/#organization\"},\"image\":{\"@id\":\"https:\\\/\\\/www.notibras.com\\\/site\\\/abertas-inscricoes-para-conselheiros-regionais-de-cultura\\\/#primaryimage\"},\"thumbnailUrl\":\"https:\\\/\\\/www.notibras.com\\\/site\\\/wp-content\\\/uploads\\\/2024\\\/03\\\/WhatsApp-Image-2024-03-15-at-16.28.12-1536x1020-1.jpeg\",\"articleSection\":[\"Quadradinho em Foco\"],\"inLanguage\":\"pt-BR\"},{\"@type\":\"WebPage\",\"@id\":\"https:\\\/\\\/www.notibras.com\\\/site\\\/abertas-inscricoes-para-conselheiros-regionais-de-cultura\\\/\",\"url\":\"https:\\\/\\\/www.notibras.com\\\/site\\\/abertas-inscricoes-para-conselheiros-regionais-de-cultura\\\/\",\"name\":\"Abertas inscri\u00e7\u00f5es para conselheiros regionais de cultura - Notibras\",\"isPartOf\":{\"@id\":\"https:\\\/\\\/www.notibras.com\\\/site\\\/#website\"},\"primaryImageOfPage\":{\"@id\":\"https:\\\/\\\/www.notibras.com\\\/site\\\/abertas-inscricoes-para-conselheiros-regionais-de-cultura\\\/#primaryimage\"},\"image\":{\"@id\":\"https:\\\/\\\/www.notibras.com\\\/site\\\/abertas-inscricoes-para-conselheiros-regionais-de-cultura\\\/#primaryimage\"},\"thumbnailUrl\":\"https:\\\/\\\/www.notibras.com\\\/site\\\/wp-content\\\/uploads\\\/2024\\\/03\\\/WhatsApp-Image-2024-03-15-at-16.28.12-1536x1020-1.jpeg\",\"datePublished\":\"2024-03-18T03:00:58+00:00\",\"dateModified\":\"2024-03-18T11:51:43+00:00\",\"breadcrumb\":{\"@id\":\"https:\\\/\\\/www.notibras.com\\\/site\\\/abertas-inscricoes-para-conselheiros-regionais-de-cultura\\\/#breadcrumb\"},\"inLanguage\":\"pt-BR\",\"potentialAction\":[{\"@type\":\"ReadAction\",\"target\":[\"https:\\\/\\\/www.notibras.com\\\/site\\\/abertas-inscricoes-para-conselheiros-regionais-de-cultura\\\/\"]}]},{\"@type\":\"ImageObject\",\"inLanguage\":\"pt-BR\",\"@id\":\"https:\\\/\\\/www.notibras.com\\\/site\\\/abertas-inscricoes-para-conselheiros-regionais-de-cultura\\\/#primaryimage\",\"url\":\"https:\\\/\\\/www.notibras.com\\\/site\\\/wp-content\\\/uploads\\\/2024\\\/03\\\/WhatsApp-Image-2024-03-15-at-16.28.12-1536x1020-1.jpeg\",\"contentUrl\":\"https:\\\/\\\/www.notibras.com\\\/site\\\/wp-content\\\/uploads\\\/2024\\\/03\\\/WhatsApp-Image-2024-03-15-at-16.28.12-1536x1020-1.jpeg\",\"width\":1536,\"height\":1020},{\"@type\":\"BreadcrumbList\",\"@id\":\"https:\\\/\\\/www.notibras.com\\\/site\\\/abertas-inscricoes-para-conselheiros-regionais-de-cultura\\\/#breadcrumb\",\"itemListElement\":[{\"@type\":\"ListItem\",\"position\":1,\"name\":\"In\u00edcio\",\"item\":\"https:\\\/\\\/www.notibras.com\\\/site\\\/\"},{\"@type\":\"ListItem\",\"position\":2,\"name\":\"Abertas inscri\u00e7\u00f5es para conselheiros regionais de cultura\"}]},{\"@type\":\"WebSite\",\"@id\":\"https:\\\/\\\/www.notibras.com\\\/site\\\/#website\",\"url\":\"https:\\\/\\\/www.notibras.com\\\/site\\\/\",\"name\":\"Notibras\",\"description\":\"Not\u00edcias de Bras\u00edlia, do Brasil e do Mundo\",\"publisher\":{\"@id\":\"https:\\\/\\\/www.notibras.com\\\/site\\\/#organization\"},\"potentialAction\":[{\"@type\":\"SearchAction\",\"target\":{\"@type\":\"EntryPoint\",\"urlTemplate\":\"https:\\\/\\\/www.notibras.com\\\/site\\\/?s={search_term_string}\"},\"query-input\":{\"@type\":\"PropertyValueSpecification\",\"valueRequired\":true,\"valueName\":\"search_term_string\"}}],\"inLanguage\":\"pt-BR\"},{\"@type\":\"Organization\",\"@id\":\"https:\\\/\\\/www.notibras.com\\\/site\\\/#organization\",\"name\":\"Grupo Notibras de Comunica\u00e7\u00e3o\",\"url\":\"https:\\\/\\\/www.notibras.com\\\/site\\\/\",\"logo\":{\"@type\":\"ImageObject\",\"inLanguage\":\"pt-BR\",\"@id\":\"https:\\\/\\\/www.notibras.com\\\/site\\\/#\\\/schema\\\/logo\\\/image\\\/\",\"url\":\"https:\\\/\\\/www.notibras.com\\\/site\\\/wp-content\\\/uploads\\\/2023\\\/01\\\/notibras23.png\",\"contentUrl\":\"https:\\\/\\\/www.notibras.com\\\/site\\\/wp-content\\\/uploads\\\/2023\\\/01\\\/notibras23.png\",\"width\":350,\"height\":87,\"caption\":\"Grupo Notibras de Comunica\u00e7\u00e3o\"},\"image\":{\"@id\":\"https:\\\/\\\/www.notibras.com\\\/site\\\/#\\\/schema\\\/logo\\\/image\\\/\"},\"sameAs\":[\"https:\\\/\\\/www.facebook.com\\\/notibras\\\/\",\"https:\\\/\\\/x.com\\\/Notibras\",\"https:\\\/\\\/www.instagram.com\\\/notibras\\\/\"]},{\"@type\":\"Person\",\"@id\":\"https:\\\/\\\/www.notibras.com\\\/site\\\/#\\\/schema\\\/person\\\/36ab0979449956132d3e5b517ea76ac8\",\"name\":\"Reda\u00e7\u00e3o\",\"image\":{\"@type\":\"ImageObject\",\"inLanguage\":\"pt-BR\",\"@id\":\"https:\\\/\\\/secure.gravatar.com\\\/avatar\\\/e0a867bdedb85fd243eadf09663511f96fc81e0720a4a42581f334ad4303aa6b?s=96&d=mm&r=g\",\"url\":\"https:\\\/\\\/secure.gravatar.com\\\/avatar\\\/e0a867bdedb85fd243eadf09663511f96fc81e0720a4a42581f334ad4303aa6b?s=96&d=mm&r=g\",\"contentUrl\":\"https:\\\/\\\/secure.gravatar.com\\\/avatar\\\/e0a867bdedb85fd243eadf09663511f96fc81e0720a4a42581f334ad4303aa6b?s=96&d=mm&r=g\",\"caption\":\"Reda\u00e7\u00e3o\"}}]}<\/script>\n<!-- \/ Yoast SEO plugin. -->","yoast_head_json":{"title":"Abertas inscri\u00e7\u00f5es para conselheiros regionais de cultura - Notibras","robots":{"index":"index","follow":"follow","max-snippet":"max-snippet:-1","max-image-preview":"max-image-preview:large","max-video-preview":"max-video-preview:-1"},"canonical":"https:\/\/www.notibras.com\/site\/abertas-inscricoes-para-conselheiros-regionais-de-cultura\/","og_locale":"pt_BR","og_type":"article","og_title":"Abertas inscri\u00e7\u00f5es para conselheiros regionais de cultura - Notibras","og_description":"O Governo do Distrito Federal (GDF) convida representantes da sociedade civil com atua\u00e7\u00e3o na \u00e1rea cultural para compor os conselhos regionais de cultura de 15 regi\u00f5es administrativas (RAs). As inscri\u00e7\u00f5es est\u00e3o abertas at\u00e9 12 de abril, com mandatos para o tri\u00eanio 2024\/2027. Os conselheiros de cultura s\u00e3o parceiros do governo e dos artistas locais, e [&hellip;]","og_url":"https:\/\/www.notibras.com\/site\/abertas-inscricoes-para-conselheiros-regionais-de-cultura\/","og_site_name":"Notibras","article_publisher":"https:\/\/www.facebook.com\/notibras\/","article_published_time":"2024-03-18T03:00:58+00:00","article_modified_time":"2024-03-18T11:51:43+00:00","og_image":[{"width":1536,"height":1020,"url":"https:\/\/www.notibras.com\/site\/wp-content\/uploads\/2024\/03\/WhatsApp-Image-2024-03-15-at-16.28.12-1536x1020-1.jpeg","type":"image\/jpeg"}],"author":"Reda\u00e7\u00e3o","twitter_card":"summary_large_image","twitter_creator":"@Notibras","twitter_site":"@Notibras","twitter_misc":{"Escrito por":"Reda\u00e7\u00e3o","Est. tempo de leitura":"3 minutos"},"schema":{"@context":"https:\/\/schema.org","@graph":[{"@type":"Article","@id":"https:\/\/www.notibras.com\/site\/abertas-inscricoes-para-conselheiros-regionais-de-cultura\/#article","isPartOf":{"@id":"https:\/\/www.notibras.com\/site\/abertas-inscricoes-para-conselheiros-regionais-de-cultura\/"},"author":{"name":"Reda\u00e7\u00e3o","@id":"https:\/\/www.notibras.com\/site\/#\/schema\/person\/36ab0979449956132d3e5b517ea76ac8"},"headline":"Abertas inscri\u00e7\u00f5es para conselheiros regionais de cultura","datePublished":"2024-03-18T03:00:58+00:00","dateModified":"2024-03-18T11:51:43+00:00","mainEntityOfPage":{"@id":"https:\/\/www.notibras.com\/site\/abertas-inscricoes-para-conselheiros-regionais-de-cultura\/"},"wordCount":395,"publisher":{"@id":"https:\/\/www.notibras.com\/site\/#organization"},"image":{"@id":"https:\/\/www.notibras.com\/site\/abertas-inscricoes-para-conselheiros-regionais-de-cultura\/#primaryimage"},"thumbnailUrl":"https:\/\/www.notibras.com\/site\/wp-content\/uploads\/2024\/03\/WhatsApp-Image-2024-03-15-at-16.28.12-1536x1020-1.jpeg","articleSection":["Quadradinho em Foco"],"inLanguage":"pt-BR"},{"@type":"WebPage","@id":"https:\/\/www.notibras.com\/site\/abertas-inscricoes-para-conselheiros-regionais-de-cultura\/","url":"https:\/\/www.notibras.com\/site\/abertas-inscricoes-para-conselheiros-regionais-de-cultura\/","name":"Abertas inscri\u00e7\u00f5es para conselheiros regionais de cultura - Notibras","isPartOf":{"@id":"https:\/\/www.notibras.com\/site\/#website"},"primaryImageOfPage":{"@id":"https:\/\/www.notibras.com\/site\/abertas-inscricoes-para-conselheiros-regionais-de-cultura\/#primaryimage"},"image":{"@id":"https:\/\/www.notibras.com\/site\/abertas-inscricoes-para-conselheiros-regionais-de-cultura\/#primaryimage"},"thumbnailUrl":"https:\/\/www.notibras.com\/site\/wp-content\/uploads\/2024\/03\/WhatsApp-Image-2024-03-15-at-16.28.12-1536x1020-1.jpeg","datePublished":"2024-03-18T03:00:58+00:00","dateModified":"2024-03-18T11:51:43+00:00","breadcrumb":{"@id":"https:\/\/www.notibras.com\/site\/abertas-inscricoes-para-conselheiros-regionais-de-cultura\/#breadcrumb"},"inLanguage":"pt-BR","potentialAction":[{"@type":"ReadAction","target":["https:\/\/www.notibras.com\/site\/abertas-inscricoes-para-conselheiros-regionais-de-cultura\/"]}]},{"@type":"ImageObject","inLanguage":"pt-BR","@id":"https:\/\/www.notibras.com\/site\/abertas-inscricoes-para-conselheiros-regionais-de-cultura\/#primaryimage","url":"https:\/\/www.notibras.com\/site\/wp-content\/uploads\/2024\/03\/WhatsApp-Image-2024-03-15-at-16.28.12-1536x1020-1.jpeg","contentUrl":"https:\/\/www.notibras.com\/site\/wp-content\/uploads\/2024\/03\/WhatsApp-Image-2024-03-15-at-16.28.12-1536x1020-1.jpeg","width":1536,"height":1020},{"@type":"BreadcrumbList","@id":"https:\/\/www.notibras.com\/site\/abertas-inscricoes-para-conselheiros-regionais-de-cultura\/#breadcrumb","itemListElement":[{"@type":"ListItem","position":1,"name":"In\u00edcio","item":"https:\/\/www.notibras.com\/site\/"},{"@type":"ListItem","position":2,"name":"Abertas inscri\u00e7\u00f5es para conselheiros regionais de cultura"}]},{"@type":"WebSite","@id":"https:\/\/www.notibras.com\/site\/#website","url":"https:\/\/www.notibras.com\/site\/","name":"Notibras","description":"Not\u00edcias de Bras\u00edlia, do Brasil e do Mundo","publisher":{"@id":"https:\/\/www.notibras.com\/site\/#organization"},"potentialAction":[{"@type":"SearchAction","target":{"@type":"EntryPoint","urlTemplate":"https:\/\/www.notibras.com\/site\/?s={search_term_string}"},"query-input":{"@type":"PropertyValueSpecification","valueRequired":true,"valueName":"search_term_string"}}],"inLanguage":"pt-BR"},{"@type":"Organization","@id":"https:\/\/www.notibras.com\/site\/#organization","name":"Grupo Notibras de Comunica\u00e7\u00e3o","url":"https:\/\/www.notibras.com\/site\/","logo":{"@type":"ImageObject","inLanguage":"pt-BR","@id":"https:\/\/www.notibras.com\/site\/#\/schema\/logo\/image\/","url":"https:\/\/www.notibras.com\/site\/wp-content\/uploads\/2023\/01\/notibras23.png","contentUrl":"https:\/\/www.notibras.com\/site\/wp-content\/uploads\/2023\/01\/notibras23.png","width":350,"height":87,"caption":"Grupo Notibras de Comunica\u00e7\u00e3o"},"image":{"@id":"https:\/\/www.notibras.com\/site\/#\/schema\/logo\/image\/"},"sameAs":["https:\/\/www.facebook.com\/notibras\/","https:\/\/x.com\/Notibras","https:\/\/www.instagram.com\/notibras\/"]},{"@type":"Person","@id":"https:\/\/www.notibras.com\/site\/#\/schema\/person\/36ab0979449956132d3e5b517ea76ac8","name":"Reda\u00e7\u00e3o","image":{"@type":"ImageObject","inLanguage":"pt-BR","@id":"https:\/\/secure.gravatar.com\/avatar\/e0a867bdedb85fd243eadf09663511f96fc81e0720a4a42581f334ad4303aa6b?s=96&d=mm&r=g","url":"https:\/\/secure.gravatar.com\/avatar\/e0a867bdedb85fd243eadf09663511f96fc81e0720a4a42581f334ad4303aa6b?s=96&d=mm&r=g","contentUrl":"https:\/\/secure.gravatar.com\/avatar\/e0a867bdedb85fd243eadf09663511f96fc81e0720a4a42581f334ad4303aa6b?s=96&d=mm&r=g","caption":"Reda\u00e7\u00e3o"}}]}},"amp_enabled":true,"_links":{"self":[{"href":"https:\/\/www.notibras.com\/site\/wp-json\/wp\/v2\/posts\/324919","targetHints":{"allow":["GET"]}}],"collection":[{"href":"https:\/\/www.notibras.com\/site\/wp-json\/wp\/v2\/posts"}],"about":[{"href":"https:\/\/www.notibras.com\/site\/wp-json\/wp\/v2\/types\/post"}],"author":[{"embeddable":true,"href":"https:\/\/www.notibras.com\/site\/wp-json\/wp\/v2\/users\/2"}],"replies":[{"embeddable":true,"href":"https:\/\/www.notibras.com\/site\/wp-json\/wp\/v2\/comments?post=324919"}],"version-history":[{"count":1,"href":"https:\/\/www.notibras.com\/site\/wp-json\/wp\/v2\/posts\/324919\/revisions"}],"predecessor-version":[{"id":324921,"href":"https:\/\/www.notibras.com\/site\/wp-json\/wp\/v2\/posts\/324919\/revisions\/324921"}],"wp:featuredmedia":[{"embeddable":true,"href":"https:\/\/www.notibras.com\/site\/wp-json\/wp\/v2\/media\/324920"}],"wp:attachment":[{"href":"https:\/\/www.notibras.com\/site\/wp-json\/wp\/v2\/media?parent=324919"}],"wp:term":[{"taxonomy":"category","embeddable":true,"href":"https:\/\/www.notibras.com\/site\/wp-json\/wp\/v2\/categories?post=324919"},{"taxonomy":"post_tag","embeddable":true,"href":"https:\/\/www.notibras.com\/site\/wp-json\/wp\/v2\/tags?post=324919"}],"curies":[{"name":"wp","href":"https:\/\/api.w.org\/{rel}","templated":true}]}}