{"id":324922,"date":"2024-03-18T00:00:26","date_gmt":"2024-03-18T03:00:26","guid":{"rendered":"https:\/\/www.notibras.com\/site\/?p=324922"},"modified":"2024-03-18T08:59:53","modified_gmt":"2024-03-18T11:59:53","slug":"perfuracao-de-pocos-em-parques-garante-preservacao-ambiental","status":"publish","type":"post","link":"https:\/\/www.notibras.com\/site\/perfuracao-de-pocos-em-parques-garante-preservacao-ambiental\/","title":{"rendered":"Perfura\u00e7\u00e3o de po\u00e7os em parques garante preserva\u00e7\u00e3o ambiental"},"content":{"rendered":"<p>Conviver com os parques em meio \u00e0 zona urbana do Distrito Federal \u00e9 um privil\u00e9gio, sobretudo em dias quentes. Contudo, manter uma unidade de conserva\u00e7\u00e3o ambiental (UC) em \u00f3timo estado para a comunidade exige um recurso precioso, nem sempre de f\u00e1cil acesso no Cerrado: a \u00e1gua.<\/p>\n<p>Com foco na recupera\u00e7\u00e3o ambiental e na gest\u00e3o adequada dos recursos h\u00eddricos, o Governo do Distrito Federal (GDF) inaugurou, neste m\u00eas , dois po\u00e7os artesianos em unidades de conserva\u00e7\u00e3o: nos parques ecol\u00f3gicos do Areal e Olhos d\u2019\u00c1gua, na Asa Norte.<\/p>\n<p>A perfura\u00e7\u00e3o dos reservat\u00f3rios \u2013 executada por compensa\u00e7\u00e3o ambiental \u2013 integra as a\u00e7\u00f5es do programa Reconex\u00e3o Cerrado. O projeto do Instituto Bras\u00edlia Ambiental \u00e9 voltado a pr\u00e1ticas que garantem sa\u00fade e bem-estar \u00e0 comunidade, a partir do meio ambiente.<\/p>\n<p>A proposta \u00e9 garantir \u00e0s unidades de conserva\u00e7\u00e3o, que nem sempre t\u00eam abund\u00e2ncia em recursos h\u00eddricos, a irriga\u00e7\u00e3o necess\u00e1ria e a possibilidade de amplia\u00e7\u00e3o dos servi\u00e7os de produ\u00e7\u00e3o de mudas para a regenera\u00e7\u00e3o de esp\u00e9cies nativas dos parques.<\/p>\n<p>O presidente do instituto, R\u00f4ney Nemer, explica que a medida significa liderar pelo exemplo no \u00e2mbito do desenvolvimento sustent\u00e1vel: \u201cCom os po\u00e7os artesianos, deixaremos de usar a \u00e1gua pot\u00e1vel para a irriga\u00e7\u00e3o e manuten\u00e7\u00e3o dos diversos equipamentos do parque. Essa \u00e1gua voltar\u00e1 a se infiltrar nos len\u00e7\u00f3is fre\u00e1ticos at\u00e9 retornar aos nossos po\u00e7os\u201d.<\/p>\n<p>\u201cEstamos no processo de implanta\u00e7\u00e3o, mas j\u00e1 ansiosos para a expans\u00e3o do projeto para todas as unidades de conserva\u00e7\u00e3o\u201d, projeta. Al\u00e9m das UCs localizadas na Asa Norte e no Areal, a expectativa \u00e9 que mais tr\u00eas sejam agraciadas pelo projeto, com investimentos de aproximadamente R$ 735 mil.<\/p>\n<p><strong>Recurso precioso<\/strong><br \/>\nWebert Ferreira, da Diretoria de Conserva\u00e7\u00e3o e Recursos H\u00eddricos (Dicon) do Ibram, respons\u00e1vel pelo Reconex\u00e3o Cerrado, detalha que a \u00e1gua extra\u00edda dos po\u00e7os contribuir\u00e1 com a produ\u00e7\u00e3o de mudas de plantas nativas, com o aperfei\u00e7oamento dos viveiros existentes nos parques ecol\u00f3gicos e com a cria\u00e7\u00e3o de jardins terap\u00eauticos.<\/p>\n<p>\u201cEstudos mostram os benef\u00edcios desse tipo de \u00e1rea de preserva\u00e7\u00e3o ambiental \u00e0 popula\u00e7\u00e3o. Por exemplo, cerca de 40% da temperatura diminui em regi\u00f5es pr\u00f3ximas a \u00e1reas arborizadas. Existe todo um trabalho tanto de bem-estar, quanto de manuten\u00e7\u00e3o do bioclima\u201d, explica.<\/p>\n<p>As a\u00e7\u00f5es do programa s\u00e3o constru\u00e7\u00f5es a longo prazo para gera\u00e7\u00f5es futuras, mas podem ser percebidas todos os dias pelos visitantes dos parques, inclusive para os participantes das atividades volunt\u00e1rias terap\u00eauticas e de bem-estar gratuitas oferecidas pelo instituto.<\/p>\n<p>Moradora da Asa Norte, Maria B\u00e1rbara Aveiro, 80, frequenta o Parque Olhos d\u2019\u00c1gua h\u00e1 mais de dez anos e acredita que a experi\u00eancia dentro do local \u00e9 diferente de qualquer outro ponto de Bras\u00edlia, por conta da riqueza da biodiversidade.<\/p>\n<p>\u201cEu amo isso aqui. Aqui voc\u00ea se sente diferente daquele ar de capital, todo mundo enclausurado nas pr\u00f3prias casas. Eu n\u00e3o gosto disso, gosto de natureza\u201d, afirma. A aposentada n\u00e3o abre m\u00e3o das caminhadas matinais, e depois aproveita os aparelhos para concluir as atividades f\u00edsicas.<\/p>\n<p>A proximidade com a natureza tamb\u00e9m cativou o mineiro Gladston Leonel, 40. Durante os 16 anos em que o professor universit\u00e1rio morou em Bras\u00edlia, nunca abriu m\u00e3o de viver perto do parque. \u201cAqui \u00e9 muito gostoso, por conta da biodiversidade e das a\u00e7\u00f5es de educa\u00e7\u00e3o ambiental\u201d, avalia.<\/p>\n<p>\u201cAl\u00e9m disso, \u00e9 uma \u00e1rea que garante bem-estar em uma regi\u00e3o muito urbanizada. Se n\u00e3o tivesse isso, provavelmente, este seria um lugar com muito mais tr\u00e2nsito, mais barulho, ao contr\u00e1rio do que temos hoje, um local focado em sa\u00fade e lazer\u201d, frisa.<\/p>\n","protected":false},"excerpt":{"rendered":"<p>Conviver com os parques em meio \u00e0 zona urbana do Distrito Federal \u00e9 um privil\u00e9gio, sobretudo em dias quentes. Contudo, manter uma unidade de conserva\u00e7\u00e3o ambiental (UC) em \u00f3timo estado para a comunidade exige um recurso precioso, nem sempre de f\u00e1cil acesso no Cerrado: a \u00e1gua. Com foco na recupera\u00e7\u00e3o ambiental e na gest\u00e3o adequada [&hellip;]<\/p>\n","protected":false},"author":2,"featured_media":324923,"comment_status":"closed","ping_status":"closed","sticky":false,"template":"","format":"standard","meta":{"_acf_changed":false,"footnotes":""},"categories":[161],"tags":[],"class_list":["post-324922","post","type-post","status-publish","format-standard","has-post-thumbnail","hentry","category-quadradinho-em-foco"],"acf":[],"yoast_head":"<!-- This site is optimized with the Yoast SEO plugin v27.2 - https:\/\/yoast.com\/product\/yoast-seo-wordpress\/ -->\n<title>Perfura\u00e7\u00e3o de po\u00e7os em parques garante preserva\u00e7\u00e3o ambiental - Notibras<\/title>\n<meta name=\"robots\" content=\"index, follow, max-snippet:-1, max-image-preview:large, max-video-preview:-1\" \/>\n<link rel=\"canonical\" href=\"https:\/\/www.notibras.com\/site\/perfuracao-de-pocos-em-parques-garante-preservacao-ambiental\/\" \/>\n<meta property=\"og:locale\" content=\"pt_BR\" \/>\n<meta property=\"og:type\" content=\"article\" \/>\n<meta property=\"og:title\" content=\"Perfura\u00e7\u00e3o de po\u00e7os em parques garante preserva\u00e7\u00e3o ambiental - Notibras\" \/>\n<meta property=\"og:description\" content=\"Conviver com os parques em meio \u00e0 zona urbana do Distrito Federal \u00e9 um privil\u00e9gio, sobretudo em dias quentes. Contudo, manter uma unidade de conserva\u00e7\u00e3o ambiental (UC) em \u00f3timo estado para a comunidade exige um recurso precioso, nem sempre de f\u00e1cil acesso no Cerrado: a \u00e1gua. Com foco na recupera\u00e7\u00e3o ambiental e na gest\u00e3o adequada [&hellip;]\" \/>\n<meta property=\"og:url\" content=\"https:\/\/www.notibras.com\/site\/perfuracao-de-pocos-em-parques-garante-preservacao-ambiental\/\" \/>\n<meta property=\"og:site_name\" content=\"Notibras\" \/>\n<meta property=\"article:publisher\" content=\"https:\/\/www.facebook.com\/notibras\/\" \/>\n<meta property=\"article:published_time\" content=\"2024-03-18T03:00:26+00:00\" \/>\n<meta property=\"article:modified_time\" content=\"2024-03-18T11:59:53+00:00\" \/>\n<meta property=\"og:image\" content=\"https:\/\/www.notibras.com\/site\/wp-content\/uploads\/2024\/03\/53593714451_dd97da9885_c.jpg\" \/>\n\t<meta property=\"og:image:width\" content=\"799\" \/>\n\t<meta property=\"og:image:height\" content=\"533\" \/>\n\t<meta property=\"og:image:type\" content=\"image\/jpeg\" \/>\n<meta name=\"author\" content=\"Reda\u00e7\u00e3o\" \/>\n<meta name=\"twitter:card\" content=\"summary_large_image\" \/>\n<meta name=\"twitter:creator\" content=\"@Notibras\" \/>\n<meta name=\"twitter:site\" content=\"@Notibras\" \/>\n<meta name=\"twitter:label1\" content=\"Escrito por\" \/>\n\t<meta name=\"twitter:data1\" content=\"Reda\u00e7\u00e3o\" \/>\n\t<meta name=\"twitter:label2\" content=\"Est. tempo de leitura\" \/>\n\t<meta name=\"twitter:data2\" content=\"4 minutos\" \/>\n<script type=\"application\/ld+json\" class=\"yoast-schema-graph\">{\"@context\":\"https:\/\/schema.org\",\"@graph\":[{\"@type\":\"Article\",\"@id\":\"https:\/\/www.notibras.com\/site\/perfuracao-de-pocos-em-parques-garante-preservacao-ambiental\/#article\",\"isPartOf\":{\"@id\":\"https:\/\/www.notibras.com\/site\/perfuracao-de-pocos-em-parques-garante-preservacao-ambiental\/\"},\"author\":{\"name\":\"Reda\u00e7\u00e3o\",\"@id\":\"https:\/\/www.notibras.com\/site\/#\/schema\/person\/36ab0979449956132d3e5b517ea76ac8\"},\"headline\":\"Perfura\u00e7\u00e3o de po\u00e7os em parques garante preserva\u00e7\u00e3o ambiental\",\"datePublished\":\"2024-03-18T03:00:26+00:00\",\"dateModified\":\"2024-03-18T11:59:53+00:00\",\"mainEntityOfPage\":{\"@id\":\"https:\/\/www.notibras.com\/site\/perfuracao-de-pocos-em-parques-garante-preservacao-ambiental\/\"},\"wordCount\":646,\"publisher\":{\"@id\":\"https:\/\/www.notibras.com\/site\/#organization\"},\"image\":{\"@id\":\"https:\/\/www.notibras.com\/site\/perfuracao-de-pocos-em-parques-garante-preservacao-ambiental\/#primaryimage\"},\"thumbnailUrl\":\"https:\/\/www.notibras.com\/site\/wp-content\/uploads\/2024\/03\/53593714451_dd97da9885_c.jpg\",\"articleSection\":[\"Quadradinho em Foco\"],\"inLanguage\":\"pt-BR\"},{\"@type\":\"WebPage\",\"@id\":\"https:\/\/www.notibras.com\/site\/perfuracao-de-pocos-em-parques-garante-preservacao-ambiental\/\",\"url\":\"https:\/\/www.notibras.com\/site\/perfuracao-de-pocos-em-parques-garante-preservacao-ambiental\/\",\"name\":\"Perfura\u00e7\u00e3o de po\u00e7os em parques garante preserva\u00e7\u00e3o ambiental - Notibras\",\"isPartOf\":{\"@id\":\"https:\/\/www.notibras.com\/site\/#website\"},\"primaryImageOfPage\":{\"@id\":\"https:\/\/www.notibras.com\/site\/perfuracao-de-pocos-em-parques-garante-preservacao-ambiental\/#primaryimage\"},\"image\":{\"@id\":\"https:\/\/www.notibras.com\/site\/perfuracao-de-pocos-em-parques-garante-preservacao-ambiental\/#primaryimage\"},\"thumbnailUrl\":\"https:\/\/www.notibras.com\/site\/wp-content\/uploads\/2024\/03\/53593714451_dd97da9885_c.jpg\",\"datePublished\":\"2024-03-18T03:00:26+00:00\",\"dateModified\":\"2024-03-18T11:59:53+00:00\",\"breadcrumb\":{\"@id\":\"https:\/\/www.notibras.com\/site\/perfuracao-de-pocos-em-parques-garante-preservacao-ambiental\/#breadcrumb\"},\"inLanguage\":\"pt-BR\",\"potentialAction\":[{\"@type\":\"ReadAction\",\"target\":[\"https:\/\/www.notibras.com\/site\/perfuracao-de-pocos-em-parques-garante-preservacao-ambiental\/\"]}]},{\"@type\":\"ImageObject\",\"inLanguage\":\"pt-BR\",\"@id\":\"https:\/\/www.notibras.com\/site\/perfuracao-de-pocos-em-parques-garante-preservacao-ambiental\/#primaryimage\",\"url\":\"https:\/\/www.notibras.com\/site\/wp-content\/uploads\/2024\/03\/53593714451_dd97da9885_c.jpg\",\"contentUrl\":\"https:\/\/www.notibras.com\/site\/wp-content\/uploads\/2024\/03\/53593714451_dd97da9885_c.jpg\",\"width\":799,\"height\":533},{\"@type\":\"BreadcrumbList\",\"@id\":\"https:\/\/www.notibras.com\/site\/perfuracao-de-pocos-em-parques-garante-preservacao-ambiental\/#breadcrumb\",\"itemListElement\":[{\"@type\":\"ListItem\",\"position\":1,\"name\":\"In\u00edcio\",\"item\":\"https:\/\/www.notibras.com\/site\/\"},{\"@type\":\"ListItem\",\"position\":2,\"name\":\"Perfura\u00e7\u00e3o de po\u00e7os em parques garante preserva\u00e7\u00e3o ambiental\"}]},{\"@type\":\"WebSite\",\"@id\":\"https:\/\/www.notibras.com\/site\/#website\",\"url\":\"https:\/\/www.notibras.com\/site\/\",\"name\":\"Notibras\",\"description\":\"Not\u00edcias de Bras\u00edlia, do Brasil e do Mundo\",\"publisher\":{\"@id\":\"https:\/\/www.notibras.com\/site\/#organization\"},\"potentialAction\":[{\"@type\":\"SearchAction\",\"target\":{\"@type\":\"EntryPoint\",\"urlTemplate\":\"https:\/\/www.notibras.com\/site\/?s={search_term_string}\"},\"query-input\":{\"@type\":\"PropertyValueSpecification\",\"valueRequired\":true,\"valueName\":\"search_term_string\"}}],\"inLanguage\":\"pt-BR\"},{\"@type\":\"Organization\",\"@id\":\"https:\/\/www.notibras.com\/site\/#organization\",\"name\":\"Grupo Notibras de Comunica\u00e7\u00e3o\",\"url\":\"https:\/\/www.notibras.com\/site\/\",\"logo\":{\"@type\":\"ImageObject\",\"inLanguage\":\"pt-BR\",\"@id\":\"https:\/\/www.notibras.com\/site\/#\/schema\/logo\/image\/\",\"url\":\"https:\/\/www.notibras.com\/site\/wp-content\/uploads\/2023\/01\/notibras23.png\",\"contentUrl\":\"https:\/\/www.notibras.com\/site\/wp-content\/uploads\/2023\/01\/notibras23.png\",\"width\":350,\"height\":87,\"caption\":\"Grupo Notibras de Comunica\u00e7\u00e3o\"},\"image\":{\"@id\":\"https:\/\/www.notibras.com\/site\/#\/schema\/logo\/image\/\"},\"sameAs\":[\"https:\/\/www.facebook.com\/notibras\/\",\"https:\/\/x.com\/Notibras\",\"https:\/\/www.instagram.com\/notibras\/\"]},{\"@type\":\"Person\",\"@id\":\"https:\/\/www.notibras.com\/site\/#\/schema\/person\/36ab0979449956132d3e5b517ea76ac8\",\"name\":\"Reda\u00e7\u00e3o\",\"image\":{\"@type\":\"ImageObject\",\"inLanguage\":\"pt-BR\",\"@id\":\"https:\/\/secure.gravatar.com\/avatar\/e0a867bdedb85fd243eadf09663511f96fc81e0720a4a42581f334ad4303aa6b?s=96&d=mm&r=g\",\"url\":\"https:\/\/secure.gravatar.com\/avatar\/e0a867bdedb85fd243eadf09663511f96fc81e0720a4a42581f334ad4303aa6b?s=96&d=mm&r=g\",\"contentUrl\":\"https:\/\/secure.gravatar.com\/avatar\/e0a867bdedb85fd243eadf09663511f96fc81e0720a4a42581f334ad4303aa6b?s=96&d=mm&r=g\",\"caption\":\"Reda\u00e7\u00e3o\"}}]}<\/script>\n<!-- \/ Yoast SEO plugin. -->","yoast_head_json":{"title":"Perfura\u00e7\u00e3o de po\u00e7os em parques garante preserva\u00e7\u00e3o ambiental - Notibras","robots":{"index":"index","follow":"follow","max-snippet":"max-snippet:-1","max-image-preview":"max-image-preview:large","max-video-preview":"max-video-preview:-1"},"canonical":"https:\/\/www.notibras.com\/site\/perfuracao-de-pocos-em-parques-garante-preservacao-ambiental\/","og_locale":"pt_BR","og_type":"article","og_title":"Perfura\u00e7\u00e3o de po\u00e7os em parques garante preserva\u00e7\u00e3o ambiental - Notibras","og_description":"Conviver com os parques em meio \u00e0 zona urbana do Distrito Federal \u00e9 um privil\u00e9gio, sobretudo em dias quentes. Contudo, manter uma unidade de conserva\u00e7\u00e3o ambiental (UC) em \u00f3timo estado para a comunidade exige um recurso precioso, nem sempre de f\u00e1cil acesso no Cerrado: a \u00e1gua. Com foco na recupera\u00e7\u00e3o ambiental e na gest\u00e3o adequada [&hellip;]","og_url":"https:\/\/www.notibras.com\/site\/perfuracao-de-pocos-em-parques-garante-preservacao-ambiental\/","og_site_name":"Notibras","article_publisher":"https:\/\/www.facebook.com\/notibras\/","article_published_time":"2024-03-18T03:00:26+00:00","article_modified_time":"2024-03-18T11:59:53+00:00","og_image":[{"width":799,"height":533,"url":"https:\/\/www.notibras.com\/site\/wp-content\/uploads\/2024\/03\/53593714451_dd97da9885_c.jpg","type":"image\/jpeg"}],"author":"Reda\u00e7\u00e3o","twitter_card":"summary_large_image","twitter_creator":"@Notibras","twitter_site":"@Notibras","twitter_misc":{"Escrito por":"Reda\u00e7\u00e3o","Est. tempo de leitura":"4 minutos"},"schema":{"@context":"https:\/\/schema.org","@graph":[{"@type":"Article","@id":"https:\/\/www.notibras.com\/site\/perfuracao-de-pocos-em-parques-garante-preservacao-ambiental\/#article","isPartOf":{"@id":"https:\/\/www.notibras.com\/site\/perfuracao-de-pocos-em-parques-garante-preservacao-ambiental\/"},"author":{"name":"Reda\u00e7\u00e3o","@id":"https:\/\/www.notibras.com\/site\/#\/schema\/person\/36ab0979449956132d3e5b517ea76ac8"},"headline":"Perfura\u00e7\u00e3o de po\u00e7os em parques garante preserva\u00e7\u00e3o ambiental","datePublished":"2024-03-18T03:00:26+00:00","dateModified":"2024-03-18T11:59:53+00:00","mainEntityOfPage":{"@id":"https:\/\/www.notibras.com\/site\/perfuracao-de-pocos-em-parques-garante-preservacao-ambiental\/"},"wordCount":646,"publisher":{"@id":"https:\/\/www.notibras.com\/site\/#organization"},"image":{"@id":"https:\/\/www.notibras.com\/site\/perfuracao-de-pocos-em-parques-garante-preservacao-ambiental\/#primaryimage"},"thumbnailUrl":"https:\/\/www.notibras.com\/site\/wp-content\/uploads\/2024\/03\/53593714451_dd97da9885_c.jpg","articleSection":["Quadradinho em Foco"],"inLanguage":"pt-BR"},{"@type":"WebPage","@id":"https:\/\/www.notibras.com\/site\/perfuracao-de-pocos-em-parques-garante-preservacao-ambiental\/","url":"https:\/\/www.notibras.com\/site\/perfuracao-de-pocos-em-parques-garante-preservacao-ambiental\/","name":"Perfura\u00e7\u00e3o de po\u00e7os em parques garante preserva\u00e7\u00e3o ambiental - Notibras","isPartOf":{"@id":"https:\/\/www.notibras.com\/site\/#website"},"primaryImageOfPage":{"@id":"https:\/\/www.notibras.com\/site\/perfuracao-de-pocos-em-parques-garante-preservacao-ambiental\/#primaryimage"},"image":{"@id":"https:\/\/www.notibras.com\/site\/perfuracao-de-pocos-em-parques-garante-preservacao-ambiental\/#primaryimage"},"thumbnailUrl":"https:\/\/www.notibras.com\/site\/wp-content\/uploads\/2024\/03\/53593714451_dd97da9885_c.jpg","datePublished":"2024-03-18T03:00:26+00:00","dateModified":"2024-03-18T11:59:53+00:00","breadcrumb":{"@id":"https:\/\/www.notibras.com\/site\/perfuracao-de-pocos-em-parques-garante-preservacao-ambiental\/#breadcrumb"},"inLanguage":"pt-BR","potentialAction":[{"@type":"ReadAction","target":["https:\/\/www.notibras.com\/site\/perfuracao-de-pocos-em-parques-garante-preservacao-ambiental\/"]}]},{"@type":"ImageObject","inLanguage":"pt-BR","@id":"https:\/\/www.notibras.com\/site\/perfuracao-de-pocos-em-parques-garante-preservacao-ambiental\/#primaryimage","url":"https:\/\/www.notibras.com\/site\/wp-content\/uploads\/2024\/03\/53593714451_dd97da9885_c.jpg","contentUrl":"https:\/\/www.notibras.com\/site\/wp-content\/uploads\/2024\/03\/53593714451_dd97da9885_c.jpg","width":799,"height":533},{"@type":"BreadcrumbList","@id":"https:\/\/www.notibras.com\/site\/perfuracao-de-pocos-em-parques-garante-preservacao-ambiental\/#breadcrumb","itemListElement":[{"@type":"ListItem","position":1,"name":"In\u00edcio","item":"https:\/\/www.notibras.com\/site\/"},{"@type":"ListItem","position":2,"name":"Perfura\u00e7\u00e3o de po\u00e7os em parques garante preserva\u00e7\u00e3o ambiental"}]},{"@type":"WebSite","@id":"https:\/\/www.notibras.com\/site\/#website","url":"https:\/\/www.notibras.com\/site\/","name":"Notibras","description":"Not\u00edcias de Bras\u00edlia, do Brasil e do Mundo","publisher":{"@id":"https:\/\/www.notibras.com\/site\/#organization"},"potentialAction":[{"@type":"SearchAction","target":{"@type":"EntryPoint","urlTemplate":"https:\/\/www.notibras.com\/site\/?s={search_term_string}"},"query-input":{"@type":"PropertyValueSpecification","valueRequired":true,"valueName":"search_term_string"}}],"inLanguage":"pt-BR"},{"@type":"Organization","@id":"https:\/\/www.notibras.com\/site\/#organization","name":"Grupo Notibras de Comunica\u00e7\u00e3o","url":"https:\/\/www.notibras.com\/site\/","logo":{"@type":"ImageObject","inLanguage":"pt-BR","@id":"https:\/\/www.notibras.com\/site\/#\/schema\/logo\/image\/","url":"https:\/\/www.notibras.com\/site\/wp-content\/uploads\/2023\/01\/notibras23.png","contentUrl":"https:\/\/www.notibras.com\/site\/wp-content\/uploads\/2023\/01\/notibras23.png","width":350,"height":87,"caption":"Grupo Notibras de Comunica\u00e7\u00e3o"},"image":{"@id":"https:\/\/www.notibras.com\/site\/#\/schema\/logo\/image\/"},"sameAs":["https:\/\/www.facebook.com\/notibras\/","https:\/\/x.com\/Notibras","https:\/\/www.instagram.com\/notibras\/"]},{"@type":"Person","@id":"https:\/\/www.notibras.com\/site\/#\/schema\/person\/36ab0979449956132d3e5b517ea76ac8","name":"Reda\u00e7\u00e3o","image":{"@type":"ImageObject","inLanguage":"pt-BR","@id":"https:\/\/secure.gravatar.com\/avatar\/e0a867bdedb85fd243eadf09663511f96fc81e0720a4a42581f334ad4303aa6b?s=96&d=mm&r=g","url":"https:\/\/secure.gravatar.com\/avatar\/e0a867bdedb85fd243eadf09663511f96fc81e0720a4a42581f334ad4303aa6b?s=96&d=mm&r=g","contentUrl":"https:\/\/secure.gravatar.com\/avatar\/e0a867bdedb85fd243eadf09663511f96fc81e0720a4a42581f334ad4303aa6b?s=96&d=mm&r=g","caption":"Reda\u00e7\u00e3o"}}]}},"amp_enabled":true,"_links":{"self":[{"href":"https:\/\/www.notibras.com\/site\/wp-json\/wp\/v2\/posts\/324922","targetHints":{"allow":["GET"]}}],"collection":[{"href":"https:\/\/www.notibras.com\/site\/wp-json\/wp\/v2\/posts"}],"about":[{"href":"https:\/\/www.notibras.com\/site\/wp-json\/wp\/v2\/types\/post"}],"author":[{"embeddable":true,"href":"https:\/\/www.notibras.com\/site\/wp-json\/wp\/v2\/users\/2"}],"replies":[{"embeddable":true,"href":"https:\/\/www.notibras.com\/site\/wp-json\/wp\/v2\/comments?post=324922"}],"version-history":[{"count":1,"href":"https:\/\/www.notibras.com\/site\/wp-json\/wp\/v2\/posts\/324922\/revisions"}],"predecessor-version":[{"id":324924,"href":"https:\/\/www.notibras.com\/site\/wp-json\/wp\/v2\/posts\/324922\/revisions\/324924"}],"wp:featuredmedia":[{"embeddable":true,"href":"https:\/\/www.notibras.com\/site\/wp-json\/wp\/v2\/media\/324923"}],"wp:attachment":[{"href":"https:\/\/www.notibras.com\/site\/wp-json\/wp\/v2\/media?parent=324922"}],"wp:term":[{"taxonomy":"category","embeddable":true,"href":"https:\/\/www.notibras.com\/site\/wp-json\/wp\/v2\/categories?post=324922"},{"taxonomy":"post_tag","embeddable":true,"href":"https:\/\/www.notibras.com\/site\/wp-json\/wp\/v2\/tags?post=324922"}],"curies":[{"name":"wp","href":"https:\/\/api.w.org\/{rel}","templated":true}]}}