{"id":324980,"date":"2024-03-19T07:43:49","date_gmt":"2024-03-19T10:43:49","guid":{"rendered":"https:\/\/www.notibras.com\/site\/?p=324980"},"modified":"2024-03-19T09:46:13","modified_gmt":"2024-03-19T12:46:13","slug":"buriti-antecipa-a-campanha-de-vacinacao-contra-a-gripe","status":"publish","type":"post","link":"https:\/\/www.notibras.com\/site\/buriti-antecipa-a-campanha-de-vacinacao-contra-a-gripe\/","title":{"rendered":"Buriti antecipa a campanha de vacina\u00e7\u00e3o contra a gripe"},"content":{"rendered":"<p>O Distrito Federal inicia nesta ter\u00e7a-feira (19) a vacina\u00e7\u00e3o contra gripe. De acordo com a Secretaria de Sa\u00fade, 125 pontos v\u00e3o ofertar a dose \u2013 incluindo a Rodovi\u00e1ria do Plano Piloto. A lista completa com endere\u00e7os e hor\u00e1rios de funcionamento pode ser acessada aqui.<\/p>\n<p>A unidade federativa \u00e9 a primeira a iniciar a imuniza\u00e7\u00e3o contra a gripe este ano. A campanha nacional est\u00e1 prevista para come\u00e7ar no pr\u00f3ximo dia 25. O Distrito Federal recebeu, ao todo, 100,5 mil doses, do lote inicial enviado pelo Minist\u00e9rio da Sa\u00fade.<\/p>\n<p>Em nota, a Secretaria de Sa\u00fade destacou que a antecipa\u00e7\u00e3o tem como objetivo imunizar o maior n\u00famero de pessoas, \u201ctendo em vista que estamos vivenciando um per\u00edodo de maior circula\u00e7\u00e3o dos v\u00edrus\u201d.<\/p>\n<p><strong>Quem pode se vacinar<\/strong><br \/>\nConforme orienta\u00e7\u00f5es do minist\u00e9rio, a vacina\u00e7\u00e3o contra a gripe no Distrito Federal ser\u00e1 focada nos seguintes grupos priorit\u00e1rios:<\/p>\n<p>&#8211; idosos a partir de 60 anos<\/p>\n<p>&#8211; crian\u00e7as de 6 meses a 5 anos (as que v\u00e3o receber o imunizante pela primeira vez devem tomar duas doses, com intervalo de 30 dias entre elas)<\/p>\n<p>&#8211; gestantes e pu\u00e9rperas<\/p>\n<p>&#8211; adolescentes cumprindo medidas socioeducativas<\/p>\n<p>&#8211; popula\u00e7\u00e3o privada de liberdade<\/p>\n<p>&#8211; pessoas com doen\u00e7as cr\u00f4nicas n\u00e3o transmiss\u00edveis e outras condi\u00e7\u00f5es espec\u00edficas de sa\u00fade (\u00e9 preciso apresentar documentos que comprovem a condi\u00e7\u00e3o cl\u00ednica)<\/p>\n<p>&#8211; professores<\/p>\n<p>&#8211; profissionais de sa\u00fade<\/p>\n<p>&#8211; profissionais das for\u00e7as de seguran\u00e7a e salvamento<\/p>\n<p>&#8211; militares das tr\u00eas For\u00e7as Armadas<\/p>\n<p>&#8211; caminhoneiros<\/p>\n<p>&#8211; trabalhadores portu\u00e1rios<\/p>\n<p>&#8211; trabalhadores de transporte coletivo rodovi\u00e1rio<\/p>\n<p>&#8211; funcion\u00e1rios do sistema prisional.<\/p>\n<p>Ao comparecer a um dos pontos de imuniza\u00e7\u00e3o, \u00e9 necess\u00e1rio apresentar documento de identifica\u00e7\u00e3o e a caderneta de vacina\u00e7\u00e3o. A Secretaria de Sa\u00fade refor\u00e7ou que mesmo quem j\u00e1 recebeu doses contra a gripe em per\u00edodos anteriores deve se vacinar este ano.<\/p>\n<p><strong>Entenda<\/strong><br \/>\nTradicionalmente realizada entre os meses de abril e maio, a campanha nacional de vacina\u00e7\u00e3o contra a gripe foi antecipada pelo minist\u00e9rio este ano em raz\u00e3o do aumento da circula\u00e7\u00e3o de v\u00edrus respirat\u00f3rios no pa\u00eds.<\/p>\n<p>A pasta informou ter negociado a entrega antecipada das doses, que est\u00e3o previstas para serem distribu\u00eddas aos estados das regi\u00f5es Nordeste, Centro-Oeste, Sudeste e Sul. Munic\u00edpios do Norte j\u00e1 realizaram a imuniza\u00e7\u00e3o entre novembro e dezembro do ano passado, atendendo \u00e0s particularidades clim\u00e1ticas da regi\u00e3o.<\/p>\n<p>De acordo com o minist\u00e9rio, a vacina previne contra os v\u00edrus que geralmente come\u00e7am a circular no pa\u00eds nos meses de maio, junho e julho. A dose utilizada \u00e9 a trivalente e, portanto, conta com tr\u00eas tipos de cepas combinadas, protegendo contra os principais v\u00edrus em circula\u00e7\u00e3o no Brasil.<\/p>\n<p>A estimativa do governo federal \u00e9 que 75 milh\u00f5es de pessoas sejam imunizadas em todo o pa\u00eds. A pasta lembrou que a vacina contra a gripe pode ser administrada junto a outros imunizantes previstos no Calend\u00e1rio Nacional de Vacina\u00e7\u00e3o.<\/p>\n","protected":false},"excerpt":{"rendered":"<p>O Distrito Federal inicia nesta ter\u00e7a-feira (19) a vacina\u00e7\u00e3o contra gripe. De acordo com a Secretaria de Sa\u00fade, 125 pontos v\u00e3o ofertar a dose \u2013 incluindo a Rodovi\u00e1ria do Plano Piloto. A lista completa com endere\u00e7os e hor\u00e1rios de funcionamento pode ser acessada aqui. A unidade federativa \u00e9 a primeira a iniciar a imuniza\u00e7\u00e3o contra [&hellip;]<\/p>\n","protected":false},"author":2,"featured_media":324981,"comment_status":"closed","ping_status":"closed","sticky":false,"template":"","format":"standard","meta":{"_acf_changed":false,"footnotes":""},"categories":[161],"tags":[],"class_list":["post-324980","post","type-post","status-publish","format-standard","has-post-thumbnail","hentry","category-quadradinho-em-foco"],"acf":[],"yoast_head":"<!-- This site is optimized with the Yoast SEO plugin v27.2 - https:\/\/yoast.com\/product\/yoast-seo-wordpress\/ -->\n<title>Buriti antecipa a campanha de vacina\u00e7\u00e3o contra a gripe - Notibras<\/title>\n<meta name=\"robots\" content=\"index, follow, max-snippet:-1, max-image-preview:large, max-video-preview:-1\" \/>\n<link rel=\"canonical\" href=\"https:\/\/www.notibras.com\/site\/buriti-antecipa-a-campanha-de-vacinacao-contra-a-gripe\/\" \/>\n<meta property=\"og:locale\" content=\"pt_BR\" \/>\n<meta property=\"og:type\" content=\"article\" \/>\n<meta property=\"og:title\" content=\"Buriti antecipa a campanha de vacina\u00e7\u00e3o contra a gripe - Notibras\" \/>\n<meta property=\"og:description\" content=\"O Distrito Federal inicia nesta ter\u00e7a-feira (19) a vacina\u00e7\u00e3o contra gripe. De acordo com a Secretaria de Sa\u00fade, 125 pontos v\u00e3o ofertar a dose \u2013 incluindo a Rodovi\u00e1ria do Plano Piloto. A lista completa com endere\u00e7os e hor\u00e1rios de funcionamento pode ser acessada aqui. A unidade federativa \u00e9 a primeira a iniciar a imuniza\u00e7\u00e3o contra [&hellip;]\" \/>\n<meta property=\"og:url\" content=\"https:\/\/www.notibras.com\/site\/buriti-antecipa-a-campanha-de-vacinacao-contra-a-gripe\/\" \/>\n<meta property=\"og:site_name\" content=\"Notibras\" \/>\n<meta property=\"article:publisher\" content=\"https:\/\/www.facebook.com\/notibras\/\" \/>\n<meta property=\"article:published_time\" content=\"2024-03-19T10:43:49+00:00\" \/>\n<meta property=\"article:modified_time\" content=\"2024-03-19T12:46:13+00:00\" \/>\n<meta property=\"og:image\" content=\"https:\/\/www.notibras.com\/site\/wp-content\/uploads\/2024\/03\/vacinadfgripe.webp\" \/>\n\t<meta property=\"og:image:width\" content=\"1170\" \/>\n\t<meta property=\"og:image:height\" content=\"700\" \/>\n\t<meta property=\"og:image:type\" content=\"image\/webp\" \/>\n<meta name=\"author\" content=\"Reda\u00e7\u00e3o\" \/>\n<meta name=\"twitter:card\" content=\"summary_large_image\" \/>\n<meta name=\"twitter:creator\" content=\"@Notibras\" \/>\n<meta name=\"twitter:site\" content=\"@Notibras\" \/>\n<meta name=\"twitter:label1\" content=\"Escrito por\" \/>\n\t<meta name=\"twitter:data1\" content=\"Reda\u00e7\u00e3o\" \/>\n\t<meta name=\"twitter:label2\" content=\"Est. tempo de leitura\" \/>\n\t<meta name=\"twitter:data2\" content=\"3 minutos\" \/>\n<script type=\"application\/ld+json\" class=\"yoast-schema-graph\">{\"@context\":\"https:\/\/schema.org\",\"@graph\":[{\"@type\":\"Article\",\"@id\":\"https:\/\/www.notibras.com\/site\/buriti-antecipa-a-campanha-de-vacinacao-contra-a-gripe\/#article\",\"isPartOf\":{\"@id\":\"https:\/\/www.notibras.com\/site\/buriti-antecipa-a-campanha-de-vacinacao-contra-a-gripe\/\"},\"author\":{\"name\":\"Reda\u00e7\u00e3o\",\"@id\":\"https:\/\/www.notibras.com\/site\/#\/schema\/person\/36ab0979449956132d3e5b517ea76ac8\"},\"headline\":\"Buriti antecipa a campanha de vacina\u00e7\u00e3o contra a gripe\",\"datePublished\":\"2024-03-19T10:43:49+00:00\",\"dateModified\":\"2024-03-19T12:46:13+00:00\",\"mainEntityOfPage\":{\"@id\":\"https:\/\/www.notibras.com\/site\/buriti-antecipa-a-campanha-de-vacinacao-contra-a-gripe\/\"},\"wordCount\":527,\"publisher\":{\"@id\":\"https:\/\/www.notibras.com\/site\/#organization\"},\"image\":{\"@id\":\"https:\/\/www.notibras.com\/site\/buriti-antecipa-a-campanha-de-vacinacao-contra-a-gripe\/#primaryimage\"},\"thumbnailUrl\":\"https:\/\/www.notibras.com\/site\/wp-content\/uploads\/2024\/03\/vacinadfgripe.webp\",\"articleSection\":[\"Quadradinho em Foco\"],\"inLanguage\":\"pt-BR\"},{\"@type\":\"WebPage\",\"@id\":\"https:\/\/www.notibras.com\/site\/buriti-antecipa-a-campanha-de-vacinacao-contra-a-gripe\/\",\"url\":\"https:\/\/www.notibras.com\/site\/buriti-antecipa-a-campanha-de-vacinacao-contra-a-gripe\/\",\"name\":\"Buriti antecipa a campanha de vacina\u00e7\u00e3o contra a gripe - Notibras\",\"isPartOf\":{\"@id\":\"https:\/\/www.notibras.com\/site\/#website\"},\"primaryImageOfPage\":{\"@id\":\"https:\/\/www.notibras.com\/site\/buriti-antecipa-a-campanha-de-vacinacao-contra-a-gripe\/#primaryimage\"},\"image\":{\"@id\":\"https:\/\/www.notibras.com\/site\/buriti-antecipa-a-campanha-de-vacinacao-contra-a-gripe\/#primaryimage\"},\"thumbnailUrl\":\"https:\/\/www.notibras.com\/site\/wp-content\/uploads\/2024\/03\/vacinadfgripe.webp\",\"datePublished\":\"2024-03-19T10:43:49+00:00\",\"dateModified\":\"2024-03-19T12:46:13+00:00\",\"breadcrumb\":{\"@id\":\"https:\/\/www.notibras.com\/site\/buriti-antecipa-a-campanha-de-vacinacao-contra-a-gripe\/#breadcrumb\"},\"inLanguage\":\"pt-BR\",\"potentialAction\":[{\"@type\":\"ReadAction\",\"target\":[\"https:\/\/www.notibras.com\/site\/buriti-antecipa-a-campanha-de-vacinacao-contra-a-gripe\/\"]}]},{\"@type\":\"ImageObject\",\"inLanguage\":\"pt-BR\",\"@id\":\"https:\/\/www.notibras.com\/site\/buriti-antecipa-a-campanha-de-vacinacao-contra-a-gripe\/#primaryimage\",\"url\":\"https:\/\/www.notibras.com\/site\/wp-content\/uploads\/2024\/03\/vacinadfgripe.webp\",\"contentUrl\":\"https:\/\/www.notibras.com\/site\/wp-content\/uploads\/2024\/03\/vacinadfgripe.webp\",\"width\":1170,\"height\":700},{\"@type\":\"BreadcrumbList\",\"@id\":\"https:\/\/www.notibras.com\/site\/buriti-antecipa-a-campanha-de-vacinacao-contra-a-gripe\/#breadcrumb\",\"itemListElement\":[{\"@type\":\"ListItem\",\"position\":1,\"name\":\"In\u00edcio\",\"item\":\"https:\/\/www.notibras.com\/site\/\"},{\"@type\":\"ListItem\",\"position\":2,\"name\":\"Buriti antecipa a campanha de vacina\u00e7\u00e3o contra a gripe\"}]},{\"@type\":\"WebSite\",\"@id\":\"https:\/\/www.notibras.com\/site\/#website\",\"url\":\"https:\/\/www.notibras.com\/site\/\",\"name\":\"Notibras\",\"description\":\"Not\u00edcias de Bras\u00edlia, do Brasil e do Mundo\",\"publisher\":{\"@id\":\"https:\/\/www.notibras.com\/site\/#organization\"},\"potentialAction\":[{\"@type\":\"SearchAction\",\"target\":{\"@type\":\"EntryPoint\",\"urlTemplate\":\"https:\/\/www.notibras.com\/site\/?s={search_term_string}\"},\"query-input\":{\"@type\":\"PropertyValueSpecification\",\"valueRequired\":true,\"valueName\":\"search_term_string\"}}],\"inLanguage\":\"pt-BR\"},{\"@type\":\"Organization\",\"@id\":\"https:\/\/www.notibras.com\/site\/#organization\",\"name\":\"Grupo Notibras de Comunica\u00e7\u00e3o\",\"url\":\"https:\/\/www.notibras.com\/site\/\",\"logo\":{\"@type\":\"ImageObject\",\"inLanguage\":\"pt-BR\",\"@id\":\"https:\/\/www.notibras.com\/site\/#\/schema\/logo\/image\/\",\"url\":\"https:\/\/www.notibras.com\/site\/wp-content\/uploads\/2023\/01\/notibras23.png\",\"contentUrl\":\"https:\/\/www.notibras.com\/site\/wp-content\/uploads\/2023\/01\/notibras23.png\",\"width\":350,\"height\":87,\"caption\":\"Grupo Notibras de Comunica\u00e7\u00e3o\"},\"image\":{\"@id\":\"https:\/\/www.notibras.com\/site\/#\/schema\/logo\/image\/\"},\"sameAs\":[\"https:\/\/www.facebook.com\/notibras\/\",\"https:\/\/x.com\/Notibras\",\"https:\/\/www.instagram.com\/notibras\/\"]},{\"@type\":\"Person\",\"@id\":\"https:\/\/www.notibras.com\/site\/#\/schema\/person\/36ab0979449956132d3e5b517ea76ac8\",\"name\":\"Reda\u00e7\u00e3o\",\"image\":{\"@type\":\"ImageObject\",\"inLanguage\":\"pt-BR\",\"@id\":\"https:\/\/secure.gravatar.com\/avatar\/e0a867bdedb85fd243eadf09663511f96fc81e0720a4a42581f334ad4303aa6b?s=96&d=mm&r=g\",\"url\":\"https:\/\/secure.gravatar.com\/avatar\/e0a867bdedb85fd243eadf09663511f96fc81e0720a4a42581f334ad4303aa6b?s=96&d=mm&r=g\",\"contentUrl\":\"https:\/\/secure.gravatar.com\/avatar\/e0a867bdedb85fd243eadf09663511f96fc81e0720a4a42581f334ad4303aa6b?s=96&d=mm&r=g\",\"caption\":\"Reda\u00e7\u00e3o\"}}]}<\/script>\n<!-- \/ Yoast SEO plugin. -->","yoast_head_json":{"title":"Buriti antecipa a campanha de vacina\u00e7\u00e3o contra a gripe - Notibras","robots":{"index":"index","follow":"follow","max-snippet":"max-snippet:-1","max-image-preview":"max-image-preview:large","max-video-preview":"max-video-preview:-1"},"canonical":"https:\/\/www.notibras.com\/site\/buriti-antecipa-a-campanha-de-vacinacao-contra-a-gripe\/","og_locale":"pt_BR","og_type":"article","og_title":"Buriti antecipa a campanha de vacina\u00e7\u00e3o contra a gripe - Notibras","og_description":"O Distrito Federal inicia nesta ter\u00e7a-feira (19) a vacina\u00e7\u00e3o contra gripe. De acordo com a Secretaria de Sa\u00fade, 125 pontos v\u00e3o ofertar a dose \u2013 incluindo a Rodovi\u00e1ria do Plano Piloto. A lista completa com endere\u00e7os e hor\u00e1rios de funcionamento pode ser acessada aqui. A unidade federativa \u00e9 a primeira a iniciar a imuniza\u00e7\u00e3o contra [&hellip;]","og_url":"https:\/\/www.notibras.com\/site\/buriti-antecipa-a-campanha-de-vacinacao-contra-a-gripe\/","og_site_name":"Notibras","article_publisher":"https:\/\/www.facebook.com\/notibras\/","article_published_time":"2024-03-19T10:43:49+00:00","article_modified_time":"2024-03-19T12:46:13+00:00","og_image":[{"width":1170,"height":700,"url":"https:\/\/www.notibras.com\/site\/wp-content\/uploads\/2024\/03\/vacinadfgripe.webp","type":"image\/webp"}],"author":"Reda\u00e7\u00e3o","twitter_card":"summary_large_image","twitter_creator":"@Notibras","twitter_site":"@Notibras","twitter_misc":{"Escrito por":"Reda\u00e7\u00e3o","Est. tempo de leitura":"3 minutos"},"schema":{"@context":"https:\/\/schema.org","@graph":[{"@type":"Article","@id":"https:\/\/www.notibras.com\/site\/buriti-antecipa-a-campanha-de-vacinacao-contra-a-gripe\/#article","isPartOf":{"@id":"https:\/\/www.notibras.com\/site\/buriti-antecipa-a-campanha-de-vacinacao-contra-a-gripe\/"},"author":{"name":"Reda\u00e7\u00e3o","@id":"https:\/\/www.notibras.com\/site\/#\/schema\/person\/36ab0979449956132d3e5b517ea76ac8"},"headline":"Buriti antecipa a campanha de vacina\u00e7\u00e3o contra a gripe","datePublished":"2024-03-19T10:43:49+00:00","dateModified":"2024-03-19T12:46:13+00:00","mainEntityOfPage":{"@id":"https:\/\/www.notibras.com\/site\/buriti-antecipa-a-campanha-de-vacinacao-contra-a-gripe\/"},"wordCount":527,"publisher":{"@id":"https:\/\/www.notibras.com\/site\/#organization"},"image":{"@id":"https:\/\/www.notibras.com\/site\/buriti-antecipa-a-campanha-de-vacinacao-contra-a-gripe\/#primaryimage"},"thumbnailUrl":"https:\/\/www.notibras.com\/site\/wp-content\/uploads\/2024\/03\/vacinadfgripe.webp","articleSection":["Quadradinho em Foco"],"inLanguage":"pt-BR"},{"@type":"WebPage","@id":"https:\/\/www.notibras.com\/site\/buriti-antecipa-a-campanha-de-vacinacao-contra-a-gripe\/","url":"https:\/\/www.notibras.com\/site\/buriti-antecipa-a-campanha-de-vacinacao-contra-a-gripe\/","name":"Buriti antecipa a campanha de vacina\u00e7\u00e3o contra a gripe - Notibras","isPartOf":{"@id":"https:\/\/www.notibras.com\/site\/#website"},"primaryImageOfPage":{"@id":"https:\/\/www.notibras.com\/site\/buriti-antecipa-a-campanha-de-vacinacao-contra-a-gripe\/#primaryimage"},"image":{"@id":"https:\/\/www.notibras.com\/site\/buriti-antecipa-a-campanha-de-vacinacao-contra-a-gripe\/#primaryimage"},"thumbnailUrl":"https:\/\/www.notibras.com\/site\/wp-content\/uploads\/2024\/03\/vacinadfgripe.webp","datePublished":"2024-03-19T10:43:49+00:00","dateModified":"2024-03-19T12:46:13+00:00","breadcrumb":{"@id":"https:\/\/www.notibras.com\/site\/buriti-antecipa-a-campanha-de-vacinacao-contra-a-gripe\/#breadcrumb"},"inLanguage":"pt-BR","potentialAction":[{"@type":"ReadAction","target":["https:\/\/www.notibras.com\/site\/buriti-antecipa-a-campanha-de-vacinacao-contra-a-gripe\/"]}]},{"@type":"ImageObject","inLanguage":"pt-BR","@id":"https:\/\/www.notibras.com\/site\/buriti-antecipa-a-campanha-de-vacinacao-contra-a-gripe\/#primaryimage","url":"https:\/\/www.notibras.com\/site\/wp-content\/uploads\/2024\/03\/vacinadfgripe.webp","contentUrl":"https:\/\/www.notibras.com\/site\/wp-content\/uploads\/2024\/03\/vacinadfgripe.webp","width":1170,"height":700},{"@type":"BreadcrumbList","@id":"https:\/\/www.notibras.com\/site\/buriti-antecipa-a-campanha-de-vacinacao-contra-a-gripe\/#breadcrumb","itemListElement":[{"@type":"ListItem","position":1,"name":"In\u00edcio","item":"https:\/\/www.notibras.com\/site\/"},{"@type":"ListItem","position":2,"name":"Buriti antecipa a campanha de vacina\u00e7\u00e3o contra a gripe"}]},{"@type":"WebSite","@id":"https:\/\/www.notibras.com\/site\/#website","url":"https:\/\/www.notibras.com\/site\/","name":"Notibras","description":"Not\u00edcias de Bras\u00edlia, do Brasil e do Mundo","publisher":{"@id":"https:\/\/www.notibras.com\/site\/#organization"},"potentialAction":[{"@type":"SearchAction","target":{"@type":"EntryPoint","urlTemplate":"https:\/\/www.notibras.com\/site\/?s={search_term_string}"},"query-input":{"@type":"PropertyValueSpecification","valueRequired":true,"valueName":"search_term_string"}}],"inLanguage":"pt-BR"},{"@type":"Organization","@id":"https:\/\/www.notibras.com\/site\/#organization","name":"Grupo Notibras de Comunica\u00e7\u00e3o","url":"https:\/\/www.notibras.com\/site\/","logo":{"@type":"ImageObject","inLanguage":"pt-BR","@id":"https:\/\/www.notibras.com\/site\/#\/schema\/logo\/image\/","url":"https:\/\/www.notibras.com\/site\/wp-content\/uploads\/2023\/01\/notibras23.png","contentUrl":"https:\/\/www.notibras.com\/site\/wp-content\/uploads\/2023\/01\/notibras23.png","width":350,"height":87,"caption":"Grupo Notibras de Comunica\u00e7\u00e3o"},"image":{"@id":"https:\/\/www.notibras.com\/site\/#\/schema\/logo\/image\/"},"sameAs":["https:\/\/www.facebook.com\/notibras\/","https:\/\/x.com\/Notibras","https:\/\/www.instagram.com\/notibras\/"]},{"@type":"Person","@id":"https:\/\/www.notibras.com\/site\/#\/schema\/person\/36ab0979449956132d3e5b517ea76ac8","name":"Reda\u00e7\u00e3o","image":{"@type":"ImageObject","inLanguage":"pt-BR","@id":"https:\/\/secure.gravatar.com\/avatar\/e0a867bdedb85fd243eadf09663511f96fc81e0720a4a42581f334ad4303aa6b?s=96&d=mm&r=g","url":"https:\/\/secure.gravatar.com\/avatar\/e0a867bdedb85fd243eadf09663511f96fc81e0720a4a42581f334ad4303aa6b?s=96&d=mm&r=g","contentUrl":"https:\/\/secure.gravatar.com\/avatar\/e0a867bdedb85fd243eadf09663511f96fc81e0720a4a42581f334ad4303aa6b?s=96&d=mm&r=g","caption":"Reda\u00e7\u00e3o"}}]}},"amp_enabled":true,"_links":{"self":[{"href":"https:\/\/www.notibras.com\/site\/wp-json\/wp\/v2\/posts\/324980","targetHints":{"allow":["GET"]}}],"collection":[{"href":"https:\/\/www.notibras.com\/site\/wp-json\/wp\/v2\/posts"}],"about":[{"href":"https:\/\/www.notibras.com\/site\/wp-json\/wp\/v2\/types\/post"}],"author":[{"embeddable":true,"href":"https:\/\/www.notibras.com\/site\/wp-json\/wp\/v2\/users\/2"}],"replies":[{"embeddable":true,"href":"https:\/\/www.notibras.com\/site\/wp-json\/wp\/v2\/comments?post=324980"}],"version-history":[{"count":1,"href":"https:\/\/www.notibras.com\/site\/wp-json\/wp\/v2\/posts\/324980\/revisions"}],"predecessor-version":[{"id":324982,"href":"https:\/\/www.notibras.com\/site\/wp-json\/wp\/v2\/posts\/324980\/revisions\/324982"}],"wp:featuredmedia":[{"embeddable":true,"href":"https:\/\/www.notibras.com\/site\/wp-json\/wp\/v2\/media\/324981"}],"wp:attachment":[{"href":"https:\/\/www.notibras.com\/site\/wp-json\/wp\/v2\/media?parent=324980"}],"wp:term":[{"taxonomy":"category","embeddable":true,"href":"https:\/\/www.notibras.com\/site\/wp-json\/wp\/v2\/categories?post=324980"},{"taxonomy":"post_tag","embeddable":true,"href":"https:\/\/www.notibras.com\/site\/wp-json\/wp\/v2\/tags?post=324980"}],"curies":[{"name":"wp","href":"https:\/\/api.w.org\/{rel}","templated":true}]}}