{"id":324995,"date":"2024-03-19T00:00:58","date_gmt":"2024-03-19T03:00:58","guid":{"rendered":"https:\/\/www.notibras.com\/site\/?p=324995"},"modified":"2024-03-19T10:34:09","modified_gmt":"2024-03-19T13:34:09","slug":"justica-condena-e-manda-governo-dar-um-jeito-no-lixo-das-ruas","status":"publish","type":"post","link":"https:\/\/www.notibras.com\/site\/justica-condena-e-manda-governo-dar-um-jeito-no-lixo-das-ruas\/","title":{"rendered":"Justi\u00e7a condena e manda governo dar um jeito no lixo das ruas"},"content":{"rendered":"<p>A 6\u00aa Turma C\u00edvel do Tribunal de Justi\u00e7a do Distrito Federal e dos Territ\u00f3rios (TJDFT) manteve, por unanimidade, decis\u00e3o que condenou o DF, o governador Ibaneis Rocha e o Servi\u00e7o de Limpeza Urbana (SLU) a elaborar e executar cronograma de a\u00e7\u00e3o de conten\u00e7\u00e3o e repress\u00e3o \u00e0 disposi\u00e7\u00e3o de res\u00edduos s\u00f3lidos em \u00e1rea junto \u00e0 Granja do Torto.<\/p>\n<p>A A\u00e7\u00e3o Popular movida contra os r\u00e9us solicitou a tutela do meio ambiente mediante ado\u00e7\u00e3o de medidas eficientes no trato adequado do lixo e dos res\u00edduos s\u00f3lidos que est\u00e3o expostos a c\u00e9u aberto na regi\u00e3o da Granja do Torto, entorno do Parque Nacional Bras\u00edlia. O autor informa que h\u00e1 lan\u00e7amento di\u00e1rio e sistem\u00e1tico de res\u00edduos org\u00e2nicos e inorg\u00e2nicos pela comunidade da Regi\u00e3o Administrativa da Granja do Torto, que se acumulam na Zona de Amortecimento que comp\u00f5e o entorno do Parque Nacional.<\/p>\n<p>Afirma que os r\u00e9us s\u00e3o correspons\u00e1veis pelos danos causados ao bioma do cerrado, porque ignoram as obriga\u00e7\u00f5es impostas pela Pol\u00edtica Nacional de Res\u00edduos S\u00f3lidos, referentes \u00e0 produ\u00e7\u00e3o de lixo zero. Refor\u00e7a que, na Granja do Torno, n\u00e3o existem sistemas de coleta seletiva, cooperativas, triagem e tratamento dos res\u00edduos dispensados. Al\u00e9m disso, a frequ\u00eancia das coletas realizadas pelo SLU n\u00e3o seria o suficiente, o que faz com que o lixo se acumule na \u00e1rea, contamine as \u00e1guas no subsolo devido ao \u201cchorume\u201d, trazendo riscos para a popula\u00e7\u00e3o, fauna e flora locais.<\/p>\n<p>Em suas alega\u00e7\u00f5es, os r\u00e9us argumentam que a responsabilidade pela ado\u00e7\u00e3o de provid\u00eancias preventivas e repressivas para conten\u00e7\u00e3o de lixo irregularmente depositado na Granja do Torto \u00e9 do SLU e do IBAMA, al\u00e9m das empresas contratadas para a presta\u00e7\u00e3o de tais servi\u00e7os, as quais n\u00e3o foram inclu\u00eddos no processo. Afirmam que h\u00e1 pol\u00edtica p\u00fablica de res\u00edduos s\u00f3lidos em andamento e funcionamento envolvendo o SLU e empresas contratadas. Assinala que o govenador n\u00e3o praticou ato que dificulte as a\u00e7\u00f5es do Servi\u00e7o de Limpeza Urbana, de modo que n\u00e3o pode ser responsabilizado. Destacam que senten\u00e7a n\u00e3o considerou documenta\u00e7\u00e3o que comprova a ado\u00e7\u00e3o de medidas para conscientizar a popula\u00e7\u00e3o e que o SLU respondeu a todos os itens do pedido do autor. Dessa forma, pede que a a\u00e7\u00e3o seja julgada improcedente.<\/p>\n<p>Segundo a Desembargadora relatora, as fotografias juntadas ao processo comprovam que o SLU efetivamente realizou campanha de conscientiza\u00e7\u00e3o da popula\u00e7\u00e3o da \u00e1rea sobre a necessidade de observ\u00e2ncia das regras de descarte de lixo, entretanto, a obriga\u00e7\u00e3o imposta na senten\u00e7a n\u00e3o se limita a essa atua\u00e7\u00e3o. \u201cO of\u00edcio expedido pelo SLU, em 9 de mar\u00e7o de 2022 n\u00e3o comprova o cumprimento da obriga\u00e7\u00e3o imposta, mas apenas apresenta justificativas para o seu descumprimento, como a alega\u00e7\u00e3o de que a implanta\u00e7\u00e3o de lixeiras adequadas para coleta seletiva demanda aquisi\u00e7\u00e3o pr\u00e9via das lixeiras pelos usu\u00e1rios, e ainda que a escala de dias para coleta do lixo segue um planejamento operacional pr\u00e9vio adequado para a \u00e1rea\u201d, observou.<\/p>\n<p>A magistrada ressaltou, ainda, que o \u00f3rg\u00e3o t\u00e9cnico de per\u00edcias do Minist\u00e9rio P\u00fablico do Distrito Federal e Territ\u00f3rios (MPDFT) fez vistoria no local em abril de 2022, ap\u00f3s a expedi\u00e7\u00e3o de of\u00edcio, e constatou que os problemas apontados persistiam, bem como a necessidade de atua\u00e7\u00e3o do Poder P\u00fablico na observ\u00e2ncia de legisla\u00e7\u00e3o de controle de rejeitos ambientais.<\/p>\n<p>Diante disso, o colegiado concluiu que n\u00e3o houve cumprimento do pedido do autor ou da senten\u00e7a. Assim, a Turma manteve a senten\u00e7a que determina que os r\u00e9us comprovem a elabora\u00e7\u00e3o e execu\u00e7\u00e3o de cronograma de a\u00e7\u00f5es para a preven\u00e7\u00e3o, conten\u00e7\u00e3o e repress\u00e3o \u00e0 deposi\u00e7\u00e3o de res\u00edduos s\u00f3lidos ao longo do entorno do Parque Nacional de Bras\u00edlia, notadamente junto \u00e0 Granja do Torto. Dever\u00e1 ser apresentado cronograma de a\u00e7\u00f5es conjuntas condizentes com a Pol\u00edtica Nacional de Res\u00edduos S\u00f3lidos e com o Plano Distrital de Gest\u00e3o Integrada de Res\u00edduos S\u00f3lidos, no prazo de 90 dias, sob pena de multa R$ 10 mil por dia de atraso. Ap\u00f3s a apresenta\u00e7\u00e3o do plano, a execu\u00e7\u00e3o das a\u00e7\u00f5es deve ocorrer em at\u00e9 30 dias, sob pena de multa no mesmo valor.<\/p>\n","protected":false},"excerpt":{"rendered":"<p>A 6\u00aa Turma C\u00edvel do Tribunal de Justi\u00e7a do Distrito Federal e dos Territ\u00f3rios (TJDFT) manteve, por unanimidade, decis\u00e3o que condenou o DF, o governador Ibaneis Rocha e o Servi\u00e7o de Limpeza Urbana (SLU) a elaborar e executar cronograma de a\u00e7\u00e3o de conten\u00e7\u00e3o e repress\u00e3o \u00e0 disposi\u00e7\u00e3o de res\u00edduos s\u00f3lidos em \u00e1rea junto \u00e0 Granja [&hellip;]<\/p>\n","protected":false},"author":2,"featured_media":3750,"comment_status":"closed","ping_status":"closed","sticky":false,"template":"","format":"standard","meta":{"_acf_changed":false,"footnotes":""},"categories":[161],"tags":[],"class_list":["post-324995","post","type-post","status-publish","format-standard","has-post-thumbnail","hentry","category-quadradinho-em-foco"],"acf":[],"yoast_head":"<!-- This site is optimized with the Yoast SEO plugin v27.2 - https:\/\/yoast.com\/product\/yoast-seo-wordpress\/ -->\n<title>Justi\u00e7a condena e manda governo dar um jeito no lixo das ruas - Notibras<\/title>\n<meta name=\"robots\" content=\"index, follow, max-snippet:-1, max-image-preview:large, max-video-preview:-1\" \/>\n<link rel=\"canonical\" href=\"https:\/\/www.notibras.com\/site\/justica-condena-e-manda-governo-dar-um-jeito-no-lixo-das-ruas\/\" \/>\n<meta property=\"og:locale\" content=\"pt_BR\" \/>\n<meta property=\"og:type\" content=\"article\" \/>\n<meta property=\"og:title\" content=\"Justi\u00e7a condena e manda governo dar um jeito no lixo das ruas - Notibras\" \/>\n<meta property=\"og:description\" content=\"A 6\u00aa Turma C\u00edvel do Tribunal de Justi\u00e7a do Distrito Federal e dos Territ\u00f3rios (TJDFT) manteve, por unanimidade, decis\u00e3o que condenou o DF, o governador Ibaneis Rocha e o Servi\u00e7o de Limpeza Urbana (SLU) a elaborar e executar cronograma de a\u00e7\u00e3o de conten\u00e7\u00e3o e repress\u00e3o \u00e0 disposi\u00e7\u00e3o de res\u00edduos s\u00f3lidos em \u00e1rea junto \u00e0 Granja [&hellip;]\" \/>\n<meta property=\"og:url\" content=\"https:\/\/www.notibras.com\/site\/justica-condena-e-manda-governo-dar-um-jeito-no-lixo-das-ruas\/\" \/>\n<meta property=\"og:site_name\" content=\"Notibras\" \/>\n<meta property=\"article:publisher\" content=\"https:\/\/www.facebook.com\/notibras\/\" \/>\n<meta property=\"article:published_time\" content=\"2024-03-19T03:00:58+00:00\" \/>\n<meta property=\"article:modified_time\" content=\"2024-03-19T13:34:09+00:00\" \/>\n<meta property=\"og:image\" content=\"https:\/\/www.notibras.com\/site\/wp-content\/uploads\/2014\/03\/011lixogrevegarisporcossaocristovaomap3401.jpg\" \/>\n\t<meta property=\"og:image:width\" content=\"407\" \/>\n\t<meta property=\"og:image:height\" content=\"305\" \/>\n\t<meta property=\"og:image:type\" content=\"image\/jpeg\" \/>\n<meta name=\"author\" content=\"Reda\u00e7\u00e3o\" \/>\n<meta name=\"twitter:card\" content=\"summary_large_image\" \/>\n<meta name=\"twitter:creator\" content=\"@Notibras\" \/>\n<meta name=\"twitter:site\" content=\"@Notibras\" \/>\n<meta name=\"twitter:label1\" content=\"Escrito por\" \/>\n\t<meta name=\"twitter:data1\" content=\"Reda\u00e7\u00e3o\" \/>\n\t<meta name=\"twitter:label2\" content=\"Est. tempo de leitura\" \/>\n\t<meta name=\"twitter:data2\" content=\"4 minutos\" \/>\n<script type=\"application\/ld+json\" class=\"yoast-schema-graph\">{\"@context\":\"https:\/\/schema.org\",\"@graph\":[{\"@type\":\"Article\",\"@id\":\"https:\/\/www.notibras.com\/site\/justica-condena-e-manda-governo-dar-um-jeito-no-lixo-das-ruas\/#article\",\"isPartOf\":{\"@id\":\"https:\/\/www.notibras.com\/site\/justica-condena-e-manda-governo-dar-um-jeito-no-lixo-das-ruas\/\"},\"author\":{\"name\":\"Reda\u00e7\u00e3o\",\"@id\":\"https:\/\/www.notibras.com\/site\/#\/schema\/person\/36ab0979449956132d3e5b517ea76ac8\"},\"headline\":\"Justi\u00e7a condena e manda governo dar um jeito no lixo das ruas\",\"datePublished\":\"2024-03-19T03:00:58+00:00\",\"dateModified\":\"2024-03-19T13:34:09+00:00\",\"mainEntityOfPage\":{\"@id\":\"https:\/\/www.notibras.com\/site\/justica-condena-e-manda-governo-dar-um-jeito-no-lixo-das-ruas\/\"},\"wordCount\":773,\"publisher\":{\"@id\":\"https:\/\/www.notibras.com\/site\/#organization\"},\"image\":{\"@id\":\"https:\/\/www.notibras.com\/site\/justica-condena-e-manda-governo-dar-um-jeito-no-lixo-das-ruas\/#primaryimage\"},\"thumbnailUrl\":\"https:\/\/www.notibras.com\/site\/wp-content\/uploads\/2014\/03\/011lixogrevegarisporcossaocristovaomap3401.jpg\",\"articleSection\":[\"Quadradinho em Foco\"],\"inLanguage\":\"pt-BR\"},{\"@type\":\"WebPage\",\"@id\":\"https:\/\/www.notibras.com\/site\/justica-condena-e-manda-governo-dar-um-jeito-no-lixo-das-ruas\/\",\"url\":\"https:\/\/www.notibras.com\/site\/justica-condena-e-manda-governo-dar-um-jeito-no-lixo-das-ruas\/\",\"name\":\"Justi\u00e7a condena e manda governo dar um jeito no lixo das ruas - Notibras\",\"isPartOf\":{\"@id\":\"https:\/\/www.notibras.com\/site\/#website\"},\"primaryImageOfPage\":{\"@id\":\"https:\/\/www.notibras.com\/site\/justica-condena-e-manda-governo-dar-um-jeito-no-lixo-das-ruas\/#primaryimage\"},\"image\":{\"@id\":\"https:\/\/www.notibras.com\/site\/justica-condena-e-manda-governo-dar-um-jeito-no-lixo-das-ruas\/#primaryimage\"},\"thumbnailUrl\":\"https:\/\/www.notibras.com\/site\/wp-content\/uploads\/2014\/03\/011lixogrevegarisporcossaocristovaomap3401.jpg\",\"datePublished\":\"2024-03-19T03:00:58+00:00\",\"dateModified\":\"2024-03-19T13:34:09+00:00\",\"breadcrumb\":{\"@id\":\"https:\/\/www.notibras.com\/site\/justica-condena-e-manda-governo-dar-um-jeito-no-lixo-das-ruas\/#breadcrumb\"},\"inLanguage\":\"pt-BR\",\"potentialAction\":[{\"@type\":\"ReadAction\",\"target\":[\"https:\/\/www.notibras.com\/site\/justica-condena-e-manda-governo-dar-um-jeito-no-lixo-das-ruas\/\"]}]},{\"@type\":\"ImageObject\",\"inLanguage\":\"pt-BR\",\"@id\":\"https:\/\/www.notibras.com\/site\/justica-condena-e-manda-governo-dar-um-jeito-no-lixo-das-ruas\/#primaryimage\",\"url\":\"https:\/\/www.notibras.com\/site\/wp-content\/uploads\/2014\/03\/011lixogrevegarisporcossaocristovaomap3401.jpg\",\"contentUrl\":\"https:\/\/www.notibras.com\/site\/wp-content\/uploads\/2014\/03\/011lixogrevegarisporcossaocristovaomap3401.jpg\",\"width\":407,\"height\":305},{\"@type\":\"BreadcrumbList\",\"@id\":\"https:\/\/www.notibras.com\/site\/justica-condena-e-manda-governo-dar-um-jeito-no-lixo-das-ruas\/#breadcrumb\",\"itemListElement\":[{\"@type\":\"ListItem\",\"position\":1,\"name\":\"In\u00edcio\",\"item\":\"https:\/\/www.notibras.com\/site\/\"},{\"@type\":\"ListItem\",\"position\":2,\"name\":\"Justi\u00e7a condena e manda governo dar um jeito no lixo das ruas\"}]},{\"@type\":\"WebSite\",\"@id\":\"https:\/\/www.notibras.com\/site\/#website\",\"url\":\"https:\/\/www.notibras.com\/site\/\",\"name\":\"Notibras\",\"description\":\"Not\u00edcias de Bras\u00edlia, do Brasil e do Mundo\",\"publisher\":{\"@id\":\"https:\/\/www.notibras.com\/site\/#organization\"},\"potentialAction\":[{\"@type\":\"SearchAction\",\"target\":{\"@type\":\"EntryPoint\",\"urlTemplate\":\"https:\/\/www.notibras.com\/site\/?s={search_term_string}\"},\"query-input\":{\"@type\":\"PropertyValueSpecification\",\"valueRequired\":true,\"valueName\":\"search_term_string\"}}],\"inLanguage\":\"pt-BR\"},{\"@type\":\"Organization\",\"@id\":\"https:\/\/www.notibras.com\/site\/#organization\",\"name\":\"Grupo Notibras de Comunica\u00e7\u00e3o\",\"url\":\"https:\/\/www.notibras.com\/site\/\",\"logo\":{\"@type\":\"ImageObject\",\"inLanguage\":\"pt-BR\",\"@id\":\"https:\/\/www.notibras.com\/site\/#\/schema\/logo\/image\/\",\"url\":\"https:\/\/www.notibras.com\/site\/wp-content\/uploads\/2023\/01\/notibras23.png\",\"contentUrl\":\"https:\/\/www.notibras.com\/site\/wp-content\/uploads\/2023\/01\/notibras23.png\",\"width\":350,\"height\":87,\"caption\":\"Grupo Notibras de Comunica\u00e7\u00e3o\"},\"image\":{\"@id\":\"https:\/\/www.notibras.com\/site\/#\/schema\/logo\/image\/\"},\"sameAs\":[\"https:\/\/www.facebook.com\/notibras\/\",\"https:\/\/x.com\/Notibras\",\"https:\/\/www.instagram.com\/notibras\/\"]},{\"@type\":\"Person\",\"@id\":\"https:\/\/www.notibras.com\/site\/#\/schema\/person\/36ab0979449956132d3e5b517ea76ac8\",\"name\":\"Reda\u00e7\u00e3o\",\"image\":{\"@type\":\"ImageObject\",\"inLanguage\":\"pt-BR\",\"@id\":\"https:\/\/secure.gravatar.com\/avatar\/e0a867bdedb85fd243eadf09663511f96fc81e0720a4a42581f334ad4303aa6b?s=96&d=mm&r=g\",\"url\":\"https:\/\/secure.gravatar.com\/avatar\/e0a867bdedb85fd243eadf09663511f96fc81e0720a4a42581f334ad4303aa6b?s=96&d=mm&r=g\",\"contentUrl\":\"https:\/\/secure.gravatar.com\/avatar\/e0a867bdedb85fd243eadf09663511f96fc81e0720a4a42581f334ad4303aa6b?s=96&d=mm&r=g\",\"caption\":\"Reda\u00e7\u00e3o\"}}]}<\/script>\n<!-- \/ Yoast SEO plugin. -->","yoast_head_json":{"title":"Justi\u00e7a condena e manda governo dar um jeito no lixo das ruas - Notibras","robots":{"index":"index","follow":"follow","max-snippet":"max-snippet:-1","max-image-preview":"max-image-preview:large","max-video-preview":"max-video-preview:-1"},"canonical":"https:\/\/www.notibras.com\/site\/justica-condena-e-manda-governo-dar-um-jeito-no-lixo-das-ruas\/","og_locale":"pt_BR","og_type":"article","og_title":"Justi\u00e7a condena e manda governo dar um jeito no lixo das ruas - Notibras","og_description":"A 6\u00aa Turma C\u00edvel do Tribunal de Justi\u00e7a do Distrito Federal e dos Territ\u00f3rios (TJDFT) manteve, por unanimidade, decis\u00e3o que condenou o DF, o governador Ibaneis Rocha e o Servi\u00e7o de Limpeza Urbana (SLU) a elaborar e executar cronograma de a\u00e7\u00e3o de conten\u00e7\u00e3o e repress\u00e3o \u00e0 disposi\u00e7\u00e3o de res\u00edduos s\u00f3lidos em \u00e1rea junto \u00e0 Granja [&hellip;]","og_url":"https:\/\/www.notibras.com\/site\/justica-condena-e-manda-governo-dar-um-jeito-no-lixo-das-ruas\/","og_site_name":"Notibras","article_publisher":"https:\/\/www.facebook.com\/notibras\/","article_published_time":"2024-03-19T03:00:58+00:00","article_modified_time":"2024-03-19T13:34:09+00:00","og_image":[{"width":407,"height":305,"url":"https:\/\/www.notibras.com\/site\/wp-content\/uploads\/2014\/03\/011lixogrevegarisporcossaocristovaomap3401.jpg","type":"image\/jpeg"}],"author":"Reda\u00e7\u00e3o","twitter_card":"summary_large_image","twitter_creator":"@Notibras","twitter_site":"@Notibras","twitter_misc":{"Escrito por":"Reda\u00e7\u00e3o","Est. tempo de leitura":"4 minutos"},"schema":{"@context":"https:\/\/schema.org","@graph":[{"@type":"Article","@id":"https:\/\/www.notibras.com\/site\/justica-condena-e-manda-governo-dar-um-jeito-no-lixo-das-ruas\/#article","isPartOf":{"@id":"https:\/\/www.notibras.com\/site\/justica-condena-e-manda-governo-dar-um-jeito-no-lixo-das-ruas\/"},"author":{"name":"Reda\u00e7\u00e3o","@id":"https:\/\/www.notibras.com\/site\/#\/schema\/person\/36ab0979449956132d3e5b517ea76ac8"},"headline":"Justi\u00e7a condena e manda governo dar um jeito no lixo das ruas","datePublished":"2024-03-19T03:00:58+00:00","dateModified":"2024-03-19T13:34:09+00:00","mainEntityOfPage":{"@id":"https:\/\/www.notibras.com\/site\/justica-condena-e-manda-governo-dar-um-jeito-no-lixo-das-ruas\/"},"wordCount":773,"publisher":{"@id":"https:\/\/www.notibras.com\/site\/#organization"},"image":{"@id":"https:\/\/www.notibras.com\/site\/justica-condena-e-manda-governo-dar-um-jeito-no-lixo-das-ruas\/#primaryimage"},"thumbnailUrl":"https:\/\/www.notibras.com\/site\/wp-content\/uploads\/2014\/03\/011lixogrevegarisporcossaocristovaomap3401.jpg","articleSection":["Quadradinho em Foco"],"inLanguage":"pt-BR"},{"@type":"WebPage","@id":"https:\/\/www.notibras.com\/site\/justica-condena-e-manda-governo-dar-um-jeito-no-lixo-das-ruas\/","url":"https:\/\/www.notibras.com\/site\/justica-condena-e-manda-governo-dar-um-jeito-no-lixo-das-ruas\/","name":"Justi\u00e7a condena e manda governo dar um jeito no lixo das ruas - Notibras","isPartOf":{"@id":"https:\/\/www.notibras.com\/site\/#website"},"primaryImageOfPage":{"@id":"https:\/\/www.notibras.com\/site\/justica-condena-e-manda-governo-dar-um-jeito-no-lixo-das-ruas\/#primaryimage"},"image":{"@id":"https:\/\/www.notibras.com\/site\/justica-condena-e-manda-governo-dar-um-jeito-no-lixo-das-ruas\/#primaryimage"},"thumbnailUrl":"https:\/\/www.notibras.com\/site\/wp-content\/uploads\/2014\/03\/011lixogrevegarisporcossaocristovaomap3401.jpg","datePublished":"2024-03-19T03:00:58+00:00","dateModified":"2024-03-19T13:34:09+00:00","breadcrumb":{"@id":"https:\/\/www.notibras.com\/site\/justica-condena-e-manda-governo-dar-um-jeito-no-lixo-das-ruas\/#breadcrumb"},"inLanguage":"pt-BR","potentialAction":[{"@type":"ReadAction","target":["https:\/\/www.notibras.com\/site\/justica-condena-e-manda-governo-dar-um-jeito-no-lixo-das-ruas\/"]}]},{"@type":"ImageObject","inLanguage":"pt-BR","@id":"https:\/\/www.notibras.com\/site\/justica-condena-e-manda-governo-dar-um-jeito-no-lixo-das-ruas\/#primaryimage","url":"https:\/\/www.notibras.com\/site\/wp-content\/uploads\/2014\/03\/011lixogrevegarisporcossaocristovaomap3401.jpg","contentUrl":"https:\/\/www.notibras.com\/site\/wp-content\/uploads\/2014\/03\/011lixogrevegarisporcossaocristovaomap3401.jpg","width":407,"height":305},{"@type":"BreadcrumbList","@id":"https:\/\/www.notibras.com\/site\/justica-condena-e-manda-governo-dar-um-jeito-no-lixo-das-ruas\/#breadcrumb","itemListElement":[{"@type":"ListItem","position":1,"name":"In\u00edcio","item":"https:\/\/www.notibras.com\/site\/"},{"@type":"ListItem","position":2,"name":"Justi\u00e7a condena e manda governo dar um jeito no lixo das ruas"}]},{"@type":"WebSite","@id":"https:\/\/www.notibras.com\/site\/#website","url":"https:\/\/www.notibras.com\/site\/","name":"Notibras","description":"Not\u00edcias de Bras\u00edlia, do Brasil e do Mundo","publisher":{"@id":"https:\/\/www.notibras.com\/site\/#organization"},"potentialAction":[{"@type":"SearchAction","target":{"@type":"EntryPoint","urlTemplate":"https:\/\/www.notibras.com\/site\/?s={search_term_string}"},"query-input":{"@type":"PropertyValueSpecification","valueRequired":true,"valueName":"search_term_string"}}],"inLanguage":"pt-BR"},{"@type":"Organization","@id":"https:\/\/www.notibras.com\/site\/#organization","name":"Grupo Notibras de Comunica\u00e7\u00e3o","url":"https:\/\/www.notibras.com\/site\/","logo":{"@type":"ImageObject","inLanguage":"pt-BR","@id":"https:\/\/www.notibras.com\/site\/#\/schema\/logo\/image\/","url":"https:\/\/www.notibras.com\/site\/wp-content\/uploads\/2023\/01\/notibras23.png","contentUrl":"https:\/\/www.notibras.com\/site\/wp-content\/uploads\/2023\/01\/notibras23.png","width":350,"height":87,"caption":"Grupo Notibras de Comunica\u00e7\u00e3o"},"image":{"@id":"https:\/\/www.notibras.com\/site\/#\/schema\/logo\/image\/"},"sameAs":["https:\/\/www.facebook.com\/notibras\/","https:\/\/x.com\/Notibras","https:\/\/www.instagram.com\/notibras\/"]},{"@type":"Person","@id":"https:\/\/www.notibras.com\/site\/#\/schema\/person\/36ab0979449956132d3e5b517ea76ac8","name":"Reda\u00e7\u00e3o","image":{"@type":"ImageObject","inLanguage":"pt-BR","@id":"https:\/\/secure.gravatar.com\/avatar\/e0a867bdedb85fd243eadf09663511f96fc81e0720a4a42581f334ad4303aa6b?s=96&d=mm&r=g","url":"https:\/\/secure.gravatar.com\/avatar\/e0a867bdedb85fd243eadf09663511f96fc81e0720a4a42581f334ad4303aa6b?s=96&d=mm&r=g","contentUrl":"https:\/\/secure.gravatar.com\/avatar\/e0a867bdedb85fd243eadf09663511f96fc81e0720a4a42581f334ad4303aa6b?s=96&d=mm&r=g","caption":"Reda\u00e7\u00e3o"}}]}},"amp_enabled":true,"_links":{"self":[{"href":"https:\/\/www.notibras.com\/site\/wp-json\/wp\/v2\/posts\/324995","targetHints":{"allow":["GET"]}}],"collection":[{"href":"https:\/\/www.notibras.com\/site\/wp-json\/wp\/v2\/posts"}],"about":[{"href":"https:\/\/www.notibras.com\/site\/wp-json\/wp\/v2\/types\/post"}],"author":[{"embeddable":true,"href":"https:\/\/www.notibras.com\/site\/wp-json\/wp\/v2\/users\/2"}],"replies":[{"embeddable":true,"href":"https:\/\/www.notibras.com\/site\/wp-json\/wp\/v2\/comments?post=324995"}],"version-history":[{"count":1,"href":"https:\/\/www.notibras.com\/site\/wp-json\/wp\/v2\/posts\/324995\/revisions"}],"predecessor-version":[{"id":324996,"href":"https:\/\/www.notibras.com\/site\/wp-json\/wp\/v2\/posts\/324995\/revisions\/324996"}],"wp:featuredmedia":[{"embeddable":true,"href":"https:\/\/www.notibras.com\/site\/wp-json\/wp\/v2\/media\/3750"}],"wp:attachment":[{"href":"https:\/\/www.notibras.com\/site\/wp-json\/wp\/v2\/media?parent=324995"}],"wp:term":[{"taxonomy":"category","embeddable":true,"href":"https:\/\/www.notibras.com\/site\/wp-json\/wp\/v2\/categories?post=324995"},{"taxonomy":"post_tag","embeddable":true,"href":"https:\/\/www.notibras.com\/site\/wp-json\/wp\/v2\/tags?post=324995"}],"curies":[{"name":"wp","href":"https:\/\/api.w.org\/{rel}","templated":true}]}}