{"id":324997,"date":"2024-03-19T00:00:23","date_gmt":"2024-03-19T03:00:23","guid":{"rendered":"https:\/\/www.notibras.com\/site\/?p=324997"},"modified":"2024-03-19T10:39:16","modified_gmt":"2024-03-19T13:39:16","slug":"facebook-obrigado-a-indenizar-mulher-que-teve-perfil-invadido","status":"publish","type":"post","link":"https:\/\/www.notibras.com\/site\/facebook-obrigado-a-indenizar-mulher-que-teve-perfil-invadido\/","title":{"rendered":"Facebook obrigado a indenizar mulher que teve perfil invadido"},"content":{"rendered":"<p>A 2\u00aa Turma Recursal dos Juizados Especiais do Distrito Federal (TJDFT) manteve decis\u00e3o que condenou o Facebook Servi\u00e7os On-line do Brasil Ltda a indenizar uma mulher que teve contas de redes sociais invadidas por terceiros. A decis\u00e3o fixou a quantia de R$ 4 mil, a t\u00edtulo de danos morais. Al\u00e9m disso, o Facebook n\u00e3o poder\u00e1 realizar qualquer cobran\u00e7a de d\u00e9bito que tenha sido contra\u00eddo por meio das contas da autora, durante o per\u00edodo de invas\u00e3o.<\/p>\n<p>Conforme o processo, a autora teve suas contas do Facebook e Instagram invadidas por terceiros e, nesse per\u00edodo, teria sido veiculado em seus perfis an\u00fancios de cunho sexual. Ademais, o invasor ainda teria feito despesas por meio de suas contas.<\/p>\n<p>No recurso, o r\u00e9u defende que n\u00e3o possui o dever de armazenar conte\u00fados de contas, tampouco de suas atividades e que, al\u00e9m disso, fornece um ambiente seguro e com ferramentas adequadas aos seus usu\u00e1rios. Argumenta que n\u00e3o ficou comprovado que houve observ\u00e2ncia dos procedimentos necess\u00e1rios ao restabelecimento da conta da autora e que n\u00e3o h\u00e1 que se falar em falha da presta\u00e7\u00e3o do servi\u00e7o, pois houve ato exclusivo de terceiro.<\/p>\n<p>Na decis\u00e3o, a Ju\u00edza pontua que o r\u00e9u alegou de forma gen\u00e9rica que a usu\u00e1ria \u00e9 respons\u00e1vel pela senha cadastrada em sua conta e que ele n\u00e3o especificou qual dica de seguran\u00e7a a mulher teria deixado de seguir, tampouco produziu alguma prova nesse sentido. Ela explica que o Facebook n\u00e3o pode transferir os riscos da sua atividade ao usu\u00e1rio, portanto, deve responder pelos preju\u00edzos ligados aos incidentes de seguran\u00e7a.<\/p>\n<p>Por fim, a magistrada destaca que a autora teve o seu perfil suspenso e que a situa\u00e7\u00e3o se agrava, pois \u00e9 advogada e sua p\u00e1gina era utilizada como meio de divulga\u00e7\u00e3o do trabalho. Assim, \u201centendo que h\u00e1 dano moral em raz\u00e3o de todo o desgaste decorrente das diversas tentativas infrut\u00edferas de solu\u00e7\u00e3o da quest\u00e3o atrav\u00e9s dos mecanismos disponibilizados pela pr\u00f3pria recorrente, exigindo ent\u00e3o a Judicializa\u00e7\u00e3o da controv\u00e9rsia\u201d, finalizou.<\/p>\n","protected":false},"excerpt":{"rendered":"<p>A 2\u00aa Turma Recursal dos Juizados Especiais do Distrito Federal (TJDFT) manteve decis\u00e3o que condenou o Facebook Servi\u00e7os On-line do Brasil Ltda a indenizar uma mulher que teve contas de redes sociais invadidas por terceiros. A decis\u00e3o fixou a quantia de R$ 4 mil, a t\u00edtulo de danos morais. Al\u00e9m disso, o Facebook n\u00e3o poder\u00e1 [&hellip;]<\/p>\n","protected":false},"author":2,"featured_media":290757,"comment_status":"closed","ping_status":"closed","sticky":false,"template":"","format":"standard","meta":{"_acf_changed":false,"footnotes":""},"categories":[161],"tags":[],"class_list":["post-324997","post","type-post","status-publish","format-standard","has-post-thumbnail","hentry","category-quadradinho-em-foco"],"acf":[],"yoast_head":"<!-- This site is optimized with the Yoast SEO plugin v27.2 - https:\/\/yoast.com\/product\/yoast-seo-wordpress\/ -->\n<title>Facebook obrigado a indenizar mulher que teve perfil invadido - Notibras<\/title>\n<meta name=\"robots\" content=\"index, follow, max-snippet:-1, max-image-preview:large, max-video-preview:-1\" \/>\n<link rel=\"canonical\" href=\"https:\/\/www.notibras.com\/site\/facebook-obrigado-a-indenizar-mulher-que-teve-perfil-invadido\/\" \/>\n<meta property=\"og:locale\" content=\"pt_BR\" \/>\n<meta property=\"og:type\" content=\"article\" \/>\n<meta property=\"og:title\" content=\"Facebook obrigado a indenizar mulher que teve perfil invadido - Notibras\" \/>\n<meta property=\"og:description\" content=\"A 2\u00aa Turma Recursal dos Juizados Especiais do Distrito Federal (TJDFT) manteve decis\u00e3o que condenou o Facebook Servi\u00e7os On-line do Brasil Ltda a indenizar uma mulher que teve contas de redes sociais invadidas por terceiros. A decis\u00e3o fixou a quantia de R$ 4 mil, a t\u00edtulo de danos morais. Al\u00e9m disso, o Facebook n\u00e3o poder\u00e1 [&hellip;]\" \/>\n<meta property=\"og:url\" content=\"https:\/\/www.notibras.com\/site\/facebook-obrigado-a-indenizar-mulher-que-teve-perfil-invadido\/\" \/>\n<meta property=\"og:site_name\" content=\"Notibras\" \/>\n<meta property=\"article:publisher\" content=\"https:\/\/www.facebook.com\/notibras\/\" \/>\n<meta property=\"article:published_time\" content=\"2024-03-19T03:00:23+00:00\" \/>\n<meta property=\"article:modified_time\" content=\"2024-03-19T13:39:16+00:00\" \/>\n<meta property=\"og:image\" content=\"https:\/\/www.notibras.com\/site\/wp-content\/uploads\/2022\/08\/2020-06-23t165348z_1_lynxmpeg5m1mo_rtroptp_4_tech-facebook-alemanha.jpg\" \/>\n\t<meta property=\"og:image:width\" content=\"1170\" \/>\n\t<meta property=\"og:image:height\" content=\"700\" \/>\n\t<meta property=\"og:image:type\" content=\"image\/jpeg\" \/>\n<meta name=\"author\" content=\"Reda\u00e7\u00e3o\" \/>\n<meta name=\"twitter:card\" content=\"summary_large_image\" \/>\n<meta name=\"twitter:creator\" content=\"@Notibras\" \/>\n<meta name=\"twitter:site\" content=\"@Notibras\" \/>\n<meta name=\"twitter:label1\" content=\"Escrito por\" \/>\n\t<meta name=\"twitter:data1\" content=\"Reda\u00e7\u00e3o\" \/>\n\t<meta name=\"twitter:label2\" content=\"Est. tempo de leitura\" \/>\n\t<meta name=\"twitter:data2\" content=\"3 minutos\" \/>\n<script type=\"application\/ld+json\" class=\"yoast-schema-graph\">{\"@context\":\"https:\/\/schema.org\",\"@graph\":[{\"@type\":\"Article\",\"@id\":\"https:\/\/www.notibras.com\/site\/facebook-obrigado-a-indenizar-mulher-que-teve-perfil-invadido\/#article\",\"isPartOf\":{\"@id\":\"https:\/\/www.notibras.com\/site\/facebook-obrigado-a-indenizar-mulher-que-teve-perfil-invadido\/\"},\"author\":{\"name\":\"Reda\u00e7\u00e3o\",\"@id\":\"https:\/\/www.notibras.com\/site\/#\/schema\/person\/36ab0979449956132d3e5b517ea76ac8\"},\"headline\":\"Facebook obrigado a indenizar mulher que teve perfil invadido\",\"datePublished\":\"2024-03-19T03:00:23+00:00\",\"dateModified\":\"2024-03-19T13:39:16+00:00\",\"mainEntityOfPage\":{\"@id\":\"https:\/\/www.notibras.com\/site\/facebook-obrigado-a-indenizar-mulher-que-teve-perfil-invadido\/\"},\"wordCount\":375,\"publisher\":{\"@id\":\"https:\/\/www.notibras.com\/site\/#organization\"},\"image\":{\"@id\":\"https:\/\/www.notibras.com\/site\/facebook-obrigado-a-indenizar-mulher-que-teve-perfil-invadido\/#primaryimage\"},\"thumbnailUrl\":\"https:\/\/www.notibras.com\/site\/wp-content\/uploads\/2022\/08\/2020-06-23t165348z_1_lynxmpeg5m1mo_rtroptp_4_tech-facebook-alemanha.jpg\",\"articleSection\":[\"Quadradinho em Foco\"],\"inLanguage\":\"pt-BR\"},{\"@type\":\"WebPage\",\"@id\":\"https:\/\/www.notibras.com\/site\/facebook-obrigado-a-indenizar-mulher-que-teve-perfil-invadido\/\",\"url\":\"https:\/\/www.notibras.com\/site\/facebook-obrigado-a-indenizar-mulher-que-teve-perfil-invadido\/\",\"name\":\"Facebook obrigado a indenizar mulher que teve perfil invadido - Notibras\",\"isPartOf\":{\"@id\":\"https:\/\/www.notibras.com\/site\/#website\"},\"primaryImageOfPage\":{\"@id\":\"https:\/\/www.notibras.com\/site\/facebook-obrigado-a-indenizar-mulher-que-teve-perfil-invadido\/#primaryimage\"},\"image\":{\"@id\":\"https:\/\/www.notibras.com\/site\/facebook-obrigado-a-indenizar-mulher-que-teve-perfil-invadido\/#primaryimage\"},\"thumbnailUrl\":\"https:\/\/www.notibras.com\/site\/wp-content\/uploads\/2022\/08\/2020-06-23t165348z_1_lynxmpeg5m1mo_rtroptp_4_tech-facebook-alemanha.jpg\",\"datePublished\":\"2024-03-19T03:00:23+00:00\",\"dateModified\":\"2024-03-19T13:39:16+00:00\",\"breadcrumb\":{\"@id\":\"https:\/\/www.notibras.com\/site\/facebook-obrigado-a-indenizar-mulher-que-teve-perfil-invadido\/#breadcrumb\"},\"inLanguage\":\"pt-BR\",\"potentialAction\":[{\"@type\":\"ReadAction\",\"target\":[\"https:\/\/www.notibras.com\/site\/facebook-obrigado-a-indenizar-mulher-que-teve-perfil-invadido\/\"]}]},{\"@type\":\"ImageObject\",\"inLanguage\":\"pt-BR\",\"@id\":\"https:\/\/www.notibras.com\/site\/facebook-obrigado-a-indenizar-mulher-que-teve-perfil-invadido\/#primaryimage\",\"url\":\"https:\/\/www.notibras.com\/site\/wp-content\/uploads\/2022\/08\/2020-06-23t165348z_1_lynxmpeg5m1mo_rtroptp_4_tech-facebook-alemanha.jpg\",\"contentUrl\":\"https:\/\/www.notibras.com\/site\/wp-content\/uploads\/2022\/08\/2020-06-23t165348z_1_lynxmpeg5m1mo_rtroptp_4_tech-facebook-alemanha.jpg\",\"width\":1170,\"height\":700},{\"@type\":\"BreadcrumbList\",\"@id\":\"https:\/\/www.notibras.com\/site\/facebook-obrigado-a-indenizar-mulher-que-teve-perfil-invadido\/#breadcrumb\",\"itemListElement\":[{\"@type\":\"ListItem\",\"position\":1,\"name\":\"In\u00edcio\",\"item\":\"https:\/\/www.notibras.com\/site\/\"},{\"@type\":\"ListItem\",\"position\":2,\"name\":\"Facebook obrigado a indenizar mulher que teve perfil invadido\"}]},{\"@type\":\"WebSite\",\"@id\":\"https:\/\/www.notibras.com\/site\/#website\",\"url\":\"https:\/\/www.notibras.com\/site\/\",\"name\":\"Notibras\",\"description\":\"Not\u00edcias de Bras\u00edlia, do Brasil e do Mundo\",\"publisher\":{\"@id\":\"https:\/\/www.notibras.com\/site\/#organization\"},\"potentialAction\":[{\"@type\":\"SearchAction\",\"target\":{\"@type\":\"EntryPoint\",\"urlTemplate\":\"https:\/\/www.notibras.com\/site\/?s={search_term_string}\"},\"query-input\":{\"@type\":\"PropertyValueSpecification\",\"valueRequired\":true,\"valueName\":\"search_term_string\"}}],\"inLanguage\":\"pt-BR\"},{\"@type\":\"Organization\",\"@id\":\"https:\/\/www.notibras.com\/site\/#organization\",\"name\":\"Grupo Notibras de Comunica\u00e7\u00e3o\",\"url\":\"https:\/\/www.notibras.com\/site\/\",\"logo\":{\"@type\":\"ImageObject\",\"inLanguage\":\"pt-BR\",\"@id\":\"https:\/\/www.notibras.com\/site\/#\/schema\/logo\/image\/\",\"url\":\"https:\/\/www.notibras.com\/site\/wp-content\/uploads\/2023\/01\/notibras23.png\",\"contentUrl\":\"https:\/\/www.notibras.com\/site\/wp-content\/uploads\/2023\/01\/notibras23.png\",\"width\":350,\"height\":87,\"caption\":\"Grupo Notibras de Comunica\u00e7\u00e3o\"},\"image\":{\"@id\":\"https:\/\/www.notibras.com\/site\/#\/schema\/logo\/image\/\"},\"sameAs\":[\"https:\/\/www.facebook.com\/notibras\/\",\"https:\/\/x.com\/Notibras\",\"https:\/\/www.instagram.com\/notibras\/\"]},{\"@type\":\"Person\",\"@id\":\"https:\/\/www.notibras.com\/site\/#\/schema\/person\/36ab0979449956132d3e5b517ea76ac8\",\"name\":\"Reda\u00e7\u00e3o\",\"image\":{\"@type\":\"ImageObject\",\"inLanguage\":\"pt-BR\",\"@id\":\"https:\/\/secure.gravatar.com\/avatar\/e0a867bdedb85fd243eadf09663511f96fc81e0720a4a42581f334ad4303aa6b?s=96&d=mm&r=g\",\"url\":\"https:\/\/secure.gravatar.com\/avatar\/e0a867bdedb85fd243eadf09663511f96fc81e0720a4a42581f334ad4303aa6b?s=96&d=mm&r=g\",\"contentUrl\":\"https:\/\/secure.gravatar.com\/avatar\/e0a867bdedb85fd243eadf09663511f96fc81e0720a4a42581f334ad4303aa6b?s=96&d=mm&r=g\",\"caption\":\"Reda\u00e7\u00e3o\"}}]}<\/script>\n<!-- \/ Yoast SEO plugin. -->","yoast_head_json":{"title":"Facebook obrigado a indenizar mulher que teve perfil invadido - Notibras","robots":{"index":"index","follow":"follow","max-snippet":"max-snippet:-1","max-image-preview":"max-image-preview:large","max-video-preview":"max-video-preview:-1"},"canonical":"https:\/\/www.notibras.com\/site\/facebook-obrigado-a-indenizar-mulher-que-teve-perfil-invadido\/","og_locale":"pt_BR","og_type":"article","og_title":"Facebook obrigado a indenizar mulher que teve perfil invadido - Notibras","og_description":"A 2\u00aa Turma Recursal dos Juizados Especiais do Distrito Federal (TJDFT) manteve decis\u00e3o que condenou o Facebook Servi\u00e7os On-line do Brasil Ltda a indenizar uma mulher que teve contas de redes sociais invadidas por terceiros. A decis\u00e3o fixou a quantia de R$ 4 mil, a t\u00edtulo de danos morais. Al\u00e9m disso, o Facebook n\u00e3o poder\u00e1 [&hellip;]","og_url":"https:\/\/www.notibras.com\/site\/facebook-obrigado-a-indenizar-mulher-que-teve-perfil-invadido\/","og_site_name":"Notibras","article_publisher":"https:\/\/www.facebook.com\/notibras\/","article_published_time":"2024-03-19T03:00:23+00:00","article_modified_time":"2024-03-19T13:39:16+00:00","og_image":[{"width":1170,"height":700,"url":"https:\/\/www.notibras.com\/site\/wp-content\/uploads\/2022\/08\/2020-06-23t165348z_1_lynxmpeg5m1mo_rtroptp_4_tech-facebook-alemanha.jpg","type":"image\/jpeg"}],"author":"Reda\u00e7\u00e3o","twitter_card":"summary_large_image","twitter_creator":"@Notibras","twitter_site":"@Notibras","twitter_misc":{"Escrito por":"Reda\u00e7\u00e3o","Est. tempo de leitura":"3 minutos"},"schema":{"@context":"https:\/\/schema.org","@graph":[{"@type":"Article","@id":"https:\/\/www.notibras.com\/site\/facebook-obrigado-a-indenizar-mulher-que-teve-perfil-invadido\/#article","isPartOf":{"@id":"https:\/\/www.notibras.com\/site\/facebook-obrigado-a-indenizar-mulher-que-teve-perfil-invadido\/"},"author":{"name":"Reda\u00e7\u00e3o","@id":"https:\/\/www.notibras.com\/site\/#\/schema\/person\/36ab0979449956132d3e5b517ea76ac8"},"headline":"Facebook obrigado a indenizar mulher que teve perfil invadido","datePublished":"2024-03-19T03:00:23+00:00","dateModified":"2024-03-19T13:39:16+00:00","mainEntityOfPage":{"@id":"https:\/\/www.notibras.com\/site\/facebook-obrigado-a-indenizar-mulher-que-teve-perfil-invadido\/"},"wordCount":375,"publisher":{"@id":"https:\/\/www.notibras.com\/site\/#organization"},"image":{"@id":"https:\/\/www.notibras.com\/site\/facebook-obrigado-a-indenizar-mulher-que-teve-perfil-invadido\/#primaryimage"},"thumbnailUrl":"https:\/\/www.notibras.com\/site\/wp-content\/uploads\/2022\/08\/2020-06-23t165348z_1_lynxmpeg5m1mo_rtroptp_4_tech-facebook-alemanha.jpg","articleSection":["Quadradinho em Foco"],"inLanguage":"pt-BR"},{"@type":"WebPage","@id":"https:\/\/www.notibras.com\/site\/facebook-obrigado-a-indenizar-mulher-que-teve-perfil-invadido\/","url":"https:\/\/www.notibras.com\/site\/facebook-obrigado-a-indenizar-mulher-que-teve-perfil-invadido\/","name":"Facebook obrigado a indenizar mulher que teve perfil invadido - Notibras","isPartOf":{"@id":"https:\/\/www.notibras.com\/site\/#website"},"primaryImageOfPage":{"@id":"https:\/\/www.notibras.com\/site\/facebook-obrigado-a-indenizar-mulher-que-teve-perfil-invadido\/#primaryimage"},"image":{"@id":"https:\/\/www.notibras.com\/site\/facebook-obrigado-a-indenizar-mulher-que-teve-perfil-invadido\/#primaryimage"},"thumbnailUrl":"https:\/\/www.notibras.com\/site\/wp-content\/uploads\/2022\/08\/2020-06-23t165348z_1_lynxmpeg5m1mo_rtroptp_4_tech-facebook-alemanha.jpg","datePublished":"2024-03-19T03:00:23+00:00","dateModified":"2024-03-19T13:39:16+00:00","breadcrumb":{"@id":"https:\/\/www.notibras.com\/site\/facebook-obrigado-a-indenizar-mulher-que-teve-perfil-invadido\/#breadcrumb"},"inLanguage":"pt-BR","potentialAction":[{"@type":"ReadAction","target":["https:\/\/www.notibras.com\/site\/facebook-obrigado-a-indenizar-mulher-que-teve-perfil-invadido\/"]}]},{"@type":"ImageObject","inLanguage":"pt-BR","@id":"https:\/\/www.notibras.com\/site\/facebook-obrigado-a-indenizar-mulher-que-teve-perfil-invadido\/#primaryimage","url":"https:\/\/www.notibras.com\/site\/wp-content\/uploads\/2022\/08\/2020-06-23t165348z_1_lynxmpeg5m1mo_rtroptp_4_tech-facebook-alemanha.jpg","contentUrl":"https:\/\/www.notibras.com\/site\/wp-content\/uploads\/2022\/08\/2020-06-23t165348z_1_lynxmpeg5m1mo_rtroptp_4_tech-facebook-alemanha.jpg","width":1170,"height":700},{"@type":"BreadcrumbList","@id":"https:\/\/www.notibras.com\/site\/facebook-obrigado-a-indenizar-mulher-que-teve-perfil-invadido\/#breadcrumb","itemListElement":[{"@type":"ListItem","position":1,"name":"In\u00edcio","item":"https:\/\/www.notibras.com\/site\/"},{"@type":"ListItem","position":2,"name":"Facebook obrigado a indenizar mulher que teve perfil invadido"}]},{"@type":"WebSite","@id":"https:\/\/www.notibras.com\/site\/#website","url":"https:\/\/www.notibras.com\/site\/","name":"Notibras","description":"Not\u00edcias de Bras\u00edlia, do Brasil e do Mundo","publisher":{"@id":"https:\/\/www.notibras.com\/site\/#organization"},"potentialAction":[{"@type":"SearchAction","target":{"@type":"EntryPoint","urlTemplate":"https:\/\/www.notibras.com\/site\/?s={search_term_string}"},"query-input":{"@type":"PropertyValueSpecification","valueRequired":true,"valueName":"search_term_string"}}],"inLanguage":"pt-BR"},{"@type":"Organization","@id":"https:\/\/www.notibras.com\/site\/#organization","name":"Grupo Notibras de Comunica\u00e7\u00e3o","url":"https:\/\/www.notibras.com\/site\/","logo":{"@type":"ImageObject","inLanguage":"pt-BR","@id":"https:\/\/www.notibras.com\/site\/#\/schema\/logo\/image\/","url":"https:\/\/www.notibras.com\/site\/wp-content\/uploads\/2023\/01\/notibras23.png","contentUrl":"https:\/\/www.notibras.com\/site\/wp-content\/uploads\/2023\/01\/notibras23.png","width":350,"height":87,"caption":"Grupo Notibras de Comunica\u00e7\u00e3o"},"image":{"@id":"https:\/\/www.notibras.com\/site\/#\/schema\/logo\/image\/"},"sameAs":["https:\/\/www.facebook.com\/notibras\/","https:\/\/x.com\/Notibras","https:\/\/www.instagram.com\/notibras\/"]},{"@type":"Person","@id":"https:\/\/www.notibras.com\/site\/#\/schema\/person\/36ab0979449956132d3e5b517ea76ac8","name":"Reda\u00e7\u00e3o","image":{"@type":"ImageObject","inLanguage":"pt-BR","@id":"https:\/\/secure.gravatar.com\/avatar\/e0a867bdedb85fd243eadf09663511f96fc81e0720a4a42581f334ad4303aa6b?s=96&d=mm&r=g","url":"https:\/\/secure.gravatar.com\/avatar\/e0a867bdedb85fd243eadf09663511f96fc81e0720a4a42581f334ad4303aa6b?s=96&d=mm&r=g","contentUrl":"https:\/\/secure.gravatar.com\/avatar\/e0a867bdedb85fd243eadf09663511f96fc81e0720a4a42581f334ad4303aa6b?s=96&d=mm&r=g","caption":"Reda\u00e7\u00e3o"}}]}},"amp_enabled":true,"_links":{"self":[{"href":"https:\/\/www.notibras.com\/site\/wp-json\/wp\/v2\/posts\/324997","targetHints":{"allow":["GET"]}}],"collection":[{"href":"https:\/\/www.notibras.com\/site\/wp-json\/wp\/v2\/posts"}],"about":[{"href":"https:\/\/www.notibras.com\/site\/wp-json\/wp\/v2\/types\/post"}],"author":[{"embeddable":true,"href":"https:\/\/www.notibras.com\/site\/wp-json\/wp\/v2\/users\/2"}],"replies":[{"embeddable":true,"href":"https:\/\/www.notibras.com\/site\/wp-json\/wp\/v2\/comments?post=324997"}],"version-history":[{"count":1,"href":"https:\/\/www.notibras.com\/site\/wp-json\/wp\/v2\/posts\/324997\/revisions"}],"predecessor-version":[{"id":324998,"href":"https:\/\/www.notibras.com\/site\/wp-json\/wp\/v2\/posts\/324997\/revisions\/324998"}],"wp:featuredmedia":[{"embeddable":true,"href":"https:\/\/www.notibras.com\/site\/wp-json\/wp\/v2\/media\/290757"}],"wp:attachment":[{"href":"https:\/\/www.notibras.com\/site\/wp-json\/wp\/v2\/media?parent=324997"}],"wp:term":[{"taxonomy":"category","embeddable":true,"href":"https:\/\/www.notibras.com\/site\/wp-json\/wp\/v2\/categories?post=324997"},{"taxonomy":"post_tag","embeddable":true,"href":"https:\/\/www.notibras.com\/site\/wp-json\/wp\/v2\/tags?post=324997"}],"curies":[{"name":"wp","href":"https:\/\/api.w.org\/{rel}","templated":true}]}}