{"id":324999,"date":"2024-03-19T10:47:36","date_gmt":"2024-03-19T13:47:36","guid":{"rendered":"https:\/\/www.notibras.com\/site\/?p=324999"},"modified":"2024-03-19T11:00:34","modified_gmt":"2024-03-19T14:00:34","slug":"hemocentro-opera-em-emergencia-com-60-do-estoque","status":"publish","type":"post","link":"https:\/\/www.notibras.com\/site\/hemocentro-opera-em-emergencia-com-60-do-estoque\/","title":{"rendered":"Hemocentro opera em emerg\u00eancia com 60% do estoque"},"content":{"rendered":"<p>A Funda\u00e7\u00e3o Hemocentro de Bras\u00edlia est\u00e1 operando em situa\u00e7\u00e3o de emerg\u00eancia, com apenas 60% do estoque considerado ideal para atender a demanda da rede p\u00fablica de sa\u00fade do Distrito Federal e de hospitais conveniados.<\/p>\n<p>\u201cA queda no fluxo de doadores desde o in\u00edcio do ano, somado ao aumento da demanda por transfus\u00f5es em fun\u00e7\u00e3o da epidemia de dengue, impactou os estoques de sangue da Funda\u00e7\u00e3o Hemocentro de Bras\u00edlia\u201d, diz nota da entidade.<\/p>\n<p>Por conta do n\u00edvel de urg\u00eancia, o hemocentro suspendeu a necessidade de agendamento para doa\u00e7\u00e3o de sangue entre 14h e 18h at\u00e9 30 de mar\u00e7o. \u201cA necessidade \u00e9 imediata para todos os tipos sangu\u00edneos, mas os grupos O positivo, O negativo e AB negativo est\u00e3o com n\u00edveis mais cr\u00edticos\u201d, acrescenta a informa\u00e7\u00e3o.<\/p>\n<p><strong>Plaquetas<\/strong><br \/>\nEm fevereiro de 2023, foram realizadas 2.316 transfus\u00f5es de plaquetas em hospitais da rede p\u00fablica do DF e hospitais conveniados. J\u00e1 em fevereiro de 2024, o n\u00famero saltou para 3.101 transfus\u00f5es, sendo que cerca de 30% s\u00e3o destinadas a pacientes internados com dengue.<\/p>\n<p>Hemocomponente gerado a partir da doa\u00e7\u00e3o de sangue, as plaquetas t\u00eam validade de apenas cinco dias ap\u00f3s produzidas. At\u00e9 o momento, o hemocentro registra uma m\u00e9dia de 127 doa\u00e7\u00f5es por dia em mar\u00e7o. Para manter o estoque em n\u00edveis seguros, entretanto, o ideal \u00e9 que 180 bolsas sejam coletadas diariamente.<\/p>\n<p><strong>Cuidados<\/strong><br \/>\nPara doar sangue, \u00e9 preciso ter entre 16 e 69 anos, pesar mais de 51 quilos (kg) e estar saud\u00e1vel. Quem passou por cirurgia, exame endosc\u00f3pico ou adoeceu recentemente deve consultar o site do hemocentro para saber se est\u00e1 apto a doar sangue.<\/p>\n<p>Em caso de dengue, \u00e9 necess\u00e1rio aguardar 30 dias ap\u00f3s o fim dos sintomas para se candidatar \u00e0 doa\u00e7\u00e3o. Para quem teve dengue grave, o prazo \u00e9 de seis meses. Se houve contato sexual com pessoas que tiveram dengue nos \u00faltimos 30 dias, tamb\u00e9m \u00e9 preciso aguardar 30 dias desde a \u00faltima rela\u00e7\u00e3o para doar sangue.<\/p>\n<p>Quem teve gripe recentemente deve aguardar 15 dias ap\u00f3s o desaparecimento dos sintomas para poder doar sangue. Em casos de infec\u00e7\u00e3o por covid-19, a orienta\u00e7\u00e3o \u00e9 aguardar 10 dias ap\u00f3s o fim dos sintomas, desde que sem sequelas. Se assintom\u00e1tico, o prazo \u00e9 contado da data de coleta do exame.<\/p>\n","protected":false},"excerpt":{"rendered":"<p>A Funda\u00e7\u00e3o Hemocentro de Bras\u00edlia est\u00e1 operando em situa\u00e7\u00e3o de emerg\u00eancia, com apenas 60% do estoque considerado ideal para atender a demanda da rede p\u00fablica de sa\u00fade do Distrito Federal e de hospitais conveniados. \u201cA queda no fluxo de doadores desde o in\u00edcio do ano, somado ao aumento da demanda por transfus\u00f5es em fun\u00e7\u00e3o da [&hellip;]<\/p>\n","protected":false},"author":2,"featured_media":325000,"comment_status":"closed","ping_status":"closed","sticky":false,"template":"","format":"standard","meta":{"_acf_changed":false,"footnotes":""},"categories":[161],"tags":[],"class_list":["post-324999","post","type-post","status-publish","format-standard","has-post-thumbnail","hentry","category-quadradinho-em-foco"],"acf":[],"yoast_head":"<!-- This site is optimized with the Yoast SEO plugin v27.2 - https:\/\/yoast.com\/product\/yoast-seo-wordpress\/ -->\n<title>Hemocentro opera em emerg\u00eancia com 60% do estoque - Notibras<\/title>\n<meta name=\"robots\" content=\"index, follow, max-snippet:-1, max-image-preview:large, max-video-preview:-1\" \/>\n<link rel=\"canonical\" href=\"https:\/\/www.notibras.com\/site\/hemocentro-opera-em-emergencia-com-60-do-estoque\/\" \/>\n<meta property=\"og:locale\" content=\"pt_BR\" \/>\n<meta property=\"og:type\" content=\"article\" \/>\n<meta property=\"og:title\" content=\"Hemocentro opera em emerg\u00eancia com 60% do estoque - Notibras\" \/>\n<meta property=\"og:description\" content=\"A Funda\u00e7\u00e3o Hemocentro de Bras\u00edlia est\u00e1 operando em situa\u00e7\u00e3o de emerg\u00eancia, com apenas 60% do estoque considerado ideal para atender a demanda da rede p\u00fablica de sa\u00fade do Distrito Federal e de hospitais conveniados. \u201cA queda no fluxo de doadores desde o in\u00edcio do ano, somado ao aumento da demanda por transfus\u00f5es em fun\u00e7\u00e3o da [&hellip;]\" \/>\n<meta property=\"og:url\" content=\"https:\/\/www.notibras.com\/site\/hemocentro-opera-em-emergencia-com-60-do-estoque\/\" \/>\n<meta property=\"og:site_name\" content=\"Notibras\" \/>\n<meta property=\"article:publisher\" content=\"https:\/\/www.facebook.com\/notibras\/\" \/>\n<meta property=\"article:published_time\" content=\"2024-03-19T13:47:36+00:00\" \/>\n<meta property=\"article:modified_time\" content=\"2024-03-19T14:00:34+00:00\" \/>\n<meta property=\"og:image\" content=\"https:\/\/www.notibras.com\/site\/wp-content\/uploads\/2024\/03\/hemoruim.webp\" \/>\n\t<meta property=\"og:image:width\" content=\"1170\" \/>\n\t<meta property=\"og:image:height\" content=\"700\" \/>\n\t<meta property=\"og:image:type\" content=\"image\/webp\" \/>\n<meta name=\"author\" content=\"Reda\u00e7\u00e3o\" \/>\n<meta name=\"twitter:card\" content=\"summary_large_image\" \/>\n<meta name=\"twitter:creator\" content=\"@Notibras\" \/>\n<meta name=\"twitter:site\" content=\"@Notibras\" \/>\n<meta name=\"twitter:label1\" content=\"Escrito por\" \/>\n\t<meta name=\"twitter:data1\" content=\"Reda\u00e7\u00e3o\" \/>\n\t<meta name=\"twitter:label2\" content=\"Est. tempo de leitura\" \/>\n\t<meta name=\"twitter:data2\" content=\"3 minutos\" \/>\n<script type=\"application\/ld+json\" class=\"yoast-schema-graph\">{\"@context\":\"https:\/\/schema.org\",\"@graph\":[{\"@type\":\"Article\",\"@id\":\"https:\/\/www.notibras.com\/site\/hemocentro-opera-em-emergencia-com-60-do-estoque\/#article\",\"isPartOf\":{\"@id\":\"https:\/\/www.notibras.com\/site\/hemocentro-opera-em-emergencia-com-60-do-estoque\/\"},\"author\":{\"name\":\"Reda\u00e7\u00e3o\",\"@id\":\"https:\/\/www.notibras.com\/site\/#\/schema\/person\/36ab0979449956132d3e5b517ea76ac8\"},\"headline\":\"Hemocentro opera em emerg\u00eancia com 60% do estoque\",\"datePublished\":\"2024-03-19T13:47:36+00:00\",\"dateModified\":\"2024-03-19T14:00:34+00:00\",\"mainEntityOfPage\":{\"@id\":\"https:\/\/www.notibras.com\/site\/hemocentro-opera-em-emergencia-com-60-do-estoque\/\"},\"wordCount\":394,\"publisher\":{\"@id\":\"https:\/\/www.notibras.com\/site\/#organization\"},\"image\":{\"@id\":\"https:\/\/www.notibras.com\/site\/hemocentro-opera-em-emergencia-com-60-do-estoque\/#primaryimage\"},\"thumbnailUrl\":\"https:\/\/www.notibras.com\/site\/wp-content\/uploads\/2024\/03\/hemoruim.webp\",\"articleSection\":[\"Quadradinho em Foco\"],\"inLanguage\":\"pt-BR\"},{\"@type\":\"WebPage\",\"@id\":\"https:\/\/www.notibras.com\/site\/hemocentro-opera-em-emergencia-com-60-do-estoque\/\",\"url\":\"https:\/\/www.notibras.com\/site\/hemocentro-opera-em-emergencia-com-60-do-estoque\/\",\"name\":\"Hemocentro opera em emerg\u00eancia com 60% do estoque - Notibras\",\"isPartOf\":{\"@id\":\"https:\/\/www.notibras.com\/site\/#website\"},\"primaryImageOfPage\":{\"@id\":\"https:\/\/www.notibras.com\/site\/hemocentro-opera-em-emergencia-com-60-do-estoque\/#primaryimage\"},\"image\":{\"@id\":\"https:\/\/www.notibras.com\/site\/hemocentro-opera-em-emergencia-com-60-do-estoque\/#primaryimage\"},\"thumbnailUrl\":\"https:\/\/www.notibras.com\/site\/wp-content\/uploads\/2024\/03\/hemoruim.webp\",\"datePublished\":\"2024-03-19T13:47:36+00:00\",\"dateModified\":\"2024-03-19T14:00:34+00:00\",\"breadcrumb\":{\"@id\":\"https:\/\/www.notibras.com\/site\/hemocentro-opera-em-emergencia-com-60-do-estoque\/#breadcrumb\"},\"inLanguage\":\"pt-BR\",\"potentialAction\":[{\"@type\":\"ReadAction\",\"target\":[\"https:\/\/www.notibras.com\/site\/hemocentro-opera-em-emergencia-com-60-do-estoque\/\"]}]},{\"@type\":\"ImageObject\",\"inLanguage\":\"pt-BR\",\"@id\":\"https:\/\/www.notibras.com\/site\/hemocentro-opera-em-emergencia-com-60-do-estoque\/#primaryimage\",\"url\":\"https:\/\/www.notibras.com\/site\/wp-content\/uploads\/2024\/03\/hemoruim.webp\",\"contentUrl\":\"https:\/\/www.notibras.com\/site\/wp-content\/uploads\/2024\/03\/hemoruim.webp\",\"width\":1170,\"height\":700},{\"@type\":\"BreadcrumbList\",\"@id\":\"https:\/\/www.notibras.com\/site\/hemocentro-opera-em-emergencia-com-60-do-estoque\/#breadcrumb\",\"itemListElement\":[{\"@type\":\"ListItem\",\"position\":1,\"name\":\"In\u00edcio\",\"item\":\"https:\/\/www.notibras.com\/site\/\"},{\"@type\":\"ListItem\",\"position\":2,\"name\":\"Hemocentro opera em emerg\u00eancia com 60% do estoque\"}]},{\"@type\":\"WebSite\",\"@id\":\"https:\/\/www.notibras.com\/site\/#website\",\"url\":\"https:\/\/www.notibras.com\/site\/\",\"name\":\"Notibras\",\"description\":\"Not\u00edcias de Bras\u00edlia, do Brasil e do Mundo\",\"publisher\":{\"@id\":\"https:\/\/www.notibras.com\/site\/#organization\"},\"potentialAction\":[{\"@type\":\"SearchAction\",\"target\":{\"@type\":\"EntryPoint\",\"urlTemplate\":\"https:\/\/www.notibras.com\/site\/?s={search_term_string}\"},\"query-input\":{\"@type\":\"PropertyValueSpecification\",\"valueRequired\":true,\"valueName\":\"search_term_string\"}}],\"inLanguage\":\"pt-BR\"},{\"@type\":\"Organization\",\"@id\":\"https:\/\/www.notibras.com\/site\/#organization\",\"name\":\"Grupo Notibras de Comunica\u00e7\u00e3o\",\"url\":\"https:\/\/www.notibras.com\/site\/\",\"logo\":{\"@type\":\"ImageObject\",\"inLanguage\":\"pt-BR\",\"@id\":\"https:\/\/www.notibras.com\/site\/#\/schema\/logo\/image\/\",\"url\":\"https:\/\/www.notibras.com\/site\/wp-content\/uploads\/2023\/01\/notibras23.png\",\"contentUrl\":\"https:\/\/www.notibras.com\/site\/wp-content\/uploads\/2023\/01\/notibras23.png\",\"width\":350,\"height\":87,\"caption\":\"Grupo Notibras de Comunica\u00e7\u00e3o\"},\"image\":{\"@id\":\"https:\/\/www.notibras.com\/site\/#\/schema\/logo\/image\/\"},\"sameAs\":[\"https:\/\/www.facebook.com\/notibras\/\",\"https:\/\/x.com\/Notibras\",\"https:\/\/www.instagram.com\/notibras\/\"]},{\"@type\":\"Person\",\"@id\":\"https:\/\/www.notibras.com\/site\/#\/schema\/person\/36ab0979449956132d3e5b517ea76ac8\",\"name\":\"Reda\u00e7\u00e3o\",\"image\":{\"@type\":\"ImageObject\",\"inLanguage\":\"pt-BR\",\"@id\":\"https:\/\/secure.gravatar.com\/avatar\/e0a867bdedb85fd243eadf09663511f96fc81e0720a4a42581f334ad4303aa6b?s=96&d=mm&r=g\",\"url\":\"https:\/\/secure.gravatar.com\/avatar\/e0a867bdedb85fd243eadf09663511f96fc81e0720a4a42581f334ad4303aa6b?s=96&d=mm&r=g\",\"contentUrl\":\"https:\/\/secure.gravatar.com\/avatar\/e0a867bdedb85fd243eadf09663511f96fc81e0720a4a42581f334ad4303aa6b?s=96&d=mm&r=g\",\"caption\":\"Reda\u00e7\u00e3o\"}}]}<\/script>\n<!-- \/ Yoast SEO plugin. -->","yoast_head_json":{"title":"Hemocentro opera em emerg\u00eancia com 60% do estoque - Notibras","robots":{"index":"index","follow":"follow","max-snippet":"max-snippet:-1","max-image-preview":"max-image-preview:large","max-video-preview":"max-video-preview:-1"},"canonical":"https:\/\/www.notibras.com\/site\/hemocentro-opera-em-emergencia-com-60-do-estoque\/","og_locale":"pt_BR","og_type":"article","og_title":"Hemocentro opera em emerg\u00eancia com 60% do estoque - Notibras","og_description":"A Funda\u00e7\u00e3o Hemocentro de Bras\u00edlia est\u00e1 operando em situa\u00e7\u00e3o de emerg\u00eancia, com apenas 60% do estoque considerado ideal para atender a demanda da rede p\u00fablica de sa\u00fade do Distrito Federal e de hospitais conveniados. \u201cA queda no fluxo de doadores desde o in\u00edcio do ano, somado ao aumento da demanda por transfus\u00f5es em fun\u00e7\u00e3o da [&hellip;]","og_url":"https:\/\/www.notibras.com\/site\/hemocentro-opera-em-emergencia-com-60-do-estoque\/","og_site_name":"Notibras","article_publisher":"https:\/\/www.facebook.com\/notibras\/","article_published_time":"2024-03-19T13:47:36+00:00","article_modified_time":"2024-03-19T14:00:34+00:00","og_image":[{"width":1170,"height":700,"url":"https:\/\/www.notibras.com\/site\/wp-content\/uploads\/2024\/03\/hemoruim.webp","type":"image\/webp"}],"author":"Reda\u00e7\u00e3o","twitter_card":"summary_large_image","twitter_creator":"@Notibras","twitter_site":"@Notibras","twitter_misc":{"Escrito por":"Reda\u00e7\u00e3o","Est. tempo de leitura":"3 minutos"},"schema":{"@context":"https:\/\/schema.org","@graph":[{"@type":"Article","@id":"https:\/\/www.notibras.com\/site\/hemocentro-opera-em-emergencia-com-60-do-estoque\/#article","isPartOf":{"@id":"https:\/\/www.notibras.com\/site\/hemocentro-opera-em-emergencia-com-60-do-estoque\/"},"author":{"name":"Reda\u00e7\u00e3o","@id":"https:\/\/www.notibras.com\/site\/#\/schema\/person\/36ab0979449956132d3e5b517ea76ac8"},"headline":"Hemocentro opera em emerg\u00eancia com 60% do estoque","datePublished":"2024-03-19T13:47:36+00:00","dateModified":"2024-03-19T14:00:34+00:00","mainEntityOfPage":{"@id":"https:\/\/www.notibras.com\/site\/hemocentro-opera-em-emergencia-com-60-do-estoque\/"},"wordCount":394,"publisher":{"@id":"https:\/\/www.notibras.com\/site\/#organization"},"image":{"@id":"https:\/\/www.notibras.com\/site\/hemocentro-opera-em-emergencia-com-60-do-estoque\/#primaryimage"},"thumbnailUrl":"https:\/\/www.notibras.com\/site\/wp-content\/uploads\/2024\/03\/hemoruim.webp","articleSection":["Quadradinho em Foco"],"inLanguage":"pt-BR"},{"@type":"WebPage","@id":"https:\/\/www.notibras.com\/site\/hemocentro-opera-em-emergencia-com-60-do-estoque\/","url":"https:\/\/www.notibras.com\/site\/hemocentro-opera-em-emergencia-com-60-do-estoque\/","name":"Hemocentro opera em emerg\u00eancia com 60% do estoque - Notibras","isPartOf":{"@id":"https:\/\/www.notibras.com\/site\/#website"},"primaryImageOfPage":{"@id":"https:\/\/www.notibras.com\/site\/hemocentro-opera-em-emergencia-com-60-do-estoque\/#primaryimage"},"image":{"@id":"https:\/\/www.notibras.com\/site\/hemocentro-opera-em-emergencia-com-60-do-estoque\/#primaryimage"},"thumbnailUrl":"https:\/\/www.notibras.com\/site\/wp-content\/uploads\/2024\/03\/hemoruim.webp","datePublished":"2024-03-19T13:47:36+00:00","dateModified":"2024-03-19T14:00:34+00:00","breadcrumb":{"@id":"https:\/\/www.notibras.com\/site\/hemocentro-opera-em-emergencia-com-60-do-estoque\/#breadcrumb"},"inLanguage":"pt-BR","potentialAction":[{"@type":"ReadAction","target":["https:\/\/www.notibras.com\/site\/hemocentro-opera-em-emergencia-com-60-do-estoque\/"]}]},{"@type":"ImageObject","inLanguage":"pt-BR","@id":"https:\/\/www.notibras.com\/site\/hemocentro-opera-em-emergencia-com-60-do-estoque\/#primaryimage","url":"https:\/\/www.notibras.com\/site\/wp-content\/uploads\/2024\/03\/hemoruim.webp","contentUrl":"https:\/\/www.notibras.com\/site\/wp-content\/uploads\/2024\/03\/hemoruim.webp","width":1170,"height":700},{"@type":"BreadcrumbList","@id":"https:\/\/www.notibras.com\/site\/hemocentro-opera-em-emergencia-com-60-do-estoque\/#breadcrumb","itemListElement":[{"@type":"ListItem","position":1,"name":"In\u00edcio","item":"https:\/\/www.notibras.com\/site\/"},{"@type":"ListItem","position":2,"name":"Hemocentro opera em emerg\u00eancia com 60% do estoque"}]},{"@type":"WebSite","@id":"https:\/\/www.notibras.com\/site\/#website","url":"https:\/\/www.notibras.com\/site\/","name":"Notibras","description":"Not\u00edcias de Bras\u00edlia, do Brasil e do Mundo","publisher":{"@id":"https:\/\/www.notibras.com\/site\/#organization"},"potentialAction":[{"@type":"SearchAction","target":{"@type":"EntryPoint","urlTemplate":"https:\/\/www.notibras.com\/site\/?s={search_term_string}"},"query-input":{"@type":"PropertyValueSpecification","valueRequired":true,"valueName":"search_term_string"}}],"inLanguage":"pt-BR"},{"@type":"Organization","@id":"https:\/\/www.notibras.com\/site\/#organization","name":"Grupo Notibras de Comunica\u00e7\u00e3o","url":"https:\/\/www.notibras.com\/site\/","logo":{"@type":"ImageObject","inLanguage":"pt-BR","@id":"https:\/\/www.notibras.com\/site\/#\/schema\/logo\/image\/","url":"https:\/\/www.notibras.com\/site\/wp-content\/uploads\/2023\/01\/notibras23.png","contentUrl":"https:\/\/www.notibras.com\/site\/wp-content\/uploads\/2023\/01\/notibras23.png","width":350,"height":87,"caption":"Grupo Notibras de Comunica\u00e7\u00e3o"},"image":{"@id":"https:\/\/www.notibras.com\/site\/#\/schema\/logo\/image\/"},"sameAs":["https:\/\/www.facebook.com\/notibras\/","https:\/\/x.com\/Notibras","https:\/\/www.instagram.com\/notibras\/"]},{"@type":"Person","@id":"https:\/\/www.notibras.com\/site\/#\/schema\/person\/36ab0979449956132d3e5b517ea76ac8","name":"Reda\u00e7\u00e3o","image":{"@type":"ImageObject","inLanguage":"pt-BR","@id":"https:\/\/secure.gravatar.com\/avatar\/e0a867bdedb85fd243eadf09663511f96fc81e0720a4a42581f334ad4303aa6b?s=96&d=mm&r=g","url":"https:\/\/secure.gravatar.com\/avatar\/e0a867bdedb85fd243eadf09663511f96fc81e0720a4a42581f334ad4303aa6b?s=96&d=mm&r=g","contentUrl":"https:\/\/secure.gravatar.com\/avatar\/e0a867bdedb85fd243eadf09663511f96fc81e0720a4a42581f334ad4303aa6b?s=96&d=mm&r=g","caption":"Reda\u00e7\u00e3o"}}]}},"amp_enabled":true,"_links":{"self":[{"href":"https:\/\/www.notibras.com\/site\/wp-json\/wp\/v2\/posts\/324999","targetHints":{"allow":["GET"]}}],"collection":[{"href":"https:\/\/www.notibras.com\/site\/wp-json\/wp\/v2\/posts"}],"about":[{"href":"https:\/\/www.notibras.com\/site\/wp-json\/wp\/v2\/types\/post"}],"author":[{"embeddable":true,"href":"https:\/\/www.notibras.com\/site\/wp-json\/wp\/v2\/users\/2"}],"replies":[{"embeddable":true,"href":"https:\/\/www.notibras.com\/site\/wp-json\/wp\/v2\/comments?post=324999"}],"version-history":[{"count":1,"href":"https:\/\/www.notibras.com\/site\/wp-json\/wp\/v2\/posts\/324999\/revisions"}],"predecessor-version":[{"id":325001,"href":"https:\/\/www.notibras.com\/site\/wp-json\/wp\/v2\/posts\/324999\/revisions\/325001"}],"wp:featuredmedia":[{"embeddable":true,"href":"https:\/\/www.notibras.com\/site\/wp-json\/wp\/v2\/media\/325000"}],"wp:attachment":[{"href":"https:\/\/www.notibras.com\/site\/wp-json\/wp\/v2\/media?parent=324999"}],"wp:term":[{"taxonomy":"category","embeddable":true,"href":"https:\/\/www.notibras.com\/site\/wp-json\/wp\/v2\/categories?post=324999"},{"taxonomy":"post_tag","embeddable":true,"href":"https:\/\/www.notibras.com\/site\/wp-json\/wp\/v2\/tags?post=324999"}],"curies":[{"name":"wp","href":"https:\/\/api.w.org\/{rel}","templated":true}]}}