{"id":325002,"date":"2024-03-19T11:08:57","date_gmt":"2024-03-19T14:08:57","guid":{"rendered":"https:\/\/www.notibras.com\/site\/?p=325002"},"modified":"2024-03-19T11:10:16","modified_gmt":"2024-03-19T14:10:16","slug":"medo-ate-de-roedor-morto-deixa-raquel-presa-em-casa","status":"publish","type":"post","link":"https:\/\/www.notibras.com\/site\/medo-ate-de-roedor-morto-deixa-raquel-presa-em-casa\/","title":{"rendered":"Medo at\u00e9 de roedor morto deixa Raquel presa em casa"},"content":{"rendered":"<p>Raquel, talvez por conta das in\u00fameras hist\u00f3rias de ratos devoradores de criancinhas, a maioria contada por sua av\u00f3, cresceu com medo desses roedores. Ali\u00e1s, medo, n\u00e3o. Pavor! E com direito a gritos desesperados s\u00f3 de ouvir pronunciar o nome desse bicho dos esgotos. Cruz credo!<\/p>\n<p>J\u00e1 mulher feita, juntou os panos com Juli\u00e3o, um trabalhador bra\u00e7al como tantos outros daquela parte da cidade. Ele se encantou por aqueles olhos faceiros logo de cara. Tentou por uma, duas vezes, mas nada. Tentou uma terceira e, provavelmente, teria insistido outras mais, caso Raquel, finalmente, n\u00e3o tivesse aceitado o convite para tomar sorvete na pra\u00e7a. Ela n\u00e3o s\u00f3 aceitou, como gostou daquelas m\u00e3os, calejadas \u00e9 verdade, mas que tamb\u00e9m sabiam ser meigas.<\/p>\n<p>A harmonia, que nem roda de samba, imperava na humilde resid\u00eancia do casal. A vida era dura, com suor de segunda a s\u00e1bado, mas, uma vez por semana, sempre surgia um domingo. Tempo de relaxar e curtir, inclusive em confraterniza\u00e7\u00f5es com os vizinhos, geralmente regadas a cerveja e um bom peda\u00e7o de carne na brasa. S\u00f3 felicidade!<\/p>\n<p>Mas alegria de pobre tem l\u00e1 seus percal\u00e7os. Pois \u00e9, e o \u00faltimo aconteceu logo ap\u00f3s o quarto dia de greve dos garis. Quest\u00f5es salariais e de insalubridade, que tornavam o trabalho ainda mais desgastante.<\/p>\n<p>A prefeitura comunit\u00e1ria at\u00e9 prometeu manter o servi\u00e7o, m\u00ednimo que fosse, enquanto a greve durasse. No entanto, talvez por uma falha na comunica\u00e7\u00e3o, esse m\u00ednimo nunca contemplou aquele bairro t\u00e3o afastado. O resultado foi um mundar\u00e9u de lixo e, de lambuja, as ruas ficaram inundadas de ratos.<\/p>\n<p>A situa\u00e7\u00e3o chegou a ficar calamitosa, a ponto de at\u00e9 os ratos disputarem a tapas cada metro quadrado ao redor das lixeiras, que transbordavam os restos dos moradores. Raquel, ent\u00e3o, nem colocava a pontinha dos p\u00e9s para fora de casa.<\/p>\n<p>Passada a greve, ainda assim, o recolhimento de todo o lixo levou quase duas semanas. Coisas que acontecem em bairros longe do centro. Demorou, mas at\u00e9 que ficou apresent\u00e1vel. Entretanto, os ratos demoraram um tempo para perceber que aquela fartura havia ficado no passado. No final, todos foram embora. Isto \u00e9, quase todos, j\u00e1 que restava o \u00faltimo da fam\u00edlia, provavelmente abandonado pela trupe.<\/p>\n<p>Vez ou outra, o focinhudo surgia do nada e era aquele alvoro\u00e7o. Um corre-corre daqui, um corre-corre dali. Algu\u00e9m at\u00e9 pensou em pegar a soca-soca pendurada na parede da casa do velho Ti\u00e3o. Que nada! Aquilo era objeto de decora\u00e7\u00e3o, n\u00e3o tinha nem furo no cano. S\u00f3 se fosse para tac\u00e1-la no pobre roedor.<\/p>\n<p>N\u00e3o se sabe como aconteceu, mas aconteceu, pois, dois dias ap\u00f3s a \u00faltima apari\u00e7\u00e3o da criatura, eis que ela surgiu estatelada ali bem em frente \u00e0 resid\u00eancia da Raquel. Pra voc\u00ea ver, justamente na resid\u00eancia de quem mais temia um confronto t\u00eate-\u00e0-t\u00eate com o roedor. Seja como for, o rato partiu para o al\u00e9m. Ningu\u00e9m soube qual a causa mortis do dito cujo. Quem sabe foi por saudade da parentada ou, ent\u00e3o, ataque fulminante diante de tanta gritaria?<\/p>\n<p>Juli\u00e3o tratou logo de colocar o defunto em um saco preto. Com uma ponta de al\u00edvio, outra de nojo, jogou os restos mortais do dentu\u00e7o na lata de lixo. E, assim, parecia que tudo estava resolvido, at\u00e9 que ficou encucado com a recusa da mulher em passar pela porta da frente da casa.<\/p>\n<p>\u2013 Por que n\u00e3o est\u00e1 mais usando a porta da frente?<\/p>\n<p>\u2013 Por causa do rato.<\/p>\n<p>\u2013 Raquel, j\u00e1 faz mais de m\u00eas que joguei aquele bicho fora.<\/p>\n<p>\u2013 Sei disso, mas a imagem dele ainda est\u00e1 ali.<\/p>\n","protected":false},"excerpt":{"rendered":"<p>Raquel, talvez por conta das in\u00fameras hist\u00f3rias de ratos devoradores de criancinhas, a maioria contada por sua av\u00f3, cresceu com medo desses roedores. Ali\u00e1s, medo, n\u00e3o. Pavor! E com direito a gritos desesperados s\u00f3 de ouvir pronunciar o nome desse bicho dos esgotos. Cruz credo! J\u00e1 mulher feita, juntou os panos com Juli\u00e3o, um trabalhador [&hellip;]<\/p>\n","protected":false},"author":2,"featured_media":325003,"comment_status":"closed","ping_status":"closed","sticky":false,"template":"","format":"standard","meta":{"_acf_changed":false,"footnotes":""},"categories":[161],"tags":[],"class_list":["post-325002","post","type-post","status-publish","format-standard","has-post-thumbnail","hentry","category-quadradinho-em-foco"],"acf":[],"yoast_head":"<!-- This site is optimized with the Yoast SEO plugin v27.2 - https:\/\/yoast.com\/product\/yoast-seo-wordpress\/ -->\n<title>Medo at\u00e9 de roedor morto deixa Raquel presa em casa - Notibras<\/title>\n<meta name=\"robots\" content=\"index, follow, max-snippet:-1, max-image-preview:large, max-video-preview:-1\" \/>\n<link rel=\"canonical\" href=\"https:\/\/www.notibras.com\/site\/medo-ate-de-roedor-morto-deixa-raquel-presa-em-casa\/\" \/>\n<meta property=\"og:locale\" content=\"pt_BR\" \/>\n<meta property=\"og:type\" content=\"article\" \/>\n<meta property=\"og:title\" content=\"Medo at\u00e9 de roedor morto deixa Raquel presa em casa - Notibras\" \/>\n<meta property=\"og:description\" content=\"Raquel, talvez por conta das in\u00fameras hist\u00f3rias de ratos devoradores de criancinhas, a maioria contada por sua av\u00f3, cresceu com medo desses roedores. Ali\u00e1s, medo, n\u00e3o. Pavor! E com direito a gritos desesperados s\u00f3 de ouvir pronunciar o nome desse bicho dos esgotos. Cruz credo! J\u00e1 mulher feita, juntou os panos com Juli\u00e3o, um trabalhador [&hellip;]\" \/>\n<meta property=\"og:url\" content=\"https:\/\/www.notibras.com\/site\/medo-ate-de-roedor-morto-deixa-raquel-presa-em-casa\/\" \/>\n<meta property=\"og:site_name\" content=\"Notibras\" \/>\n<meta property=\"article:publisher\" content=\"https:\/\/www.facebook.com\/notibras\/\" \/>\n<meta property=\"article:published_time\" content=\"2024-03-19T14:08:57+00:00\" \/>\n<meta property=\"article:modified_time\" content=\"2024-03-19T14:10:16+00:00\" \/>\n<meta property=\"og:image\" content=\"https:\/\/www.notibras.com\/site\/wp-content\/uploads\/2024\/03\/e0cfddf7-fbae-458b-aa6a-1adb75ce192b.jpeg\" \/>\n\t<meta property=\"og:image:width\" content=\"1024\" \/>\n\t<meta property=\"og:image:height\" content=\"1024\" \/>\n\t<meta property=\"og:image:type\" content=\"image\/jpeg\" \/>\n<meta name=\"author\" content=\"Reda\u00e7\u00e3o\" \/>\n<meta name=\"twitter:card\" content=\"summary_large_image\" \/>\n<meta name=\"twitter:creator\" content=\"@Notibras\" \/>\n<meta name=\"twitter:site\" content=\"@Notibras\" \/>\n<meta name=\"twitter:label1\" content=\"Escrito por\" \/>\n\t<meta name=\"twitter:data1\" content=\"Reda\u00e7\u00e3o\" \/>\n\t<meta name=\"twitter:label2\" content=\"Est. tempo de leitura\" \/>\n\t<meta name=\"twitter:data2\" content=\"4 minutos\" \/>\n<script type=\"application\/ld+json\" class=\"yoast-schema-graph\">{\"@context\":\"https:\/\/schema.org\",\"@graph\":[{\"@type\":\"Article\",\"@id\":\"https:\/\/www.notibras.com\/site\/medo-ate-de-roedor-morto-deixa-raquel-presa-em-casa\/#article\",\"isPartOf\":{\"@id\":\"https:\/\/www.notibras.com\/site\/medo-ate-de-roedor-morto-deixa-raquel-presa-em-casa\/\"},\"author\":{\"name\":\"Reda\u00e7\u00e3o\",\"@id\":\"https:\/\/www.notibras.com\/site\/#\/schema\/person\/36ab0979449956132d3e5b517ea76ac8\"},\"headline\":\"Medo at\u00e9 de roedor morto deixa Raquel presa em casa\",\"datePublished\":\"2024-03-19T14:08:57+00:00\",\"dateModified\":\"2024-03-19T14:10:16+00:00\",\"mainEntityOfPage\":{\"@id\":\"https:\/\/www.notibras.com\/site\/medo-ate-de-roedor-morto-deixa-raquel-presa-em-casa\/\"},\"wordCount\":639,\"publisher\":{\"@id\":\"https:\/\/www.notibras.com\/site\/#organization\"},\"image\":{\"@id\":\"https:\/\/www.notibras.com\/site\/medo-ate-de-roedor-morto-deixa-raquel-presa-em-casa\/#primaryimage\"},\"thumbnailUrl\":\"https:\/\/www.notibras.com\/site\/wp-content\/uploads\/2024\/03\/e0cfddf7-fbae-458b-aa6a-1adb75ce192b.jpeg\",\"articleSection\":[\"Quadradinho em Foco\"],\"inLanguage\":\"pt-BR\"},{\"@type\":\"WebPage\",\"@id\":\"https:\/\/www.notibras.com\/site\/medo-ate-de-roedor-morto-deixa-raquel-presa-em-casa\/\",\"url\":\"https:\/\/www.notibras.com\/site\/medo-ate-de-roedor-morto-deixa-raquel-presa-em-casa\/\",\"name\":\"Medo at\u00e9 de roedor morto deixa Raquel presa em casa - Notibras\",\"isPartOf\":{\"@id\":\"https:\/\/www.notibras.com\/site\/#website\"},\"primaryImageOfPage\":{\"@id\":\"https:\/\/www.notibras.com\/site\/medo-ate-de-roedor-morto-deixa-raquel-presa-em-casa\/#primaryimage\"},\"image\":{\"@id\":\"https:\/\/www.notibras.com\/site\/medo-ate-de-roedor-morto-deixa-raquel-presa-em-casa\/#primaryimage\"},\"thumbnailUrl\":\"https:\/\/www.notibras.com\/site\/wp-content\/uploads\/2024\/03\/e0cfddf7-fbae-458b-aa6a-1adb75ce192b.jpeg\",\"datePublished\":\"2024-03-19T14:08:57+00:00\",\"dateModified\":\"2024-03-19T14:10:16+00:00\",\"breadcrumb\":{\"@id\":\"https:\/\/www.notibras.com\/site\/medo-ate-de-roedor-morto-deixa-raquel-presa-em-casa\/#breadcrumb\"},\"inLanguage\":\"pt-BR\",\"potentialAction\":[{\"@type\":\"ReadAction\",\"target\":[\"https:\/\/www.notibras.com\/site\/medo-ate-de-roedor-morto-deixa-raquel-presa-em-casa\/\"]}]},{\"@type\":\"ImageObject\",\"inLanguage\":\"pt-BR\",\"@id\":\"https:\/\/www.notibras.com\/site\/medo-ate-de-roedor-morto-deixa-raquel-presa-em-casa\/#primaryimage\",\"url\":\"https:\/\/www.notibras.com\/site\/wp-content\/uploads\/2024\/03\/e0cfddf7-fbae-458b-aa6a-1adb75ce192b.jpeg\",\"contentUrl\":\"https:\/\/www.notibras.com\/site\/wp-content\/uploads\/2024\/03\/e0cfddf7-fbae-458b-aa6a-1adb75ce192b.jpeg\",\"width\":1024,\"height\":1024},{\"@type\":\"BreadcrumbList\",\"@id\":\"https:\/\/www.notibras.com\/site\/medo-ate-de-roedor-morto-deixa-raquel-presa-em-casa\/#breadcrumb\",\"itemListElement\":[{\"@type\":\"ListItem\",\"position\":1,\"name\":\"In\u00edcio\",\"item\":\"https:\/\/www.notibras.com\/site\/\"},{\"@type\":\"ListItem\",\"position\":2,\"name\":\"Medo at\u00e9 de roedor morto deixa Raquel presa em casa\"}]},{\"@type\":\"WebSite\",\"@id\":\"https:\/\/www.notibras.com\/site\/#website\",\"url\":\"https:\/\/www.notibras.com\/site\/\",\"name\":\"Notibras\",\"description\":\"Not\u00edcias de Bras\u00edlia, do Brasil e do Mundo\",\"publisher\":{\"@id\":\"https:\/\/www.notibras.com\/site\/#organization\"},\"potentialAction\":[{\"@type\":\"SearchAction\",\"target\":{\"@type\":\"EntryPoint\",\"urlTemplate\":\"https:\/\/www.notibras.com\/site\/?s={search_term_string}\"},\"query-input\":{\"@type\":\"PropertyValueSpecification\",\"valueRequired\":true,\"valueName\":\"search_term_string\"}}],\"inLanguage\":\"pt-BR\"},{\"@type\":\"Organization\",\"@id\":\"https:\/\/www.notibras.com\/site\/#organization\",\"name\":\"Grupo Notibras de Comunica\u00e7\u00e3o\",\"url\":\"https:\/\/www.notibras.com\/site\/\",\"logo\":{\"@type\":\"ImageObject\",\"inLanguage\":\"pt-BR\",\"@id\":\"https:\/\/www.notibras.com\/site\/#\/schema\/logo\/image\/\",\"url\":\"https:\/\/www.notibras.com\/site\/wp-content\/uploads\/2023\/01\/notibras23.png\",\"contentUrl\":\"https:\/\/www.notibras.com\/site\/wp-content\/uploads\/2023\/01\/notibras23.png\",\"width\":350,\"height\":87,\"caption\":\"Grupo Notibras de Comunica\u00e7\u00e3o\"},\"image\":{\"@id\":\"https:\/\/www.notibras.com\/site\/#\/schema\/logo\/image\/\"},\"sameAs\":[\"https:\/\/www.facebook.com\/notibras\/\",\"https:\/\/x.com\/Notibras\",\"https:\/\/www.instagram.com\/notibras\/\"]},{\"@type\":\"Person\",\"@id\":\"https:\/\/www.notibras.com\/site\/#\/schema\/person\/36ab0979449956132d3e5b517ea76ac8\",\"name\":\"Reda\u00e7\u00e3o\",\"image\":{\"@type\":\"ImageObject\",\"inLanguage\":\"pt-BR\",\"@id\":\"https:\/\/secure.gravatar.com\/avatar\/e0a867bdedb85fd243eadf09663511f96fc81e0720a4a42581f334ad4303aa6b?s=96&d=mm&r=g\",\"url\":\"https:\/\/secure.gravatar.com\/avatar\/e0a867bdedb85fd243eadf09663511f96fc81e0720a4a42581f334ad4303aa6b?s=96&d=mm&r=g\",\"contentUrl\":\"https:\/\/secure.gravatar.com\/avatar\/e0a867bdedb85fd243eadf09663511f96fc81e0720a4a42581f334ad4303aa6b?s=96&d=mm&r=g\",\"caption\":\"Reda\u00e7\u00e3o\"}}]}<\/script>\n<!-- \/ Yoast SEO plugin. -->","yoast_head_json":{"title":"Medo at\u00e9 de roedor morto deixa Raquel presa em casa - Notibras","robots":{"index":"index","follow":"follow","max-snippet":"max-snippet:-1","max-image-preview":"max-image-preview:large","max-video-preview":"max-video-preview:-1"},"canonical":"https:\/\/www.notibras.com\/site\/medo-ate-de-roedor-morto-deixa-raquel-presa-em-casa\/","og_locale":"pt_BR","og_type":"article","og_title":"Medo at\u00e9 de roedor morto deixa Raquel presa em casa - Notibras","og_description":"Raquel, talvez por conta das in\u00fameras hist\u00f3rias de ratos devoradores de criancinhas, a maioria contada por sua av\u00f3, cresceu com medo desses roedores. Ali\u00e1s, medo, n\u00e3o. Pavor! E com direito a gritos desesperados s\u00f3 de ouvir pronunciar o nome desse bicho dos esgotos. Cruz credo! J\u00e1 mulher feita, juntou os panos com Juli\u00e3o, um trabalhador [&hellip;]","og_url":"https:\/\/www.notibras.com\/site\/medo-ate-de-roedor-morto-deixa-raquel-presa-em-casa\/","og_site_name":"Notibras","article_publisher":"https:\/\/www.facebook.com\/notibras\/","article_published_time":"2024-03-19T14:08:57+00:00","article_modified_time":"2024-03-19T14:10:16+00:00","og_image":[{"width":1024,"height":1024,"url":"https:\/\/www.notibras.com\/site\/wp-content\/uploads\/2024\/03\/e0cfddf7-fbae-458b-aa6a-1adb75ce192b.jpeg","type":"image\/jpeg"}],"author":"Reda\u00e7\u00e3o","twitter_card":"summary_large_image","twitter_creator":"@Notibras","twitter_site":"@Notibras","twitter_misc":{"Escrito por":"Reda\u00e7\u00e3o","Est. tempo de leitura":"4 minutos"},"schema":{"@context":"https:\/\/schema.org","@graph":[{"@type":"Article","@id":"https:\/\/www.notibras.com\/site\/medo-ate-de-roedor-morto-deixa-raquel-presa-em-casa\/#article","isPartOf":{"@id":"https:\/\/www.notibras.com\/site\/medo-ate-de-roedor-morto-deixa-raquel-presa-em-casa\/"},"author":{"name":"Reda\u00e7\u00e3o","@id":"https:\/\/www.notibras.com\/site\/#\/schema\/person\/36ab0979449956132d3e5b517ea76ac8"},"headline":"Medo at\u00e9 de roedor morto deixa Raquel presa em casa","datePublished":"2024-03-19T14:08:57+00:00","dateModified":"2024-03-19T14:10:16+00:00","mainEntityOfPage":{"@id":"https:\/\/www.notibras.com\/site\/medo-ate-de-roedor-morto-deixa-raquel-presa-em-casa\/"},"wordCount":639,"publisher":{"@id":"https:\/\/www.notibras.com\/site\/#organization"},"image":{"@id":"https:\/\/www.notibras.com\/site\/medo-ate-de-roedor-morto-deixa-raquel-presa-em-casa\/#primaryimage"},"thumbnailUrl":"https:\/\/www.notibras.com\/site\/wp-content\/uploads\/2024\/03\/e0cfddf7-fbae-458b-aa6a-1adb75ce192b.jpeg","articleSection":["Quadradinho em Foco"],"inLanguage":"pt-BR"},{"@type":"WebPage","@id":"https:\/\/www.notibras.com\/site\/medo-ate-de-roedor-morto-deixa-raquel-presa-em-casa\/","url":"https:\/\/www.notibras.com\/site\/medo-ate-de-roedor-morto-deixa-raquel-presa-em-casa\/","name":"Medo at\u00e9 de roedor morto deixa Raquel presa em casa - Notibras","isPartOf":{"@id":"https:\/\/www.notibras.com\/site\/#website"},"primaryImageOfPage":{"@id":"https:\/\/www.notibras.com\/site\/medo-ate-de-roedor-morto-deixa-raquel-presa-em-casa\/#primaryimage"},"image":{"@id":"https:\/\/www.notibras.com\/site\/medo-ate-de-roedor-morto-deixa-raquel-presa-em-casa\/#primaryimage"},"thumbnailUrl":"https:\/\/www.notibras.com\/site\/wp-content\/uploads\/2024\/03\/e0cfddf7-fbae-458b-aa6a-1adb75ce192b.jpeg","datePublished":"2024-03-19T14:08:57+00:00","dateModified":"2024-03-19T14:10:16+00:00","breadcrumb":{"@id":"https:\/\/www.notibras.com\/site\/medo-ate-de-roedor-morto-deixa-raquel-presa-em-casa\/#breadcrumb"},"inLanguage":"pt-BR","potentialAction":[{"@type":"ReadAction","target":["https:\/\/www.notibras.com\/site\/medo-ate-de-roedor-morto-deixa-raquel-presa-em-casa\/"]}]},{"@type":"ImageObject","inLanguage":"pt-BR","@id":"https:\/\/www.notibras.com\/site\/medo-ate-de-roedor-morto-deixa-raquel-presa-em-casa\/#primaryimage","url":"https:\/\/www.notibras.com\/site\/wp-content\/uploads\/2024\/03\/e0cfddf7-fbae-458b-aa6a-1adb75ce192b.jpeg","contentUrl":"https:\/\/www.notibras.com\/site\/wp-content\/uploads\/2024\/03\/e0cfddf7-fbae-458b-aa6a-1adb75ce192b.jpeg","width":1024,"height":1024},{"@type":"BreadcrumbList","@id":"https:\/\/www.notibras.com\/site\/medo-ate-de-roedor-morto-deixa-raquel-presa-em-casa\/#breadcrumb","itemListElement":[{"@type":"ListItem","position":1,"name":"In\u00edcio","item":"https:\/\/www.notibras.com\/site\/"},{"@type":"ListItem","position":2,"name":"Medo at\u00e9 de roedor morto deixa Raquel presa em casa"}]},{"@type":"WebSite","@id":"https:\/\/www.notibras.com\/site\/#website","url":"https:\/\/www.notibras.com\/site\/","name":"Notibras","description":"Not\u00edcias de Bras\u00edlia, do Brasil e do Mundo","publisher":{"@id":"https:\/\/www.notibras.com\/site\/#organization"},"potentialAction":[{"@type":"SearchAction","target":{"@type":"EntryPoint","urlTemplate":"https:\/\/www.notibras.com\/site\/?s={search_term_string}"},"query-input":{"@type":"PropertyValueSpecification","valueRequired":true,"valueName":"search_term_string"}}],"inLanguage":"pt-BR"},{"@type":"Organization","@id":"https:\/\/www.notibras.com\/site\/#organization","name":"Grupo Notibras de Comunica\u00e7\u00e3o","url":"https:\/\/www.notibras.com\/site\/","logo":{"@type":"ImageObject","inLanguage":"pt-BR","@id":"https:\/\/www.notibras.com\/site\/#\/schema\/logo\/image\/","url":"https:\/\/www.notibras.com\/site\/wp-content\/uploads\/2023\/01\/notibras23.png","contentUrl":"https:\/\/www.notibras.com\/site\/wp-content\/uploads\/2023\/01\/notibras23.png","width":350,"height":87,"caption":"Grupo Notibras de Comunica\u00e7\u00e3o"},"image":{"@id":"https:\/\/www.notibras.com\/site\/#\/schema\/logo\/image\/"},"sameAs":["https:\/\/www.facebook.com\/notibras\/","https:\/\/x.com\/Notibras","https:\/\/www.instagram.com\/notibras\/"]},{"@type":"Person","@id":"https:\/\/www.notibras.com\/site\/#\/schema\/person\/36ab0979449956132d3e5b517ea76ac8","name":"Reda\u00e7\u00e3o","image":{"@type":"ImageObject","inLanguage":"pt-BR","@id":"https:\/\/secure.gravatar.com\/avatar\/e0a867bdedb85fd243eadf09663511f96fc81e0720a4a42581f334ad4303aa6b?s=96&d=mm&r=g","url":"https:\/\/secure.gravatar.com\/avatar\/e0a867bdedb85fd243eadf09663511f96fc81e0720a4a42581f334ad4303aa6b?s=96&d=mm&r=g","contentUrl":"https:\/\/secure.gravatar.com\/avatar\/e0a867bdedb85fd243eadf09663511f96fc81e0720a4a42581f334ad4303aa6b?s=96&d=mm&r=g","caption":"Reda\u00e7\u00e3o"}}]}},"amp_enabled":true,"_links":{"self":[{"href":"https:\/\/www.notibras.com\/site\/wp-json\/wp\/v2\/posts\/325002","targetHints":{"allow":["GET"]}}],"collection":[{"href":"https:\/\/www.notibras.com\/site\/wp-json\/wp\/v2\/posts"}],"about":[{"href":"https:\/\/www.notibras.com\/site\/wp-json\/wp\/v2\/types\/post"}],"author":[{"embeddable":true,"href":"https:\/\/www.notibras.com\/site\/wp-json\/wp\/v2\/users\/2"}],"replies":[{"embeddable":true,"href":"https:\/\/www.notibras.com\/site\/wp-json\/wp\/v2\/comments?post=325002"}],"version-history":[{"count":3,"href":"https:\/\/www.notibras.com\/site\/wp-json\/wp\/v2\/posts\/325002\/revisions"}],"predecessor-version":[{"id":325006,"href":"https:\/\/www.notibras.com\/site\/wp-json\/wp\/v2\/posts\/325002\/revisions\/325006"}],"wp:featuredmedia":[{"embeddable":true,"href":"https:\/\/www.notibras.com\/site\/wp-json\/wp\/v2\/media\/325003"}],"wp:attachment":[{"href":"https:\/\/www.notibras.com\/site\/wp-json\/wp\/v2\/media?parent=325002"}],"wp:term":[{"taxonomy":"category","embeddable":true,"href":"https:\/\/www.notibras.com\/site\/wp-json\/wp\/v2\/categories?post=325002"},{"taxonomy":"post_tag","embeddable":true,"href":"https:\/\/www.notibras.com\/site\/wp-json\/wp\/v2\/tags?post=325002"}],"curies":[{"name":"wp","href":"https:\/\/api.w.org\/{rel}","templated":true}]}}