{"id":325065,"date":"2024-03-20T00:54:47","date_gmt":"2024-03-20T03:54:47","guid":{"rendered":"https:\/\/www.notibras.com\/site\/?p=325065"},"modified":"2024-03-20T07:05:14","modified_gmt":"2024-03-20T10:05:14","slug":"caixa-e-brb-impulsionam-construcao-civil-na-capital","status":"publish","type":"post","link":"https:\/\/www.notibras.com\/site\/caixa-e-brb-impulsionam-construcao-civil-na-capital\/","title":{"rendered":"Caixa e BRB impulsionam constru\u00e7\u00e3o civil na capital"},"content":{"rendered":"<p>A Caixa e o Banco de Bras\u00edlia (BRB), juntos, respondem pelos maiores investimentos na ind\u00fastria da constru\u00e7\u00e3o civil de Bras\u00edlia, particularmente quando o assunto s\u00e3o im\u00f3veis habitacionais. A afirma\u00e7\u00e3o \u00e9 do pr\u00f3prio presidente da CEF, Carlos Vieira, feita aos membros do Lide Bras\u00edlia, grupo que re\u00fane empres\u00e1rios e entidades classistas da cidade e \u00e9 presidido pelo empres\u00e1rio Paulo Oct\u00e1vio. A Caixa pretende ampliar a carteira de cr\u00e9dito imobili\u00e1rio no menor tempo poss\u00edvel. \u201cGeramos 2,7 mil contratos de cr\u00e9ditos imobili\u00e1rios mensais no Brasil. A gente j\u00e1 gerou mais e queremos voltar ao patamar de 3,6 mil. E a gente vai voltar a esse ponto logo\u201d, projetou Vieira.<\/p>\n<p>A proje\u00e7\u00e3o vai ao encontro da mem\u00f3ria feita pelo empres\u00e1rio Paulo Oct\u00e1vio, que lembrou a trajet\u00f3ria da Caixa Econ\u00f4mica Federal na hist\u00f3ria da capital. \u201cQuando fundei a PaulOOctavio, h\u00e1 quase 50 anos, a Caixa tinha um papel important\u00edssimo em Bras\u00edlia. Se hoje temos uma cidade com quase 3 milh\u00f5es de habitantes, a Caixa foi important\u00edssima na constru\u00e7\u00e3o de milhares de resid\u00eancias aqui na cidade. Os bancos privados pouco investiam em habita\u00e7\u00e3o e a Caixa financiou milh\u00f5es de moradias em Bras\u00edlia e no Brasil\u201d afirmou.<\/p>\n<p>\u201cRecentemente, a escola da Caixa foi muito bem representada em nossa cidade pelo presidente do BRB, Paulo Henrique Costa (que \u00e9 egresso dos quadros da institui\u00e7\u00e3o), que deu novo rumo aos financiamentos imobili\u00e1rios. Pela primeira vez, governador Ibaneis, ap\u00f3s 50 anos, muitos empres\u00e1rios do DF conseguiram assinar os primeiros financiamentos com a institui\u00e7\u00e3o, que passou a cumprir um papel important\u00edssimo\u201d, completou o empres\u00e1rio.<\/p>\n<p>Carlos Vieira tamb\u00e9m reconheceu o trabalho de Paulo Henrique Costa, pelo seu papel transformador na institui\u00e7\u00e3o. \u201cO Paulo \u00e9 um professor em banco e acompanhei a transforma\u00e7\u00e3o ali feita\u201d, enfatizou, ap\u00f3s destacar o papel de Paulo Oct\u00e1vio no Lide Bras\u00edlia.<\/p>\n<p>Vieira lembrou ainda os bons resultados da institui\u00e7\u00e3o. \u201cA Caixa, em 2023, teve o melhor desempenho entre os bancos, com crescimento de 20%, que \u00e9 muito expressivo e fruto de um processo de gest\u00e3o instalado na empresa. Isso permitiu que a gente devolvesse parte destes valores, em forma de dividendos e transfer\u00eancias, ao nosso controlador maior, o Governo Federal, que certamente v\u00e3o contribuir com novas pol\u00edticas p\u00fablicas e programas sociais\u201d, afirmou, detalhando o investimento que ser\u00e1 feito em educa\u00e7\u00e3o com parte destes valores.<\/p>\n<p>O presidente da Caixa Econ\u00f4mica destacou ainda que a habita\u00e7\u00e3o \u00e9 o \u201ccarro-chefe\u201d da Caixa. \u201cN\u00f3s detemos 30% de tudo o que \u00e9 destinado a cr\u00e9dito de pessoa f\u00edsica no Brasil. E temos 52% do PIB do Brasil nesta forma, dos quais 30% s\u00e3o equivalentes ao cr\u00e9dito imobili\u00e1rio. A Caixa det\u00e9m 70% deste mercado, que precisa crescer. N\u00f3s temos levado esta vis\u00e3o para discuss\u00f5es na Febraban, no Banco Central e com o ministro da Fazenda. \u00c9 importante que outros bancos, como o BRB fez, tamb\u00e9m participem deste processo. O Brasil ganha, a sociedade ganha, o mercado ganha, a gera\u00e7\u00e3o de empregos ganha. Para se ter uma ideia, para cada R$ 1 milh\u00e3o colocados em cr\u00e9dito imobili\u00e1rio pela Caixa, temos 150 mil empregos gerados\u201d, completou.<\/p>\n<p>\u201cEu queria ter 40% do mercado, mas que, em vez de colocar R$ 200 milh\u00f5es, o mercado como um todo tivesse R$ 500 milh\u00f5es em cr\u00e9dito imobili\u00e1rio. Seria uma grande revolu\u00e7\u00e3o. N\u00f3s estamos construindo bases para que isso aconte\u00e7a, gerando mercado secund\u00e1rio atrav\u00e9s de uma s\u00e9rie de medidas. O mercado secund\u00e1rio vem neste patamar desde 2018. H\u00e1 mecanismos para ajudar neste contexto\u201d, completou.<\/p>\n<p>A atra\u00e7\u00e3o de investidores internacionais \u00e9 uma das metas de Carlos Vieira, desde que com n\u00fameros adequados \u00e0 realidade nacional. \u201cEu recebi o presidente do Banco Asi\u00e1tico de Investimentos em Infraestrutura (AIIB), Jin Liqun, para um di\u00e1logo e ele ficou impressionado com nossos n\u00fameros. Ele disse que tem reservado para colocar em cr\u00e9dito imobili\u00e1rio no Brasil algo em torno de US$ 480 milh\u00f5es. E eu mostrei a ele que estes n\u00fameros est\u00e3o \u00e0 altura do Pa\u00eds e de suas institui\u00e7\u00f5es\u201d, acrescentou. \u201cO Brasil tem uma posi\u00e7\u00e3o privilegiad\u00edssima para que seja um grande receptor de investimentos internacionais\u201d, afirmou.<\/p>\n<p>O uso dos recursos do Fundo de Garantia sobre o Tempo de Servi\u00e7o (FGTS) tamb\u00e9m foi destaque na palestra. \u201cN\u00f3s precisamos ter um olhar especial para este instrumento. Os fundings (apta\u00e7\u00e3o de recursos financeiros para o investimento espec\u00edfico pr\u00e9-acordado) que financiam o modelo de cr\u00e9dito imobili\u00e1rio para o Brasil s\u00e3o da d\u00e9cada de 1960. N\u00f3s n\u00e3o temos nenhuma novidade e o alongamento de prazo vai criar dificuldades para o financiamento em 2025. Ser\u00e1 dif\u00edcil para a Caixa, para o BRB, e para o sistema como um todo, pois vai diminuir a liquidez, alongar os prazos e j\u00e1 desestimulou a aplica\u00e7\u00e3o de recursos. E precisamos ter instrumentos que ajudem o financiamento\u201d, exemplificou.<\/p>\n<p>Vieira tamb\u00e9m destacou que a Caixa tem buscado governos locais para acordos em torno da habita\u00e7\u00e3o, como no caso do Distrito Federal, onde foi realizada a primeira grande parceria p\u00fablico-privada (PPP) do setor imobili\u00e1rio, o Jardins Mangueiral, que conta com quase 8 mil unidades, al\u00e9m do Itapo\u00e3 Parque e o Parano\u00e1 Parque, outra PPP em andamento.<\/p>\n","protected":false},"excerpt":{"rendered":"<p>A Caixa e o Banco de Bras\u00edlia (BRB), juntos, respondem pelos maiores investimentos na ind\u00fastria da constru\u00e7\u00e3o civil de Bras\u00edlia, particularmente quando o assunto s\u00e3o im\u00f3veis habitacionais. A afirma\u00e7\u00e3o \u00e9 do pr\u00f3prio presidente da CEF, Carlos Vieira, feita aos membros do Lide Bras\u00edlia, grupo que re\u00fane empres\u00e1rios e entidades classistas da cidade e \u00e9 presidido [&hellip;]<\/p>\n","protected":false},"author":2,"featured_media":325066,"comment_status":"closed","ping_status":"closed","sticky":false,"template":"","format":"standard","meta":{"_acf_changed":false,"footnotes":""},"categories":[161],"tags":[],"class_list":["post-325065","post","type-post","status-publish","format-standard","has-post-thumbnail","hentry","category-quadradinho-em-foco"],"acf":[],"yoast_head":"<!-- This site is optimized with the Yoast SEO plugin v27.5 - https:\/\/yoast.com\/product\/yoast-seo-wordpress\/ -->\n<title>Caixa e BRB impulsionam constru\u00e7\u00e3o civil na capital - Notibras<\/title>\n<meta name=\"robots\" content=\"index, follow, max-snippet:-1, max-image-preview:large, max-video-preview:-1\" \/>\n<link rel=\"canonical\" href=\"https:\/\/www.notibras.com\/site\/caixa-e-brb-impulsionam-construcao-civil-na-capital\/\" \/>\n<meta property=\"og:locale\" content=\"pt_BR\" \/>\n<meta property=\"og:type\" content=\"article\" \/>\n<meta property=\"og:title\" content=\"Caixa e BRB impulsionam constru\u00e7\u00e3o civil na capital - Notibras\" \/>\n<meta property=\"og:description\" content=\"A Caixa e o Banco de Bras\u00edlia (BRB), juntos, respondem pelos maiores investimentos na ind\u00fastria da constru\u00e7\u00e3o civil de Bras\u00edlia, particularmente quando o assunto s\u00e3o im\u00f3veis habitacionais. A afirma\u00e7\u00e3o \u00e9 do pr\u00f3prio presidente da CEF, Carlos Vieira, feita aos membros do Lide Bras\u00edlia, grupo que re\u00fane empres\u00e1rios e entidades classistas da cidade e \u00e9 presidido [&hellip;]\" \/>\n<meta property=\"og:url\" content=\"https:\/\/www.notibras.com\/site\/caixa-e-brb-impulsionam-construcao-civil-na-capital\/\" \/>\n<meta property=\"og:site_name\" content=\"Notibras\" \/>\n<meta property=\"article:publisher\" content=\"https:\/\/www.facebook.com\/notibras\/\" \/>\n<meta property=\"article:published_time\" content=\"2024-03-20T03:54:47+00:00\" \/>\n<meta property=\"article:modified_time\" content=\"2024-03-20T10:05:14+00:00\" \/>\n<meta property=\"og:image\" content=\"https:\/\/www.notibras.com\/site\/wp-content\/uploads\/2024\/03\/ff674065-021e-43cd-80d6-164e04c8cd34.jpeg\" \/>\n\t<meta property=\"og:image:width\" content=\"1600\" \/>\n\t<meta property=\"og:image:height\" content=\"1066\" \/>\n\t<meta property=\"og:image:type\" content=\"image\/jpeg\" \/>\n<meta name=\"author\" content=\"Reda\u00e7\u00e3o\" \/>\n<meta name=\"twitter:card\" content=\"summary_large_image\" \/>\n<meta name=\"twitter:creator\" content=\"@Notibras\" \/>\n<meta name=\"twitter:site\" content=\"@Notibras\" \/>\n<meta name=\"twitter:label1\" content=\"Escrito por\" \/>\n\t<meta name=\"twitter:data1\" content=\"Reda\u00e7\u00e3o\" \/>\n\t<meta name=\"twitter:label2\" content=\"Est. tempo de leitura\" \/>\n\t<meta name=\"twitter:data2\" content=\"5 minutos\" \/>\n<script type=\"application\/ld+json\" class=\"yoast-schema-graph\">{\"@context\":\"https:\\\/\\\/schema.org\",\"@graph\":[{\"@type\":\"Article\",\"@id\":\"https:\\\/\\\/www.notibras.com\\\/site\\\/caixa-e-brb-impulsionam-construcao-civil-na-capital\\\/#article\",\"isPartOf\":{\"@id\":\"https:\\\/\\\/www.notibras.com\\\/site\\\/caixa-e-brb-impulsionam-construcao-civil-na-capital\\\/\"},\"author\":{\"name\":\"Reda\u00e7\u00e3o\",\"@id\":\"https:\\\/\\\/www.notibras.com\\\/site\\\/#\\\/schema\\\/person\\\/36ab0979449956132d3e5b517ea76ac8\"},\"headline\":\"Caixa e BRB impulsionam constru\u00e7\u00e3o civil na capital\",\"datePublished\":\"2024-03-20T03:54:47+00:00\",\"dateModified\":\"2024-03-20T10:05:14+00:00\",\"mainEntityOfPage\":{\"@id\":\"https:\\\/\\\/www.notibras.com\\\/site\\\/caixa-e-brb-impulsionam-construcao-civil-na-capital\\\/\"},\"wordCount\":919,\"publisher\":{\"@id\":\"https:\\\/\\\/www.notibras.com\\\/site\\\/#organization\"},\"image\":{\"@id\":\"https:\\\/\\\/www.notibras.com\\\/site\\\/caixa-e-brb-impulsionam-construcao-civil-na-capital\\\/#primaryimage\"},\"thumbnailUrl\":\"https:\\\/\\\/www.notibras.com\\\/site\\\/wp-content\\\/uploads\\\/2024\\\/03\\\/ff674065-021e-43cd-80d6-164e04c8cd34.jpeg\",\"articleSection\":[\"Quadradinho em Foco\"],\"inLanguage\":\"pt-BR\"},{\"@type\":\"WebPage\",\"@id\":\"https:\\\/\\\/www.notibras.com\\\/site\\\/caixa-e-brb-impulsionam-construcao-civil-na-capital\\\/\",\"url\":\"https:\\\/\\\/www.notibras.com\\\/site\\\/caixa-e-brb-impulsionam-construcao-civil-na-capital\\\/\",\"name\":\"Caixa e BRB impulsionam constru\u00e7\u00e3o civil na capital - Notibras\",\"isPartOf\":{\"@id\":\"https:\\\/\\\/www.notibras.com\\\/site\\\/#website\"},\"primaryImageOfPage\":{\"@id\":\"https:\\\/\\\/www.notibras.com\\\/site\\\/caixa-e-brb-impulsionam-construcao-civil-na-capital\\\/#primaryimage\"},\"image\":{\"@id\":\"https:\\\/\\\/www.notibras.com\\\/site\\\/caixa-e-brb-impulsionam-construcao-civil-na-capital\\\/#primaryimage\"},\"thumbnailUrl\":\"https:\\\/\\\/www.notibras.com\\\/site\\\/wp-content\\\/uploads\\\/2024\\\/03\\\/ff674065-021e-43cd-80d6-164e04c8cd34.jpeg\",\"datePublished\":\"2024-03-20T03:54:47+00:00\",\"dateModified\":\"2024-03-20T10:05:14+00:00\",\"breadcrumb\":{\"@id\":\"https:\\\/\\\/www.notibras.com\\\/site\\\/caixa-e-brb-impulsionam-construcao-civil-na-capital\\\/#breadcrumb\"},\"inLanguage\":\"pt-BR\",\"potentialAction\":[{\"@type\":\"ReadAction\",\"target\":[\"https:\\\/\\\/www.notibras.com\\\/site\\\/caixa-e-brb-impulsionam-construcao-civil-na-capital\\\/\"]}]},{\"@type\":\"ImageObject\",\"inLanguage\":\"pt-BR\",\"@id\":\"https:\\\/\\\/www.notibras.com\\\/site\\\/caixa-e-brb-impulsionam-construcao-civil-na-capital\\\/#primaryimage\",\"url\":\"https:\\\/\\\/www.notibras.com\\\/site\\\/wp-content\\\/uploads\\\/2024\\\/03\\\/ff674065-021e-43cd-80d6-164e04c8cd34.jpeg\",\"contentUrl\":\"https:\\\/\\\/www.notibras.com\\\/site\\\/wp-content\\\/uploads\\\/2024\\\/03\\\/ff674065-021e-43cd-80d6-164e04c8cd34.jpeg\",\"width\":1600,\"height\":1066},{\"@type\":\"BreadcrumbList\",\"@id\":\"https:\\\/\\\/www.notibras.com\\\/site\\\/caixa-e-brb-impulsionam-construcao-civil-na-capital\\\/#breadcrumb\",\"itemListElement\":[{\"@type\":\"ListItem\",\"position\":1,\"name\":\"In\u00edcio\",\"item\":\"https:\\\/\\\/www.notibras.com\\\/site\\\/\"},{\"@type\":\"ListItem\",\"position\":2,\"name\":\"Caixa e BRB impulsionam constru\u00e7\u00e3o civil na capital\"}]},{\"@type\":\"WebSite\",\"@id\":\"https:\\\/\\\/www.notibras.com\\\/site\\\/#website\",\"url\":\"https:\\\/\\\/www.notibras.com\\\/site\\\/\",\"name\":\"Notibras\",\"description\":\"Not\u00edcias de Bras\u00edlia, do Brasil e do Mundo\",\"publisher\":{\"@id\":\"https:\\\/\\\/www.notibras.com\\\/site\\\/#organization\"},\"potentialAction\":[{\"@type\":\"SearchAction\",\"target\":{\"@type\":\"EntryPoint\",\"urlTemplate\":\"https:\\\/\\\/www.notibras.com\\\/site\\\/?s={search_term_string}\"},\"query-input\":{\"@type\":\"PropertyValueSpecification\",\"valueRequired\":true,\"valueName\":\"search_term_string\"}}],\"inLanguage\":\"pt-BR\"},{\"@type\":\"Organization\",\"@id\":\"https:\\\/\\\/www.notibras.com\\\/site\\\/#organization\",\"name\":\"Grupo Notibras de Comunica\u00e7\u00e3o\",\"url\":\"https:\\\/\\\/www.notibras.com\\\/site\\\/\",\"logo\":{\"@type\":\"ImageObject\",\"inLanguage\":\"pt-BR\",\"@id\":\"https:\\\/\\\/www.notibras.com\\\/site\\\/#\\\/schema\\\/logo\\\/image\\\/\",\"url\":\"https:\\\/\\\/www.notibras.com\\\/site\\\/wp-content\\\/uploads\\\/2023\\\/01\\\/notibras23.png\",\"contentUrl\":\"https:\\\/\\\/www.notibras.com\\\/site\\\/wp-content\\\/uploads\\\/2023\\\/01\\\/notibras23.png\",\"width\":350,\"height\":87,\"caption\":\"Grupo Notibras de Comunica\u00e7\u00e3o\"},\"image\":{\"@id\":\"https:\\\/\\\/www.notibras.com\\\/site\\\/#\\\/schema\\\/logo\\\/image\\\/\"},\"sameAs\":[\"https:\\\/\\\/www.facebook.com\\\/notibras\\\/\",\"https:\\\/\\\/x.com\\\/Notibras\",\"https:\\\/\\\/www.instagram.com\\\/notibras\\\/\"]},{\"@type\":\"Person\",\"@id\":\"https:\\\/\\\/www.notibras.com\\\/site\\\/#\\\/schema\\\/person\\\/36ab0979449956132d3e5b517ea76ac8\",\"name\":\"Reda\u00e7\u00e3o\",\"image\":{\"@type\":\"ImageObject\",\"inLanguage\":\"pt-BR\",\"@id\":\"https:\\\/\\\/secure.gravatar.com\\\/avatar\\\/e0a867bdedb85fd243eadf09663511f96fc81e0720a4a42581f334ad4303aa6b?s=96&d=mm&r=g\",\"url\":\"https:\\\/\\\/secure.gravatar.com\\\/avatar\\\/e0a867bdedb85fd243eadf09663511f96fc81e0720a4a42581f334ad4303aa6b?s=96&d=mm&r=g\",\"contentUrl\":\"https:\\\/\\\/secure.gravatar.com\\\/avatar\\\/e0a867bdedb85fd243eadf09663511f96fc81e0720a4a42581f334ad4303aa6b?s=96&d=mm&r=g\",\"caption\":\"Reda\u00e7\u00e3o\"}}]}<\/script>\n<!-- \/ Yoast SEO plugin. -->","yoast_head_json":{"title":"Caixa e BRB impulsionam constru\u00e7\u00e3o civil na capital - Notibras","robots":{"index":"index","follow":"follow","max-snippet":"max-snippet:-1","max-image-preview":"max-image-preview:large","max-video-preview":"max-video-preview:-1"},"canonical":"https:\/\/www.notibras.com\/site\/caixa-e-brb-impulsionam-construcao-civil-na-capital\/","og_locale":"pt_BR","og_type":"article","og_title":"Caixa e BRB impulsionam constru\u00e7\u00e3o civil na capital - Notibras","og_description":"A Caixa e o Banco de Bras\u00edlia (BRB), juntos, respondem pelos maiores investimentos na ind\u00fastria da constru\u00e7\u00e3o civil de Bras\u00edlia, particularmente quando o assunto s\u00e3o im\u00f3veis habitacionais. A afirma\u00e7\u00e3o \u00e9 do pr\u00f3prio presidente da CEF, Carlos Vieira, feita aos membros do Lide Bras\u00edlia, grupo que re\u00fane empres\u00e1rios e entidades classistas da cidade e \u00e9 presidido [&hellip;]","og_url":"https:\/\/www.notibras.com\/site\/caixa-e-brb-impulsionam-construcao-civil-na-capital\/","og_site_name":"Notibras","article_publisher":"https:\/\/www.facebook.com\/notibras\/","article_published_time":"2024-03-20T03:54:47+00:00","article_modified_time":"2024-03-20T10:05:14+00:00","og_image":[{"width":1600,"height":1066,"url":"https:\/\/www.notibras.com\/site\/wp-content\/uploads\/2024\/03\/ff674065-021e-43cd-80d6-164e04c8cd34.jpeg","type":"image\/jpeg"}],"author":"Reda\u00e7\u00e3o","twitter_card":"summary_large_image","twitter_creator":"@Notibras","twitter_site":"@Notibras","twitter_misc":{"Escrito por":"Reda\u00e7\u00e3o","Est. tempo de leitura":"5 minutos"},"schema":{"@context":"https:\/\/schema.org","@graph":[{"@type":"Article","@id":"https:\/\/www.notibras.com\/site\/caixa-e-brb-impulsionam-construcao-civil-na-capital\/#article","isPartOf":{"@id":"https:\/\/www.notibras.com\/site\/caixa-e-brb-impulsionam-construcao-civil-na-capital\/"},"author":{"name":"Reda\u00e7\u00e3o","@id":"https:\/\/www.notibras.com\/site\/#\/schema\/person\/36ab0979449956132d3e5b517ea76ac8"},"headline":"Caixa e BRB impulsionam constru\u00e7\u00e3o civil na capital","datePublished":"2024-03-20T03:54:47+00:00","dateModified":"2024-03-20T10:05:14+00:00","mainEntityOfPage":{"@id":"https:\/\/www.notibras.com\/site\/caixa-e-brb-impulsionam-construcao-civil-na-capital\/"},"wordCount":919,"publisher":{"@id":"https:\/\/www.notibras.com\/site\/#organization"},"image":{"@id":"https:\/\/www.notibras.com\/site\/caixa-e-brb-impulsionam-construcao-civil-na-capital\/#primaryimage"},"thumbnailUrl":"https:\/\/www.notibras.com\/site\/wp-content\/uploads\/2024\/03\/ff674065-021e-43cd-80d6-164e04c8cd34.jpeg","articleSection":["Quadradinho em Foco"],"inLanguage":"pt-BR"},{"@type":"WebPage","@id":"https:\/\/www.notibras.com\/site\/caixa-e-brb-impulsionam-construcao-civil-na-capital\/","url":"https:\/\/www.notibras.com\/site\/caixa-e-brb-impulsionam-construcao-civil-na-capital\/","name":"Caixa e BRB impulsionam constru\u00e7\u00e3o civil na capital - Notibras","isPartOf":{"@id":"https:\/\/www.notibras.com\/site\/#website"},"primaryImageOfPage":{"@id":"https:\/\/www.notibras.com\/site\/caixa-e-brb-impulsionam-construcao-civil-na-capital\/#primaryimage"},"image":{"@id":"https:\/\/www.notibras.com\/site\/caixa-e-brb-impulsionam-construcao-civil-na-capital\/#primaryimage"},"thumbnailUrl":"https:\/\/www.notibras.com\/site\/wp-content\/uploads\/2024\/03\/ff674065-021e-43cd-80d6-164e04c8cd34.jpeg","datePublished":"2024-03-20T03:54:47+00:00","dateModified":"2024-03-20T10:05:14+00:00","breadcrumb":{"@id":"https:\/\/www.notibras.com\/site\/caixa-e-brb-impulsionam-construcao-civil-na-capital\/#breadcrumb"},"inLanguage":"pt-BR","potentialAction":[{"@type":"ReadAction","target":["https:\/\/www.notibras.com\/site\/caixa-e-brb-impulsionam-construcao-civil-na-capital\/"]}]},{"@type":"ImageObject","inLanguage":"pt-BR","@id":"https:\/\/www.notibras.com\/site\/caixa-e-brb-impulsionam-construcao-civil-na-capital\/#primaryimage","url":"https:\/\/www.notibras.com\/site\/wp-content\/uploads\/2024\/03\/ff674065-021e-43cd-80d6-164e04c8cd34.jpeg","contentUrl":"https:\/\/www.notibras.com\/site\/wp-content\/uploads\/2024\/03\/ff674065-021e-43cd-80d6-164e04c8cd34.jpeg","width":1600,"height":1066},{"@type":"BreadcrumbList","@id":"https:\/\/www.notibras.com\/site\/caixa-e-brb-impulsionam-construcao-civil-na-capital\/#breadcrumb","itemListElement":[{"@type":"ListItem","position":1,"name":"In\u00edcio","item":"https:\/\/www.notibras.com\/site\/"},{"@type":"ListItem","position":2,"name":"Caixa e BRB impulsionam constru\u00e7\u00e3o civil na capital"}]},{"@type":"WebSite","@id":"https:\/\/www.notibras.com\/site\/#website","url":"https:\/\/www.notibras.com\/site\/","name":"Notibras","description":"Not\u00edcias de Bras\u00edlia, do Brasil e do Mundo","publisher":{"@id":"https:\/\/www.notibras.com\/site\/#organization"},"potentialAction":[{"@type":"SearchAction","target":{"@type":"EntryPoint","urlTemplate":"https:\/\/www.notibras.com\/site\/?s={search_term_string}"},"query-input":{"@type":"PropertyValueSpecification","valueRequired":true,"valueName":"search_term_string"}}],"inLanguage":"pt-BR"},{"@type":"Organization","@id":"https:\/\/www.notibras.com\/site\/#organization","name":"Grupo Notibras de Comunica\u00e7\u00e3o","url":"https:\/\/www.notibras.com\/site\/","logo":{"@type":"ImageObject","inLanguage":"pt-BR","@id":"https:\/\/www.notibras.com\/site\/#\/schema\/logo\/image\/","url":"https:\/\/www.notibras.com\/site\/wp-content\/uploads\/2023\/01\/notibras23.png","contentUrl":"https:\/\/www.notibras.com\/site\/wp-content\/uploads\/2023\/01\/notibras23.png","width":350,"height":87,"caption":"Grupo Notibras de Comunica\u00e7\u00e3o"},"image":{"@id":"https:\/\/www.notibras.com\/site\/#\/schema\/logo\/image\/"},"sameAs":["https:\/\/www.facebook.com\/notibras\/","https:\/\/x.com\/Notibras","https:\/\/www.instagram.com\/notibras\/"]},{"@type":"Person","@id":"https:\/\/www.notibras.com\/site\/#\/schema\/person\/36ab0979449956132d3e5b517ea76ac8","name":"Reda\u00e7\u00e3o","image":{"@type":"ImageObject","inLanguage":"pt-BR","@id":"https:\/\/secure.gravatar.com\/avatar\/e0a867bdedb85fd243eadf09663511f96fc81e0720a4a42581f334ad4303aa6b?s=96&d=mm&r=g","url":"https:\/\/secure.gravatar.com\/avatar\/e0a867bdedb85fd243eadf09663511f96fc81e0720a4a42581f334ad4303aa6b?s=96&d=mm&r=g","contentUrl":"https:\/\/secure.gravatar.com\/avatar\/e0a867bdedb85fd243eadf09663511f96fc81e0720a4a42581f334ad4303aa6b?s=96&d=mm&r=g","caption":"Reda\u00e7\u00e3o"}}]}},"amp_enabled":true,"_links":{"self":[{"href":"https:\/\/www.notibras.com\/site\/wp-json\/wp\/v2\/posts\/325065","targetHints":{"allow":["GET"]}}],"collection":[{"href":"https:\/\/www.notibras.com\/site\/wp-json\/wp\/v2\/posts"}],"about":[{"href":"https:\/\/www.notibras.com\/site\/wp-json\/wp\/v2\/types\/post"}],"author":[{"embeddable":true,"href":"https:\/\/www.notibras.com\/site\/wp-json\/wp\/v2\/users\/2"}],"replies":[{"embeddable":true,"href":"https:\/\/www.notibras.com\/site\/wp-json\/wp\/v2\/comments?post=325065"}],"version-history":[{"count":1,"href":"https:\/\/www.notibras.com\/site\/wp-json\/wp\/v2\/posts\/325065\/revisions"}],"predecessor-version":[{"id":325067,"href":"https:\/\/www.notibras.com\/site\/wp-json\/wp\/v2\/posts\/325065\/revisions\/325067"}],"wp:featuredmedia":[{"embeddable":true,"href":"https:\/\/www.notibras.com\/site\/wp-json\/wp\/v2\/media\/325066"}],"wp:attachment":[{"href":"https:\/\/www.notibras.com\/site\/wp-json\/wp\/v2\/media?parent=325065"}],"wp:term":[{"taxonomy":"category","embeddable":true,"href":"https:\/\/www.notibras.com\/site\/wp-json\/wp\/v2\/categories?post=325065"},{"taxonomy":"post_tag","embeddable":true,"href":"https:\/\/www.notibras.com\/site\/wp-json\/wp\/v2\/tags?post=325065"}],"curies":[{"name":"wp","href":"https:\/\/api.w.org\/{rel}","templated":true}]}}