{"id":325071,"date":"2024-03-20T00:00:59","date_gmt":"2024-03-20T03:00:59","guid":{"rendered":"https:\/\/www.notibras.com\/site\/?p=325071"},"modified":"2024-03-20T07:43:53","modified_gmt":"2024-03-20T10:43:53","slug":"saude-compra-equipamentos-para-diagnosticos-mais-rapidos-de-dengue","status":"publish","type":"post","link":"https:\/\/www.notibras.com\/site\/saude-compra-equipamentos-para-diagnosticos-mais-rapidos-de-dengue\/","title":{"rendered":"Sa\u00fade compra equipamentos para diagn\u00f3sticos mais r\u00e1pidos de dengue"},"content":{"rendered":"<p>A Secretaria de Sa\u00fade, em coopera\u00e7\u00e3o com a Organiza\u00e7\u00e3o Pan-Americana de Sa\u00fade (Opas), adquiriu 185 Point of Care, um equipamento que realiza exames mais r\u00e1pidos para diagn\u00f3stico de dengue. O an\u00fancio foi feito, nesta ter\u00e7a-feira (19), pela secret\u00e1ria da pasta, Lucilene Flor\u00eancio.<\/p>\n<p>A compra dos equipamentos \u00e9, segundo a gestora, estrat\u00e9gica para suprir um gargalo identificado no atendimento de pacientes com a doen\u00e7a. Atualmente, as amostras de sangue colhidas nas unidades b\u00e1sicas de sa\u00fade (UBSs) ou nas tendas de acolhimento precisam ser levadas ao hospital, pelos pr\u00f3prios servidores. Os resultados levam, em m\u00e9dia, de 3 horas a 4 horas para sa\u00edrem.<\/p>\n<p>\u201cO aparelho traz celeridade ao diagn\u00f3stico de gravidade do paciente e da condu\u00e7\u00e3o do caso. Por meio do resultado, \u00e9 poss\u00edvel identificar se a pessoa precisa de remo\u00e7\u00e3o, se j\u00e1 est\u00e1 com grande hemoconcentra\u00e7\u00e3o ou com queda de plaquetas. Ele facilitar\u00e1 o cuidado e o plano terap\u00eautico\u201d, detalhou a secret\u00e1ria.<\/p>\n<p>Al\u00e9m da compra dos novos equipamentos, a secret\u00e1ria de Sa\u00fade explicou que o atual cen\u00e1rio epidemiol\u00f3gico indica uma estabilidade nos casos de dengue no DF<\/p>\n<p>Port\u00e1til, o Point of Care permite que exames e resultados ocorram no mesmo local de atendimento \u2013 UBS ou tenda -, com diagn\u00f3stico pronto em aproximadamente 30 minutos.<\/p>\n<p><strong>Estabilidade dos casos<\/strong><br \/>\nAl\u00e9m da compra dos novos equipamentos, a secret\u00e1ria de Sa\u00fade explicou que o atual cen\u00e1rio epidemiol\u00f3gico indica uma estabilidade nos casos de dengue no DF. Segundo a gestora, h\u00e1 duas semanas foi observada a const\u00e2ncia nos registros de ocorr\u00eancias, cerca de 14 mil. Por dia, a m\u00e9dia de atendimentos de pacientes com dengue est\u00e1 em 4 mil.<\/p>\n<p>\u201cTemos visto uma estabilidade, com tend\u00eancia \u00e0 queda. \u00c9 importante salientar que o nosso pico de registro de casos foi na \u00faltima semana de janeiro. A partir da\u00ed, notamos uma const\u00e2ncia. Nesta \u00faltima semana, vimos uma tend\u00eancia \u00e0 queda\u201d, destacou.<\/p>\n<p>Neste ano, a gravidade e o aumento dos casos observados decorreu por diversos fatores, entre eles a circula\u00e7\u00e3o de outro sorotipo (DENV-2), que atingiu uma popula\u00e7\u00e3o mais suscet\u00edvel. Entre os \u00f3bitos, a pasta analisou que mais de 80% dos casos investigados ocorreram em pessoas com comorbidades, como hipertensos e diab\u00e9ticos, e acima de 60 anos.<\/p>\n<p>\u201cA popula\u00e7\u00e3o do DF entrou em contato com esse sorotipo h\u00e1 dez anos, ent\u00e3o n\u00e3o t\u00ednhamos uma mem\u00f3ria imunol\u00f3gica. Assim, o sorotipo circula e encontra uma popula\u00e7\u00e3o mais suscet\u00edvel\u201d, esclareceu a secret\u00e1ria. \u201c\u00c9 um sorotipo que apresenta maior agressividade, capaz de levar a formas graves da doen\u00e7a\u201d, acrescentou.<\/p>\n","protected":false},"excerpt":{"rendered":"<p>A Secretaria de Sa\u00fade, em coopera\u00e7\u00e3o com a Organiza\u00e7\u00e3o Pan-Americana de Sa\u00fade (Opas), adquiriu 185 Point of Care, um equipamento que realiza exames mais r\u00e1pidos para diagn\u00f3stico de dengue. O an\u00fancio foi feito, nesta ter\u00e7a-feira (19), pela secret\u00e1ria da pasta, Lucilene Flor\u00eancio. A compra dos equipamentos \u00e9, segundo a gestora, estrat\u00e9gica para suprir um gargalo [&hellip;]<\/p>\n","protected":false},"author":2,"featured_media":325072,"comment_status":"closed","ping_status":"closed","sticky":false,"template":"","format":"standard","meta":{"_acf_changed":false,"footnotes":""},"categories":[161],"tags":[],"class_list":["post-325071","post","type-post","status-publish","format-standard","has-post-thumbnail","hentry","category-quadradinho-em-foco"],"acf":[],"yoast_head":"<!-- This site is optimized with the Yoast SEO plugin v27.2 - https:\/\/yoast.com\/product\/yoast-seo-wordpress\/ -->\n<title>Sa\u00fade compra equipamentos para diagn\u00f3sticos mais r\u00e1pidos de dengue - Notibras<\/title>\n<meta name=\"robots\" content=\"index, follow, max-snippet:-1, max-image-preview:large, max-video-preview:-1\" \/>\n<link rel=\"canonical\" href=\"https:\/\/www.notibras.com\/site\/saude-compra-equipamentos-para-diagnosticos-mais-rapidos-de-dengue\/\" \/>\n<meta property=\"og:locale\" content=\"pt_BR\" \/>\n<meta property=\"og:type\" content=\"article\" \/>\n<meta property=\"og:title\" content=\"Sa\u00fade compra equipamentos para diagn\u00f3sticos mais r\u00e1pidos de dengue - Notibras\" \/>\n<meta property=\"og:description\" content=\"A Secretaria de Sa\u00fade, em coopera\u00e7\u00e3o com a Organiza\u00e7\u00e3o Pan-Americana de Sa\u00fade (Opas), adquiriu 185 Point of Care, um equipamento que realiza exames mais r\u00e1pidos para diagn\u00f3stico de dengue. O an\u00fancio foi feito, nesta ter\u00e7a-feira (19), pela secret\u00e1ria da pasta, Lucilene Flor\u00eancio. A compra dos equipamentos \u00e9, segundo a gestora, estrat\u00e9gica para suprir um gargalo [&hellip;]\" \/>\n<meta property=\"og:url\" content=\"https:\/\/www.notibras.com\/site\/saude-compra-equipamentos-para-diagnosticos-mais-rapidos-de-dengue\/\" \/>\n<meta property=\"og:site_name\" content=\"Notibras\" \/>\n<meta property=\"article:publisher\" content=\"https:\/\/www.facebook.com\/notibras\/\" \/>\n<meta property=\"article:published_time\" content=\"2024-03-20T03:00:59+00:00\" \/>\n<meta property=\"article:modified_time\" content=\"2024-03-20T10:43:53+00:00\" \/>\n<meta property=\"og:image\" content=\"https:\/\/www.notibras.com\/site\/wp-content\/uploads\/2024\/03\/WhatsApp-Image-2024-03-19-at-7.14.31-PM-1536x1023-1.jpeg\" \/>\n\t<meta property=\"og:image:width\" content=\"1536\" \/>\n\t<meta property=\"og:image:height\" content=\"1023\" \/>\n\t<meta property=\"og:image:type\" content=\"image\/jpeg\" \/>\n<meta name=\"author\" content=\"Reda\u00e7\u00e3o\" \/>\n<meta name=\"twitter:card\" content=\"summary_large_image\" \/>\n<meta name=\"twitter:creator\" content=\"@Notibras\" \/>\n<meta name=\"twitter:site\" content=\"@Notibras\" \/>\n<meta name=\"twitter:label1\" content=\"Escrito por\" \/>\n\t<meta name=\"twitter:data1\" content=\"Reda\u00e7\u00e3o\" \/>\n\t<meta name=\"twitter:label2\" content=\"Est. tempo de leitura\" \/>\n\t<meta name=\"twitter:data2\" content=\"3 minutos\" \/>\n<script type=\"application\/ld+json\" class=\"yoast-schema-graph\">{\"@context\":\"https:\/\/schema.org\",\"@graph\":[{\"@type\":\"Article\",\"@id\":\"https:\/\/www.notibras.com\/site\/saude-compra-equipamentos-para-diagnosticos-mais-rapidos-de-dengue\/#article\",\"isPartOf\":{\"@id\":\"https:\/\/www.notibras.com\/site\/saude-compra-equipamentos-para-diagnosticos-mais-rapidos-de-dengue\/\"},\"author\":{\"name\":\"Reda\u00e7\u00e3o\",\"@id\":\"https:\/\/www.notibras.com\/site\/#\/schema\/person\/36ab0979449956132d3e5b517ea76ac8\"},\"headline\":\"Sa\u00fade compra equipamentos para diagn\u00f3sticos mais r\u00e1pidos de dengue\",\"datePublished\":\"2024-03-20T03:00:59+00:00\",\"dateModified\":\"2024-03-20T10:43:53+00:00\",\"mainEntityOfPage\":{\"@id\":\"https:\/\/www.notibras.com\/site\/saude-compra-equipamentos-para-diagnosticos-mais-rapidos-de-dengue\/\"},\"wordCount\":459,\"publisher\":{\"@id\":\"https:\/\/www.notibras.com\/site\/#organization\"},\"image\":{\"@id\":\"https:\/\/www.notibras.com\/site\/saude-compra-equipamentos-para-diagnosticos-mais-rapidos-de-dengue\/#primaryimage\"},\"thumbnailUrl\":\"https:\/\/www.notibras.com\/site\/wp-content\/uploads\/2024\/03\/WhatsApp-Image-2024-03-19-at-7.14.31-PM-1536x1023-1.jpeg\",\"articleSection\":[\"Quadradinho em Foco\"],\"inLanguage\":\"pt-BR\"},{\"@type\":\"WebPage\",\"@id\":\"https:\/\/www.notibras.com\/site\/saude-compra-equipamentos-para-diagnosticos-mais-rapidos-de-dengue\/\",\"url\":\"https:\/\/www.notibras.com\/site\/saude-compra-equipamentos-para-diagnosticos-mais-rapidos-de-dengue\/\",\"name\":\"Sa\u00fade compra equipamentos para diagn\u00f3sticos mais r\u00e1pidos de dengue - Notibras\",\"isPartOf\":{\"@id\":\"https:\/\/www.notibras.com\/site\/#website\"},\"primaryImageOfPage\":{\"@id\":\"https:\/\/www.notibras.com\/site\/saude-compra-equipamentos-para-diagnosticos-mais-rapidos-de-dengue\/#primaryimage\"},\"image\":{\"@id\":\"https:\/\/www.notibras.com\/site\/saude-compra-equipamentos-para-diagnosticos-mais-rapidos-de-dengue\/#primaryimage\"},\"thumbnailUrl\":\"https:\/\/www.notibras.com\/site\/wp-content\/uploads\/2024\/03\/WhatsApp-Image-2024-03-19-at-7.14.31-PM-1536x1023-1.jpeg\",\"datePublished\":\"2024-03-20T03:00:59+00:00\",\"dateModified\":\"2024-03-20T10:43:53+00:00\",\"breadcrumb\":{\"@id\":\"https:\/\/www.notibras.com\/site\/saude-compra-equipamentos-para-diagnosticos-mais-rapidos-de-dengue\/#breadcrumb\"},\"inLanguage\":\"pt-BR\",\"potentialAction\":[{\"@type\":\"ReadAction\",\"target\":[\"https:\/\/www.notibras.com\/site\/saude-compra-equipamentos-para-diagnosticos-mais-rapidos-de-dengue\/\"]}]},{\"@type\":\"ImageObject\",\"inLanguage\":\"pt-BR\",\"@id\":\"https:\/\/www.notibras.com\/site\/saude-compra-equipamentos-para-diagnosticos-mais-rapidos-de-dengue\/#primaryimage\",\"url\":\"https:\/\/www.notibras.com\/site\/wp-content\/uploads\/2024\/03\/WhatsApp-Image-2024-03-19-at-7.14.31-PM-1536x1023-1.jpeg\",\"contentUrl\":\"https:\/\/www.notibras.com\/site\/wp-content\/uploads\/2024\/03\/WhatsApp-Image-2024-03-19-at-7.14.31-PM-1536x1023-1.jpeg\",\"width\":1536,\"height\":1023},{\"@type\":\"BreadcrumbList\",\"@id\":\"https:\/\/www.notibras.com\/site\/saude-compra-equipamentos-para-diagnosticos-mais-rapidos-de-dengue\/#breadcrumb\",\"itemListElement\":[{\"@type\":\"ListItem\",\"position\":1,\"name\":\"In\u00edcio\",\"item\":\"https:\/\/www.notibras.com\/site\/\"},{\"@type\":\"ListItem\",\"position\":2,\"name\":\"Sa\u00fade compra equipamentos para diagn\u00f3sticos mais r\u00e1pidos de dengue\"}]},{\"@type\":\"WebSite\",\"@id\":\"https:\/\/www.notibras.com\/site\/#website\",\"url\":\"https:\/\/www.notibras.com\/site\/\",\"name\":\"Notibras\",\"description\":\"Not\u00edcias de Bras\u00edlia, do Brasil e do Mundo\",\"publisher\":{\"@id\":\"https:\/\/www.notibras.com\/site\/#organization\"},\"potentialAction\":[{\"@type\":\"SearchAction\",\"target\":{\"@type\":\"EntryPoint\",\"urlTemplate\":\"https:\/\/www.notibras.com\/site\/?s={search_term_string}\"},\"query-input\":{\"@type\":\"PropertyValueSpecification\",\"valueRequired\":true,\"valueName\":\"search_term_string\"}}],\"inLanguage\":\"pt-BR\"},{\"@type\":\"Organization\",\"@id\":\"https:\/\/www.notibras.com\/site\/#organization\",\"name\":\"Grupo Notibras de Comunica\u00e7\u00e3o\",\"url\":\"https:\/\/www.notibras.com\/site\/\",\"logo\":{\"@type\":\"ImageObject\",\"inLanguage\":\"pt-BR\",\"@id\":\"https:\/\/www.notibras.com\/site\/#\/schema\/logo\/image\/\",\"url\":\"https:\/\/www.notibras.com\/site\/wp-content\/uploads\/2023\/01\/notibras23.png\",\"contentUrl\":\"https:\/\/www.notibras.com\/site\/wp-content\/uploads\/2023\/01\/notibras23.png\",\"width\":350,\"height\":87,\"caption\":\"Grupo Notibras de Comunica\u00e7\u00e3o\"},\"image\":{\"@id\":\"https:\/\/www.notibras.com\/site\/#\/schema\/logo\/image\/\"},\"sameAs\":[\"https:\/\/www.facebook.com\/notibras\/\",\"https:\/\/x.com\/Notibras\",\"https:\/\/www.instagram.com\/notibras\/\"]},{\"@type\":\"Person\",\"@id\":\"https:\/\/www.notibras.com\/site\/#\/schema\/person\/36ab0979449956132d3e5b517ea76ac8\",\"name\":\"Reda\u00e7\u00e3o\",\"image\":{\"@type\":\"ImageObject\",\"inLanguage\":\"pt-BR\",\"@id\":\"https:\/\/secure.gravatar.com\/avatar\/e0a867bdedb85fd243eadf09663511f96fc81e0720a4a42581f334ad4303aa6b?s=96&d=mm&r=g\",\"url\":\"https:\/\/secure.gravatar.com\/avatar\/e0a867bdedb85fd243eadf09663511f96fc81e0720a4a42581f334ad4303aa6b?s=96&d=mm&r=g\",\"contentUrl\":\"https:\/\/secure.gravatar.com\/avatar\/e0a867bdedb85fd243eadf09663511f96fc81e0720a4a42581f334ad4303aa6b?s=96&d=mm&r=g\",\"caption\":\"Reda\u00e7\u00e3o\"}}]}<\/script>\n<!-- \/ Yoast SEO plugin. -->","yoast_head_json":{"title":"Sa\u00fade compra equipamentos para diagn\u00f3sticos mais r\u00e1pidos de dengue - Notibras","robots":{"index":"index","follow":"follow","max-snippet":"max-snippet:-1","max-image-preview":"max-image-preview:large","max-video-preview":"max-video-preview:-1"},"canonical":"https:\/\/www.notibras.com\/site\/saude-compra-equipamentos-para-diagnosticos-mais-rapidos-de-dengue\/","og_locale":"pt_BR","og_type":"article","og_title":"Sa\u00fade compra equipamentos para diagn\u00f3sticos mais r\u00e1pidos de dengue - Notibras","og_description":"A Secretaria de Sa\u00fade, em coopera\u00e7\u00e3o com a Organiza\u00e7\u00e3o Pan-Americana de Sa\u00fade (Opas), adquiriu 185 Point of Care, um equipamento que realiza exames mais r\u00e1pidos para diagn\u00f3stico de dengue. O an\u00fancio foi feito, nesta ter\u00e7a-feira (19), pela secret\u00e1ria da pasta, Lucilene Flor\u00eancio. A compra dos equipamentos \u00e9, segundo a gestora, estrat\u00e9gica para suprir um gargalo [&hellip;]","og_url":"https:\/\/www.notibras.com\/site\/saude-compra-equipamentos-para-diagnosticos-mais-rapidos-de-dengue\/","og_site_name":"Notibras","article_publisher":"https:\/\/www.facebook.com\/notibras\/","article_published_time":"2024-03-20T03:00:59+00:00","article_modified_time":"2024-03-20T10:43:53+00:00","og_image":[{"width":1536,"height":1023,"url":"https:\/\/www.notibras.com\/site\/wp-content\/uploads\/2024\/03\/WhatsApp-Image-2024-03-19-at-7.14.31-PM-1536x1023-1.jpeg","type":"image\/jpeg"}],"author":"Reda\u00e7\u00e3o","twitter_card":"summary_large_image","twitter_creator":"@Notibras","twitter_site":"@Notibras","twitter_misc":{"Escrito por":"Reda\u00e7\u00e3o","Est. tempo de leitura":"3 minutos"},"schema":{"@context":"https:\/\/schema.org","@graph":[{"@type":"Article","@id":"https:\/\/www.notibras.com\/site\/saude-compra-equipamentos-para-diagnosticos-mais-rapidos-de-dengue\/#article","isPartOf":{"@id":"https:\/\/www.notibras.com\/site\/saude-compra-equipamentos-para-diagnosticos-mais-rapidos-de-dengue\/"},"author":{"name":"Reda\u00e7\u00e3o","@id":"https:\/\/www.notibras.com\/site\/#\/schema\/person\/36ab0979449956132d3e5b517ea76ac8"},"headline":"Sa\u00fade compra equipamentos para diagn\u00f3sticos mais r\u00e1pidos de dengue","datePublished":"2024-03-20T03:00:59+00:00","dateModified":"2024-03-20T10:43:53+00:00","mainEntityOfPage":{"@id":"https:\/\/www.notibras.com\/site\/saude-compra-equipamentos-para-diagnosticos-mais-rapidos-de-dengue\/"},"wordCount":459,"publisher":{"@id":"https:\/\/www.notibras.com\/site\/#organization"},"image":{"@id":"https:\/\/www.notibras.com\/site\/saude-compra-equipamentos-para-diagnosticos-mais-rapidos-de-dengue\/#primaryimage"},"thumbnailUrl":"https:\/\/www.notibras.com\/site\/wp-content\/uploads\/2024\/03\/WhatsApp-Image-2024-03-19-at-7.14.31-PM-1536x1023-1.jpeg","articleSection":["Quadradinho em Foco"],"inLanguage":"pt-BR"},{"@type":"WebPage","@id":"https:\/\/www.notibras.com\/site\/saude-compra-equipamentos-para-diagnosticos-mais-rapidos-de-dengue\/","url":"https:\/\/www.notibras.com\/site\/saude-compra-equipamentos-para-diagnosticos-mais-rapidos-de-dengue\/","name":"Sa\u00fade compra equipamentos para diagn\u00f3sticos mais r\u00e1pidos de dengue - Notibras","isPartOf":{"@id":"https:\/\/www.notibras.com\/site\/#website"},"primaryImageOfPage":{"@id":"https:\/\/www.notibras.com\/site\/saude-compra-equipamentos-para-diagnosticos-mais-rapidos-de-dengue\/#primaryimage"},"image":{"@id":"https:\/\/www.notibras.com\/site\/saude-compra-equipamentos-para-diagnosticos-mais-rapidos-de-dengue\/#primaryimage"},"thumbnailUrl":"https:\/\/www.notibras.com\/site\/wp-content\/uploads\/2024\/03\/WhatsApp-Image-2024-03-19-at-7.14.31-PM-1536x1023-1.jpeg","datePublished":"2024-03-20T03:00:59+00:00","dateModified":"2024-03-20T10:43:53+00:00","breadcrumb":{"@id":"https:\/\/www.notibras.com\/site\/saude-compra-equipamentos-para-diagnosticos-mais-rapidos-de-dengue\/#breadcrumb"},"inLanguage":"pt-BR","potentialAction":[{"@type":"ReadAction","target":["https:\/\/www.notibras.com\/site\/saude-compra-equipamentos-para-diagnosticos-mais-rapidos-de-dengue\/"]}]},{"@type":"ImageObject","inLanguage":"pt-BR","@id":"https:\/\/www.notibras.com\/site\/saude-compra-equipamentos-para-diagnosticos-mais-rapidos-de-dengue\/#primaryimage","url":"https:\/\/www.notibras.com\/site\/wp-content\/uploads\/2024\/03\/WhatsApp-Image-2024-03-19-at-7.14.31-PM-1536x1023-1.jpeg","contentUrl":"https:\/\/www.notibras.com\/site\/wp-content\/uploads\/2024\/03\/WhatsApp-Image-2024-03-19-at-7.14.31-PM-1536x1023-1.jpeg","width":1536,"height":1023},{"@type":"BreadcrumbList","@id":"https:\/\/www.notibras.com\/site\/saude-compra-equipamentos-para-diagnosticos-mais-rapidos-de-dengue\/#breadcrumb","itemListElement":[{"@type":"ListItem","position":1,"name":"In\u00edcio","item":"https:\/\/www.notibras.com\/site\/"},{"@type":"ListItem","position":2,"name":"Sa\u00fade compra equipamentos para diagn\u00f3sticos mais r\u00e1pidos de dengue"}]},{"@type":"WebSite","@id":"https:\/\/www.notibras.com\/site\/#website","url":"https:\/\/www.notibras.com\/site\/","name":"Notibras","description":"Not\u00edcias de Bras\u00edlia, do Brasil e do Mundo","publisher":{"@id":"https:\/\/www.notibras.com\/site\/#organization"},"potentialAction":[{"@type":"SearchAction","target":{"@type":"EntryPoint","urlTemplate":"https:\/\/www.notibras.com\/site\/?s={search_term_string}"},"query-input":{"@type":"PropertyValueSpecification","valueRequired":true,"valueName":"search_term_string"}}],"inLanguage":"pt-BR"},{"@type":"Organization","@id":"https:\/\/www.notibras.com\/site\/#organization","name":"Grupo Notibras de Comunica\u00e7\u00e3o","url":"https:\/\/www.notibras.com\/site\/","logo":{"@type":"ImageObject","inLanguage":"pt-BR","@id":"https:\/\/www.notibras.com\/site\/#\/schema\/logo\/image\/","url":"https:\/\/www.notibras.com\/site\/wp-content\/uploads\/2023\/01\/notibras23.png","contentUrl":"https:\/\/www.notibras.com\/site\/wp-content\/uploads\/2023\/01\/notibras23.png","width":350,"height":87,"caption":"Grupo Notibras de Comunica\u00e7\u00e3o"},"image":{"@id":"https:\/\/www.notibras.com\/site\/#\/schema\/logo\/image\/"},"sameAs":["https:\/\/www.facebook.com\/notibras\/","https:\/\/x.com\/Notibras","https:\/\/www.instagram.com\/notibras\/"]},{"@type":"Person","@id":"https:\/\/www.notibras.com\/site\/#\/schema\/person\/36ab0979449956132d3e5b517ea76ac8","name":"Reda\u00e7\u00e3o","image":{"@type":"ImageObject","inLanguage":"pt-BR","@id":"https:\/\/secure.gravatar.com\/avatar\/e0a867bdedb85fd243eadf09663511f96fc81e0720a4a42581f334ad4303aa6b?s=96&d=mm&r=g","url":"https:\/\/secure.gravatar.com\/avatar\/e0a867bdedb85fd243eadf09663511f96fc81e0720a4a42581f334ad4303aa6b?s=96&d=mm&r=g","contentUrl":"https:\/\/secure.gravatar.com\/avatar\/e0a867bdedb85fd243eadf09663511f96fc81e0720a4a42581f334ad4303aa6b?s=96&d=mm&r=g","caption":"Reda\u00e7\u00e3o"}}]}},"amp_enabled":true,"_links":{"self":[{"href":"https:\/\/www.notibras.com\/site\/wp-json\/wp\/v2\/posts\/325071","targetHints":{"allow":["GET"]}}],"collection":[{"href":"https:\/\/www.notibras.com\/site\/wp-json\/wp\/v2\/posts"}],"about":[{"href":"https:\/\/www.notibras.com\/site\/wp-json\/wp\/v2\/types\/post"}],"author":[{"embeddable":true,"href":"https:\/\/www.notibras.com\/site\/wp-json\/wp\/v2\/users\/2"}],"replies":[{"embeddable":true,"href":"https:\/\/www.notibras.com\/site\/wp-json\/wp\/v2\/comments?post=325071"}],"version-history":[{"count":1,"href":"https:\/\/www.notibras.com\/site\/wp-json\/wp\/v2\/posts\/325071\/revisions"}],"predecessor-version":[{"id":325073,"href":"https:\/\/www.notibras.com\/site\/wp-json\/wp\/v2\/posts\/325071\/revisions\/325073"}],"wp:featuredmedia":[{"embeddable":true,"href":"https:\/\/www.notibras.com\/site\/wp-json\/wp\/v2\/media\/325072"}],"wp:attachment":[{"href":"https:\/\/www.notibras.com\/site\/wp-json\/wp\/v2\/media?parent=325071"}],"wp:term":[{"taxonomy":"category","embeddable":true,"href":"https:\/\/www.notibras.com\/site\/wp-json\/wp\/v2\/categories?post=325071"},{"taxonomy":"post_tag","embeddable":true,"href":"https:\/\/www.notibras.com\/site\/wp-json\/wp\/v2\/tags?post=325071"}],"curies":[{"name":"wp","href":"https:\/\/api.w.org\/{rel}","templated":true}]}}