{"id":325074,"date":"2024-03-20T00:00:29","date_gmt":"2024-03-20T03:00:29","guid":{"rendered":"https:\/\/www.notibras.com\/site\/?p=325074"},"modified":"2024-03-20T07:56:34","modified_gmt":"2024-03-20T10:56:34","slug":"projeto-piloto-sera-base-para-tentar-manter-as-quadras-limpas","status":"publish","type":"post","link":"https:\/\/www.notibras.com\/site\/projeto-piloto-sera-base-para-tentar-manter-as-quadras-limpas\/","title":{"rendered":"Projeto-piloto ser\u00e1 base para tentar manter as quadras limpas"},"content":{"rendered":"<p>Em breve, o Distrito Federal ter\u00e1 a primeira quadra comercial lixo zero. Representantes do Servi\u00e7o de Limpeza Urbana (SLU) reuniram-se na ter\u00e7a-feira (19), com comerciantes da CLS 404\/405, conhecida como Rua dos Restaurantes, para apresentar o Programa Quadra Lixo Zero.<\/p>\n<p>Os objetivos do programa s\u00e3o aprimorar a gest\u00e3o de res\u00edduos da quadra e, potencialmente, criar a primeira quadra comercial lixo zero do Distrito Federal. Para atingir a meta, o SLU vai instalar seis papa-lixos na quadra. Quatro deles receber\u00e3o apenas materiais recicl\u00e1veis e dois ser\u00e3o locais de acondicionamento de rejeitos, aqueles materiais que n\u00e3o podem ser aproveitados pela reciclagem. O SLU far\u00e1, diariamente, a coleta dos res\u00edduos acondicionados nos papa-lixos.<\/p>\n<p>Os res\u00edduos org\u00e2nicos, como restos de comida, ser\u00e3o coletados por empresas de compostagem parceiras. Uma das raz\u00f5es do encontro foi esclarecer d\u00favidas dos empres\u00e1rios e donos de restaurantes. \u201cHouve uma \u00f3tima ades\u00e3o dos comerciantes da quadra. \u00c9 um programa piloto que o SLU est\u00e1 desenvolvendo e a ideia \u00e9 que os res\u00edduos dessa quadra n\u00e3o sejam mais encaminhados para o aterro sanit\u00e1rio\u201d, explicou o diretor-presidente do SLU, Silvio Vieira.<\/p>\n<p>Com a instala\u00e7\u00e3o dos papa-lixos, que s\u00e3o cont\u00eaineres semienterrados, busca-se, tamb\u00e9m, reduzir o ac\u00famulo de lixo em ca\u00e7ambas e cont\u00eaineres abertos, promovendo a limpeza e diminuindo o surgimento de doen\u00e7as e vetores animais. Para Marcos Baby, propriet\u00e1rio do restaurante Boali, o di\u00e1logo entre comerciantes e governo \u00e9 essencial. \u201cA gente n\u00e3o \u00e9 inimigo do \u00f3rg\u00e3o p\u00fablico, somos parceiros. Aqui na quadra, temos um com\u00e9rcio farto, com muitos restaurantes, e queremos, cada vez mais, destinar nosso lixo da forma correta para nos tornarmos modelo para o DF. Estamos juntos nesse programa que visa ajudar o planeta e todos n\u00f3s\u201d, destacou.<\/p>\n<p>Os recursos para a execu\u00e7\u00e3o do programa Quadra Lixo Zero ser\u00e3o advindos de emenda parlamentar. Tamb\u00e9m est\u00e3o previstas a\u00e7\u00f5es de capacita\u00e7\u00e3o e sensibiliza\u00e7\u00e3o dos funcion\u00e1rios e clientes dos restaurantes e lojas da CLS 404\/405. O programa est\u00e1 em fase final de tr\u00e2mites internos e deve ser implementado at\u00e9 o fim de abril.<\/p>\n","protected":false},"excerpt":{"rendered":"<p>Em breve, o Distrito Federal ter\u00e1 a primeira quadra comercial lixo zero. Representantes do Servi\u00e7o de Limpeza Urbana (SLU) reuniram-se na ter\u00e7a-feira (19), com comerciantes da CLS 404\/405, conhecida como Rua dos Restaurantes, para apresentar o Programa Quadra Lixo Zero. Os objetivos do programa s\u00e3o aprimorar a gest\u00e3o de res\u00edduos da quadra e, potencialmente, criar [&hellip;]<\/p>\n","protected":false},"author":2,"featured_media":325075,"comment_status":"closed","ping_status":"closed","sticky":false,"template":"","format":"standard","meta":{"_acf_changed":false,"footnotes":""},"categories":[161],"tags":[],"class_list":["post-325074","post","type-post","status-publish","format-standard","has-post-thumbnail","hentry","category-quadradinho-em-foco"],"acf":[],"yoast_head":"<!-- This site is optimized with the Yoast SEO plugin v27.2 - https:\/\/yoast.com\/product\/yoast-seo-wordpress\/ -->\n<title>Projeto-piloto ser\u00e1 base para tentar manter as quadras limpas - Notibras<\/title>\n<meta name=\"robots\" content=\"index, follow, max-snippet:-1, max-image-preview:large, max-video-preview:-1\" \/>\n<link rel=\"canonical\" href=\"https:\/\/www.notibras.com\/site\/projeto-piloto-sera-base-para-tentar-manter-as-quadras-limpas\/\" \/>\n<meta property=\"og:locale\" content=\"pt_BR\" \/>\n<meta property=\"og:type\" content=\"article\" \/>\n<meta property=\"og:title\" content=\"Projeto-piloto ser\u00e1 base para tentar manter as quadras limpas - Notibras\" \/>\n<meta property=\"og:description\" content=\"Em breve, o Distrito Federal ter\u00e1 a primeira quadra comercial lixo zero. Representantes do Servi\u00e7o de Limpeza Urbana (SLU) reuniram-se na ter\u00e7a-feira (19), com comerciantes da CLS 404\/405, conhecida como Rua dos Restaurantes, para apresentar o Programa Quadra Lixo Zero. Os objetivos do programa s\u00e3o aprimorar a gest\u00e3o de res\u00edduos da quadra e, potencialmente, criar [&hellip;]\" \/>\n<meta property=\"og:url\" content=\"https:\/\/www.notibras.com\/site\/projeto-piloto-sera-base-para-tentar-manter-as-quadras-limpas\/\" \/>\n<meta property=\"og:site_name\" content=\"Notibras\" \/>\n<meta property=\"article:publisher\" content=\"https:\/\/www.facebook.com\/notibras\/\" \/>\n<meta property=\"article:published_time\" content=\"2024-03-20T03:00:29+00:00\" \/>\n<meta property=\"article:modified_time\" content=\"2024-03-20T10:56:34+00:00\" \/>\n<meta property=\"og:image\" content=\"https:\/\/www.notibras.com\/site\/wp-content\/uploads\/2024\/03\/6P8A5969.jpg\" \/>\n\t<meta property=\"og:image:width\" content=\"1418\" \/>\n\t<meta property=\"og:image:height\" content=\"945\" \/>\n\t<meta property=\"og:image:type\" content=\"image\/jpeg\" \/>\n<meta name=\"author\" content=\"Reda\u00e7\u00e3o\" \/>\n<meta name=\"twitter:card\" content=\"summary_large_image\" \/>\n<meta name=\"twitter:creator\" content=\"@Notibras\" \/>\n<meta name=\"twitter:site\" content=\"@Notibras\" \/>\n<meta name=\"twitter:label1\" content=\"Escrito por\" \/>\n\t<meta name=\"twitter:data1\" content=\"Reda\u00e7\u00e3o\" \/>\n\t<meta name=\"twitter:label2\" content=\"Est. tempo de leitura\" \/>\n\t<meta name=\"twitter:data2\" content=\"3 minutos\" \/>\n<script type=\"application\/ld+json\" class=\"yoast-schema-graph\">{\"@context\":\"https:\/\/schema.org\",\"@graph\":[{\"@type\":\"Article\",\"@id\":\"https:\/\/www.notibras.com\/site\/projeto-piloto-sera-base-para-tentar-manter-as-quadras-limpas\/#article\",\"isPartOf\":{\"@id\":\"https:\/\/www.notibras.com\/site\/projeto-piloto-sera-base-para-tentar-manter-as-quadras-limpas\/\"},\"author\":{\"name\":\"Reda\u00e7\u00e3o\",\"@id\":\"https:\/\/www.notibras.com\/site\/#\/schema\/person\/36ab0979449956132d3e5b517ea76ac8\"},\"headline\":\"Projeto-piloto ser\u00e1 base para tentar manter as quadras limpas\",\"datePublished\":\"2024-03-20T03:00:29+00:00\",\"dateModified\":\"2024-03-20T10:56:34+00:00\",\"mainEntityOfPage\":{\"@id\":\"https:\/\/www.notibras.com\/site\/projeto-piloto-sera-base-para-tentar-manter-as-quadras-limpas\/\"},\"wordCount\":376,\"publisher\":{\"@id\":\"https:\/\/www.notibras.com\/site\/#organization\"},\"image\":{\"@id\":\"https:\/\/www.notibras.com\/site\/projeto-piloto-sera-base-para-tentar-manter-as-quadras-limpas\/#primaryimage\"},\"thumbnailUrl\":\"https:\/\/www.notibras.com\/site\/wp-content\/uploads\/2024\/03\/6P8A5969.jpg\",\"articleSection\":[\"Quadradinho em Foco\"],\"inLanguage\":\"pt-BR\"},{\"@type\":\"WebPage\",\"@id\":\"https:\/\/www.notibras.com\/site\/projeto-piloto-sera-base-para-tentar-manter-as-quadras-limpas\/\",\"url\":\"https:\/\/www.notibras.com\/site\/projeto-piloto-sera-base-para-tentar-manter-as-quadras-limpas\/\",\"name\":\"Projeto-piloto ser\u00e1 base para tentar manter as quadras limpas - Notibras\",\"isPartOf\":{\"@id\":\"https:\/\/www.notibras.com\/site\/#website\"},\"primaryImageOfPage\":{\"@id\":\"https:\/\/www.notibras.com\/site\/projeto-piloto-sera-base-para-tentar-manter-as-quadras-limpas\/#primaryimage\"},\"image\":{\"@id\":\"https:\/\/www.notibras.com\/site\/projeto-piloto-sera-base-para-tentar-manter-as-quadras-limpas\/#primaryimage\"},\"thumbnailUrl\":\"https:\/\/www.notibras.com\/site\/wp-content\/uploads\/2024\/03\/6P8A5969.jpg\",\"datePublished\":\"2024-03-20T03:00:29+00:00\",\"dateModified\":\"2024-03-20T10:56:34+00:00\",\"breadcrumb\":{\"@id\":\"https:\/\/www.notibras.com\/site\/projeto-piloto-sera-base-para-tentar-manter-as-quadras-limpas\/#breadcrumb\"},\"inLanguage\":\"pt-BR\",\"potentialAction\":[{\"@type\":\"ReadAction\",\"target\":[\"https:\/\/www.notibras.com\/site\/projeto-piloto-sera-base-para-tentar-manter-as-quadras-limpas\/\"]}]},{\"@type\":\"ImageObject\",\"inLanguage\":\"pt-BR\",\"@id\":\"https:\/\/www.notibras.com\/site\/projeto-piloto-sera-base-para-tentar-manter-as-quadras-limpas\/#primaryimage\",\"url\":\"https:\/\/www.notibras.com\/site\/wp-content\/uploads\/2024\/03\/6P8A5969.jpg\",\"contentUrl\":\"https:\/\/www.notibras.com\/site\/wp-content\/uploads\/2024\/03\/6P8A5969.jpg\",\"width\":1418,\"height\":945},{\"@type\":\"BreadcrumbList\",\"@id\":\"https:\/\/www.notibras.com\/site\/projeto-piloto-sera-base-para-tentar-manter-as-quadras-limpas\/#breadcrumb\",\"itemListElement\":[{\"@type\":\"ListItem\",\"position\":1,\"name\":\"In\u00edcio\",\"item\":\"https:\/\/www.notibras.com\/site\/\"},{\"@type\":\"ListItem\",\"position\":2,\"name\":\"Projeto-piloto ser\u00e1 base para tentar manter as quadras limpas\"}]},{\"@type\":\"WebSite\",\"@id\":\"https:\/\/www.notibras.com\/site\/#website\",\"url\":\"https:\/\/www.notibras.com\/site\/\",\"name\":\"Notibras\",\"description\":\"Not\u00edcias de Bras\u00edlia, do Brasil e do Mundo\",\"publisher\":{\"@id\":\"https:\/\/www.notibras.com\/site\/#organization\"},\"potentialAction\":[{\"@type\":\"SearchAction\",\"target\":{\"@type\":\"EntryPoint\",\"urlTemplate\":\"https:\/\/www.notibras.com\/site\/?s={search_term_string}\"},\"query-input\":{\"@type\":\"PropertyValueSpecification\",\"valueRequired\":true,\"valueName\":\"search_term_string\"}}],\"inLanguage\":\"pt-BR\"},{\"@type\":\"Organization\",\"@id\":\"https:\/\/www.notibras.com\/site\/#organization\",\"name\":\"Grupo Notibras de Comunica\u00e7\u00e3o\",\"url\":\"https:\/\/www.notibras.com\/site\/\",\"logo\":{\"@type\":\"ImageObject\",\"inLanguage\":\"pt-BR\",\"@id\":\"https:\/\/www.notibras.com\/site\/#\/schema\/logo\/image\/\",\"url\":\"https:\/\/www.notibras.com\/site\/wp-content\/uploads\/2023\/01\/notibras23.png\",\"contentUrl\":\"https:\/\/www.notibras.com\/site\/wp-content\/uploads\/2023\/01\/notibras23.png\",\"width\":350,\"height\":87,\"caption\":\"Grupo Notibras de Comunica\u00e7\u00e3o\"},\"image\":{\"@id\":\"https:\/\/www.notibras.com\/site\/#\/schema\/logo\/image\/\"},\"sameAs\":[\"https:\/\/www.facebook.com\/notibras\/\",\"https:\/\/x.com\/Notibras\",\"https:\/\/www.instagram.com\/notibras\/\"]},{\"@type\":\"Person\",\"@id\":\"https:\/\/www.notibras.com\/site\/#\/schema\/person\/36ab0979449956132d3e5b517ea76ac8\",\"name\":\"Reda\u00e7\u00e3o\",\"image\":{\"@type\":\"ImageObject\",\"inLanguage\":\"pt-BR\",\"@id\":\"https:\/\/secure.gravatar.com\/avatar\/e0a867bdedb85fd243eadf09663511f96fc81e0720a4a42581f334ad4303aa6b?s=96&d=mm&r=g\",\"url\":\"https:\/\/secure.gravatar.com\/avatar\/e0a867bdedb85fd243eadf09663511f96fc81e0720a4a42581f334ad4303aa6b?s=96&d=mm&r=g\",\"contentUrl\":\"https:\/\/secure.gravatar.com\/avatar\/e0a867bdedb85fd243eadf09663511f96fc81e0720a4a42581f334ad4303aa6b?s=96&d=mm&r=g\",\"caption\":\"Reda\u00e7\u00e3o\"}}]}<\/script>\n<!-- \/ Yoast SEO plugin. -->","yoast_head_json":{"title":"Projeto-piloto ser\u00e1 base para tentar manter as quadras limpas - Notibras","robots":{"index":"index","follow":"follow","max-snippet":"max-snippet:-1","max-image-preview":"max-image-preview:large","max-video-preview":"max-video-preview:-1"},"canonical":"https:\/\/www.notibras.com\/site\/projeto-piloto-sera-base-para-tentar-manter-as-quadras-limpas\/","og_locale":"pt_BR","og_type":"article","og_title":"Projeto-piloto ser\u00e1 base para tentar manter as quadras limpas - Notibras","og_description":"Em breve, o Distrito Federal ter\u00e1 a primeira quadra comercial lixo zero. Representantes do Servi\u00e7o de Limpeza Urbana (SLU) reuniram-se na ter\u00e7a-feira (19), com comerciantes da CLS 404\/405, conhecida como Rua dos Restaurantes, para apresentar o Programa Quadra Lixo Zero. Os objetivos do programa s\u00e3o aprimorar a gest\u00e3o de res\u00edduos da quadra e, potencialmente, criar [&hellip;]","og_url":"https:\/\/www.notibras.com\/site\/projeto-piloto-sera-base-para-tentar-manter-as-quadras-limpas\/","og_site_name":"Notibras","article_publisher":"https:\/\/www.facebook.com\/notibras\/","article_published_time":"2024-03-20T03:00:29+00:00","article_modified_time":"2024-03-20T10:56:34+00:00","og_image":[{"width":1418,"height":945,"url":"https:\/\/www.notibras.com\/site\/wp-content\/uploads\/2024\/03\/6P8A5969.jpg","type":"image\/jpeg"}],"author":"Reda\u00e7\u00e3o","twitter_card":"summary_large_image","twitter_creator":"@Notibras","twitter_site":"@Notibras","twitter_misc":{"Escrito por":"Reda\u00e7\u00e3o","Est. tempo de leitura":"3 minutos"},"schema":{"@context":"https:\/\/schema.org","@graph":[{"@type":"Article","@id":"https:\/\/www.notibras.com\/site\/projeto-piloto-sera-base-para-tentar-manter-as-quadras-limpas\/#article","isPartOf":{"@id":"https:\/\/www.notibras.com\/site\/projeto-piloto-sera-base-para-tentar-manter-as-quadras-limpas\/"},"author":{"name":"Reda\u00e7\u00e3o","@id":"https:\/\/www.notibras.com\/site\/#\/schema\/person\/36ab0979449956132d3e5b517ea76ac8"},"headline":"Projeto-piloto ser\u00e1 base para tentar manter as quadras limpas","datePublished":"2024-03-20T03:00:29+00:00","dateModified":"2024-03-20T10:56:34+00:00","mainEntityOfPage":{"@id":"https:\/\/www.notibras.com\/site\/projeto-piloto-sera-base-para-tentar-manter-as-quadras-limpas\/"},"wordCount":376,"publisher":{"@id":"https:\/\/www.notibras.com\/site\/#organization"},"image":{"@id":"https:\/\/www.notibras.com\/site\/projeto-piloto-sera-base-para-tentar-manter-as-quadras-limpas\/#primaryimage"},"thumbnailUrl":"https:\/\/www.notibras.com\/site\/wp-content\/uploads\/2024\/03\/6P8A5969.jpg","articleSection":["Quadradinho em Foco"],"inLanguage":"pt-BR"},{"@type":"WebPage","@id":"https:\/\/www.notibras.com\/site\/projeto-piloto-sera-base-para-tentar-manter-as-quadras-limpas\/","url":"https:\/\/www.notibras.com\/site\/projeto-piloto-sera-base-para-tentar-manter-as-quadras-limpas\/","name":"Projeto-piloto ser\u00e1 base para tentar manter as quadras limpas - Notibras","isPartOf":{"@id":"https:\/\/www.notibras.com\/site\/#website"},"primaryImageOfPage":{"@id":"https:\/\/www.notibras.com\/site\/projeto-piloto-sera-base-para-tentar-manter-as-quadras-limpas\/#primaryimage"},"image":{"@id":"https:\/\/www.notibras.com\/site\/projeto-piloto-sera-base-para-tentar-manter-as-quadras-limpas\/#primaryimage"},"thumbnailUrl":"https:\/\/www.notibras.com\/site\/wp-content\/uploads\/2024\/03\/6P8A5969.jpg","datePublished":"2024-03-20T03:00:29+00:00","dateModified":"2024-03-20T10:56:34+00:00","breadcrumb":{"@id":"https:\/\/www.notibras.com\/site\/projeto-piloto-sera-base-para-tentar-manter-as-quadras-limpas\/#breadcrumb"},"inLanguage":"pt-BR","potentialAction":[{"@type":"ReadAction","target":["https:\/\/www.notibras.com\/site\/projeto-piloto-sera-base-para-tentar-manter-as-quadras-limpas\/"]}]},{"@type":"ImageObject","inLanguage":"pt-BR","@id":"https:\/\/www.notibras.com\/site\/projeto-piloto-sera-base-para-tentar-manter-as-quadras-limpas\/#primaryimage","url":"https:\/\/www.notibras.com\/site\/wp-content\/uploads\/2024\/03\/6P8A5969.jpg","contentUrl":"https:\/\/www.notibras.com\/site\/wp-content\/uploads\/2024\/03\/6P8A5969.jpg","width":1418,"height":945},{"@type":"BreadcrumbList","@id":"https:\/\/www.notibras.com\/site\/projeto-piloto-sera-base-para-tentar-manter-as-quadras-limpas\/#breadcrumb","itemListElement":[{"@type":"ListItem","position":1,"name":"In\u00edcio","item":"https:\/\/www.notibras.com\/site\/"},{"@type":"ListItem","position":2,"name":"Projeto-piloto ser\u00e1 base para tentar manter as quadras limpas"}]},{"@type":"WebSite","@id":"https:\/\/www.notibras.com\/site\/#website","url":"https:\/\/www.notibras.com\/site\/","name":"Notibras","description":"Not\u00edcias de Bras\u00edlia, do Brasil e do Mundo","publisher":{"@id":"https:\/\/www.notibras.com\/site\/#organization"},"potentialAction":[{"@type":"SearchAction","target":{"@type":"EntryPoint","urlTemplate":"https:\/\/www.notibras.com\/site\/?s={search_term_string}"},"query-input":{"@type":"PropertyValueSpecification","valueRequired":true,"valueName":"search_term_string"}}],"inLanguage":"pt-BR"},{"@type":"Organization","@id":"https:\/\/www.notibras.com\/site\/#organization","name":"Grupo Notibras de Comunica\u00e7\u00e3o","url":"https:\/\/www.notibras.com\/site\/","logo":{"@type":"ImageObject","inLanguage":"pt-BR","@id":"https:\/\/www.notibras.com\/site\/#\/schema\/logo\/image\/","url":"https:\/\/www.notibras.com\/site\/wp-content\/uploads\/2023\/01\/notibras23.png","contentUrl":"https:\/\/www.notibras.com\/site\/wp-content\/uploads\/2023\/01\/notibras23.png","width":350,"height":87,"caption":"Grupo Notibras de Comunica\u00e7\u00e3o"},"image":{"@id":"https:\/\/www.notibras.com\/site\/#\/schema\/logo\/image\/"},"sameAs":["https:\/\/www.facebook.com\/notibras\/","https:\/\/x.com\/Notibras","https:\/\/www.instagram.com\/notibras\/"]},{"@type":"Person","@id":"https:\/\/www.notibras.com\/site\/#\/schema\/person\/36ab0979449956132d3e5b517ea76ac8","name":"Reda\u00e7\u00e3o","image":{"@type":"ImageObject","inLanguage":"pt-BR","@id":"https:\/\/secure.gravatar.com\/avatar\/e0a867bdedb85fd243eadf09663511f96fc81e0720a4a42581f334ad4303aa6b?s=96&d=mm&r=g","url":"https:\/\/secure.gravatar.com\/avatar\/e0a867bdedb85fd243eadf09663511f96fc81e0720a4a42581f334ad4303aa6b?s=96&d=mm&r=g","contentUrl":"https:\/\/secure.gravatar.com\/avatar\/e0a867bdedb85fd243eadf09663511f96fc81e0720a4a42581f334ad4303aa6b?s=96&d=mm&r=g","caption":"Reda\u00e7\u00e3o"}}]}},"amp_enabled":true,"_links":{"self":[{"href":"https:\/\/www.notibras.com\/site\/wp-json\/wp\/v2\/posts\/325074","targetHints":{"allow":["GET"]}}],"collection":[{"href":"https:\/\/www.notibras.com\/site\/wp-json\/wp\/v2\/posts"}],"about":[{"href":"https:\/\/www.notibras.com\/site\/wp-json\/wp\/v2\/types\/post"}],"author":[{"embeddable":true,"href":"https:\/\/www.notibras.com\/site\/wp-json\/wp\/v2\/users\/2"}],"replies":[{"embeddable":true,"href":"https:\/\/www.notibras.com\/site\/wp-json\/wp\/v2\/comments?post=325074"}],"version-history":[{"count":1,"href":"https:\/\/www.notibras.com\/site\/wp-json\/wp\/v2\/posts\/325074\/revisions"}],"predecessor-version":[{"id":325076,"href":"https:\/\/www.notibras.com\/site\/wp-json\/wp\/v2\/posts\/325074\/revisions\/325076"}],"wp:featuredmedia":[{"embeddable":true,"href":"https:\/\/www.notibras.com\/site\/wp-json\/wp\/v2\/media\/325075"}],"wp:attachment":[{"href":"https:\/\/www.notibras.com\/site\/wp-json\/wp\/v2\/media?parent=325074"}],"wp:term":[{"taxonomy":"category","embeddable":true,"href":"https:\/\/www.notibras.com\/site\/wp-json\/wp\/v2\/categories?post=325074"},{"taxonomy":"post_tag","embeddable":true,"href":"https:\/\/www.notibras.com\/site\/wp-json\/wp\/v2\/tags?post=325074"}],"curies":[{"name":"wp","href":"https:\/\/api.w.org\/{rel}","templated":true}]}}