{"id":325077,"date":"2024-03-20T00:01:52","date_gmt":"2024-03-20T03:01:52","guid":{"rendered":"https:\/\/www.notibras.com\/site\/?p=325077"},"modified":"2024-03-20T08:03:57","modified_gmt":"2024-03-20T11:03:57","slug":"pecas-feitas-com-fibra-de-bananeira-geram-renda-para-artesas","status":"publish","type":"post","link":"https:\/\/www.notibras.com\/site\/pecas-feitas-com-fibra-de-bananeira-geram-renda-para-artesas\/","title":{"rendered":"Pe\u00e7as feitas com fibra de bananeira geram renda para artes\u00e3s"},"content":{"rendered":"<p>\u00c9 do tronco de uma bananeira que vem parte do sustento de 12 mulheres que integram o Grupo de Artesanato do Assentamento Pequeno William, em Planaltina. Com a fibra da \u00e1rvore, elas criam uma variedade de pe\u00e7as, como cestos, caixinhas e bandejas, que, ao serem comercializadas sob encomenda e em feiras, complementam a renda das fam\u00edlias.<\/p>\n<p>Essa tradi\u00e7\u00e3o existe desde 2011, quando a comunidade ainda passava pelo processo de consolida\u00e7\u00e3o agropecu\u00e1ria. Sem poder plantar nos terrenos, as mulheres foram orientadas por extensionistas da Empresa de Assist\u00eancia T\u00e9cnica e Extens\u00e3o Rural do Distrito Federal (Emater-DF) a apostar no artesanato. Na \u00e9poca, cinco delas foram capacitadas em um curso promovido pelo \u00f3rg\u00e3o sobre fibras naturais. O quinteto serviu de multiplicador do conhecimento e, hoje, todas as mulheres da comunidade conhecem a t\u00e9cnica.<\/p>\n<p>\u201cEsse foi o carro-chefe para dar autossustenta\u00e7\u00e3o para a gente. Acabou sendo uma forma de produ\u00e7\u00e3o das fam\u00edlias\u201d, lembra a produtora e artes\u00e3 Adriana Fernandes, 55 anos. Foi com o dinheiro arrecadado com as pe\u00e7as de fibra de bananeira que Maria Nide, 53, montou toda a sua casa e comprou o primeiro celular. \u201cFui juntando o dinheiro aos poucos com as encomendas que fazemos\u201d, comenta.<\/p>\n<p>Mais do que dar independ\u00eancia financeira, o artesanato \u00e9 tamb\u00e9m terapia para as mulheres, propiciando um retorno \u00e0 natureza. \u201cA bananeira \u00e9 muito rica, porque ela te d\u00e1 tudo, te d\u00e1 vida. Voc\u00ea pensa que depois do fruto, acabou, mas n\u00e3o, ela te d\u00e1 renda, agrega e ainda devolve para a natureza. Temos muitos relatos de mulheres que eram depressivas e esse trabalho veio mudar a vida delas\u201d, revela a extensionista rural da Emater-DF, Sedma Queiroz.<\/p>\n<p>Para a tamb\u00e9m produtora e artes\u00e3 Valdira Sena, 39, a fibra da bananeira transformou a realidade das mulheres do assentamento: \u201cFoi muito bom. At\u00e9 hoje agradecemos a Emater. Sem eles, n\u00e3o ter\u00edamos feito nada. Eles nos ajudaram em tudo. \u00c9 uma atividade que nos proporciona sair de casa para participar de feiras, viajar e conhecer outras pessoas, al\u00e9m de nos sustentar\u201d.<\/p>\n<p><strong>Capacita\u00e7\u00e3o<\/strong><br \/>\nGratas pelo o que a fibra de bananeira proporciona a elas, as mulheres do Grupo de Artesanato do Assentamento Pequeno William atuam desde 2020 fazendo capacita\u00e7\u00f5es para outras artes\u00e3s.<\/p>\n<p>O projeto tem fomento da Secretaria de Cultura e Economia Criativa (Secec) por meio do edital Multicultural do Fundo de Apoio \u00e0 Cultura (FAC). At\u00e9 agora, elas j\u00e1 desenvolveram duas edi\u00e7\u00f5es e lan\u00e7am em abril uma terceira, prevista para ocorrer no Coletivo Comuna Panteras Negras, no Assentamento Pequeno William.<\/p>\n<p>Al\u00e9m disso, o grupo pretende nos pr\u00f3ximos anos profissionalizar ainda mais o trabalho. \u201cA nossa ideia \u00e9 viver bem da nossa profiss\u00e3o de artes\u00e3. Queremos ter uma organiza\u00e7\u00e3o, poder tirar nossa subsist\u00eancia do artesanato\u201d, comenta Adriana Fernandes. O objetivo \u00e9 reproduzir no Distrito Federal o exemplo da cadeia produtiva do Cear\u00e1.<\/p>\n<p>Segundo a extensionista rural da Emater Sandra Evangelista, esse ainda \u00e9 o maior desafio. \u201cO que falta ainda \u00e9 a capacita\u00e7\u00e3o, principalmente, na \u00e1rea de qualifica\u00e7\u00e3o dos produtos, da decora\u00e7\u00e3o e do acabamento. Mas a Emater continua incentivando e apoiando os projetos delas, tanto para trazer instrutor como para apoiar a comercializa\u00e7\u00e3o, vendendo os produtos. O Pequeno William se destacou, mas tamb\u00e9m temos grupos no Rio Preto e no Parano\u00e1\u201d, explica.<\/p>\n<p>Para conhecer mais sobre o trabalho das artes\u00e3s, basta entrar em contato pelo WhatsApp (61) 99992-6201.<\/p>\n","protected":false},"excerpt":{"rendered":"<p>\u00c9 do tronco de uma bananeira que vem parte do sustento de 12 mulheres que integram o Grupo de Artesanato do Assentamento Pequeno William, em Planaltina. Com a fibra da \u00e1rvore, elas criam uma variedade de pe\u00e7as, como cestos, caixinhas e bandejas, que, ao serem comercializadas sob encomenda e em feiras, complementam a renda das [&hellip;]<\/p>\n","protected":false},"author":2,"featured_media":325078,"comment_status":"closed","ping_status":"closed","sticky":false,"template":"","format":"standard","meta":{"_acf_changed":false,"footnotes":""},"categories":[161],"tags":[],"class_list":["post-325077","post","type-post","status-publish","format-standard","has-post-thumbnail","hentry","category-quadradinho-em-foco"],"acf":[],"yoast_head":"<!-- This site is optimized with the Yoast SEO plugin v27.2 - https:\/\/yoast.com\/product\/yoast-seo-wordpress\/ -->\n<title>Pe\u00e7as feitas com fibra de bananeira geram renda para artes\u00e3s - Notibras<\/title>\n<meta name=\"robots\" content=\"index, follow, max-snippet:-1, max-image-preview:large, max-video-preview:-1\" \/>\n<link rel=\"canonical\" href=\"https:\/\/www.notibras.com\/site\/pecas-feitas-com-fibra-de-bananeira-geram-renda-para-artesas\/\" \/>\n<meta property=\"og:locale\" content=\"pt_BR\" \/>\n<meta property=\"og:type\" content=\"article\" \/>\n<meta property=\"og:title\" content=\"Pe\u00e7as feitas com fibra de bananeira geram renda para artes\u00e3s - Notibras\" \/>\n<meta property=\"og:description\" content=\"\u00c9 do tronco de uma bananeira que vem parte do sustento de 12 mulheres que integram o Grupo de Artesanato do Assentamento Pequeno William, em Planaltina. Com a fibra da \u00e1rvore, elas criam uma variedade de pe\u00e7as, como cestos, caixinhas e bandejas, que, ao serem comercializadas sob encomenda e em feiras, complementam a renda das [&hellip;]\" \/>\n<meta property=\"og:url\" content=\"https:\/\/www.notibras.com\/site\/pecas-feitas-com-fibra-de-bananeira-geram-renda-para-artesas\/\" \/>\n<meta property=\"og:site_name\" content=\"Notibras\" \/>\n<meta property=\"article:publisher\" content=\"https:\/\/www.facebook.com\/notibras\/\" \/>\n<meta property=\"article:published_time\" content=\"2024-03-20T03:01:52+00:00\" \/>\n<meta property=\"article:modified_time\" content=\"2024-03-20T11:03:57+00:00\" \/>\n<meta property=\"og:image\" content=\"https:\/\/www.notibras.com\/site\/wp-content\/uploads\/2024\/03\/53598677399_0db6a173bc_c.jpg\" \/>\n\t<meta property=\"og:image:width\" content=\"799\" \/>\n\t<meta property=\"og:image:height\" content=\"533\" \/>\n\t<meta property=\"og:image:type\" content=\"image\/jpeg\" \/>\n<meta name=\"author\" content=\"Reda\u00e7\u00e3o\" \/>\n<meta name=\"twitter:card\" content=\"summary_large_image\" \/>\n<meta name=\"twitter:creator\" content=\"@Notibras\" \/>\n<meta name=\"twitter:site\" content=\"@Notibras\" \/>\n<meta name=\"twitter:label1\" content=\"Escrito por\" \/>\n\t<meta name=\"twitter:data1\" content=\"Reda\u00e7\u00e3o\" \/>\n\t<meta name=\"twitter:label2\" content=\"Est. tempo de leitura\" \/>\n\t<meta name=\"twitter:data2\" content=\"4 minutos\" \/>\n<script type=\"application\/ld+json\" class=\"yoast-schema-graph\">{\"@context\":\"https:\/\/schema.org\",\"@graph\":[{\"@type\":\"Article\",\"@id\":\"https:\/\/www.notibras.com\/site\/pecas-feitas-com-fibra-de-bananeira-geram-renda-para-artesas\/#article\",\"isPartOf\":{\"@id\":\"https:\/\/www.notibras.com\/site\/pecas-feitas-com-fibra-de-bananeira-geram-renda-para-artesas\/\"},\"author\":{\"name\":\"Reda\u00e7\u00e3o\",\"@id\":\"https:\/\/www.notibras.com\/site\/#\/schema\/person\/36ab0979449956132d3e5b517ea76ac8\"},\"headline\":\"Pe\u00e7as feitas com fibra de bananeira geram renda para artes\u00e3s\",\"datePublished\":\"2024-03-20T03:01:52+00:00\",\"dateModified\":\"2024-03-20T11:03:57+00:00\",\"mainEntityOfPage\":{\"@id\":\"https:\/\/www.notibras.com\/site\/pecas-feitas-com-fibra-de-bananeira-geram-renda-para-artesas\/\"},\"wordCount\":581,\"publisher\":{\"@id\":\"https:\/\/www.notibras.com\/site\/#organization\"},\"image\":{\"@id\":\"https:\/\/www.notibras.com\/site\/pecas-feitas-com-fibra-de-bananeira-geram-renda-para-artesas\/#primaryimage\"},\"thumbnailUrl\":\"https:\/\/www.notibras.com\/site\/wp-content\/uploads\/2024\/03\/53598677399_0db6a173bc_c.jpg\",\"articleSection\":[\"Quadradinho em Foco\"],\"inLanguage\":\"pt-BR\"},{\"@type\":\"WebPage\",\"@id\":\"https:\/\/www.notibras.com\/site\/pecas-feitas-com-fibra-de-bananeira-geram-renda-para-artesas\/\",\"url\":\"https:\/\/www.notibras.com\/site\/pecas-feitas-com-fibra-de-bananeira-geram-renda-para-artesas\/\",\"name\":\"Pe\u00e7as feitas com fibra de bananeira geram renda para artes\u00e3s - Notibras\",\"isPartOf\":{\"@id\":\"https:\/\/www.notibras.com\/site\/#website\"},\"primaryImageOfPage\":{\"@id\":\"https:\/\/www.notibras.com\/site\/pecas-feitas-com-fibra-de-bananeira-geram-renda-para-artesas\/#primaryimage\"},\"image\":{\"@id\":\"https:\/\/www.notibras.com\/site\/pecas-feitas-com-fibra-de-bananeira-geram-renda-para-artesas\/#primaryimage\"},\"thumbnailUrl\":\"https:\/\/www.notibras.com\/site\/wp-content\/uploads\/2024\/03\/53598677399_0db6a173bc_c.jpg\",\"datePublished\":\"2024-03-20T03:01:52+00:00\",\"dateModified\":\"2024-03-20T11:03:57+00:00\",\"breadcrumb\":{\"@id\":\"https:\/\/www.notibras.com\/site\/pecas-feitas-com-fibra-de-bananeira-geram-renda-para-artesas\/#breadcrumb\"},\"inLanguage\":\"pt-BR\",\"potentialAction\":[{\"@type\":\"ReadAction\",\"target\":[\"https:\/\/www.notibras.com\/site\/pecas-feitas-com-fibra-de-bananeira-geram-renda-para-artesas\/\"]}]},{\"@type\":\"ImageObject\",\"inLanguage\":\"pt-BR\",\"@id\":\"https:\/\/www.notibras.com\/site\/pecas-feitas-com-fibra-de-bananeira-geram-renda-para-artesas\/#primaryimage\",\"url\":\"https:\/\/www.notibras.com\/site\/wp-content\/uploads\/2024\/03\/53598677399_0db6a173bc_c.jpg\",\"contentUrl\":\"https:\/\/www.notibras.com\/site\/wp-content\/uploads\/2024\/03\/53598677399_0db6a173bc_c.jpg\",\"width\":799,\"height\":533},{\"@type\":\"BreadcrumbList\",\"@id\":\"https:\/\/www.notibras.com\/site\/pecas-feitas-com-fibra-de-bananeira-geram-renda-para-artesas\/#breadcrumb\",\"itemListElement\":[{\"@type\":\"ListItem\",\"position\":1,\"name\":\"In\u00edcio\",\"item\":\"https:\/\/www.notibras.com\/site\/\"},{\"@type\":\"ListItem\",\"position\":2,\"name\":\"Pe\u00e7as feitas com fibra de bananeira geram renda para artes\u00e3s\"}]},{\"@type\":\"WebSite\",\"@id\":\"https:\/\/www.notibras.com\/site\/#website\",\"url\":\"https:\/\/www.notibras.com\/site\/\",\"name\":\"Notibras\",\"description\":\"Not\u00edcias de Bras\u00edlia, do Brasil e do Mundo\",\"publisher\":{\"@id\":\"https:\/\/www.notibras.com\/site\/#organization\"},\"potentialAction\":[{\"@type\":\"SearchAction\",\"target\":{\"@type\":\"EntryPoint\",\"urlTemplate\":\"https:\/\/www.notibras.com\/site\/?s={search_term_string}\"},\"query-input\":{\"@type\":\"PropertyValueSpecification\",\"valueRequired\":true,\"valueName\":\"search_term_string\"}}],\"inLanguage\":\"pt-BR\"},{\"@type\":\"Organization\",\"@id\":\"https:\/\/www.notibras.com\/site\/#organization\",\"name\":\"Grupo Notibras de Comunica\u00e7\u00e3o\",\"url\":\"https:\/\/www.notibras.com\/site\/\",\"logo\":{\"@type\":\"ImageObject\",\"inLanguage\":\"pt-BR\",\"@id\":\"https:\/\/www.notibras.com\/site\/#\/schema\/logo\/image\/\",\"url\":\"https:\/\/www.notibras.com\/site\/wp-content\/uploads\/2023\/01\/notibras23.png\",\"contentUrl\":\"https:\/\/www.notibras.com\/site\/wp-content\/uploads\/2023\/01\/notibras23.png\",\"width\":350,\"height\":87,\"caption\":\"Grupo Notibras de Comunica\u00e7\u00e3o\"},\"image\":{\"@id\":\"https:\/\/www.notibras.com\/site\/#\/schema\/logo\/image\/\"},\"sameAs\":[\"https:\/\/www.facebook.com\/notibras\/\",\"https:\/\/x.com\/Notibras\",\"https:\/\/www.instagram.com\/notibras\/\"]},{\"@type\":\"Person\",\"@id\":\"https:\/\/www.notibras.com\/site\/#\/schema\/person\/36ab0979449956132d3e5b517ea76ac8\",\"name\":\"Reda\u00e7\u00e3o\",\"image\":{\"@type\":\"ImageObject\",\"inLanguage\":\"pt-BR\",\"@id\":\"https:\/\/secure.gravatar.com\/avatar\/e0a867bdedb85fd243eadf09663511f96fc81e0720a4a42581f334ad4303aa6b?s=96&d=mm&r=g\",\"url\":\"https:\/\/secure.gravatar.com\/avatar\/e0a867bdedb85fd243eadf09663511f96fc81e0720a4a42581f334ad4303aa6b?s=96&d=mm&r=g\",\"contentUrl\":\"https:\/\/secure.gravatar.com\/avatar\/e0a867bdedb85fd243eadf09663511f96fc81e0720a4a42581f334ad4303aa6b?s=96&d=mm&r=g\",\"caption\":\"Reda\u00e7\u00e3o\"}}]}<\/script>\n<!-- \/ Yoast SEO plugin. -->","yoast_head_json":{"title":"Pe\u00e7as feitas com fibra de bananeira geram renda para artes\u00e3s - Notibras","robots":{"index":"index","follow":"follow","max-snippet":"max-snippet:-1","max-image-preview":"max-image-preview:large","max-video-preview":"max-video-preview:-1"},"canonical":"https:\/\/www.notibras.com\/site\/pecas-feitas-com-fibra-de-bananeira-geram-renda-para-artesas\/","og_locale":"pt_BR","og_type":"article","og_title":"Pe\u00e7as feitas com fibra de bananeira geram renda para artes\u00e3s - Notibras","og_description":"\u00c9 do tronco de uma bananeira que vem parte do sustento de 12 mulheres que integram o Grupo de Artesanato do Assentamento Pequeno William, em Planaltina. Com a fibra da \u00e1rvore, elas criam uma variedade de pe\u00e7as, como cestos, caixinhas e bandejas, que, ao serem comercializadas sob encomenda e em feiras, complementam a renda das [&hellip;]","og_url":"https:\/\/www.notibras.com\/site\/pecas-feitas-com-fibra-de-bananeira-geram-renda-para-artesas\/","og_site_name":"Notibras","article_publisher":"https:\/\/www.facebook.com\/notibras\/","article_published_time":"2024-03-20T03:01:52+00:00","article_modified_time":"2024-03-20T11:03:57+00:00","og_image":[{"width":799,"height":533,"url":"https:\/\/www.notibras.com\/site\/wp-content\/uploads\/2024\/03\/53598677399_0db6a173bc_c.jpg","type":"image\/jpeg"}],"author":"Reda\u00e7\u00e3o","twitter_card":"summary_large_image","twitter_creator":"@Notibras","twitter_site":"@Notibras","twitter_misc":{"Escrito por":"Reda\u00e7\u00e3o","Est. tempo de leitura":"4 minutos"},"schema":{"@context":"https:\/\/schema.org","@graph":[{"@type":"Article","@id":"https:\/\/www.notibras.com\/site\/pecas-feitas-com-fibra-de-bananeira-geram-renda-para-artesas\/#article","isPartOf":{"@id":"https:\/\/www.notibras.com\/site\/pecas-feitas-com-fibra-de-bananeira-geram-renda-para-artesas\/"},"author":{"name":"Reda\u00e7\u00e3o","@id":"https:\/\/www.notibras.com\/site\/#\/schema\/person\/36ab0979449956132d3e5b517ea76ac8"},"headline":"Pe\u00e7as feitas com fibra de bananeira geram renda para artes\u00e3s","datePublished":"2024-03-20T03:01:52+00:00","dateModified":"2024-03-20T11:03:57+00:00","mainEntityOfPage":{"@id":"https:\/\/www.notibras.com\/site\/pecas-feitas-com-fibra-de-bananeira-geram-renda-para-artesas\/"},"wordCount":581,"publisher":{"@id":"https:\/\/www.notibras.com\/site\/#organization"},"image":{"@id":"https:\/\/www.notibras.com\/site\/pecas-feitas-com-fibra-de-bananeira-geram-renda-para-artesas\/#primaryimage"},"thumbnailUrl":"https:\/\/www.notibras.com\/site\/wp-content\/uploads\/2024\/03\/53598677399_0db6a173bc_c.jpg","articleSection":["Quadradinho em Foco"],"inLanguage":"pt-BR"},{"@type":"WebPage","@id":"https:\/\/www.notibras.com\/site\/pecas-feitas-com-fibra-de-bananeira-geram-renda-para-artesas\/","url":"https:\/\/www.notibras.com\/site\/pecas-feitas-com-fibra-de-bananeira-geram-renda-para-artesas\/","name":"Pe\u00e7as feitas com fibra de bananeira geram renda para artes\u00e3s - Notibras","isPartOf":{"@id":"https:\/\/www.notibras.com\/site\/#website"},"primaryImageOfPage":{"@id":"https:\/\/www.notibras.com\/site\/pecas-feitas-com-fibra-de-bananeira-geram-renda-para-artesas\/#primaryimage"},"image":{"@id":"https:\/\/www.notibras.com\/site\/pecas-feitas-com-fibra-de-bananeira-geram-renda-para-artesas\/#primaryimage"},"thumbnailUrl":"https:\/\/www.notibras.com\/site\/wp-content\/uploads\/2024\/03\/53598677399_0db6a173bc_c.jpg","datePublished":"2024-03-20T03:01:52+00:00","dateModified":"2024-03-20T11:03:57+00:00","breadcrumb":{"@id":"https:\/\/www.notibras.com\/site\/pecas-feitas-com-fibra-de-bananeira-geram-renda-para-artesas\/#breadcrumb"},"inLanguage":"pt-BR","potentialAction":[{"@type":"ReadAction","target":["https:\/\/www.notibras.com\/site\/pecas-feitas-com-fibra-de-bananeira-geram-renda-para-artesas\/"]}]},{"@type":"ImageObject","inLanguage":"pt-BR","@id":"https:\/\/www.notibras.com\/site\/pecas-feitas-com-fibra-de-bananeira-geram-renda-para-artesas\/#primaryimage","url":"https:\/\/www.notibras.com\/site\/wp-content\/uploads\/2024\/03\/53598677399_0db6a173bc_c.jpg","contentUrl":"https:\/\/www.notibras.com\/site\/wp-content\/uploads\/2024\/03\/53598677399_0db6a173bc_c.jpg","width":799,"height":533},{"@type":"BreadcrumbList","@id":"https:\/\/www.notibras.com\/site\/pecas-feitas-com-fibra-de-bananeira-geram-renda-para-artesas\/#breadcrumb","itemListElement":[{"@type":"ListItem","position":1,"name":"In\u00edcio","item":"https:\/\/www.notibras.com\/site\/"},{"@type":"ListItem","position":2,"name":"Pe\u00e7as feitas com fibra de bananeira geram renda para artes\u00e3s"}]},{"@type":"WebSite","@id":"https:\/\/www.notibras.com\/site\/#website","url":"https:\/\/www.notibras.com\/site\/","name":"Notibras","description":"Not\u00edcias de Bras\u00edlia, do Brasil e do Mundo","publisher":{"@id":"https:\/\/www.notibras.com\/site\/#organization"},"potentialAction":[{"@type":"SearchAction","target":{"@type":"EntryPoint","urlTemplate":"https:\/\/www.notibras.com\/site\/?s={search_term_string}"},"query-input":{"@type":"PropertyValueSpecification","valueRequired":true,"valueName":"search_term_string"}}],"inLanguage":"pt-BR"},{"@type":"Organization","@id":"https:\/\/www.notibras.com\/site\/#organization","name":"Grupo Notibras de Comunica\u00e7\u00e3o","url":"https:\/\/www.notibras.com\/site\/","logo":{"@type":"ImageObject","inLanguage":"pt-BR","@id":"https:\/\/www.notibras.com\/site\/#\/schema\/logo\/image\/","url":"https:\/\/www.notibras.com\/site\/wp-content\/uploads\/2023\/01\/notibras23.png","contentUrl":"https:\/\/www.notibras.com\/site\/wp-content\/uploads\/2023\/01\/notibras23.png","width":350,"height":87,"caption":"Grupo Notibras de Comunica\u00e7\u00e3o"},"image":{"@id":"https:\/\/www.notibras.com\/site\/#\/schema\/logo\/image\/"},"sameAs":["https:\/\/www.facebook.com\/notibras\/","https:\/\/x.com\/Notibras","https:\/\/www.instagram.com\/notibras\/"]},{"@type":"Person","@id":"https:\/\/www.notibras.com\/site\/#\/schema\/person\/36ab0979449956132d3e5b517ea76ac8","name":"Reda\u00e7\u00e3o","image":{"@type":"ImageObject","inLanguage":"pt-BR","@id":"https:\/\/secure.gravatar.com\/avatar\/e0a867bdedb85fd243eadf09663511f96fc81e0720a4a42581f334ad4303aa6b?s=96&d=mm&r=g","url":"https:\/\/secure.gravatar.com\/avatar\/e0a867bdedb85fd243eadf09663511f96fc81e0720a4a42581f334ad4303aa6b?s=96&d=mm&r=g","contentUrl":"https:\/\/secure.gravatar.com\/avatar\/e0a867bdedb85fd243eadf09663511f96fc81e0720a4a42581f334ad4303aa6b?s=96&d=mm&r=g","caption":"Reda\u00e7\u00e3o"}}]}},"amp_enabled":true,"_links":{"self":[{"href":"https:\/\/www.notibras.com\/site\/wp-json\/wp\/v2\/posts\/325077","targetHints":{"allow":["GET"]}}],"collection":[{"href":"https:\/\/www.notibras.com\/site\/wp-json\/wp\/v2\/posts"}],"about":[{"href":"https:\/\/www.notibras.com\/site\/wp-json\/wp\/v2\/types\/post"}],"author":[{"embeddable":true,"href":"https:\/\/www.notibras.com\/site\/wp-json\/wp\/v2\/users\/2"}],"replies":[{"embeddable":true,"href":"https:\/\/www.notibras.com\/site\/wp-json\/wp\/v2\/comments?post=325077"}],"version-history":[{"count":1,"href":"https:\/\/www.notibras.com\/site\/wp-json\/wp\/v2\/posts\/325077\/revisions"}],"predecessor-version":[{"id":325079,"href":"https:\/\/www.notibras.com\/site\/wp-json\/wp\/v2\/posts\/325077\/revisions\/325079"}],"wp:featuredmedia":[{"embeddable":true,"href":"https:\/\/www.notibras.com\/site\/wp-json\/wp\/v2\/media\/325078"}],"wp:attachment":[{"href":"https:\/\/www.notibras.com\/site\/wp-json\/wp\/v2\/media?parent=325077"}],"wp:term":[{"taxonomy":"category","embeddable":true,"href":"https:\/\/www.notibras.com\/site\/wp-json\/wp\/v2\/categories?post=325077"},{"taxonomy":"post_tag","embeddable":true,"href":"https:\/\/www.notibras.com\/site\/wp-json\/wp\/v2\/tags?post=325077"}],"curies":[{"name":"wp","href":"https:\/\/api.w.org\/{rel}","templated":true}]}}