{"id":32508,"date":"2014-12-30T10:03:02","date_gmt":"2014-12-30T13:03:02","guid":{"rendered":"http:\/\/www.notibras.com\/site\/?p=32508"},"modified":"2014-12-30T18:47:13","modified_gmt":"2014-12-30T21:47:13","slug":"decreto-presidencial-reajusta-o-salario-minimo-de-r-724-para-r-788-em-2015","status":"publish","type":"post","link":"https:\/\/www.notibras.com\/site\/decreto-presidencial-reajusta-o-salario-minimo-de-r-724-para-r-788-em-2015\/","title":{"rendered":"Decreto presidencial reajusta o sal\u00e1rio m\u00ednimo para R$ 788"},"content":{"rendered":"<p>Foi publicado nesta ter\u00e7a-feira (30) no \u201cDi\u00e1rio Oficial da Uni\u00e3o\u201d decreto presidencial que reajusta o sal\u00e1rio m\u00ednimo para R$ 788 a partir do dia 1\u00ba de janeiro de 2015. O novo valor representa reajuste de 8,8% sobre o sal\u00e1rio m\u00ednimo atual, de R$ 724.<\/p>\n<blockquote><p>De acordo com o decreto, o valor di\u00e1rio do sal\u00e1rio m\u00ednimo corresponder\u00e1 a R$ 26,27 e o valor hor\u00e1rio, a R$ 3,58.<\/p><\/blockquote>\n<p>O valor do sal\u00e1rio m\u00ednimo \u00e9 calculado com base no percentual de crescimento do Produto Interno Bruto (PIB) do ano retrasado mais a reposi\u00e7\u00e3o da infla\u00e7\u00e3o do ano anterior pelo \u00cdndice Nacional de Pre\u00e7os ao Consumidor (INPC).<\/p>\n<p>Em agosto, quando foi apresentado o Projeto de Lei Or\u00e7ament\u00e1ria elaborado pelo governo, o sal\u00e1rio m\u00ednimo determinado era de R$ 788,06. Segundo a assessoria da ministra do Planejamento, Or\u00e7amento e Gest\u00e3o, Miriam Belchior, na ocasi\u00e3o, o impacto do aumento do sal\u00e1rio m\u00ednimo nas contas p\u00fablicas, com o pagamento de benef\u00edcios, seria de R$ 22 bilh\u00f5es em 2015.<\/p>\n","protected":false},"excerpt":{"rendered":"<p>Foi publicado nesta ter\u00e7a-feira (30) no \u201cDi\u00e1rio Oficial da Uni\u00e3o\u201d decreto presidencial que reajusta o sal\u00e1rio m\u00ednimo para R$ 788 a partir do dia 1\u00ba de janeiro de 2015. O novo valor representa reajuste de 8,8% sobre o sal\u00e1rio m\u00ednimo atual, de R$ 724. De acordo com o decreto, o valor di\u00e1rio do sal\u00e1rio m\u00ednimo [&hellip;]<\/p>\n","protected":false},"author":1,"featured_media":32509,"comment_status":"open","ping_status":"closed","sticky":false,"template":"","format":"standard","meta":{"_acf_changed":false,"footnotes":""},"categories":[16],"tags":[],"class_list":["post-32508","post","type-post","status-publish","format-standard","has-post-thumbnail","hentry","category-brasil"],"acf":[],"yoast_head":"<!-- This site is optimized with the Yoast SEO plugin v27.2 - https:\/\/yoast.com\/product\/yoast-seo-wordpress\/ -->\n<title>Decreto presidencial reajusta o sal\u00e1rio m\u00ednimo para R$ 788 - Notibras<\/title>\n<meta name=\"robots\" content=\"index, follow, max-snippet:-1, max-image-preview:large, max-video-preview:-1\" \/>\n<link rel=\"canonical\" href=\"https:\/\/www.notibras.com\/site\/decreto-presidencial-reajusta-o-salario-minimo-de-r-724-para-r-788-em-2015\/\" \/>\n<meta property=\"og:locale\" content=\"pt_BR\" \/>\n<meta property=\"og:type\" content=\"article\" \/>\n<meta property=\"og:title\" content=\"Decreto presidencial reajusta o sal\u00e1rio m\u00ednimo para R$ 788 - Notibras\" \/>\n<meta property=\"og:description\" content=\"Foi publicado nesta ter\u00e7a-feira (30) no \u201cDi\u00e1rio Oficial da Uni\u00e3o\u201d decreto presidencial que reajusta o sal\u00e1rio m\u00ednimo para R$ 788 a partir do dia 1\u00ba de janeiro de 2015. O novo valor representa reajuste de 8,8% sobre o sal\u00e1rio m\u00ednimo atual, de R$ 724. De acordo com o decreto, o valor di\u00e1rio do sal\u00e1rio m\u00ednimo [&hellip;]\" \/>\n<meta property=\"og:url\" content=\"https:\/\/www.notibras.com\/site\/decreto-presidencial-reajusta-o-salario-minimo-de-r-724-para-r-788-em-2015\/\" \/>\n<meta property=\"og:site_name\" content=\"Notibras\" \/>\n<meta property=\"article:publisher\" content=\"https:\/\/www.facebook.com\/notibras\/\" \/>\n<meta property=\"article:published_time\" content=\"2014-12-30T13:03:02+00:00\" \/>\n<meta property=\"article:modified_time\" content=\"2014-12-30T21:47:13+00:00\" \/>\n<meta property=\"og:image\" content=\"https:\/\/www.notibras.com\/site\/wp-content\/uploads\/2014\/12\/Sem-t\u00edtulo-124.jpg\" \/>\n\t<meta property=\"og:image:width\" content=\"600\" \/>\n\t<meta property=\"og:image:height\" content=\"372\" \/>\n\t<meta property=\"og:image:type\" content=\"image\/jpeg\" \/>\n<meta name=\"author\" content=\"Reda\u00e7\u00e3o\" \/>\n<meta name=\"twitter:card\" content=\"summary_large_image\" \/>\n<meta name=\"twitter:creator\" content=\"@Notibras\" \/>\n<meta name=\"twitter:site\" content=\"@Notibras\" \/>\n<meta name=\"twitter:label1\" content=\"Escrito por\" \/>\n\t<meta name=\"twitter:data1\" content=\"Reda\u00e7\u00e3o\" \/>\n\t<meta name=\"twitter:label2\" content=\"Est. tempo de leitura\" \/>\n\t<meta name=\"twitter:data2\" content=\"1 minuto\" \/>\n<script type=\"application\/ld+json\" class=\"yoast-schema-graph\">{\"@context\":\"https:\/\/schema.org\",\"@graph\":[{\"@type\":\"Article\",\"@id\":\"https:\/\/www.notibras.com\/site\/decreto-presidencial-reajusta-o-salario-minimo-de-r-724-para-r-788-em-2015\/#article\",\"isPartOf\":{\"@id\":\"https:\/\/www.notibras.com\/site\/decreto-presidencial-reajusta-o-salario-minimo-de-r-724-para-r-788-em-2015\/\"},\"author\":{\"name\":\"Reda\u00e7\u00e3o\",\"@id\":\"https:\/\/www.notibras.com\/site\/#\/schema\/person\/00b8e1aa08f9ef6563e878c5159d01cf\"},\"headline\":\"Decreto presidencial reajusta o sal\u00e1rio m\u00ednimo para R$ 788\",\"datePublished\":\"2014-12-30T13:03:02+00:00\",\"dateModified\":\"2014-12-30T21:47:13+00:00\",\"mainEntityOfPage\":{\"@id\":\"https:\/\/www.notibras.com\/site\/decreto-presidencial-reajusta-o-salario-minimo-de-r-724-para-r-788-em-2015\/\"},\"wordCount\":186,\"commentCount\":0,\"publisher\":{\"@id\":\"https:\/\/www.notibras.com\/site\/#organization\"},\"image\":{\"@id\":\"https:\/\/www.notibras.com\/site\/decreto-presidencial-reajusta-o-salario-minimo-de-r-724-para-r-788-em-2015\/#primaryimage\"},\"thumbnailUrl\":\"https:\/\/www.notibras.com\/site\/wp-content\/uploads\/2014\/12\/Sem-t\u00edtulo-124.jpg\",\"articleSection\":[\"Brasil\"],\"inLanguage\":\"pt-BR\",\"potentialAction\":[{\"@type\":\"CommentAction\",\"name\":\"Comment\",\"target\":[\"https:\/\/www.notibras.com\/site\/decreto-presidencial-reajusta-o-salario-minimo-de-r-724-para-r-788-em-2015\/#respond\"]}]},{\"@type\":\"WebPage\",\"@id\":\"https:\/\/www.notibras.com\/site\/decreto-presidencial-reajusta-o-salario-minimo-de-r-724-para-r-788-em-2015\/\",\"url\":\"https:\/\/www.notibras.com\/site\/decreto-presidencial-reajusta-o-salario-minimo-de-r-724-para-r-788-em-2015\/\",\"name\":\"Decreto presidencial reajusta o sal\u00e1rio m\u00ednimo para R$ 788 - Notibras\",\"isPartOf\":{\"@id\":\"https:\/\/www.notibras.com\/site\/#website\"},\"primaryImageOfPage\":{\"@id\":\"https:\/\/www.notibras.com\/site\/decreto-presidencial-reajusta-o-salario-minimo-de-r-724-para-r-788-em-2015\/#primaryimage\"},\"image\":{\"@id\":\"https:\/\/www.notibras.com\/site\/decreto-presidencial-reajusta-o-salario-minimo-de-r-724-para-r-788-em-2015\/#primaryimage\"},\"thumbnailUrl\":\"https:\/\/www.notibras.com\/site\/wp-content\/uploads\/2014\/12\/Sem-t\u00edtulo-124.jpg\",\"datePublished\":\"2014-12-30T13:03:02+00:00\",\"dateModified\":\"2014-12-30T21:47:13+00:00\",\"breadcrumb\":{\"@id\":\"https:\/\/www.notibras.com\/site\/decreto-presidencial-reajusta-o-salario-minimo-de-r-724-para-r-788-em-2015\/#breadcrumb\"},\"inLanguage\":\"pt-BR\",\"potentialAction\":[{\"@type\":\"ReadAction\",\"target\":[\"https:\/\/www.notibras.com\/site\/decreto-presidencial-reajusta-o-salario-minimo-de-r-724-para-r-788-em-2015\/\"]}]},{\"@type\":\"ImageObject\",\"inLanguage\":\"pt-BR\",\"@id\":\"https:\/\/www.notibras.com\/site\/decreto-presidencial-reajusta-o-salario-minimo-de-r-724-para-r-788-em-2015\/#primaryimage\",\"url\":\"https:\/\/www.notibras.com\/site\/wp-content\/uploads\/2014\/12\/Sem-t\u00edtulo-124.jpg\",\"contentUrl\":\"https:\/\/www.notibras.com\/site\/wp-content\/uploads\/2014\/12\/Sem-t\u00edtulo-124.jpg\",\"width\":600,\"height\":372},{\"@type\":\"BreadcrumbList\",\"@id\":\"https:\/\/www.notibras.com\/site\/decreto-presidencial-reajusta-o-salario-minimo-de-r-724-para-r-788-em-2015\/#breadcrumb\",\"itemListElement\":[{\"@type\":\"ListItem\",\"position\":1,\"name\":\"In\u00edcio\",\"item\":\"https:\/\/www.notibras.com\/site\/\"},{\"@type\":\"ListItem\",\"position\":2,\"name\":\"Decreto presidencial reajusta o sal\u00e1rio m\u00ednimo para R$ 788\"}]},{\"@type\":\"WebSite\",\"@id\":\"https:\/\/www.notibras.com\/site\/#website\",\"url\":\"https:\/\/www.notibras.com\/site\/\",\"name\":\"Notibras\",\"description\":\"Not\u00edcias de Bras\u00edlia, do Brasil e do Mundo\",\"publisher\":{\"@id\":\"https:\/\/www.notibras.com\/site\/#organization\"},\"potentialAction\":[{\"@type\":\"SearchAction\",\"target\":{\"@type\":\"EntryPoint\",\"urlTemplate\":\"https:\/\/www.notibras.com\/site\/?s={search_term_string}\"},\"query-input\":{\"@type\":\"PropertyValueSpecification\",\"valueRequired\":true,\"valueName\":\"search_term_string\"}}],\"inLanguage\":\"pt-BR\"},{\"@type\":\"Organization\",\"@id\":\"https:\/\/www.notibras.com\/site\/#organization\",\"name\":\"Grupo Notibras de Comunica\u00e7\u00e3o\",\"url\":\"https:\/\/www.notibras.com\/site\/\",\"logo\":{\"@type\":\"ImageObject\",\"inLanguage\":\"pt-BR\",\"@id\":\"https:\/\/www.notibras.com\/site\/#\/schema\/logo\/image\/\",\"url\":\"https:\/\/www.notibras.com\/site\/wp-content\/uploads\/2023\/01\/notibras23.png\",\"contentUrl\":\"https:\/\/www.notibras.com\/site\/wp-content\/uploads\/2023\/01\/notibras23.png\",\"width\":350,\"height\":87,\"caption\":\"Grupo Notibras de Comunica\u00e7\u00e3o\"},\"image\":{\"@id\":\"https:\/\/www.notibras.com\/site\/#\/schema\/logo\/image\/\"},\"sameAs\":[\"https:\/\/www.facebook.com\/notibras\/\",\"https:\/\/x.com\/Notibras\",\"https:\/\/www.instagram.com\/notibras\/\"]},{\"@type\":\"Person\",\"@id\":\"https:\/\/www.notibras.com\/site\/#\/schema\/person\/00b8e1aa08f9ef6563e878c5159d01cf\",\"name\":\"Reda\u00e7\u00e3o\",\"image\":{\"@type\":\"ImageObject\",\"inLanguage\":\"pt-BR\",\"@id\":\"https:\/\/secure.gravatar.com\/avatar\/ac5a707d5b47784a5ed426c6e213e201423c750890f64e4c379114dade67dfb9?s=96&d=mm&r=g\",\"url\":\"https:\/\/secure.gravatar.com\/avatar\/ac5a707d5b47784a5ed426c6e213e201423c750890f64e4c379114dade67dfb9?s=96&d=mm&r=g\",\"contentUrl\":\"https:\/\/secure.gravatar.com\/avatar\/ac5a707d5b47784a5ed426c6e213e201423c750890f64e4c379114dade67dfb9?s=96&d=mm&r=g\",\"caption\":\"Reda\u00e7\u00e3o\"}}]}<\/script>\n<!-- \/ Yoast SEO plugin. -->","yoast_head_json":{"title":"Decreto presidencial reajusta o sal\u00e1rio m\u00ednimo para R$ 788 - Notibras","robots":{"index":"index","follow":"follow","max-snippet":"max-snippet:-1","max-image-preview":"max-image-preview:large","max-video-preview":"max-video-preview:-1"},"canonical":"https:\/\/www.notibras.com\/site\/decreto-presidencial-reajusta-o-salario-minimo-de-r-724-para-r-788-em-2015\/","og_locale":"pt_BR","og_type":"article","og_title":"Decreto presidencial reajusta o sal\u00e1rio m\u00ednimo para R$ 788 - Notibras","og_description":"Foi publicado nesta ter\u00e7a-feira (30) no \u201cDi\u00e1rio Oficial da Uni\u00e3o\u201d decreto presidencial que reajusta o sal\u00e1rio m\u00ednimo para R$ 788 a partir do dia 1\u00ba de janeiro de 2015. O novo valor representa reajuste de 8,8% sobre o sal\u00e1rio m\u00ednimo atual, de R$ 724. De acordo com o decreto, o valor di\u00e1rio do sal\u00e1rio m\u00ednimo [&hellip;]","og_url":"https:\/\/www.notibras.com\/site\/decreto-presidencial-reajusta-o-salario-minimo-de-r-724-para-r-788-em-2015\/","og_site_name":"Notibras","article_publisher":"https:\/\/www.facebook.com\/notibras\/","article_published_time":"2014-12-30T13:03:02+00:00","article_modified_time":"2014-12-30T21:47:13+00:00","og_image":[{"width":600,"height":372,"url":"https:\/\/www.notibras.com\/site\/wp-content\/uploads\/2014\/12\/Sem-t\u00edtulo-124.jpg","type":"image\/jpeg"}],"author":"Reda\u00e7\u00e3o","twitter_card":"summary_large_image","twitter_creator":"@Notibras","twitter_site":"@Notibras","twitter_misc":{"Escrito por":"Reda\u00e7\u00e3o","Est. tempo de leitura":"1 minuto"},"schema":{"@context":"https:\/\/schema.org","@graph":[{"@type":"Article","@id":"https:\/\/www.notibras.com\/site\/decreto-presidencial-reajusta-o-salario-minimo-de-r-724-para-r-788-em-2015\/#article","isPartOf":{"@id":"https:\/\/www.notibras.com\/site\/decreto-presidencial-reajusta-o-salario-minimo-de-r-724-para-r-788-em-2015\/"},"author":{"name":"Reda\u00e7\u00e3o","@id":"https:\/\/www.notibras.com\/site\/#\/schema\/person\/00b8e1aa08f9ef6563e878c5159d01cf"},"headline":"Decreto presidencial reajusta o sal\u00e1rio m\u00ednimo para R$ 788","datePublished":"2014-12-30T13:03:02+00:00","dateModified":"2014-12-30T21:47:13+00:00","mainEntityOfPage":{"@id":"https:\/\/www.notibras.com\/site\/decreto-presidencial-reajusta-o-salario-minimo-de-r-724-para-r-788-em-2015\/"},"wordCount":186,"commentCount":0,"publisher":{"@id":"https:\/\/www.notibras.com\/site\/#organization"},"image":{"@id":"https:\/\/www.notibras.com\/site\/decreto-presidencial-reajusta-o-salario-minimo-de-r-724-para-r-788-em-2015\/#primaryimage"},"thumbnailUrl":"https:\/\/www.notibras.com\/site\/wp-content\/uploads\/2014\/12\/Sem-t\u00edtulo-124.jpg","articleSection":["Brasil"],"inLanguage":"pt-BR","potentialAction":[{"@type":"CommentAction","name":"Comment","target":["https:\/\/www.notibras.com\/site\/decreto-presidencial-reajusta-o-salario-minimo-de-r-724-para-r-788-em-2015\/#respond"]}]},{"@type":"WebPage","@id":"https:\/\/www.notibras.com\/site\/decreto-presidencial-reajusta-o-salario-minimo-de-r-724-para-r-788-em-2015\/","url":"https:\/\/www.notibras.com\/site\/decreto-presidencial-reajusta-o-salario-minimo-de-r-724-para-r-788-em-2015\/","name":"Decreto presidencial reajusta o sal\u00e1rio m\u00ednimo para R$ 788 - Notibras","isPartOf":{"@id":"https:\/\/www.notibras.com\/site\/#website"},"primaryImageOfPage":{"@id":"https:\/\/www.notibras.com\/site\/decreto-presidencial-reajusta-o-salario-minimo-de-r-724-para-r-788-em-2015\/#primaryimage"},"image":{"@id":"https:\/\/www.notibras.com\/site\/decreto-presidencial-reajusta-o-salario-minimo-de-r-724-para-r-788-em-2015\/#primaryimage"},"thumbnailUrl":"https:\/\/www.notibras.com\/site\/wp-content\/uploads\/2014\/12\/Sem-t\u00edtulo-124.jpg","datePublished":"2014-12-30T13:03:02+00:00","dateModified":"2014-12-30T21:47:13+00:00","breadcrumb":{"@id":"https:\/\/www.notibras.com\/site\/decreto-presidencial-reajusta-o-salario-minimo-de-r-724-para-r-788-em-2015\/#breadcrumb"},"inLanguage":"pt-BR","potentialAction":[{"@type":"ReadAction","target":["https:\/\/www.notibras.com\/site\/decreto-presidencial-reajusta-o-salario-minimo-de-r-724-para-r-788-em-2015\/"]}]},{"@type":"ImageObject","inLanguage":"pt-BR","@id":"https:\/\/www.notibras.com\/site\/decreto-presidencial-reajusta-o-salario-minimo-de-r-724-para-r-788-em-2015\/#primaryimage","url":"https:\/\/www.notibras.com\/site\/wp-content\/uploads\/2014\/12\/Sem-t\u00edtulo-124.jpg","contentUrl":"https:\/\/www.notibras.com\/site\/wp-content\/uploads\/2014\/12\/Sem-t\u00edtulo-124.jpg","width":600,"height":372},{"@type":"BreadcrumbList","@id":"https:\/\/www.notibras.com\/site\/decreto-presidencial-reajusta-o-salario-minimo-de-r-724-para-r-788-em-2015\/#breadcrumb","itemListElement":[{"@type":"ListItem","position":1,"name":"In\u00edcio","item":"https:\/\/www.notibras.com\/site\/"},{"@type":"ListItem","position":2,"name":"Decreto presidencial reajusta o sal\u00e1rio m\u00ednimo para R$ 788"}]},{"@type":"WebSite","@id":"https:\/\/www.notibras.com\/site\/#website","url":"https:\/\/www.notibras.com\/site\/","name":"Notibras","description":"Not\u00edcias de Bras\u00edlia, do Brasil e do Mundo","publisher":{"@id":"https:\/\/www.notibras.com\/site\/#organization"},"potentialAction":[{"@type":"SearchAction","target":{"@type":"EntryPoint","urlTemplate":"https:\/\/www.notibras.com\/site\/?s={search_term_string}"},"query-input":{"@type":"PropertyValueSpecification","valueRequired":true,"valueName":"search_term_string"}}],"inLanguage":"pt-BR"},{"@type":"Organization","@id":"https:\/\/www.notibras.com\/site\/#organization","name":"Grupo Notibras de Comunica\u00e7\u00e3o","url":"https:\/\/www.notibras.com\/site\/","logo":{"@type":"ImageObject","inLanguage":"pt-BR","@id":"https:\/\/www.notibras.com\/site\/#\/schema\/logo\/image\/","url":"https:\/\/www.notibras.com\/site\/wp-content\/uploads\/2023\/01\/notibras23.png","contentUrl":"https:\/\/www.notibras.com\/site\/wp-content\/uploads\/2023\/01\/notibras23.png","width":350,"height":87,"caption":"Grupo Notibras de Comunica\u00e7\u00e3o"},"image":{"@id":"https:\/\/www.notibras.com\/site\/#\/schema\/logo\/image\/"},"sameAs":["https:\/\/www.facebook.com\/notibras\/","https:\/\/x.com\/Notibras","https:\/\/www.instagram.com\/notibras\/"]},{"@type":"Person","@id":"https:\/\/www.notibras.com\/site\/#\/schema\/person\/00b8e1aa08f9ef6563e878c5159d01cf","name":"Reda\u00e7\u00e3o","image":{"@type":"ImageObject","inLanguage":"pt-BR","@id":"https:\/\/secure.gravatar.com\/avatar\/ac5a707d5b47784a5ed426c6e213e201423c750890f64e4c379114dade67dfb9?s=96&d=mm&r=g","url":"https:\/\/secure.gravatar.com\/avatar\/ac5a707d5b47784a5ed426c6e213e201423c750890f64e4c379114dade67dfb9?s=96&d=mm&r=g","contentUrl":"https:\/\/secure.gravatar.com\/avatar\/ac5a707d5b47784a5ed426c6e213e201423c750890f64e4c379114dade67dfb9?s=96&d=mm&r=g","caption":"Reda\u00e7\u00e3o"}}]}},"amp_enabled":true,"_links":{"self":[{"href":"https:\/\/www.notibras.com\/site\/wp-json\/wp\/v2\/posts\/32508","targetHints":{"allow":["GET"]}}],"collection":[{"href":"https:\/\/www.notibras.com\/site\/wp-json\/wp\/v2\/posts"}],"about":[{"href":"https:\/\/www.notibras.com\/site\/wp-json\/wp\/v2\/types\/post"}],"author":[{"embeddable":true,"href":"https:\/\/www.notibras.com\/site\/wp-json\/wp\/v2\/users\/1"}],"replies":[{"embeddable":true,"href":"https:\/\/www.notibras.com\/site\/wp-json\/wp\/v2\/comments?post=32508"}],"version-history":[{"count":0,"href":"https:\/\/www.notibras.com\/site\/wp-json\/wp\/v2\/posts\/32508\/revisions"}],"wp:featuredmedia":[{"embeddable":true,"href":"https:\/\/www.notibras.com\/site\/wp-json\/wp\/v2\/media\/32509"}],"wp:attachment":[{"href":"https:\/\/www.notibras.com\/site\/wp-json\/wp\/v2\/media?parent=32508"}],"wp:term":[{"taxonomy":"category","embeddable":true,"href":"https:\/\/www.notibras.com\/site\/wp-json\/wp\/v2\/categories?post=32508"},{"taxonomy":"post_tag","embeddable":true,"href":"https:\/\/www.notibras.com\/site\/wp-json\/wp\/v2\/tags?post=32508"}],"curies":[{"name":"wp","href":"https:\/\/api.w.org\/{rel}","templated":true}]}}