{"id":325097,"date":"2024-03-21T03:22:20","date_gmt":"2024-03-21T06:22:20","guid":{"rendered":"https:\/\/www.notibras.com\/site\/?p=325097"},"modified":"2024-03-21T03:22:20","modified_gmt":"2024-03-21T06:22:20","slug":"fantastica-pascoa-do-terraco-deixa-feriado-ainda-mais-doce","status":"publish","type":"post","link":"https:\/\/www.notibras.com\/site\/fantastica-pascoa-do-terraco-deixa-feriado-ainda-mais-doce\/","title":{"rendered":"Fant\u00e1stica P\u00e1scoa do Terra\u00e7o deixa feriado ainda mais doce"},"content":{"rendered":"<p>O feriado de P\u00e1scoa promete ser inesquec\u00edvel para os pequenos que participarem de &#8220;A Fant\u00e1stica P\u00e1scoa do Terra\u00e7o&#8221;, no dia 31 de mar\u00e7o, a partir das 13h. Uma tarde repleta de divers\u00e3o, brincadeiras e, \u00e9 claro, muitas del\u00edcias, come\u00e7ar\u00e1 com o Sr. Coelho, que far\u00e1 uma visita especial ao shopping. As crian\u00e7as ter\u00e3o a oportunidade n\u00e3o apenas de conhecer o carism\u00e1tico coelhinho, mas tamb\u00e9m de brincar e tirar fotos em um ambiente decorado especialmente para a ocasi\u00e3o, espalhando a alegria t\u00edpica da data por todo Terra\u00e7o Shopping.<\/p>\n<p>Para encantar ainda mais a crian\u00e7ada, uma atra\u00e7\u00e3o especial aguardar\u00e1 os pequenos aspirantes a confeiteiros: a deliciosa oficina interativa. Das 13h \u00e0s 17h, em frente \u00e0 loja Renner, no piso L1, as crian\u00e7as ser\u00e3o convidadas a colocar literalmente a m\u00e3o na massa. Com orienta\u00e7\u00e3o de profissionais especializados, elas ter\u00e3o a oportunidade de vivenciar a experi\u00eancia de criar sua pr\u00f3pria casquinha de chocolate, recheando-a com coberturas e confeitos \u00e0 sua escolha, tendo um momento n\u00e3o apenas de divers\u00e3o, mas tamb\u00e9m de aprendizado e criatividade. A participa\u00e7\u00e3o na oficina ser\u00e1 por ordem de chegada.<\/p>\n<p>E para encerrar a programa\u00e7\u00e3o, a Pra\u00e7a Central receber\u00e1 uma apresenta\u00e7\u00e3o teatral tem\u00e1tica, \u00e0s 15h, encenada pela Trupe Cia Starte. A pe\u00e7a \u201cA F\u00e1brica de Chocolate\u201d contar\u00e1 a hist\u00f3ria de Willy Wonka, um exc\u00eantrico dono da maior f\u00e1brica de doces do planeta, que decide realizar um concurso mundial para escolher um herdeiro para seu imp\u00e9rio. Cinco crian\u00e7as de sorte, entre elas Charlie, encontram um convite dourado em barras de chocolate Wonka e com isso ganham uma visita guiada pela lend\u00e1ria f\u00e1brica de chocolate, que n\u00e3o era visitada por ningu\u00e9m h\u00e1 15 anos. Encantado com as maravilhas da f\u00e1brica,<\/p>\n<p>Charlie e as outras crian\u00e7as ficam cada vez mais fascinadas com a visita, mas acabam descobrindo grandes segredos nessa nova aventura de suas vidas.<\/p>\n<p><strong>Servi\u00e7o:<\/strong><br \/>\nA Fant\u00e1stica P\u00e1scoa do Terra\u00e7o<br \/>\nData: Domingo \u2013 31 de mar\u00e7o<br \/>\nHor\u00e1rio: 13h \u00e0s 17h<br \/>\nEvento gratuito<\/p>\n","protected":false},"excerpt":{"rendered":"<p>O feriado de P\u00e1scoa promete ser inesquec\u00edvel para os pequenos que participarem de &#8220;A Fant\u00e1stica P\u00e1scoa do Terra\u00e7o&#8221;, no dia 31 de mar\u00e7o, a partir das 13h. Uma tarde repleta de divers\u00e3o, brincadeiras e, \u00e9 claro, muitas del\u00edcias, come\u00e7ar\u00e1 com o Sr. Coelho, que far\u00e1 uma visita especial ao shopping. As crian\u00e7as ter\u00e3o a oportunidade [&hellip;]<\/p>\n","protected":false},"author":2,"featured_media":325098,"comment_status":"closed","ping_status":"closed","sticky":false,"template":"","format":"standard","meta":{"_acf_changed":false,"footnotes":""},"categories":[161],"tags":[],"class_list":["post-325097","post","type-post","status-publish","format-standard","has-post-thumbnail","hentry","category-quadradinho-em-foco"],"acf":[],"yoast_head":"<!-- This site is optimized with the Yoast SEO plugin v27.5 - https:\/\/yoast.com\/product\/yoast-seo-wordpress\/ -->\n<title>Fant\u00e1stica P\u00e1scoa do Terra\u00e7o deixa feriado ainda mais doce - Notibras<\/title>\n<meta name=\"robots\" content=\"index, follow, max-snippet:-1, max-image-preview:large, max-video-preview:-1\" \/>\n<link rel=\"canonical\" href=\"https:\/\/www.notibras.com\/site\/fantastica-pascoa-do-terraco-deixa-feriado-ainda-mais-doce\/\" \/>\n<meta property=\"og:locale\" content=\"pt_BR\" \/>\n<meta property=\"og:type\" content=\"article\" \/>\n<meta property=\"og:title\" content=\"Fant\u00e1stica P\u00e1scoa do Terra\u00e7o deixa feriado ainda mais doce - Notibras\" \/>\n<meta property=\"og:description\" content=\"O feriado de P\u00e1scoa promete ser inesquec\u00edvel para os pequenos que participarem de &#8220;A Fant\u00e1stica P\u00e1scoa do Terra\u00e7o&#8221;, no dia 31 de mar\u00e7o, a partir das 13h. Uma tarde repleta de divers\u00e3o, brincadeiras e, \u00e9 claro, muitas del\u00edcias, come\u00e7ar\u00e1 com o Sr. Coelho, que far\u00e1 uma visita especial ao shopping. As crian\u00e7as ter\u00e3o a oportunidade [&hellip;]\" \/>\n<meta property=\"og:url\" content=\"https:\/\/www.notibras.com\/site\/fantastica-pascoa-do-terraco-deixa-feriado-ainda-mais-doce\/\" \/>\n<meta property=\"og:site_name\" content=\"Notibras\" \/>\n<meta property=\"article:publisher\" content=\"https:\/\/www.facebook.com\/notibras\/\" \/>\n<meta property=\"article:published_time\" content=\"2024-03-21T06:22:20+00:00\" \/>\n<meta property=\"og:image\" content=\"https:\/\/www.notibras.com\/site\/wp-content\/uploads\/2024\/03\/terracopascoadoce.jpg\" \/>\n\t<meta property=\"og:image:width\" content=\"1200\" \/>\n\t<meta property=\"og:image:height\" content=\"1600\" \/>\n\t<meta property=\"og:image:type\" content=\"image\/jpeg\" \/>\n<meta name=\"author\" content=\"Reda\u00e7\u00e3o\" \/>\n<meta name=\"twitter:card\" content=\"summary_large_image\" \/>\n<meta name=\"twitter:creator\" content=\"@Notibras\" \/>\n<meta name=\"twitter:site\" content=\"@Notibras\" \/>\n<meta name=\"twitter:label1\" content=\"Escrito por\" \/>\n\t<meta name=\"twitter:data1\" content=\"Reda\u00e7\u00e3o\" \/>\n\t<meta name=\"twitter:label2\" content=\"Est. tempo de leitura\" \/>\n\t<meta name=\"twitter:data2\" content=\"3 minutos\" \/>\n<script type=\"application\/ld+json\" class=\"yoast-schema-graph\">{\"@context\":\"https:\\\/\\\/schema.org\",\"@graph\":[{\"@type\":\"Article\",\"@id\":\"https:\\\/\\\/www.notibras.com\\\/site\\\/fantastica-pascoa-do-terraco-deixa-feriado-ainda-mais-doce\\\/#article\",\"isPartOf\":{\"@id\":\"https:\\\/\\\/www.notibras.com\\\/site\\\/fantastica-pascoa-do-terraco-deixa-feriado-ainda-mais-doce\\\/\"},\"author\":{\"name\":\"Reda\u00e7\u00e3o\",\"@id\":\"https:\\\/\\\/www.notibras.com\\\/site\\\/#\\\/schema\\\/person\\\/36ab0979449956132d3e5b517ea76ac8\"},\"headline\":\"Fant\u00e1stica P\u00e1scoa do Terra\u00e7o deixa feriado ainda mais doce\",\"datePublished\":\"2024-03-21T06:22:20+00:00\",\"mainEntityOfPage\":{\"@id\":\"https:\\\/\\\/www.notibras.com\\\/site\\\/fantastica-pascoa-do-terraco-deixa-feriado-ainda-mais-doce\\\/\"},\"wordCount\":377,\"publisher\":{\"@id\":\"https:\\\/\\\/www.notibras.com\\\/site\\\/#organization\"},\"image\":{\"@id\":\"https:\\\/\\\/www.notibras.com\\\/site\\\/fantastica-pascoa-do-terraco-deixa-feriado-ainda-mais-doce\\\/#primaryimage\"},\"thumbnailUrl\":\"https:\\\/\\\/www.notibras.com\\\/site\\\/wp-content\\\/uploads\\\/2024\\\/03\\\/terracopascoadoce.jpg\",\"articleSection\":[\"Quadradinho em Foco\"],\"inLanguage\":\"pt-BR\"},{\"@type\":\"WebPage\",\"@id\":\"https:\\\/\\\/www.notibras.com\\\/site\\\/fantastica-pascoa-do-terraco-deixa-feriado-ainda-mais-doce\\\/\",\"url\":\"https:\\\/\\\/www.notibras.com\\\/site\\\/fantastica-pascoa-do-terraco-deixa-feriado-ainda-mais-doce\\\/\",\"name\":\"Fant\u00e1stica P\u00e1scoa do Terra\u00e7o deixa feriado ainda mais doce - Notibras\",\"isPartOf\":{\"@id\":\"https:\\\/\\\/www.notibras.com\\\/site\\\/#website\"},\"primaryImageOfPage\":{\"@id\":\"https:\\\/\\\/www.notibras.com\\\/site\\\/fantastica-pascoa-do-terraco-deixa-feriado-ainda-mais-doce\\\/#primaryimage\"},\"image\":{\"@id\":\"https:\\\/\\\/www.notibras.com\\\/site\\\/fantastica-pascoa-do-terraco-deixa-feriado-ainda-mais-doce\\\/#primaryimage\"},\"thumbnailUrl\":\"https:\\\/\\\/www.notibras.com\\\/site\\\/wp-content\\\/uploads\\\/2024\\\/03\\\/terracopascoadoce.jpg\",\"datePublished\":\"2024-03-21T06:22:20+00:00\",\"breadcrumb\":{\"@id\":\"https:\\\/\\\/www.notibras.com\\\/site\\\/fantastica-pascoa-do-terraco-deixa-feriado-ainda-mais-doce\\\/#breadcrumb\"},\"inLanguage\":\"pt-BR\",\"potentialAction\":[{\"@type\":\"ReadAction\",\"target\":[\"https:\\\/\\\/www.notibras.com\\\/site\\\/fantastica-pascoa-do-terraco-deixa-feriado-ainda-mais-doce\\\/\"]}]},{\"@type\":\"ImageObject\",\"inLanguage\":\"pt-BR\",\"@id\":\"https:\\\/\\\/www.notibras.com\\\/site\\\/fantastica-pascoa-do-terraco-deixa-feriado-ainda-mais-doce\\\/#primaryimage\",\"url\":\"https:\\\/\\\/www.notibras.com\\\/site\\\/wp-content\\\/uploads\\\/2024\\\/03\\\/terracopascoadoce.jpg\",\"contentUrl\":\"https:\\\/\\\/www.notibras.com\\\/site\\\/wp-content\\\/uploads\\\/2024\\\/03\\\/terracopascoadoce.jpg\",\"width\":1200,\"height\":1600},{\"@type\":\"BreadcrumbList\",\"@id\":\"https:\\\/\\\/www.notibras.com\\\/site\\\/fantastica-pascoa-do-terraco-deixa-feriado-ainda-mais-doce\\\/#breadcrumb\",\"itemListElement\":[{\"@type\":\"ListItem\",\"position\":1,\"name\":\"In\u00edcio\",\"item\":\"https:\\\/\\\/www.notibras.com\\\/site\\\/\"},{\"@type\":\"ListItem\",\"position\":2,\"name\":\"Fant\u00e1stica P\u00e1scoa do Terra\u00e7o deixa feriado ainda mais doce\"}]},{\"@type\":\"WebSite\",\"@id\":\"https:\\\/\\\/www.notibras.com\\\/site\\\/#website\",\"url\":\"https:\\\/\\\/www.notibras.com\\\/site\\\/\",\"name\":\"Notibras\",\"description\":\"Not\u00edcias de Bras\u00edlia, do Brasil e do Mundo\",\"publisher\":{\"@id\":\"https:\\\/\\\/www.notibras.com\\\/site\\\/#organization\"},\"potentialAction\":[{\"@type\":\"SearchAction\",\"target\":{\"@type\":\"EntryPoint\",\"urlTemplate\":\"https:\\\/\\\/www.notibras.com\\\/site\\\/?s={search_term_string}\"},\"query-input\":{\"@type\":\"PropertyValueSpecification\",\"valueRequired\":true,\"valueName\":\"search_term_string\"}}],\"inLanguage\":\"pt-BR\"},{\"@type\":\"Organization\",\"@id\":\"https:\\\/\\\/www.notibras.com\\\/site\\\/#organization\",\"name\":\"Grupo Notibras de Comunica\u00e7\u00e3o\",\"url\":\"https:\\\/\\\/www.notibras.com\\\/site\\\/\",\"logo\":{\"@type\":\"ImageObject\",\"inLanguage\":\"pt-BR\",\"@id\":\"https:\\\/\\\/www.notibras.com\\\/site\\\/#\\\/schema\\\/logo\\\/image\\\/\",\"url\":\"https:\\\/\\\/www.notibras.com\\\/site\\\/wp-content\\\/uploads\\\/2023\\\/01\\\/notibras23.png\",\"contentUrl\":\"https:\\\/\\\/www.notibras.com\\\/site\\\/wp-content\\\/uploads\\\/2023\\\/01\\\/notibras23.png\",\"width\":350,\"height\":87,\"caption\":\"Grupo Notibras de Comunica\u00e7\u00e3o\"},\"image\":{\"@id\":\"https:\\\/\\\/www.notibras.com\\\/site\\\/#\\\/schema\\\/logo\\\/image\\\/\"},\"sameAs\":[\"https:\\\/\\\/www.facebook.com\\\/notibras\\\/\",\"https:\\\/\\\/x.com\\\/Notibras\",\"https:\\\/\\\/www.instagram.com\\\/notibras\\\/\"]},{\"@type\":\"Person\",\"@id\":\"https:\\\/\\\/www.notibras.com\\\/site\\\/#\\\/schema\\\/person\\\/36ab0979449956132d3e5b517ea76ac8\",\"name\":\"Reda\u00e7\u00e3o\",\"image\":{\"@type\":\"ImageObject\",\"inLanguage\":\"pt-BR\",\"@id\":\"https:\\\/\\\/secure.gravatar.com\\\/avatar\\\/e0a867bdedb85fd243eadf09663511f96fc81e0720a4a42581f334ad4303aa6b?s=96&d=mm&r=g\",\"url\":\"https:\\\/\\\/secure.gravatar.com\\\/avatar\\\/e0a867bdedb85fd243eadf09663511f96fc81e0720a4a42581f334ad4303aa6b?s=96&d=mm&r=g\",\"contentUrl\":\"https:\\\/\\\/secure.gravatar.com\\\/avatar\\\/e0a867bdedb85fd243eadf09663511f96fc81e0720a4a42581f334ad4303aa6b?s=96&d=mm&r=g\",\"caption\":\"Reda\u00e7\u00e3o\"}}]}<\/script>\n<!-- \/ Yoast SEO plugin. -->","yoast_head_json":{"title":"Fant\u00e1stica P\u00e1scoa do Terra\u00e7o deixa feriado ainda mais doce - Notibras","robots":{"index":"index","follow":"follow","max-snippet":"max-snippet:-1","max-image-preview":"max-image-preview:large","max-video-preview":"max-video-preview:-1"},"canonical":"https:\/\/www.notibras.com\/site\/fantastica-pascoa-do-terraco-deixa-feriado-ainda-mais-doce\/","og_locale":"pt_BR","og_type":"article","og_title":"Fant\u00e1stica P\u00e1scoa do Terra\u00e7o deixa feriado ainda mais doce - Notibras","og_description":"O feriado de P\u00e1scoa promete ser inesquec\u00edvel para os pequenos que participarem de &#8220;A Fant\u00e1stica P\u00e1scoa do Terra\u00e7o&#8221;, no dia 31 de mar\u00e7o, a partir das 13h. Uma tarde repleta de divers\u00e3o, brincadeiras e, \u00e9 claro, muitas del\u00edcias, come\u00e7ar\u00e1 com o Sr. Coelho, que far\u00e1 uma visita especial ao shopping. As crian\u00e7as ter\u00e3o a oportunidade [&hellip;]","og_url":"https:\/\/www.notibras.com\/site\/fantastica-pascoa-do-terraco-deixa-feriado-ainda-mais-doce\/","og_site_name":"Notibras","article_publisher":"https:\/\/www.facebook.com\/notibras\/","article_published_time":"2024-03-21T06:22:20+00:00","og_image":[{"width":1200,"height":1600,"url":"https:\/\/www.notibras.com\/site\/wp-content\/uploads\/2024\/03\/terracopascoadoce.jpg","type":"image\/jpeg"}],"author":"Reda\u00e7\u00e3o","twitter_card":"summary_large_image","twitter_creator":"@Notibras","twitter_site":"@Notibras","twitter_misc":{"Escrito por":"Reda\u00e7\u00e3o","Est. tempo de leitura":"3 minutos"},"schema":{"@context":"https:\/\/schema.org","@graph":[{"@type":"Article","@id":"https:\/\/www.notibras.com\/site\/fantastica-pascoa-do-terraco-deixa-feriado-ainda-mais-doce\/#article","isPartOf":{"@id":"https:\/\/www.notibras.com\/site\/fantastica-pascoa-do-terraco-deixa-feriado-ainda-mais-doce\/"},"author":{"name":"Reda\u00e7\u00e3o","@id":"https:\/\/www.notibras.com\/site\/#\/schema\/person\/36ab0979449956132d3e5b517ea76ac8"},"headline":"Fant\u00e1stica P\u00e1scoa do Terra\u00e7o deixa feriado ainda mais doce","datePublished":"2024-03-21T06:22:20+00:00","mainEntityOfPage":{"@id":"https:\/\/www.notibras.com\/site\/fantastica-pascoa-do-terraco-deixa-feriado-ainda-mais-doce\/"},"wordCount":377,"publisher":{"@id":"https:\/\/www.notibras.com\/site\/#organization"},"image":{"@id":"https:\/\/www.notibras.com\/site\/fantastica-pascoa-do-terraco-deixa-feriado-ainda-mais-doce\/#primaryimage"},"thumbnailUrl":"https:\/\/www.notibras.com\/site\/wp-content\/uploads\/2024\/03\/terracopascoadoce.jpg","articleSection":["Quadradinho em Foco"],"inLanguage":"pt-BR"},{"@type":"WebPage","@id":"https:\/\/www.notibras.com\/site\/fantastica-pascoa-do-terraco-deixa-feriado-ainda-mais-doce\/","url":"https:\/\/www.notibras.com\/site\/fantastica-pascoa-do-terraco-deixa-feriado-ainda-mais-doce\/","name":"Fant\u00e1stica P\u00e1scoa do Terra\u00e7o deixa feriado ainda mais doce - Notibras","isPartOf":{"@id":"https:\/\/www.notibras.com\/site\/#website"},"primaryImageOfPage":{"@id":"https:\/\/www.notibras.com\/site\/fantastica-pascoa-do-terraco-deixa-feriado-ainda-mais-doce\/#primaryimage"},"image":{"@id":"https:\/\/www.notibras.com\/site\/fantastica-pascoa-do-terraco-deixa-feriado-ainda-mais-doce\/#primaryimage"},"thumbnailUrl":"https:\/\/www.notibras.com\/site\/wp-content\/uploads\/2024\/03\/terracopascoadoce.jpg","datePublished":"2024-03-21T06:22:20+00:00","breadcrumb":{"@id":"https:\/\/www.notibras.com\/site\/fantastica-pascoa-do-terraco-deixa-feriado-ainda-mais-doce\/#breadcrumb"},"inLanguage":"pt-BR","potentialAction":[{"@type":"ReadAction","target":["https:\/\/www.notibras.com\/site\/fantastica-pascoa-do-terraco-deixa-feriado-ainda-mais-doce\/"]}]},{"@type":"ImageObject","inLanguage":"pt-BR","@id":"https:\/\/www.notibras.com\/site\/fantastica-pascoa-do-terraco-deixa-feriado-ainda-mais-doce\/#primaryimage","url":"https:\/\/www.notibras.com\/site\/wp-content\/uploads\/2024\/03\/terracopascoadoce.jpg","contentUrl":"https:\/\/www.notibras.com\/site\/wp-content\/uploads\/2024\/03\/terracopascoadoce.jpg","width":1200,"height":1600},{"@type":"BreadcrumbList","@id":"https:\/\/www.notibras.com\/site\/fantastica-pascoa-do-terraco-deixa-feriado-ainda-mais-doce\/#breadcrumb","itemListElement":[{"@type":"ListItem","position":1,"name":"In\u00edcio","item":"https:\/\/www.notibras.com\/site\/"},{"@type":"ListItem","position":2,"name":"Fant\u00e1stica P\u00e1scoa do Terra\u00e7o deixa feriado ainda mais doce"}]},{"@type":"WebSite","@id":"https:\/\/www.notibras.com\/site\/#website","url":"https:\/\/www.notibras.com\/site\/","name":"Notibras","description":"Not\u00edcias de Bras\u00edlia, do Brasil e do Mundo","publisher":{"@id":"https:\/\/www.notibras.com\/site\/#organization"},"potentialAction":[{"@type":"SearchAction","target":{"@type":"EntryPoint","urlTemplate":"https:\/\/www.notibras.com\/site\/?s={search_term_string}"},"query-input":{"@type":"PropertyValueSpecification","valueRequired":true,"valueName":"search_term_string"}}],"inLanguage":"pt-BR"},{"@type":"Organization","@id":"https:\/\/www.notibras.com\/site\/#organization","name":"Grupo Notibras de Comunica\u00e7\u00e3o","url":"https:\/\/www.notibras.com\/site\/","logo":{"@type":"ImageObject","inLanguage":"pt-BR","@id":"https:\/\/www.notibras.com\/site\/#\/schema\/logo\/image\/","url":"https:\/\/www.notibras.com\/site\/wp-content\/uploads\/2023\/01\/notibras23.png","contentUrl":"https:\/\/www.notibras.com\/site\/wp-content\/uploads\/2023\/01\/notibras23.png","width":350,"height":87,"caption":"Grupo Notibras de Comunica\u00e7\u00e3o"},"image":{"@id":"https:\/\/www.notibras.com\/site\/#\/schema\/logo\/image\/"},"sameAs":["https:\/\/www.facebook.com\/notibras\/","https:\/\/x.com\/Notibras","https:\/\/www.instagram.com\/notibras\/"]},{"@type":"Person","@id":"https:\/\/www.notibras.com\/site\/#\/schema\/person\/36ab0979449956132d3e5b517ea76ac8","name":"Reda\u00e7\u00e3o","image":{"@type":"ImageObject","inLanguage":"pt-BR","@id":"https:\/\/secure.gravatar.com\/avatar\/e0a867bdedb85fd243eadf09663511f96fc81e0720a4a42581f334ad4303aa6b?s=96&d=mm&r=g","url":"https:\/\/secure.gravatar.com\/avatar\/e0a867bdedb85fd243eadf09663511f96fc81e0720a4a42581f334ad4303aa6b?s=96&d=mm&r=g","contentUrl":"https:\/\/secure.gravatar.com\/avatar\/e0a867bdedb85fd243eadf09663511f96fc81e0720a4a42581f334ad4303aa6b?s=96&d=mm&r=g","caption":"Reda\u00e7\u00e3o"}}]}},"amp_enabled":true,"_links":{"self":[{"href":"https:\/\/www.notibras.com\/site\/wp-json\/wp\/v2\/posts\/325097","targetHints":{"allow":["GET"]}}],"collection":[{"href":"https:\/\/www.notibras.com\/site\/wp-json\/wp\/v2\/posts"}],"about":[{"href":"https:\/\/www.notibras.com\/site\/wp-json\/wp\/v2\/types\/post"}],"author":[{"embeddable":true,"href":"https:\/\/www.notibras.com\/site\/wp-json\/wp\/v2\/users\/2"}],"replies":[{"embeddable":true,"href":"https:\/\/www.notibras.com\/site\/wp-json\/wp\/v2\/comments?post=325097"}],"version-history":[{"count":1,"href":"https:\/\/www.notibras.com\/site\/wp-json\/wp\/v2\/posts\/325097\/revisions"}],"predecessor-version":[{"id":325099,"href":"https:\/\/www.notibras.com\/site\/wp-json\/wp\/v2\/posts\/325097\/revisions\/325099"}],"wp:featuredmedia":[{"embeddable":true,"href":"https:\/\/www.notibras.com\/site\/wp-json\/wp\/v2\/media\/325098"}],"wp:attachment":[{"href":"https:\/\/www.notibras.com\/site\/wp-json\/wp\/v2\/media?parent=325097"}],"wp:term":[{"taxonomy":"category","embeddable":true,"href":"https:\/\/www.notibras.com\/site\/wp-json\/wp\/v2\/categories?post=325097"},{"taxonomy":"post_tag","embeddable":true,"href":"https:\/\/www.notibras.com\/site\/wp-json\/wp\/v2\/tags?post=325097"}],"curies":[{"name":"wp","href":"https:\/\/api.w.org\/{rel}","templated":true}]}}