{"id":325111,"date":"2024-03-21T04:21:06","date_gmt":"2024-03-21T07:21:06","guid":{"rendered":"https:\/\/www.notibras.com\/site\/?p=325111"},"modified":"2024-03-21T04:21:06","modified_gmt":"2024-03-21T07:21:06","slug":"explica-ai-buriti-por-que-perdoar-130-mi-em-dividas-dos-onibus","status":"publish","type":"post","link":"https:\/\/www.notibras.com\/site\/explica-ai-buriti-por-que-perdoar-130-mi-em-dividas-dos-onibus\/","title":{"rendered":"Explica a\u00ed, Buriti: por que perdoar 130 mi em d\u00edvidas dos \u00f4nibus?"},"content":{"rendered":"<p>O Tribunal de Contas do Distrito Federal deu um prazo de cinco dias para que a Secretaria de Transporte e Mobilidade e a Secretaria de Economia prestem esclarecimentos sobre poss\u00edveis irregularidades envolvendo o desconto de R$ 130 milh\u00f5es sobre o valor das d\u00edvidas de empresas e cooperativas operadoras do Sistema de Transporte P\u00fablico Coletivo.<\/p>\n<p>Segundo uma representa\u00e7\u00e3o protocolada no Tribunal por parlamentares da C\u00e2mara Legislativa do DF, a d\u00edvida total \u2013 acumulada entre 2011 e 2022 com san\u00e7\u00f5es administrativas aplicadas a 20 empresas pela Semob\/DF \u2013 foi reduzida em 99%. Com o descont\u00e3o, o valor devido passou de R$ 131.835.509,58 para R$ 1.318.354,00.<\/p>\n<p>Mas, de acordo com o Decreto Distrital n\u00ba 45.110\/2023, que regula o Programa de Incentivo \u00e0 Regulariza\u00e7\u00e3o Fiscal do DF (REFIS-DF 2023), o incentivo para quita\u00e7\u00e3o desses d\u00e9bitos deveria ser de at\u00e9 99% sobre os juros e as multas \u2013 e n\u00e3o sobre o valor total da d\u00edvida.<\/p>\n<p>Ainda de acordo com a representa\u00e7\u00e3o, essa ren\u00fancia de receita \u00e9 ilegal e compromete o car\u00e1ter pedag\u00f3gico das san\u00e7\u00f5es aplicadas \u00e0s empresas de transporte p\u00fablico do DF. Uma nota t\u00e9cnica da Coordenadoria de Auditoria e San\u00e7\u00f5es da pr\u00f3pria Semob\/DF tamb\u00e9m informa que o desconto incentiva &#8220;&#8230;comportamentos negligentes por parte dos operadores do STPC\/DF&#8221;.<\/p>\n<p>Ap\u00f3s manifesta\u00e7\u00e3o das Secretarias de Mobilidade e de Economia, o TCDF vai avaliar uma medida cautelar que pede a suspens\u00e3o do desconto (Processo 00600-00002275\/2024-95-e).<\/p>\n","protected":false},"excerpt":{"rendered":"<p>O Tribunal de Contas do Distrito Federal deu um prazo de cinco dias para que a Secretaria de Transporte e Mobilidade e a Secretaria de Economia prestem esclarecimentos sobre poss\u00edveis irregularidades envolvendo o desconto de R$ 130 milh\u00f5es sobre o valor das d\u00edvidas de empresas e cooperativas operadoras do Sistema de Transporte P\u00fablico Coletivo. Segundo [&hellip;]<\/p>\n","protected":false},"author":2,"featured_media":314932,"comment_status":"closed","ping_status":"closed","sticky":false,"template":"","format":"standard","meta":{"_acf_changed":false,"footnotes":""},"categories":[161],"tags":[],"class_list":["post-325111","post","type-post","status-publish","format-standard","has-post-thumbnail","hentry","category-quadradinho-em-foco"],"acf":[],"yoast_head":"<!-- This site is optimized with the Yoast SEO plugin v27.5 - https:\/\/yoast.com\/product\/yoast-seo-wordpress\/ -->\n<title>Explica a\u00ed, Buriti: por que perdoar 130 mi em d\u00edvidas dos \u00f4nibus? - Notibras<\/title>\n<meta name=\"robots\" content=\"index, follow, max-snippet:-1, max-image-preview:large, max-video-preview:-1\" \/>\n<link rel=\"canonical\" href=\"https:\/\/www.notibras.com\/site\/explica-ai-buriti-por-que-perdoar-130-mi-em-dividas-dos-onibus\/\" \/>\n<meta property=\"og:locale\" content=\"pt_BR\" \/>\n<meta property=\"og:type\" content=\"article\" \/>\n<meta property=\"og:title\" content=\"Explica a\u00ed, Buriti: por que perdoar 130 mi em d\u00edvidas dos \u00f4nibus? - Notibras\" \/>\n<meta property=\"og:description\" content=\"O Tribunal de Contas do Distrito Federal deu um prazo de cinco dias para que a Secretaria de Transporte e Mobilidade e a Secretaria de Economia prestem esclarecimentos sobre poss\u00edveis irregularidades envolvendo o desconto de R$ 130 milh\u00f5es sobre o valor das d\u00edvidas de empresas e cooperativas operadoras do Sistema de Transporte P\u00fablico Coletivo. Segundo [&hellip;]\" \/>\n<meta property=\"og:url\" content=\"https:\/\/www.notibras.com\/site\/explica-ai-buriti-por-que-perdoar-130-mi-em-dividas-dos-onibus\/\" \/>\n<meta property=\"og:site_name\" content=\"Notibras\" \/>\n<meta property=\"article:publisher\" content=\"https:\/\/www.facebook.com\/notibras\/\" \/>\n<meta property=\"article:published_time\" content=\"2024-03-21T07:21:06+00:00\" \/>\n<meta property=\"og:image\" content=\"https:\/\/www.notibras.com\/site\/wp-content\/uploads\/2023\/10\/transporte-urbano_mcamgo_abr_09082023-6.jpg\" \/>\n\t<meta property=\"og:image:width\" content=\"1170\" \/>\n\t<meta property=\"og:image:height\" content=\"700\" \/>\n\t<meta property=\"og:image:type\" content=\"image\/jpeg\" \/>\n<meta name=\"author\" content=\"Reda\u00e7\u00e3o\" \/>\n<meta name=\"twitter:card\" content=\"summary_large_image\" \/>\n<meta name=\"twitter:creator\" content=\"@Notibras\" \/>\n<meta name=\"twitter:site\" content=\"@Notibras\" \/>\n<meta name=\"twitter:label1\" content=\"Escrito por\" \/>\n\t<meta name=\"twitter:data1\" content=\"Reda\u00e7\u00e3o\" \/>\n\t<meta name=\"twitter:label2\" content=\"Est. tempo de leitura\" \/>\n\t<meta name=\"twitter:data2\" content=\"2 minutos\" \/>\n<script type=\"application\/ld+json\" class=\"yoast-schema-graph\">{\"@context\":\"https:\\\/\\\/schema.org\",\"@graph\":[{\"@type\":\"Article\",\"@id\":\"https:\\\/\\\/www.notibras.com\\\/site\\\/explica-ai-buriti-por-que-perdoar-130-mi-em-dividas-dos-onibus\\\/#article\",\"isPartOf\":{\"@id\":\"https:\\\/\\\/www.notibras.com\\\/site\\\/explica-ai-buriti-por-que-perdoar-130-mi-em-dividas-dos-onibus\\\/\"},\"author\":{\"name\":\"Reda\u00e7\u00e3o\",\"@id\":\"https:\\\/\\\/www.notibras.com\\\/site\\\/#\\\/schema\\\/person\\\/36ab0979449956132d3e5b517ea76ac8\"},\"headline\":\"Explica a\u00ed, Buriti: por que perdoar 130 mi em d\u00edvidas dos \u00f4nibus?\",\"datePublished\":\"2024-03-21T07:21:06+00:00\",\"mainEntityOfPage\":{\"@id\":\"https:\\\/\\\/www.notibras.com\\\/site\\\/explica-ai-buriti-por-que-perdoar-130-mi-em-dividas-dos-onibus\\\/\"},\"wordCount\":257,\"publisher\":{\"@id\":\"https:\\\/\\\/www.notibras.com\\\/site\\\/#organization\"},\"image\":{\"@id\":\"https:\\\/\\\/www.notibras.com\\\/site\\\/explica-ai-buriti-por-que-perdoar-130-mi-em-dividas-dos-onibus\\\/#primaryimage\"},\"thumbnailUrl\":\"https:\\\/\\\/www.notibras.com\\\/site\\\/wp-content\\\/uploads\\\/2023\\\/10\\\/transporte-urbano_mcamgo_abr_09082023-6.jpg\",\"articleSection\":[\"Quadradinho em Foco\"],\"inLanguage\":\"pt-BR\"},{\"@type\":\"WebPage\",\"@id\":\"https:\\\/\\\/www.notibras.com\\\/site\\\/explica-ai-buriti-por-que-perdoar-130-mi-em-dividas-dos-onibus\\\/\",\"url\":\"https:\\\/\\\/www.notibras.com\\\/site\\\/explica-ai-buriti-por-que-perdoar-130-mi-em-dividas-dos-onibus\\\/\",\"name\":\"Explica a\u00ed, Buriti: por que perdoar 130 mi em d\u00edvidas dos \u00f4nibus? - Notibras\",\"isPartOf\":{\"@id\":\"https:\\\/\\\/www.notibras.com\\\/site\\\/#website\"},\"primaryImageOfPage\":{\"@id\":\"https:\\\/\\\/www.notibras.com\\\/site\\\/explica-ai-buriti-por-que-perdoar-130-mi-em-dividas-dos-onibus\\\/#primaryimage\"},\"image\":{\"@id\":\"https:\\\/\\\/www.notibras.com\\\/site\\\/explica-ai-buriti-por-que-perdoar-130-mi-em-dividas-dos-onibus\\\/#primaryimage\"},\"thumbnailUrl\":\"https:\\\/\\\/www.notibras.com\\\/site\\\/wp-content\\\/uploads\\\/2023\\\/10\\\/transporte-urbano_mcamgo_abr_09082023-6.jpg\",\"datePublished\":\"2024-03-21T07:21:06+00:00\",\"breadcrumb\":{\"@id\":\"https:\\\/\\\/www.notibras.com\\\/site\\\/explica-ai-buriti-por-que-perdoar-130-mi-em-dividas-dos-onibus\\\/#breadcrumb\"},\"inLanguage\":\"pt-BR\",\"potentialAction\":[{\"@type\":\"ReadAction\",\"target\":[\"https:\\\/\\\/www.notibras.com\\\/site\\\/explica-ai-buriti-por-que-perdoar-130-mi-em-dividas-dos-onibus\\\/\"]}]},{\"@type\":\"ImageObject\",\"inLanguage\":\"pt-BR\",\"@id\":\"https:\\\/\\\/www.notibras.com\\\/site\\\/explica-ai-buriti-por-que-perdoar-130-mi-em-dividas-dos-onibus\\\/#primaryimage\",\"url\":\"https:\\\/\\\/www.notibras.com\\\/site\\\/wp-content\\\/uploads\\\/2023\\\/10\\\/transporte-urbano_mcamgo_abr_09082023-6.jpg\",\"contentUrl\":\"https:\\\/\\\/www.notibras.com\\\/site\\\/wp-content\\\/uploads\\\/2023\\\/10\\\/transporte-urbano_mcamgo_abr_09082023-6.jpg\",\"width\":1170,\"height\":700,\"caption\":\"Bras\u00edlia (DF), 09\\\/08\\\/2023 - Movimenta\u00e7\u00e3o de passageiros e \u00f4nibus na Rodovi\u00e1ria do Plano Piloto. Nos dias 8 e 9 de agosto acontece, em Bras\u00edlia, o 36\u00ba Semin\u00e1rio Nacional de Transporte Urbano, em que empres\u00e1rios, entidades de classe, especialistas e representantes de governo debatem as mudan\u00e7as necess\u00e1rias no setor. Foto: Marcelo Camargo\\\/Ag\u00eancia Brasil\"},{\"@type\":\"BreadcrumbList\",\"@id\":\"https:\\\/\\\/www.notibras.com\\\/site\\\/explica-ai-buriti-por-que-perdoar-130-mi-em-dividas-dos-onibus\\\/#breadcrumb\",\"itemListElement\":[{\"@type\":\"ListItem\",\"position\":1,\"name\":\"In\u00edcio\",\"item\":\"https:\\\/\\\/www.notibras.com\\\/site\\\/\"},{\"@type\":\"ListItem\",\"position\":2,\"name\":\"Explica a\u00ed, Buriti: por que perdoar 130 mi em d\u00edvidas dos \u00f4nibus?\"}]},{\"@type\":\"WebSite\",\"@id\":\"https:\\\/\\\/www.notibras.com\\\/site\\\/#website\",\"url\":\"https:\\\/\\\/www.notibras.com\\\/site\\\/\",\"name\":\"Notibras\",\"description\":\"Not\u00edcias de Bras\u00edlia, do Brasil e do Mundo\",\"publisher\":{\"@id\":\"https:\\\/\\\/www.notibras.com\\\/site\\\/#organization\"},\"potentialAction\":[{\"@type\":\"SearchAction\",\"target\":{\"@type\":\"EntryPoint\",\"urlTemplate\":\"https:\\\/\\\/www.notibras.com\\\/site\\\/?s={search_term_string}\"},\"query-input\":{\"@type\":\"PropertyValueSpecification\",\"valueRequired\":true,\"valueName\":\"search_term_string\"}}],\"inLanguage\":\"pt-BR\"},{\"@type\":\"Organization\",\"@id\":\"https:\\\/\\\/www.notibras.com\\\/site\\\/#organization\",\"name\":\"Grupo Notibras de Comunica\u00e7\u00e3o\",\"url\":\"https:\\\/\\\/www.notibras.com\\\/site\\\/\",\"logo\":{\"@type\":\"ImageObject\",\"inLanguage\":\"pt-BR\",\"@id\":\"https:\\\/\\\/www.notibras.com\\\/site\\\/#\\\/schema\\\/logo\\\/image\\\/\",\"url\":\"https:\\\/\\\/www.notibras.com\\\/site\\\/wp-content\\\/uploads\\\/2023\\\/01\\\/notibras23.png\",\"contentUrl\":\"https:\\\/\\\/www.notibras.com\\\/site\\\/wp-content\\\/uploads\\\/2023\\\/01\\\/notibras23.png\",\"width\":350,\"height\":87,\"caption\":\"Grupo Notibras de Comunica\u00e7\u00e3o\"},\"image\":{\"@id\":\"https:\\\/\\\/www.notibras.com\\\/site\\\/#\\\/schema\\\/logo\\\/image\\\/\"},\"sameAs\":[\"https:\\\/\\\/www.facebook.com\\\/notibras\\\/\",\"https:\\\/\\\/x.com\\\/Notibras\",\"https:\\\/\\\/www.instagram.com\\\/notibras\\\/\"]},{\"@type\":\"Person\",\"@id\":\"https:\\\/\\\/www.notibras.com\\\/site\\\/#\\\/schema\\\/person\\\/36ab0979449956132d3e5b517ea76ac8\",\"name\":\"Reda\u00e7\u00e3o\",\"image\":{\"@type\":\"ImageObject\",\"inLanguage\":\"pt-BR\",\"@id\":\"https:\\\/\\\/secure.gravatar.com\\\/avatar\\\/e0a867bdedb85fd243eadf09663511f96fc81e0720a4a42581f334ad4303aa6b?s=96&d=mm&r=g\",\"url\":\"https:\\\/\\\/secure.gravatar.com\\\/avatar\\\/e0a867bdedb85fd243eadf09663511f96fc81e0720a4a42581f334ad4303aa6b?s=96&d=mm&r=g\",\"contentUrl\":\"https:\\\/\\\/secure.gravatar.com\\\/avatar\\\/e0a867bdedb85fd243eadf09663511f96fc81e0720a4a42581f334ad4303aa6b?s=96&d=mm&r=g\",\"caption\":\"Reda\u00e7\u00e3o\"}}]}<\/script>\n<!-- \/ Yoast SEO plugin. -->","yoast_head_json":{"title":"Explica a\u00ed, Buriti: por que perdoar 130 mi em d\u00edvidas dos \u00f4nibus? - Notibras","robots":{"index":"index","follow":"follow","max-snippet":"max-snippet:-1","max-image-preview":"max-image-preview:large","max-video-preview":"max-video-preview:-1"},"canonical":"https:\/\/www.notibras.com\/site\/explica-ai-buriti-por-que-perdoar-130-mi-em-dividas-dos-onibus\/","og_locale":"pt_BR","og_type":"article","og_title":"Explica a\u00ed, Buriti: por que perdoar 130 mi em d\u00edvidas dos \u00f4nibus? - Notibras","og_description":"O Tribunal de Contas do Distrito Federal deu um prazo de cinco dias para que a Secretaria de Transporte e Mobilidade e a Secretaria de Economia prestem esclarecimentos sobre poss\u00edveis irregularidades envolvendo o desconto de R$ 130 milh\u00f5es sobre o valor das d\u00edvidas de empresas e cooperativas operadoras do Sistema de Transporte P\u00fablico Coletivo. Segundo [&hellip;]","og_url":"https:\/\/www.notibras.com\/site\/explica-ai-buriti-por-que-perdoar-130-mi-em-dividas-dos-onibus\/","og_site_name":"Notibras","article_publisher":"https:\/\/www.facebook.com\/notibras\/","article_published_time":"2024-03-21T07:21:06+00:00","og_image":[{"width":1170,"height":700,"url":"https:\/\/www.notibras.com\/site\/wp-content\/uploads\/2023\/10\/transporte-urbano_mcamgo_abr_09082023-6.jpg","type":"image\/jpeg"}],"author":"Reda\u00e7\u00e3o","twitter_card":"summary_large_image","twitter_creator":"@Notibras","twitter_site":"@Notibras","twitter_misc":{"Escrito por":"Reda\u00e7\u00e3o","Est. tempo de leitura":"2 minutos"},"schema":{"@context":"https:\/\/schema.org","@graph":[{"@type":"Article","@id":"https:\/\/www.notibras.com\/site\/explica-ai-buriti-por-que-perdoar-130-mi-em-dividas-dos-onibus\/#article","isPartOf":{"@id":"https:\/\/www.notibras.com\/site\/explica-ai-buriti-por-que-perdoar-130-mi-em-dividas-dos-onibus\/"},"author":{"name":"Reda\u00e7\u00e3o","@id":"https:\/\/www.notibras.com\/site\/#\/schema\/person\/36ab0979449956132d3e5b517ea76ac8"},"headline":"Explica a\u00ed, Buriti: por que perdoar 130 mi em d\u00edvidas dos \u00f4nibus?","datePublished":"2024-03-21T07:21:06+00:00","mainEntityOfPage":{"@id":"https:\/\/www.notibras.com\/site\/explica-ai-buriti-por-que-perdoar-130-mi-em-dividas-dos-onibus\/"},"wordCount":257,"publisher":{"@id":"https:\/\/www.notibras.com\/site\/#organization"},"image":{"@id":"https:\/\/www.notibras.com\/site\/explica-ai-buriti-por-que-perdoar-130-mi-em-dividas-dos-onibus\/#primaryimage"},"thumbnailUrl":"https:\/\/www.notibras.com\/site\/wp-content\/uploads\/2023\/10\/transporte-urbano_mcamgo_abr_09082023-6.jpg","articleSection":["Quadradinho em Foco"],"inLanguage":"pt-BR"},{"@type":"WebPage","@id":"https:\/\/www.notibras.com\/site\/explica-ai-buriti-por-que-perdoar-130-mi-em-dividas-dos-onibus\/","url":"https:\/\/www.notibras.com\/site\/explica-ai-buriti-por-que-perdoar-130-mi-em-dividas-dos-onibus\/","name":"Explica a\u00ed, Buriti: por que perdoar 130 mi em d\u00edvidas dos \u00f4nibus? - Notibras","isPartOf":{"@id":"https:\/\/www.notibras.com\/site\/#website"},"primaryImageOfPage":{"@id":"https:\/\/www.notibras.com\/site\/explica-ai-buriti-por-que-perdoar-130-mi-em-dividas-dos-onibus\/#primaryimage"},"image":{"@id":"https:\/\/www.notibras.com\/site\/explica-ai-buriti-por-que-perdoar-130-mi-em-dividas-dos-onibus\/#primaryimage"},"thumbnailUrl":"https:\/\/www.notibras.com\/site\/wp-content\/uploads\/2023\/10\/transporte-urbano_mcamgo_abr_09082023-6.jpg","datePublished":"2024-03-21T07:21:06+00:00","breadcrumb":{"@id":"https:\/\/www.notibras.com\/site\/explica-ai-buriti-por-que-perdoar-130-mi-em-dividas-dos-onibus\/#breadcrumb"},"inLanguage":"pt-BR","potentialAction":[{"@type":"ReadAction","target":["https:\/\/www.notibras.com\/site\/explica-ai-buriti-por-que-perdoar-130-mi-em-dividas-dos-onibus\/"]}]},{"@type":"ImageObject","inLanguage":"pt-BR","@id":"https:\/\/www.notibras.com\/site\/explica-ai-buriti-por-que-perdoar-130-mi-em-dividas-dos-onibus\/#primaryimage","url":"https:\/\/www.notibras.com\/site\/wp-content\/uploads\/2023\/10\/transporte-urbano_mcamgo_abr_09082023-6.jpg","contentUrl":"https:\/\/www.notibras.com\/site\/wp-content\/uploads\/2023\/10\/transporte-urbano_mcamgo_abr_09082023-6.jpg","width":1170,"height":700,"caption":"Bras\u00edlia (DF), 09\/08\/2023 - Movimenta\u00e7\u00e3o de passageiros e \u00f4nibus na Rodovi\u00e1ria do Plano Piloto. Nos dias 8 e 9 de agosto acontece, em Bras\u00edlia, o 36\u00ba Semin\u00e1rio Nacional de Transporte Urbano, em que empres\u00e1rios, entidades de classe, especialistas e representantes de governo debatem as mudan\u00e7as necess\u00e1rias no setor. Foto: Marcelo Camargo\/Ag\u00eancia Brasil"},{"@type":"BreadcrumbList","@id":"https:\/\/www.notibras.com\/site\/explica-ai-buriti-por-que-perdoar-130-mi-em-dividas-dos-onibus\/#breadcrumb","itemListElement":[{"@type":"ListItem","position":1,"name":"In\u00edcio","item":"https:\/\/www.notibras.com\/site\/"},{"@type":"ListItem","position":2,"name":"Explica a\u00ed, Buriti: por que perdoar 130 mi em d\u00edvidas dos \u00f4nibus?"}]},{"@type":"WebSite","@id":"https:\/\/www.notibras.com\/site\/#website","url":"https:\/\/www.notibras.com\/site\/","name":"Notibras","description":"Not\u00edcias de Bras\u00edlia, do Brasil e do Mundo","publisher":{"@id":"https:\/\/www.notibras.com\/site\/#organization"},"potentialAction":[{"@type":"SearchAction","target":{"@type":"EntryPoint","urlTemplate":"https:\/\/www.notibras.com\/site\/?s={search_term_string}"},"query-input":{"@type":"PropertyValueSpecification","valueRequired":true,"valueName":"search_term_string"}}],"inLanguage":"pt-BR"},{"@type":"Organization","@id":"https:\/\/www.notibras.com\/site\/#organization","name":"Grupo Notibras de Comunica\u00e7\u00e3o","url":"https:\/\/www.notibras.com\/site\/","logo":{"@type":"ImageObject","inLanguage":"pt-BR","@id":"https:\/\/www.notibras.com\/site\/#\/schema\/logo\/image\/","url":"https:\/\/www.notibras.com\/site\/wp-content\/uploads\/2023\/01\/notibras23.png","contentUrl":"https:\/\/www.notibras.com\/site\/wp-content\/uploads\/2023\/01\/notibras23.png","width":350,"height":87,"caption":"Grupo Notibras de Comunica\u00e7\u00e3o"},"image":{"@id":"https:\/\/www.notibras.com\/site\/#\/schema\/logo\/image\/"},"sameAs":["https:\/\/www.facebook.com\/notibras\/","https:\/\/x.com\/Notibras","https:\/\/www.instagram.com\/notibras\/"]},{"@type":"Person","@id":"https:\/\/www.notibras.com\/site\/#\/schema\/person\/36ab0979449956132d3e5b517ea76ac8","name":"Reda\u00e7\u00e3o","image":{"@type":"ImageObject","inLanguage":"pt-BR","@id":"https:\/\/secure.gravatar.com\/avatar\/e0a867bdedb85fd243eadf09663511f96fc81e0720a4a42581f334ad4303aa6b?s=96&d=mm&r=g","url":"https:\/\/secure.gravatar.com\/avatar\/e0a867bdedb85fd243eadf09663511f96fc81e0720a4a42581f334ad4303aa6b?s=96&d=mm&r=g","contentUrl":"https:\/\/secure.gravatar.com\/avatar\/e0a867bdedb85fd243eadf09663511f96fc81e0720a4a42581f334ad4303aa6b?s=96&d=mm&r=g","caption":"Reda\u00e7\u00e3o"}}]}},"amp_enabled":true,"_links":{"self":[{"href":"https:\/\/www.notibras.com\/site\/wp-json\/wp\/v2\/posts\/325111","targetHints":{"allow":["GET"]}}],"collection":[{"href":"https:\/\/www.notibras.com\/site\/wp-json\/wp\/v2\/posts"}],"about":[{"href":"https:\/\/www.notibras.com\/site\/wp-json\/wp\/v2\/types\/post"}],"author":[{"embeddable":true,"href":"https:\/\/www.notibras.com\/site\/wp-json\/wp\/v2\/users\/2"}],"replies":[{"embeddable":true,"href":"https:\/\/www.notibras.com\/site\/wp-json\/wp\/v2\/comments?post=325111"}],"version-history":[{"count":1,"href":"https:\/\/www.notibras.com\/site\/wp-json\/wp\/v2\/posts\/325111\/revisions"}],"predecessor-version":[{"id":325112,"href":"https:\/\/www.notibras.com\/site\/wp-json\/wp\/v2\/posts\/325111\/revisions\/325112"}],"wp:featuredmedia":[{"embeddable":true,"href":"https:\/\/www.notibras.com\/site\/wp-json\/wp\/v2\/media\/314932"}],"wp:attachment":[{"href":"https:\/\/www.notibras.com\/site\/wp-json\/wp\/v2\/media?parent=325111"}],"wp:term":[{"taxonomy":"category","embeddable":true,"href":"https:\/\/www.notibras.com\/site\/wp-json\/wp\/v2\/categories?post=325111"},{"taxonomy":"post_tag","embeddable":true,"href":"https:\/\/www.notibras.com\/site\/wp-json\/wp\/v2\/tags?post=325111"}],"curies":[{"name":"wp","href":"https:\/\/api.w.org\/{rel}","templated":true}]}}