{"id":325147,"date":"2024-03-21T07:46:15","date_gmt":"2024-03-21T10:46:15","guid":{"rendered":"https:\/\/www.notibras.com\/site\/?p=325147"},"modified":"2024-03-21T07:47:22","modified_gmt":"2024-03-21T10:47:22","slug":"hercules-levou-para-tumulo-sonhada-placa-de-gerente","status":"publish","type":"post","link":"https:\/\/www.notibras.com\/site\/hercules-levou-para-tumulo-sonhada-placa-de-gerente\/","title":{"rendered":"H\u00e9rcules levou para t\u00famulo sonhada placa de gerente"},"content":{"rendered":"<p>H\u00e9rcules Breno Magalh\u00e3es cresceu cercado por irm\u00e3os. Era o quinto de uma fila de nove. Quatro pra c\u00e1, mais quatro pra l\u00e1, enquanto H\u00e9rcules, no meio, olhava para um lado, olhava para outro, mas s\u00f3 conseguia enxergar o pai, que, por essas manias de eternizar a vida, tamb\u00e9m se chamava H\u00e9rcules.<\/p>\n<p>Um nome forte, dizia o homem para tentar convencer a mulher, que, sem for\u00e7as por conta de mais um parto dif\u00edcil, apenas fechou os olhos e adormeceu antes do pr\u00f3ximo choro do rec\u00e9m-nascido. Que fosse H\u00e9rcules, Hurculino, Herculano ou Jos\u00e9, desde que o menino carregasse Breno para diferenciar do pai, H\u00e9rcules Magalh\u00e3es. Precisava descansar e foi o que fez.<\/p>\n<p>Mas voltemos ao pequeno H\u00e9rcules, filho de H\u00e9rcules, mas sem Filho ou J\u00fanior. H\u00e9rcules, por sinal, tamb\u00e9m era filho de Doraci, que, pelos pr\u00f3ximos cinco anos, ainda iria parir mais quatro rebentos. Ali\u00e1s, todas meninas, ao contr\u00e1rio dos cinco primeiros, todos homens, inclusive o pequenino H\u00e9rcules, \u00faltimo da fila dos que usam cal\u00e7a, brincam de carrinho e jogam futebol. Afinal, a masculinidade precisa ser enaltecida num mundo cada vez mais perdido, dizia H\u00e9rcules, o pai. Quanto \u00e0s meninas, por ele, bastava aprender a cozinhar, passar e coser as meias, que, vez ou outra, furassem. Escola pra qu\u00ea? Nananinan\u00e3o!!! Mulher que estuda fica com ideias na cachola!<\/p>\n<p>Hercules cresceu regado a tanta virilidade exalada pelas ventas do pai. Este, por sinal, havia se aposentado depois de dezenas de anos de labuta no principal banco da cidade. A fama correu toda a vasta regi\u00e3o. Tanto \u00e9 que ganhou at\u00e9 placa na ag\u00eancia do centro. Pois \u00e9, uma placa! Pensaram at\u00e9 em mudar o nome da filial, mas acharam melhor n\u00e3o contrariar o prefeito, cujo av\u00f4 dava nome \u00e0quela depend\u00eancia banc\u00e1ria. O agora rapaz estudou que nem condenado, mas conseguiu aprova\u00e7\u00e3o no Banco do Brasil. Sim, senhor! No Banco do Brasil! Um empreg\u00e3o naqueles idos de 1976. E l\u00e1 foi o rebento ser banc\u00e1rio em uma cidadezinha do interior.<\/p>\n<p>H\u00e9rcules progrediu, \u00e9 verdade, mas n\u00e3o da noite para o dia. Levou tempo, at\u00e9 que, finalmente, atingiu o posto de ger\u00eancia. Nesse dia, fez quest\u00e3o de telefonar pro pai, que, parece, estava ocupado com outras coisas, pois a conversa foi curta. Seja como for, o rapaz n\u00e3o teve tempo para lamuriar, j\u00e1 que vida de gerente \u00e9 deveras atarefada.<\/p>\n<p>O homem conseguiu, ap\u00f3s quase uma d\u00e9cada, ir para a capital, onde iria trabalhar numa grande ag\u00eancia, que seria inaugurada em breve. Certamente lhe dariam uma placa por ser o primeiro gerente de l\u00e1. Mas eis que, por conta dessas coisas de bastidores, o felizardo foi outro. Um tal Jos\u00e9 Benevides. Veja s\u00f3! Mal inaugurou a ag\u00eancia, foi chutado para outro lugar. Caiu para cima, como se costumava dizer naquele tempo, pois foi parar na diretoria do Banco do Brasil.<\/p>\n<p>H\u00e9rcules acabou tomando o lugar do agora diretor. Labutou, labutou e labutou, at\u00e9 que, por fim, chegou a t\u00e3o esperada aposentadoria. E, se ainda esperava uma placa, esta n\u00e3o chegou. Desgostoso, voltou para a cidade natal, onde fechou os olhos quando estava bem perto dos 90.<\/p>\n<p>Vale aqui uma men\u00e7\u00e3o honrosa pelo desempenho quase teatral dos seus \u00faltimos momentos. Diante de uma pequena plateia de familiares, tentou se levantar da cadeira de balan\u00e7o no canto do alpendre. N\u00e3o conseguiu. Tombou o corpo, a cabe\u00e7a pro lado. Incr\u00e9dulos, os parentes pensaram fingimento. Era tudo verdade.<\/p>\n<p>O enterro aconteceu no dia seguinte. Um dia chuvoso, desses de espantar aqueles menos propensos ao \u00faltimo adeus para algu\u00e9m apenas conhecido. Poucos presentes no mais famoso cemit\u00e9rio da pequena cidade. O \u00fanico, por sinal, mas nem por isso menos importante.<\/p>\n<p>H\u00e9rcules Breno Magalh\u00e3es, agora, teria direito \u00e0 sua t\u00e3o sonhada placa, que foi presa na l\u00e1pide de m\u00e1rmore. Se bem que, talvez por desconhecimento do profissional, a letra H fora suprimida. E da\u00ed? Ningu\u00e9m naquele lugar se preocuparia em ler o que estava escrito.<\/p>\n","protected":false},"excerpt":{"rendered":"<p>H\u00e9rcules Breno Magalh\u00e3es cresceu cercado por irm\u00e3os. Era o quinto de uma fila de nove. Quatro pra c\u00e1, mais quatro pra l\u00e1, enquanto H\u00e9rcules, no meio, olhava para um lado, olhava para outro, mas s\u00f3 conseguia enxergar o pai, que, por essas manias de eternizar a vida, tamb\u00e9m se chamava H\u00e9rcules. Um nome forte, dizia [&hellip;]<\/p>\n","protected":false},"author":2,"featured_media":325148,"comment_status":"closed","ping_status":"closed","sticky":false,"template":"","format":"standard","meta":{"_acf_changed":false,"footnotes":""},"categories":[161],"tags":[],"class_list":["post-325147","post","type-post","status-publish","format-standard","has-post-thumbnail","hentry","category-quadradinho-em-foco"],"acf":[],"yoast_head":"<!-- This site is optimized with the Yoast SEO plugin v27.5 - https:\/\/yoast.com\/product\/yoast-seo-wordpress\/ -->\n<title>H\u00e9rcules levou para t\u00famulo sonhada placa de gerente - Notibras<\/title>\n<meta name=\"robots\" content=\"index, follow, max-snippet:-1, max-image-preview:large, max-video-preview:-1\" \/>\n<link rel=\"canonical\" href=\"https:\/\/www.notibras.com\/site\/hercules-levou-para-tumulo-sonhada-placa-de-gerente\/\" \/>\n<meta property=\"og:locale\" content=\"pt_BR\" \/>\n<meta property=\"og:type\" content=\"article\" \/>\n<meta property=\"og:title\" content=\"H\u00e9rcules levou para t\u00famulo sonhada placa de gerente - Notibras\" \/>\n<meta property=\"og:description\" content=\"H\u00e9rcules Breno Magalh\u00e3es cresceu cercado por irm\u00e3os. Era o quinto de uma fila de nove. Quatro pra c\u00e1, mais quatro pra l\u00e1, enquanto H\u00e9rcules, no meio, olhava para um lado, olhava para outro, mas s\u00f3 conseguia enxergar o pai, que, por essas manias de eternizar a vida, tamb\u00e9m se chamava H\u00e9rcules. Um nome forte, dizia [&hellip;]\" \/>\n<meta property=\"og:url\" content=\"https:\/\/www.notibras.com\/site\/hercules-levou-para-tumulo-sonhada-placa-de-gerente\/\" \/>\n<meta property=\"og:site_name\" content=\"Notibras\" \/>\n<meta property=\"article:publisher\" content=\"https:\/\/www.facebook.com\/notibras\/\" \/>\n<meta property=\"article:published_time\" content=\"2024-03-21T10:46:15+00:00\" \/>\n<meta property=\"article:modified_time\" content=\"2024-03-21T10:47:22+00:00\" \/>\n<meta property=\"og:image\" content=\"https:\/\/www.notibras.com\/site\/wp-content\/uploads\/2024\/03\/e6adbc53-568d-4867-b0fc-eca3cce45150.jpeg\" \/>\n\t<meta property=\"og:image:width\" content=\"512\" \/>\n\t<meta property=\"og:image:height\" content=\"471\" \/>\n\t<meta property=\"og:image:type\" content=\"image\/jpeg\" \/>\n<meta name=\"author\" content=\"Reda\u00e7\u00e3o\" \/>\n<meta name=\"twitter:card\" content=\"summary_large_image\" \/>\n<meta name=\"twitter:creator\" content=\"@Notibras\" \/>\n<meta name=\"twitter:site\" content=\"@Notibras\" \/>\n<meta name=\"twitter:label1\" content=\"Escrito por\" \/>\n\t<meta name=\"twitter:data1\" content=\"Reda\u00e7\u00e3o\" \/>\n\t<meta name=\"twitter:label2\" content=\"Est. tempo de leitura\" \/>\n\t<meta name=\"twitter:data2\" content=\"4 minutos\" \/>\n<script type=\"application\/ld+json\" class=\"yoast-schema-graph\">{\"@context\":\"https:\\\/\\\/schema.org\",\"@graph\":[{\"@type\":\"Article\",\"@id\":\"https:\\\/\\\/www.notibras.com\\\/site\\\/hercules-levou-para-tumulo-sonhada-placa-de-gerente\\\/#article\",\"isPartOf\":{\"@id\":\"https:\\\/\\\/www.notibras.com\\\/site\\\/hercules-levou-para-tumulo-sonhada-placa-de-gerente\\\/\"},\"author\":{\"name\":\"Reda\u00e7\u00e3o\",\"@id\":\"https:\\\/\\\/www.notibras.com\\\/site\\\/#\\\/schema\\\/person\\\/36ab0979449956132d3e5b517ea76ac8\"},\"headline\":\"H\u00e9rcules levou para t\u00famulo sonhada placa de gerente\",\"datePublished\":\"2024-03-21T10:46:15+00:00\",\"dateModified\":\"2024-03-21T10:47:22+00:00\",\"mainEntityOfPage\":{\"@id\":\"https:\\\/\\\/www.notibras.com\\\/site\\\/hercules-levou-para-tumulo-sonhada-placa-de-gerente\\\/\"},\"wordCount\":705,\"publisher\":{\"@id\":\"https:\\\/\\\/www.notibras.com\\\/site\\\/#organization\"},\"image\":{\"@id\":\"https:\\\/\\\/www.notibras.com\\\/site\\\/hercules-levou-para-tumulo-sonhada-placa-de-gerente\\\/#primaryimage\"},\"thumbnailUrl\":\"https:\\\/\\\/www.notibras.com\\\/site\\\/wp-content\\\/uploads\\\/2024\\\/03\\\/e6adbc53-568d-4867-b0fc-eca3cce45150.jpeg\",\"articleSection\":[\"Quadradinho em Foco\"],\"inLanguage\":\"pt-BR\"},{\"@type\":\"WebPage\",\"@id\":\"https:\\\/\\\/www.notibras.com\\\/site\\\/hercules-levou-para-tumulo-sonhada-placa-de-gerente\\\/\",\"url\":\"https:\\\/\\\/www.notibras.com\\\/site\\\/hercules-levou-para-tumulo-sonhada-placa-de-gerente\\\/\",\"name\":\"H\u00e9rcules levou para t\u00famulo sonhada placa de gerente - Notibras\",\"isPartOf\":{\"@id\":\"https:\\\/\\\/www.notibras.com\\\/site\\\/#website\"},\"primaryImageOfPage\":{\"@id\":\"https:\\\/\\\/www.notibras.com\\\/site\\\/hercules-levou-para-tumulo-sonhada-placa-de-gerente\\\/#primaryimage\"},\"image\":{\"@id\":\"https:\\\/\\\/www.notibras.com\\\/site\\\/hercules-levou-para-tumulo-sonhada-placa-de-gerente\\\/#primaryimage\"},\"thumbnailUrl\":\"https:\\\/\\\/www.notibras.com\\\/site\\\/wp-content\\\/uploads\\\/2024\\\/03\\\/e6adbc53-568d-4867-b0fc-eca3cce45150.jpeg\",\"datePublished\":\"2024-03-21T10:46:15+00:00\",\"dateModified\":\"2024-03-21T10:47:22+00:00\",\"breadcrumb\":{\"@id\":\"https:\\\/\\\/www.notibras.com\\\/site\\\/hercules-levou-para-tumulo-sonhada-placa-de-gerente\\\/#breadcrumb\"},\"inLanguage\":\"pt-BR\",\"potentialAction\":[{\"@type\":\"ReadAction\",\"target\":[\"https:\\\/\\\/www.notibras.com\\\/site\\\/hercules-levou-para-tumulo-sonhada-placa-de-gerente\\\/\"]}]},{\"@type\":\"ImageObject\",\"inLanguage\":\"pt-BR\",\"@id\":\"https:\\\/\\\/www.notibras.com\\\/site\\\/hercules-levou-para-tumulo-sonhada-placa-de-gerente\\\/#primaryimage\",\"url\":\"https:\\\/\\\/www.notibras.com\\\/site\\\/wp-content\\\/uploads\\\/2024\\\/03\\\/e6adbc53-568d-4867-b0fc-eca3cce45150.jpeg\",\"contentUrl\":\"https:\\\/\\\/www.notibras.com\\\/site\\\/wp-content\\\/uploads\\\/2024\\\/03\\\/e6adbc53-568d-4867-b0fc-eca3cce45150.jpeg\",\"width\":512,\"height\":471},{\"@type\":\"BreadcrumbList\",\"@id\":\"https:\\\/\\\/www.notibras.com\\\/site\\\/hercules-levou-para-tumulo-sonhada-placa-de-gerente\\\/#breadcrumb\",\"itemListElement\":[{\"@type\":\"ListItem\",\"position\":1,\"name\":\"In\u00edcio\",\"item\":\"https:\\\/\\\/www.notibras.com\\\/site\\\/\"},{\"@type\":\"ListItem\",\"position\":2,\"name\":\"H\u00e9rcules levou para t\u00famulo sonhada placa de gerente\"}]},{\"@type\":\"WebSite\",\"@id\":\"https:\\\/\\\/www.notibras.com\\\/site\\\/#website\",\"url\":\"https:\\\/\\\/www.notibras.com\\\/site\\\/\",\"name\":\"Notibras\",\"description\":\"Not\u00edcias de Bras\u00edlia, do Brasil e do Mundo\",\"publisher\":{\"@id\":\"https:\\\/\\\/www.notibras.com\\\/site\\\/#organization\"},\"potentialAction\":[{\"@type\":\"SearchAction\",\"target\":{\"@type\":\"EntryPoint\",\"urlTemplate\":\"https:\\\/\\\/www.notibras.com\\\/site\\\/?s={search_term_string}\"},\"query-input\":{\"@type\":\"PropertyValueSpecification\",\"valueRequired\":true,\"valueName\":\"search_term_string\"}}],\"inLanguage\":\"pt-BR\"},{\"@type\":\"Organization\",\"@id\":\"https:\\\/\\\/www.notibras.com\\\/site\\\/#organization\",\"name\":\"Grupo Notibras de Comunica\u00e7\u00e3o\",\"url\":\"https:\\\/\\\/www.notibras.com\\\/site\\\/\",\"logo\":{\"@type\":\"ImageObject\",\"inLanguage\":\"pt-BR\",\"@id\":\"https:\\\/\\\/www.notibras.com\\\/site\\\/#\\\/schema\\\/logo\\\/image\\\/\",\"url\":\"https:\\\/\\\/www.notibras.com\\\/site\\\/wp-content\\\/uploads\\\/2023\\\/01\\\/notibras23.png\",\"contentUrl\":\"https:\\\/\\\/www.notibras.com\\\/site\\\/wp-content\\\/uploads\\\/2023\\\/01\\\/notibras23.png\",\"width\":350,\"height\":87,\"caption\":\"Grupo Notibras de Comunica\u00e7\u00e3o\"},\"image\":{\"@id\":\"https:\\\/\\\/www.notibras.com\\\/site\\\/#\\\/schema\\\/logo\\\/image\\\/\"},\"sameAs\":[\"https:\\\/\\\/www.facebook.com\\\/notibras\\\/\",\"https:\\\/\\\/x.com\\\/Notibras\",\"https:\\\/\\\/www.instagram.com\\\/notibras\\\/\"]},{\"@type\":\"Person\",\"@id\":\"https:\\\/\\\/www.notibras.com\\\/site\\\/#\\\/schema\\\/person\\\/36ab0979449956132d3e5b517ea76ac8\",\"name\":\"Reda\u00e7\u00e3o\",\"image\":{\"@type\":\"ImageObject\",\"inLanguage\":\"pt-BR\",\"@id\":\"https:\\\/\\\/secure.gravatar.com\\\/avatar\\\/e0a867bdedb85fd243eadf09663511f96fc81e0720a4a42581f334ad4303aa6b?s=96&d=mm&r=g\",\"url\":\"https:\\\/\\\/secure.gravatar.com\\\/avatar\\\/e0a867bdedb85fd243eadf09663511f96fc81e0720a4a42581f334ad4303aa6b?s=96&d=mm&r=g\",\"contentUrl\":\"https:\\\/\\\/secure.gravatar.com\\\/avatar\\\/e0a867bdedb85fd243eadf09663511f96fc81e0720a4a42581f334ad4303aa6b?s=96&d=mm&r=g\",\"caption\":\"Reda\u00e7\u00e3o\"}}]}<\/script>\n<!-- \/ Yoast SEO plugin. -->","yoast_head_json":{"title":"H\u00e9rcules levou para t\u00famulo sonhada placa de gerente - Notibras","robots":{"index":"index","follow":"follow","max-snippet":"max-snippet:-1","max-image-preview":"max-image-preview:large","max-video-preview":"max-video-preview:-1"},"canonical":"https:\/\/www.notibras.com\/site\/hercules-levou-para-tumulo-sonhada-placa-de-gerente\/","og_locale":"pt_BR","og_type":"article","og_title":"H\u00e9rcules levou para t\u00famulo sonhada placa de gerente - Notibras","og_description":"H\u00e9rcules Breno Magalh\u00e3es cresceu cercado por irm\u00e3os. Era o quinto de uma fila de nove. Quatro pra c\u00e1, mais quatro pra l\u00e1, enquanto H\u00e9rcules, no meio, olhava para um lado, olhava para outro, mas s\u00f3 conseguia enxergar o pai, que, por essas manias de eternizar a vida, tamb\u00e9m se chamava H\u00e9rcules. Um nome forte, dizia [&hellip;]","og_url":"https:\/\/www.notibras.com\/site\/hercules-levou-para-tumulo-sonhada-placa-de-gerente\/","og_site_name":"Notibras","article_publisher":"https:\/\/www.facebook.com\/notibras\/","article_published_time":"2024-03-21T10:46:15+00:00","article_modified_time":"2024-03-21T10:47:22+00:00","og_image":[{"width":512,"height":471,"url":"https:\/\/www.notibras.com\/site\/wp-content\/uploads\/2024\/03\/e6adbc53-568d-4867-b0fc-eca3cce45150.jpeg","type":"image\/jpeg"}],"author":"Reda\u00e7\u00e3o","twitter_card":"summary_large_image","twitter_creator":"@Notibras","twitter_site":"@Notibras","twitter_misc":{"Escrito por":"Reda\u00e7\u00e3o","Est. tempo de leitura":"4 minutos"},"schema":{"@context":"https:\/\/schema.org","@graph":[{"@type":"Article","@id":"https:\/\/www.notibras.com\/site\/hercules-levou-para-tumulo-sonhada-placa-de-gerente\/#article","isPartOf":{"@id":"https:\/\/www.notibras.com\/site\/hercules-levou-para-tumulo-sonhada-placa-de-gerente\/"},"author":{"name":"Reda\u00e7\u00e3o","@id":"https:\/\/www.notibras.com\/site\/#\/schema\/person\/36ab0979449956132d3e5b517ea76ac8"},"headline":"H\u00e9rcules levou para t\u00famulo sonhada placa de gerente","datePublished":"2024-03-21T10:46:15+00:00","dateModified":"2024-03-21T10:47:22+00:00","mainEntityOfPage":{"@id":"https:\/\/www.notibras.com\/site\/hercules-levou-para-tumulo-sonhada-placa-de-gerente\/"},"wordCount":705,"publisher":{"@id":"https:\/\/www.notibras.com\/site\/#organization"},"image":{"@id":"https:\/\/www.notibras.com\/site\/hercules-levou-para-tumulo-sonhada-placa-de-gerente\/#primaryimage"},"thumbnailUrl":"https:\/\/www.notibras.com\/site\/wp-content\/uploads\/2024\/03\/e6adbc53-568d-4867-b0fc-eca3cce45150.jpeg","articleSection":["Quadradinho em Foco"],"inLanguage":"pt-BR"},{"@type":"WebPage","@id":"https:\/\/www.notibras.com\/site\/hercules-levou-para-tumulo-sonhada-placa-de-gerente\/","url":"https:\/\/www.notibras.com\/site\/hercules-levou-para-tumulo-sonhada-placa-de-gerente\/","name":"H\u00e9rcules levou para t\u00famulo sonhada placa de gerente - Notibras","isPartOf":{"@id":"https:\/\/www.notibras.com\/site\/#website"},"primaryImageOfPage":{"@id":"https:\/\/www.notibras.com\/site\/hercules-levou-para-tumulo-sonhada-placa-de-gerente\/#primaryimage"},"image":{"@id":"https:\/\/www.notibras.com\/site\/hercules-levou-para-tumulo-sonhada-placa-de-gerente\/#primaryimage"},"thumbnailUrl":"https:\/\/www.notibras.com\/site\/wp-content\/uploads\/2024\/03\/e6adbc53-568d-4867-b0fc-eca3cce45150.jpeg","datePublished":"2024-03-21T10:46:15+00:00","dateModified":"2024-03-21T10:47:22+00:00","breadcrumb":{"@id":"https:\/\/www.notibras.com\/site\/hercules-levou-para-tumulo-sonhada-placa-de-gerente\/#breadcrumb"},"inLanguage":"pt-BR","potentialAction":[{"@type":"ReadAction","target":["https:\/\/www.notibras.com\/site\/hercules-levou-para-tumulo-sonhada-placa-de-gerente\/"]}]},{"@type":"ImageObject","inLanguage":"pt-BR","@id":"https:\/\/www.notibras.com\/site\/hercules-levou-para-tumulo-sonhada-placa-de-gerente\/#primaryimage","url":"https:\/\/www.notibras.com\/site\/wp-content\/uploads\/2024\/03\/e6adbc53-568d-4867-b0fc-eca3cce45150.jpeg","contentUrl":"https:\/\/www.notibras.com\/site\/wp-content\/uploads\/2024\/03\/e6adbc53-568d-4867-b0fc-eca3cce45150.jpeg","width":512,"height":471},{"@type":"BreadcrumbList","@id":"https:\/\/www.notibras.com\/site\/hercules-levou-para-tumulo-sonhada-placa-de-gerente\/#breadcrumb","itemListElement":[{"@type":"ListItem","position":1,"name":"In\u00edcio","item":"https:\/\/www.notibras.com\/site\/"},{"@type":"ListItem","position":2,"name":"H\u00e9rcules levou para t\u00famulo sonhada placa de gerente"}]},{"@type":"WebSite","@id":"https:\/\/www.notibras.com\/site\/#website","url":"https:\/\/www.notibras.com\/site\/","name":"Notibras","description":"Not\u00edcias de Bras\u00edlia, do Brasil e do Mundo","publisher":{"@id":"https:\/\/www.notibras.com\/site\/#organization"},"potentialAction":[{"@type":"SearchAction","target":{"@type":"EntryPoint","urlTemplate":"https:\/\/www.notibras.com\/site\/?s={search_term_string}"},"query-input":{"@type":"PropertyValueSpecification","valueRequired":true,"valueName":"search_term_string"}}],"inLanguage":"pt-BR"},{"@type":"Organization","@id":"https:\/\/www.notibras.com\/site\/#organization","name":"Grupo Notibras de Comunica\u00e7\u00e3o","url":"https:\/\/www.notibras.com\/site\/","logo":{"@type":"ImageObject","inLanguage":"pt-BR","@id":"https:\/\/www.notibras.com\/site\/#\/schema\/logo\/image\/","url":"https:\/\/www.notibras.com\/site\/wp-content\/uploads\/2023\/01\/notibras23.png","contentUrl":"https:\/\/www.notibras.com\/site\/wp-content\/uploads\/2023\/01\/notibras23.png","width":350,"height":87,"caption":"Grupo Notibras de Comunica\u00e7\u00e3o"},"image":{"@id":"https:\/\/www.notibras.com\/site\/#\/schema\/logo\/image\/"},"sameAs":["https:\/\/www.facebook.com\/notibras\/","https:\/\/x.com\/Notibras","https:\/\/www.instagram.com\/notibras\/"]},{"@type":"Person","@id":"https:\/\/www.notibras.com\/site\/#\/schema\/person\/36ab0979449956132d3e5b517ea76ac8","name":"Reda\u00e7\u00e3o","image":{"@type":"ImageObject","inLanguage":"pt-BR","@id":"https:\/\/secure.gravatar.com\/avatar\/e0a867bdedb85fd243eadf09663511f96fc81e0720a4a42581f334ad4303aa6b?s=96&d=mm&r=g","url":"https:\/\/secure.gravatar.com\/avatar\/e0a867bdedb85fd243eadf09663511f96fc81e0720a4a42581f334ad4303aa6b?s=96&d=mm&r=g","contentUrl":"https:\/\/secure.gravatar.com\/avatar\/e0a867bdedb85fd243eadf09663511f96fc81e0720a4a42581f334ad4303aa6b?s=96&d=mm&r=g","caption":"Reda\u00e7\u00e3o"}}]}},"amp_enabled":true,"_links":{"self":[{"href":"https:\/\/www.notibras.com\/site\/wp-json\/wp\/v2\/posts\/325147","targetHints":{"allow":["GET"]}}],"collection":[{"href":"https:\/\/www.notibras.com\/site\/wp-json\/wp\/v2\/posts"}],"about":[{"href":"https:\/\/www.notibras.com\/site\/wp-json\/wp\/v2\/types\/post"}],"author":[{"embeddable":true,"href":"https:\/\/www.notibras.com\/site\/wp-json\/wp\/v2\/users\/2"}],"replies":[{"embeddable":true,"href":"https:\/\/www.notibras.com\/site\/wp-json\/wp\/v2\/comments?post=325147"}],"version-history":[{"count":1,"href":"https:\/\/www.notibras.com\/site\/wp-json\/wp\/v2\/posts\/325147\/revisions"}],"predecessor-version":[{"id":325149,"href":"https:\/\/www.notibras.com\/site\/wp-json\/wp\/v2\/posts\/325147\/revisions\/325149"}],"wp:featuredmedia":[{"embeddable":true,"href":"https:\/\/www.notibras.com\/site\/wp-json\/wp\/v2\/media\/325148"}],"wp:attachment":[{"href":"https:\/\/www.notibras.com\/site\/wp-json\/wp\/v2\/media?parent=325147"}],"wp:term":[{"taxonomy":"category","embeddable":true,"href":"https:\/\/www.notibras.com\/site\/wp-json\/wp\/v2\/categories?post=325147"},{"taxonomy":"post_tag","embeddable":true,"href":"https:\/\/www.notibras.com\/site\/wp-json\/wp\/v2\/tags?post=325147"}],"curies":[{"name":"wp","href":"https:\/\/api.w.org\/{rel}","templated":true}]}}