{"id":325150,"date":"2024-03-21T00:00:40","date_gmt":"2024-03-21T03:00:40","guid":{"rendered":"https:\/\/www.notibras.com\/site\/?p=325150"},"modified":"2024-03-21T07:58:13","modified_gmt":"2024-03-21T10:58:13","slug":"cuidado-mamae-que-filho-se-engasga-com-facilidade","status":"publish","type":"post","link":"https:\/\/www.notibras.com\/site\/cuidado-mamae-que-filho-se-engasga-com-facilidade\/","title":{"rendered":"Cuidado, mam\u00e3e, que filho se engasga com facilidade"},"content":{"rendered":"<p>O Hospital da Crian\u00e7a de Bras\u00edlia Jos\u00e9 Alencar (HCB) realizou, nesta quarta-feira (20), atividade de conscientiza\u00e7\u00e3o e informa\u00e7\u00e3o quanto ao Dia Nacional da Aten\u00e7\u00e3o \u00e0 Disfagia. A data alerta para a dificuldade de engolir alimentos, l\u00edquidos e saliva. No ambulat\u00f3rio, crian\u00e7as e adultos conheceram o trabalho da equipe de fonoaudiologia do HCB no acompanhamento a casos da doen\u00e7a.<\/p>\n<p>\u201cSe voc\u00ea apresenta dificuldade ao engolir, sensa\u00e7\u00e3o de alimento parado na garganta durante ou ap\u00f3s a refei\u00e7\u00e3o, tosse ou engasgo, procure um fonoaudi\u00f3logo para avalia\u00e7\u00e3o da sua degluti\u00e7\u00e3o\u201d, orienta a fonoaudi\u00f3loga e coordenadora de Reabilita\u00e7\u00e3o do HCB, Milena Fleury. Destacando que v\u00e1rios casos de engasgo t\u00eam sido noticiados na imprensa nos \u00faltimos meses, ela afirma que epis\u00f3dios repetitivos de engasgo, independentemente da consist\u00eancia do alimento ingerido, demandam aten\u00e7\u00e3o. \u201cA disfagia pode estar relacionada a uma altera\u00e7\u00e3o neurol\u00f3gica ou da musculatura da regi\u00e3o, fraqueza e rigidez; \u00e9 importante fazer uma avalia\u00e7\u00e3o para checar o motivo dessa altera\u00e7\u00e3o. O paciente, muitas vezes, n\u00e3o tem queixa nenhuma, mas a mastiga\u00e7\u00e3o \u00e9 ineficiente\u201d, explica.<\/p>\n<p>Enquanto aguardava o atendimento da filha Luiza Ramos, 5 anos, Juliana Ramos levou a menina para conhecer o estande de orienta\u00e7\u00f5es. \u201cAcho muito importante trazer essas explica\u00e7\u00f5es n\u00e3o s\u00f3 para as crian\u00e7as, mas tamb\u00e9m para os pais e outros cuidadores que, muitas vezes, n\u00e3o t\u00eam essas instru\u00e7\u00f5es\u201d, disse.<\/p>\n<p>Com o retorno dado por Natasha e Juliana, a coordenadora Milena Fleury refor\u00e7a que o Dia Nacional de Aten\u00e7\u00e3o \u00e0 Disfagia \u00e9 importante para divulgar os sinais de alerta aos respons\u00e1veis pelas crian\u00e7as: \u201cSe os pais observam engasgos frequentes, necessidade de manobras de desengasgo, vale levar a queixa ao pediatra, que indicar\u00e1 um profissional para avaliar\u201d.<\/p>\n<p><strong>Introdu\u00e7\u00e3o alimentar<\/strong><br \/>\nNo Hospital da Crian\u00e7a de Bras\u00edlia, o cuidado relacionado \u00e0 disfagia est\u00e1 ligado ao acompanhamento de crian\u00e7as que se alimentam via sonda. \u201cJunto com a indica\u00e7\u00e3o da via mais segura, vamos tentando a reabilita\u00e7\u00e3o e liberando a alimenta\u00e7\u00e3o por via oral. A alimenta\u00e7\u00e3o pode ser exclusivamente por via oral; por via mista, no caso de pacientes que conseguem comer volumes m\u00ednimos pela boca e complementam via sonda; ou s\u00f3 para prazer \u2013 s\u00e3o pacientes para quem indicamos s\u00f3 o sabor e est\u00edmulo para qualidade de vida, mantendo a alimenta\u00e7\u00e3o plena, de fato, pelas sondas\u201d, relata a coordenadora Milena Fleury.<\/p>\n<p>Enzo Ribeiro, 1 ano, \u00e9 acompanhado por profissionais de fonoaudiologia nessa reabilita\u00e7\u00e3o. Devido a dificuldades de respira\u00e7\u00e3o e alimenta\u00e7\u00e3o, ele faz uso de sonda desde que nasceu; agora, no entanto, j\u00e1 iniciou o contato com alimentos, para conhecer diferentes texturas e sabores. Enquanto a equipe avalia a degluti\u00e7\u00e3o para saber o melhor momento de come\u00e7ar a alimenta\u00e7\u00e3o oral, o menino j\u00e1 mostrou que gosta do sabor do lim\u00e3o.<\/p>\n<p>\u201cO processo de avalia\u00e7\u00e3o da disfagia vai muito mais al\u00e9m do ato de s\u00f3 ofertar a comida; temos que respeitar os processos do paciente. Muitas vezes, s\u00e3o crian\u00e7as em uso prolongado de sonda, n\u00e3o entendem o que \u00e9 se alimentar\u201d, conta Fleury.<\/p>\n<p>De forma l\u00fadica e com calma, as profissionais do HCB fazem a aproxima\u00e7\u00e3o entre a crian\u00e7a e o alimento. \u201cRespeitamos os limites e acalmamos em caso de choro, para depois retornar. Temos que estimular a parte sensorial para, depois, come\u00e7ar com a oferta da comida, para que seja uma oferta segura, efetiva e prazerosa\u201d, explica a coordenadora.<\/p>\n","protected":false},"excerpt":{"rendered":"<p>O Hospital da Crian\u00e7a de Bras\u00edlia Jos\u00e9 Alencar (HCB) realizou, nesta quarta-feira (20), atividade de conscientiza\u00e7\u00e3o e informa\u00e7\u00e3o quanto ao Dia Nacional da Aten\u00e7\u00e3o \u00e0 Disfagia. A data alerta para a dificuldade de engolir alimentos, l\u00edquidos e saliva. No ambulat\u00f3rio, crian\u00e7as e adultos conheceram o trabalho da equipe de fonoaudiologia do HCB no acompanhamento a [&hellip;]<\/p>\n","protected":false},"author":2,"featured_media":325151,"comment_status":"closed","ping_status":"closed","sticky":false,"template":"","format":"standard","meta":{"_acf_changed":false,"footnotes":""},"categories":[161],"tags":[],"class_list":["post-325150","post","type-post","status-publish","format-standard","has-post-thumbnail","hentry","category-quadradinho-em-foco"],"acf":[],"yoast_head":"<!-- This site is optimized with the Yoast SEO plugin v27.5 - https:\/\/yoast.com\/product\/yoast-seo-wordpress\/ -->\n<title>Cuidado, mam\u00e3e, que filho se engasga com facilidade - Notibras<\/title>\n<meta name=\"robots\" content=\"index, follow, max-snippet:-1, max-image-preview:large, max-video-preview:-1\" \/>\n<link rel=\"canonical\" href=\"https:\/\/www.notibras.com\/site\/cuidado-mamae-que-filho-se-engasga-com-facilidade\/\" \/>\n<meta property=\"og:locale\" content=\"pt_BR\" \/>\n<meta property=\"og:type\" content=\"article\" \/>\n<meta property=\"og:title\" content=\"Cuidado, mam\u00e3e, que filho se engasga com facilidade - Notibras\" \/>\n<meta property=\"og:description\" content=\"O Hospital da Crian\u00e7a de Bras\u00edlia Jos\u00e9 Alencar (HCB) realizou, nesta quarta-feira (20), atividade de conscientiza\u00e7\u00e3o e informa\u00e7\u00e3o quanto ao Dia Nacional da Aten\u00e7\u00e3o \u00e0 Disfagia. A data alerta para a dificuldade de engolir alimentos, l\u00edquidos e saliva. No ambulat\u00f3rio, crian\u00e7as e adultos conheceram o trabalho da equipe de fonoaudiologia do HCB no acompanhamento a [&hellip;]\" \/>\n<meta property=\"og:url\" content=\"https:\/\/www.notibras.com\/site\/cuidado-mamae-que-filho-se-engasga-com-facilidade\/\" \/>\n<meta property=\"og:site_name\" content=\"Notibras\" \/>\n<meta property=\"article:publisher\" content=\"https:\/\/www.facebook.com\/notibras\/\" \/>\n<meta property=\"article:published_time\" content=\"2024-03-21T03:00:40+00:00\" \/>\n<meta property=\"article:modified_time\" content=\"2024-03-21T10:58:13+00:00\" \/>\n<meta property=\"og:image\" content=\"https:\/\/www.notibras.com\/site\/wp-content\/uploads\/2024\/03\/Disfagia-Natasha_MG_0192.jpg\" \/>\n\t<meta property=\"og:image:width\" content=\"1080\" \/>\n\t<meta property=\"og:image:height\" content=\"720\" \/>\n\t<meta property=\"og:image:type\" content=\"image\/jpeg\" \/>\n<meta name=\"author\" content=\"Reda\u00e7\u00e3o\" \/>\n<meta name=\"twitter:card\" content=\"summary_large_image\" \/>\n<meta name=\"twitter:creator\" content=\"@Notibras\" \/>\n<meta name=\"twitter:site\" content=\"@Notibras\" \/>\n<meta name=\"twitter:label1\" content=\"Escrito por\" \/>\n\t<meta name=\"twitter:data1\" content=\"Reda\u00e7\u00e3o\" \/>\n\t<meta name=\"twitter:label2\" content=\"Est. tempo de leitura\" \/>\n\t<meta name=\"twitter:data2\" content=\"4 minutos\" \/>\n<script type=\"application\/ld+json\" class=\"yoast-schema-graph\">{\"@context\":\"https:\\\/\\\/schema.org\",\"@graph\":[{\"@type\":\"Article\",\"@id\":\"https:\\\/\\\/www.notibras.com\\\/site\\\/cuidado-mamae-que-filho-se-engasga-com-facilidade\\\/#article\",\"isPartOf\":{\"@id\":\"https:\\\/\\\/www.notibras.com\\\/site\\\/cuidado-mamae-que-filho-se-engasga-com-facilidade\\\/\"},\"author\":{\"name\":\"Reda\u00e7\u00e3o\",\"@id\":\"https:\\\/\\\/www.notibras.com\\\/site\\\/#\\\/schema\\\/person\\\/36ab0979449956132d3e5b517ea76ac8\"},\"headline\":\"Cuidado, mam\u00e3e, que filho se engasga com facilidade\",\"datePublished\":\"2024-03-21T03:00:40+00:00\",\"dateModified\":\"2024-03-21T10:58:13+00:00\",\"mainEntityOfPage\":{\"@id\":\"https:\\\/\\\/www.notibras.com\\\/site\\\/cuidado-mamae-que-filho-se-engasga-com-facilidade\\\/\"},\"wordCount\":606,\"publisher\":{\"@id\":\"https:\\\/\\\/www.notibras.com\\\/site\\\/#organization\"},\"image\":{\"@id\":\"https:\\\/\\\/www.notibras.com\\\/site\\\/cuidado-mamae-que-filho-se-engasga-com-facilidade\\\/#primaryimage\"},\"thumbnailUrl\":\"https:\\\/\\\/www.notibras.com\\\/site\\\/wp-content\\\/uploads\\\/2024\\\/03\\\/Disfagia-Natasha_MG_0192.jpg\",\"articleSection\":[\"Quadradinho em Foco\"],\"inLanguage\":\"pt-BR\"},{\"@type\":\"WebPage\",\"@id\":\"https:\\\/\\\/www.notibras.com\\\/site\\\/cuidado-mamae-que-filho-se-engasga-com-facilidade\\\/\",\"url\":\"https:\\\/\\\/www.notibras.com\\\/site\\\/cuidado-mamae-que-filho-se-engasga-com-facilidade\\\/\",\"name\":\"Cuidado, mam\u00e3e, que filho se engasga com facilidade - Notibras\",\"isPartOf\":{\"@id\":\"https:\\\/\\\/www.notibras.com\\\/site\\\/#website\"},\"primaryImageOfPage\":{\"@id\":\"https:\\\/\\\/www.notibras.com\\\/site\\\/cuidado-mamae-que-filho-se-engasga-com-facilidade\\\/#primaryimage\"},\"image\":{\"@id\":\"https:\\\/\\\/www.notibras.com\\\/site\\\/cuidado-mamae-que-filho-se-engasga-com-facilidade\\\/#primaryimage\"},\"thumbnailUrl\":\"https:\\\/\\\/www.notibras.com\\\/site\\\/wp-content\\\/uploads\\\/2024\\\/03\\\/Disfagia-Natasha_MG_0192.jpg\",\"datePublished\":\"2024-03-21T03:00:40+00:00\",\"dateModified\":\"2024-03-21T10:58:13+00:00\",\"breadcrumb\":{\"@id\":\"https:\\\/\\\/www.notibras.com\\\/site\\\/cuidado-mamae-que-filho-se-engasga-com-facilidade\\\/#breadcrumb\"},\"inLanguage\":\"pt-BR\",\"potentialAction\":[{\"@type\":\"ReadAction\",\"target\":[\"https:\\\/\\\/www.notibras.com\\\/site\\\/cuidado-mamae-que-filho-se-engasga-com-facilidade\\\/\"]}]},{\"@type\":\"ImageObject\",\"inLanguage\":\"pt-BR\",\"@id\":\"https:\\\/\\\/www.notibras.com\\\/site\\\/cuidado-mamae-que-filho-se-engasga-com-facilidade\\\/#primaryimage\",\"url\":\"https:\\\/\\\/www.notibras.com\\\/site\\\/wp-content\\\/uploads\\\/2024\\\/03\\\/Disfagia-Natasha_MG_0192.jpg\",\"contentUrl\":\"https:\\\/\\\/www.notibras.com\\\/site\\\/wp-content\\\/uploads\\\/2024\\\/03\\\/Disfagia-Natasha_MG_0192.jpg\",\"width\":1080,\"height\":720},{\"@type\":\"BreadcrumbList\",\"@id\":\"https:\\\/\\\/www.notibras.com\\\/site\\\/cuidado-mamae-que-filho-se-engasga-com-facilidade\\\/#breadcrumb\",\"itemListElement\":[{\"@type\":\"ListItem\",\"position\":1,\"name\":\"In\u00edcio\",\"item\":\"https:\\\/\\\/www.notibras.com\\\/site\\\/\"},{\"@type\":\"ListItem\",\"position\":2,\"name\":\"Cuidado, mam\u00e3e, que filho se engasga com facilidade\"}]},{\"@type\":\"WebSite\",\"@id\":\"https:\\\/\\\/www.notibras.com\\\/site\\\/#website\",\"url\":\"https:\\\/\\\/www.notibras.com\\\/site\\\/\",\"name\":\"Notibras\",\"description\":\"Not\u00edcias de Bras\u00edlia, do Brasil e do Mundo\",\"publisher\":{\"@id\":\"https:\\\/\\\/www.notibras.com\\\/site\\\/#organization\"},\"potentialAction\":[{\"@type\":\"SearchAction\",\"target\":{\"@type\":\"EntryPoint\",\"urlTemplate\":\"https:\\\/\\\/www.notibras.com\\\/site\\\/?s={search_term_string}\"},\"query-input\":{\"@type\":\"PropertyValueSpecification\",\"valueRequired\":true,\"valueName\":\"search_term_string\"}}],\"inLanguage\":\"pt-BR\"},{\"@type\":\"Organization\",\"@id\":\"https:\\\/\\\/www.notibras.com\\\/site\\\/#organization\",\"name\":\"Grupo Notibras de Comunica\u00e7\u00e3o\",\"url\":\"https:\\\/\\\/www.notibras.com\\\/site\\\/\",\"logo\":{\"@type\":\"ImageObject\",\"inLanguage\":\"pt-BR\",\"@id\":\"https:\\\/\\\/www.notibras.com\\\/site\\\/#\\\/schema\\\/logo\\\/image\\\/\",\"url\":\"https:\\\/\\\/www.notibras.com\\\/site\\\/wp-content\\\/uploads\\\/2023\\\/01\\\/notibras23.png\",\"contentUrl\":\"https:\\\/\\\/www.notibras.com\\\/site\\\/wp-content\\\/uploads\\\/2023\\\/01\\\/notibras23.png\",\"width\":350,\"height\":87,\"caption\":\"Grupo Notibras de Comunica\u00e7\u00e3o\"},\"image\":{\"@id\":\"https:\\\/\\\/www.notibras.com\\\/site\\\/#\\\/schema\\\/logo\\\/image\\\/\"},\"sameAs\":[\"https:\\\/\\\/www.facebook.com\\\/notibras\\\/\",\"https:\\\/\\\/x.com\\\/Notibras\",\"https:\\\/\\\/www.instagram.com\\\/notibras\\\/\"]},{\"@type\":\"Person\",\"@id\":\"https:\\\/\\\/www.notibras.com\\\/site\\\/#\\\/schema\\\/person\\\/36ab0979449956132d3e5b517ea76ac8\",\"name\":\"Reda\u00e7\u00e3o\",\"image\":{\"@type\":\"ImageObject\",\"inLanguage\":\"pt-BR\",\"@id\":\"https:\\\/\\\/secure.gravatar.com\\\/avatar\\\/e0a867bdedb85fd243eadf09663511f96fc81e0720a4a42581f334ad4303aa6b?s=96&d=mm&r=g\",\"url\":\"https:\\\/\\\/secure.gravatar.com\\\/avatar\\\/e0a867bdedb85fd243eadf09663511f96fc81e0720a4a42581f334ad4303aa6b?s=96&d=mm&r=g\",\"contentUrl\":\"https:\\\/\\\/secure.gravatar.com\\\/avatar\\\/e0a867bdedb85fd243eadf09663511f96fc81e0720a4a42581f334ad4303aa6b?s=96&d=mm&r=g\",\"caption\":\"Reda\u00e7\u00e3o\"}}]}<\/script>\n<!-- \/ Yoast SEO plugin. -->","yoast_head_json":{"title":"Cuidado, mam\u00e3e, que filho se engasga com facilidade - Notibras","robots":{"index":"index","follow":"follow","max-snippet":"max-snippet:-1","max-image-preview":"max-image-preview:large","max-video-preview":"max-video-preview:-1"},"canonical":"https:\/\/www.notibras.com\/site\/cuidado-mamae-que-filho-se-engasga-com-facilidade\/","og_locale":"pt_BR","og_type":"article","og_title":"Cuidado, mam\u00e3e, que filho se engasga com facilidade - Notibras","og_description":"O Hospital da Crian\u00e7a de Bras\u00edlia Jos\u00e9 Alencar (HCB) realizou, nesta quarta-feira (20), atividade de conscientiza\u00e7\u00e3o e informa\u00e7\u00e3o quanto ao Dia Nacional da Aten\u00e7\u00e3o \u00e0 Disfagia. A data alerta para a dificuldade de engolir alimentos, l\u00edquidos e saliva. No ambulat\u00f3rio, crian\u00e7as e adultos conheceram o trabalho da equipe de fonoaudiologia do HCB no acompanhamento a [&hellip;]","og_url":"https:\/\/www.notibras.com\/site\/cuidado-mamae-que-filho-se-engasga-com-facilidade\/","og_site_name":"Notibras","article_publisher":"https:\/\/www.facebook.com\/notibras\/","article_published_time":"2024-03-21T03:00:40+00:00","article_modified_time":"2024-03-21T10:58:13+00:00","og_image":[{"width":1080,"height":720,"url":"https:\/\/www.notibras.com\/site\/wp-content\/uploads\/2024\/03\/Disfagia-Natasha_MG_0192.jpg","type":"image\/jpeg"}],"author":"Reda\u00e7\u00e3o","twitter_card":"summary_large_image","twitter_creator":"@Notibras","twitter_site":"@Notibras","twitter_misc":{"Escrito por":"Reda\u00e7\u00e3o","Est. tempo de leitura":"4 minutos"},"schema":{"@context":"https:\/\/schema.org","@graph":[{"@type":"Article","@id":"https:\/\/www.notibras.com\/site\/cuidado-mamae-que-filho-se-engasga-com-facilidade\/#article","isPartOf":{"@id":"https:\/\/www.notibras.com\/site\/cuidado-mamae-que-filho-se-engasga-com-facilidade\/"},"author":{"name":"Reda\u00e7\u00e3o","@id":"https:\/\/www.notibras.com\/site\/#\/schema\/person\/36ab0979449956132d3e5b517ea76ac8"},"headline":"Cuidado, mam\u00e3e, que filho se engasga com facilidade","datePublished":"2024-03-21T03:00:40+00:00","dateModified":"2024-03-21T10:58:13+00:00","mainEntityOfPage":{"@id":"https:\/\/www.notibras.com\/site\/cuidado-mamae-que-filho-se-engasga-com-facilidade\/"},"wordCount":606,"publisher":{"@id":"https:\/\/www.notibras.com\/site\/#organization"},"image":{"@id":"https:\/\/www.notibras.com\/site\/cuidado-mamae-que-filho-se-engasga-com-facilidade\/#primaryimage"},"thumbnailUrl":"https:\/\/www.notibras.com\/site\/wp-content\/uploads\/2024\/03\/Disfagia-Natasha_MG_0192.jpg","articleSection":["Quadradinho em Foco"],"inLanguage":"pt-BR"},{"@type":"WebPage","@id":"https:\/\/www.notibras.com\/site\/cuidado-mamae-que-filho-se-engasga-com-facilidade\/","url":"https:\/\/www.notibras.com\/site\/cuidado-mamae-que-filho-se-engasga-com-facilidade\/","name":"Cuidado, mam\u00e3e, que filho se engasga com facilidade - Notibras","isPartOf":{"@id":"https:\/\/www.notibras.com\/site\/#website"},"primaryImageOfPage":{"@id":"https:\/\/www.notibras.com\/site\/cuidado-mamae-que-filho-se-engasga-com-facilidade\/#primaryimage"},"image":{"@id":"https:\/\/www.notibras.com\/site\/cuidado-mamae-que-filho-se-engasga-com-facilidade\/#primaryimage"},"thumbnailUrl":"https:\/\/www.notibras.com\/site\/wp-content\/uploads\/2024\/03\/Disfagia-Natasha_MG_0192.jpg","datePublished":"2024-03-21T03:00:40+00:00","dateModified":"2024-03-21T10:58:13+00:00","breadcrumb":{"@id":"https:\/\/www.notibras.com\/site\/cuidado-mamae-que-filho-se-engasga-com-facilidade\/#breadcrumb"},"inLanguage":"pt-BR","potentialAction":[{"@type":"ReadAction","target":["https:\/\/www.notibras.com\/site\/cuidado-mamae-que-filho-se-engasga-com-facilidade\/"]}]},{"@type":"ImageObject","inLanguage":"pt-BR","@id":"https:\/\/www.notibras.com\/site\/cuidado-mamae-que-filho-se-engasga-com-facilidade\/#primaryimage","url":"https:\/\/www.notibras.com\/site\/wp-content\/uploads\/2024\/03\/Disfagia-Natasha_MG_0192.jpg","contentUrl":"https:\/\/www.notibras.com\/site\/wp-content\/uploads\/2024\/03\/Disfagia-Natasha_MG_0192.jpg","width":1080,"height":720},{"@type":"BreadcrumbList","@id":"https:\/\/www.notibras.com\/site\/cuidado-mamae-que-filho-se-engasga-com-facilidade\/#breadcrumb","itemListElement":[{"@type":"ListItem","position":1,"name":"In\u00edcio","item":"https:\/\/www.notibras.com\/site\/"},{"@type":"ListItem","position":2,"name":"Cuidado, mam\u00e3e, que filho se engasga com facilidade"}]},{"@type":"WebSite","@id":"https:\/\/www.notibras.com\/site\/#website","url":"https:\/\/www.notibras.com\/site\/","name":"Notibras","description":"Not\u00edcias de Bras\u00edlia, do Brasil e do Mundo","publisher":{"@id":"https:\/\/www.notibras.com\/site\/#organization"},"potentialAction":[{"@type":"SearchAction","target":{"@type":"EntryPoint","urlTemplate":"https:\/\/www.notibras.com\/site\/?s={search_term_string}"},"query-input":{"@type":"PropertyValueSpecification","valueRequired":true,"valueName":"search_term_string"}}],"inLanguage":"pt-BR"},{"@type":"Organization","@id":"https:\/\/www.notibras.com\/site\/#organization","name":"Grupo Notibras de Comunica\u00e7\u00e3o","url":"https:\/\/www.notibras.com\/site\/","logo":{"@type":"ImageObject","inLanguage":"pt-BR","@id":"https:\/\/www.notibras.com\/site\/#\/schema\/logo\/image\/","url":"https:\/\/www.notibras.com\/site\/wp-content\/uploads\/2023\/01\/notibras23.png","contentUrl":"https:\/\/www.notibras.com\/site\/wp-content\/uploads\/2023\/01\/notibras23.png","width":350,"height":87,"caption":"Grupo Notibras de Comunica\u00e7\u00e3o"},"image":{"@id":"https:\/\/www.notibras.com\/site\/#\/schema\/logo\/image\/"},"sameAs":["https:\/\/www.facebook.com\/notibras\/","https:\/\/x.com\/Notibras","https:\/\/www.instagram.com\/notibras\/"]},{"@type":"Person","@id":"https:\/\/www.notibras.com\/site\/#\/schema\/person\/36ab0979449956132d3e5b517ea76ac8","name":"Reda\u00e7\u00e3o","image":{"@type":"ImageObject","inLanguage":"pt-BR","@id":"https:\/\/secure.gravatar.com\/avatar\/e0a867bdedb85fd243eadf09663511f96fc81e0720a4a42581f334ad4303aa6b?s=96&d=mm&r=g","url":"https:\/\/secure.gravatar.com\/avatar\/e0a867bdedb85fd243eadf09663511f96fc81e0720a4a42581f334ad4303aa6b?s=96&d=mm&r=g","contentUrl":"https:\/\/secure.gravatar.com\/avatar\/e0a867bdedb85fd243eadf09663511f96fc81e0720a4a42581f334ad4303aa6b?s=96&d=mm&r=g","caption":"Reda\u00e7\u00e3o"}}]}},"amp_enabled":true,"_links":{"self":[{"href":"https:\/\/www.notibras.com\/site\/wp-json\/wp\/v2\/posts\/325150","targetHints":{"allow":["GET"]}}],"collection":[{"href":"https:\/\/www.notibras.com\/site\/wp-json\/wp\/v2\/posts"}],"about":[{"href":"https:\/\/www.notibras.com\/site\/wp-json\/wp\/v2\/types\/post"}],"author":[{"embeddable":true,"href":"https:\/\/www.notibras.com\/site\/wp-json\/wp\/v2\/users\/2"}],"replies":[{"embeddable":true,"href":"https:\/\/www.notibras.com\/site\/wp-json\/wp\/v2\/comments?post=325150"}],"version-history":[{"count":1,"href":"https:\/\/www.notibras.com\/site\/wp-json\/wp\/v2\/posts\/325150\/revisions"}],"predecessor-version":[{"id":325152,"href":"https:\/\/www.notibras.com\/site\/wp-json\/wp\/v2\/posts\/325150\/revisions\/325152"}],"wp:featuredmedia":[{"embeddable":true,"href":"https:\/\/www.notibras.com\/site\/wp-json\/wp\/v2\/media\/325151"}],"wp:attachment":[{"href":"https:\/\/www.notibras.com\/site\/wp-json\/wp\/v2\/media?parent=325150"}],"wp:term":[{"taxonomy":"category","embeddable":true,"href":"https:\/\/www.notibras.com\/site\/wp-json\/wp\/v2\/categories?post=325150"},{"taxonomy":"post_tag","embeddable":true,"href":"https:\/\/www.notibras.com\/site\/wp-json\/wp\/v2\/tags?post=325150"}],"curies":[{"name":"wp","href":"https:\/\/api.w.org\/{rel}","templated":true}]}}