{"id":325153,"date":"2024-03-21T00:05:24","date_gmt":"2024-03-21T03:05:24","guid":{"rendered":"https:\/\/www.notibras.com\/site\/?p=325153"},"modified":"2024-03-21T08:07:19","modified_gmt":"2024-03-21T11:07:19","slug":"fauna-silvestre-tera-hospital-exclusivo-para-emergencias","status":"publish","type":"post","link":"https:\/\/www.notibras.com\/site\/fauna-silvestre-tera-hospital-exclusivo-para-emergencias\/","title":{"rendered":"Fauna silvestre ter\u00e1 hospital exclusivo para emerg\u00eancias"},"content":{"rendered":"<p>O Instituto Bras\u00edlia Ambiental, em parceria com a Sociedade Paulista de Medicina Veterin\u00e1ria (SPMV), inaugura neste s\u00e1bado (23) o Hospital e Centro de Reabilita\u00e7\u00e3o da Fauna Silvestre (HFAUS). O evento ser\u00e1 realizado \u00e0s 10h30, na sede do hospital, localizado no Setor Hoteleiro de Taguatinga.<\/p>\n<p>Segundo o presidente do Instituto Bras\u00edlia Ambiental, R\u00f4ney Nemer, o empreendimento veio para suprir uma necessidade existente no DF durante as opera\u00e7\u00f5es relativas \u00e0 fauna silvestre. \u201cO HFAUS ser\u00e1 um local exclusivo para o atendimento emergencial da fauna nativa livre do Distrito Federal, atendendo demandas provenientes de resgates e apreens\u00f5es de animais em situa\u00e7\u00e3o de maus-tratos ou mesmo mantidos de forma irregular. Ele vai dar suporte aos \u00f3rg\u00e3os de governo que realizam esse tipo de opera\u00e7\u00e3o e cuidar\u00e1 dos animais silvestres que necessitem de atendimento m\u00e9dico veterin\u00e1rio e acondicionamento tempor\u00e1rio\u201d, explicou o dirigente.<\/p>\n<p>O Hospital e Centro de Reabilita\u00e7\u00e3o da Fauna Silvestre ir\u00e1 fazer recep\u00e7\u00e3o, triagem, marca\u00e7\u00e3o, transporte, atendimento veterin\u00e1rio, acondicionamento, reabilita\u00e7\u00e3o e apoio \u00e0 destina\u00e7\u00e3o da fauna silvestre no Distrito Federal. Nesse primeiro momento, o local ter\u00e1 a capacidade de atender at\u00e9 100 animais feridos por m\u00eas. O diferencial do servi\u00e7o prestado pelo Governo do Distrito Federal (GDF) \u00e9 o fato de o HFAUS funcionar 24 horas, durante os sete dias da semana, ou seja, atender e prestar assist\u00eancia durante as noites\/madrugadas, finais de semana e feriados.<\/p>\n<p>O hospital ser\u00e1 administrado pela Sociedade Paulista de Medicina Veterin\u00e1ria (SPMV), em parceria com a autarquia ambiental, escolhida por meio de um edital de chamamento p\u00fablico realizado em 2023. \u201cEstamos utilizando o mesmo modelo de gest\u00e3o do HVEP, que se mostrou uma experi\u00eancia de sucesso, e trazendo agora esse conhecimento para a fauna silvestre\u201d, comentou o gerente de Fauna Silvestre (GEFAU) do Bras\u00edlia Ambiental, Rodrigo Santos.<\/p>\n<p>R\u00f4ney Nemer destaca, ainda, a parceria durante todo o processo de cria\u00e7\u00e3o do HFAUS com outros \u00f3rg\u00e3os como o Ibama, Secretaria de Meio Ambiente e Prote\u00e7\u00e3o Animal (Sema), Funda\u00e7\u00e3o Jardim Zool\u00f3gico de Bras\u00edlia e o Batalh\u00e3o da Pol\u00edcia Militar Ambiental (BPMA).<\/p>\n","protected":false},"excerpt":{"rendered":"<p>O Instituto Bras\u00edlia Ambiental, em parceria com a Sociedade Paulista de Medicina Veterin\u00e1ria (SPMV), inaugura neste s\u00e1bado (23) o Hospital e Centro de Reabilita\u00e7\u00e3o da Fauna Silvestre (HFAUS). O evento ser\u00e1 realizado \u00e0s 10h30, na sede do hospital, localizado no Setor Hoteleiro de Taguatinga. Segundo o presidente do Instituto Bras\u00edlia Ambiental, R\u00f4ney Nemer, o empreendimento [&hellip;]<\/p>\n","protected":false},"author":2,"featured_media":325154,"comment_status":"closed","ping_status":"closed","sticky":false,"template":"","format":"standard","meta":{"_acf_changed":false,"footnotes":""},"categories":[161],"tags":[],"class_list":["post-325153","post","type-post","status-publish","format-standard","has-post-thumbnail","hentry","category-quadradinho-em-foco"],"acf":[],"yoast_head":"<!-- This site is optimized with the Yoast SEO plugin v27.5 - https:\/\/yoast.com\/product\/yoast-seo-wordpress\/ -->\n<title>Fauna silvestre ter\u00e1 hospital exclusivo para emerg\u00eancias - Notibras<\/title>\n<meta name=\"robots\" content=\"index, follow, max-snippet:-1, max-image-preview:large, max-video-preview:-1\" \/>\n<link rel=\"canonical\" href=\"https:\/\/www.notibras.com\/site\/fauna-silvestre-tera-hospital-exclusivo-para-emergencias\/\" \/>\n<meta property=\"og:locale\" content=\"pt_BR\" \/>\n<meta property=\"og:type\" content=\"article\" \/>\n<meta property=\"og:title\" content=\"Fauna silvestre ter\u00e1 hospital exclusivo para emerg\u00eancias - Notibras\" \/>\n<meta property=\"og:description\" content=\"O Instituto Bras\u00edlia Ambiental, em parceria com a Sociedade Paulista de Medicina Veterin\u00e1ria (SPMV), inaugura neste s\u00e1bado (23) o Hospital e Centro de Reabilita\u00e7\u00e3o da Fauna Silvestre (HFAUS). O evento ser\u00e1 realizado \u00e0s 10h30, na sede do hospital, localizado no Setor Hoteleiro de Taguatinga. Segundo o presidente do Instituto Bras\u00edlia Ambiental, R\u00f4ney Nemer, o empreendimento [&hellip;]\" \/>\n<meta property=\"og:url\" content=\"https:\/\/www.notibras.com\/site\/fauna-silvestre-tera-hospital-exclusivo-para-emergencias\/\" \/>\n<meta property=\"og:site_name\" content=\"Notibras\" \/>\n<meta property=\"article:publisher\" content=\"https:\/\/www.facebook.com\/notibras\/\" \/>\n<meta property=\"article:published_time\" content=\"2024-03-21T03:05:24+00:00\" \/>\n<meta property=\"article:modified_time\" content=\"2024-03-21T11:07:19+00:00\" \/>\n<meta property=\"og:image\" content=\"https:\/\/www.notibras.com\/site\/wp-content\/uploads\/2024\/03\/Hfaus-4-768x1024-1.jpg\" \/>\n\t<meta property=\"og:image:width\" content=\"768\" \/>\n\t<meta property=\"og:image:height\" content=\"1024\" \/>\n\t<meta property=\"og:image:type\" content=\"image\/jpeg\" \/>\n<meta name=\"author\" content=\"Reda\u00e7\u00e3o\" \/>\n<meta name=\"twitter:card\" content=\"summary_large_image\" \/>\n<meta name=\"twitter:creator\" content=\"@Notibras\" \/>\n<meta name=\"twitter:site\" content=\"@Notibras\" \/>\n<meta name=\"twitter:label1\" content=\"Escrito por\" \/>\n\t<meta name=\"twitter:data1\" content=\"Reda\u00e7\u00e3o\" \/>\n\t<meta name=\"twitter:label2\" content=\"Est. tempo de leitura\" \/>\n\t<meta name=\"twitter:data2\" content=\"3 minutos\" \/>\n<script type=\"application\/ld+json\" class=\"yoast-schema-graph\">{\"@context\":\"https:\\\/\\\/schema.org\",\"@graph\":[{\"@type\":\"Article\",\"@id\":\"https:\\\/\\\/www.notibras.com\\\/site\\\/fauna-silvestre-tera-hospital-exclusivo-para-emergencias\\\/#article\",\"isPartOf\":{\"@id\":\"https:\\\/\\\/www.notibras.com\\\/site\\\/fauna-silvestre-tera-hospital-exclusivo-para-emergencias\\\/\"},\"author\":{\"name\":\"Reda\u00e7\u00e3o\",\"@id\":\"https:\\\/\\\/www.notibras.com\\\/site\\\/#\\\/schema\\\/person\\\/36ab0979449956132d3e5b517ea76ac8\"},\"headline\":\"Fauna silvestre ter\u00e1 hospital exclusivo para emerg\u00eancias\",\"datePublished\":\"2024-03-21T03:05:24+00:00\",\"dateModified\":\"2024-03-21T11:07:19+00:00\",\"mainEntityOfPage\":{\"@id\":\"https:\\\/\\\/www.notibras.com\\\/site\\\/fauna-silvestre-tera-hospital-exclusivo-para-emergencias\\\/\"},\"wordCount\":368,\"publisher\":{\"@id\":\"https:\\\/\\\/www.notibras.com\\\/site\\\/#organization\"},\"image\":{\"@id\":\"https:\\\/\\\/www.notibras.com\\\/site\\\/fauna-silvestre-tera-hospital-exclusivo-para-emergencias\\\/#primaryimage\"},\"thumbnailUrl\":\"https:\\\/\\\/www.notibras.com\\\/site\\\/wp-content\\\/uploads\\\/2024\\\/03\\\/Hfaus-4-768x1024-1.jpg\",\"articleSection\":[\"Quadradinho em Foco\"],\"inLanguage\":\"pt-BR\"},{\"@type\":\"WebPage\",\"@id\":\"https:\\\/\\\/www.notibras.com\\\/site\\\/fauna-silvestre-tera-hospital-exclusivo-para-emergencias\\\/\",\"url\":\"https:\\\/\\\/www.notibras.com\\\/site\\\/fauna-silvestre-tera-hospital-exclusivo-para-emergencias\\\/\",\"name\":\"Fauna silvestre ter\u00e1 hospital exclusivo para emerg\u00eancias - Notibras\",\"isPartOf\":{\"@id\":\"https:\\\/\\\/www.notibras.com\\\/site\\\/#website\"},\"primaryImageOfPage\":{\"@id\":\"https:\\\/\\\/www.notibras.com\\\/site\\\/fauna-silvestre-tera-hospital-exclusivo-para-emergencias\\\/#primaryimage\"},\"image\":{\"@id\":\"https:\\\/\\\/www.notibras.com\\\/site\\\/fauna-silvestre-tera-hospital-exclusivo-para-emergencias\\\/#primaryimage\"},\"thumbnailUrl\":\"https:\\\/\\\/www.notibras.com\\\/site\\\/wp-content\\\/uploads\\\/2024\\\/03\\\/Hfaus-4-768x1024-1.jpg\",\"datePublished\":\"2024-03-21T03:05:24+00:00\",\"dateModified\":\"2024-03-21T11:07:19+00:00\",\"breadcrumb\":{\"@id\":\"https:\\\/\\\/www.notibras.com\\\/site\\\/fauna-silvestre-tera-hospital-exclusivo-para-emergencias\\\/#breadcrumb\"},\"inLanguage\":\"pt-BR\",\"potentialAction\":[{\"@type\":\"ReadAction\",\"target\":[\"https:\\\/\\\/www.notibras.com\\\/site\\\/fauna-silvestre-tera-hospital-exclusivo-para-emergencias\\\/\"]}]},{\"@type\":\"ImageObject\",\"inLanguage\":\"pt-BR\",\"@id\":\"https:\\\/\\\/www.notibras.com\\\/site\\\/fauna-silvestre-tera-hospital-exclusivo-para-emergencias\\\/#primaryimage\",\"url\":\"https:\\\/\\\/www.notibras.com\\\/site\\\/wp-content\\\/uploads\\\/2024\\\/03\\\/Hfaus-4-768x1024-1.jpg\",\"contentUrl\":\"https:\\\/\\\/www.notibras.com\\\/site\\\/wp-content\\\/uploads\\\/2024\\\/03\\\/Hfaus-4-768x1024-1.jpg\",\"width\":768,\"height\":1024},{\"@type\":\"BreadcrumbList\",\"@id\":\"https:\\\/\\\/www.notibras.com\\\/site\\\/fauna-silvestre-tera-hospital-exclusivo-para-emergencias\\\/#breadcrumb\",\"itemListElement\":[{\"@type\":\"ListItem\",\"position\":1,\"name\":\"In\u00edcio\",\"item\":\"https:\\\/\\\/www.notibras.com\\\/site\\\/\"},{\"@type\":\"ListItem\",\"position\":2,\"name\":\"Fauna silvestre ter\u00e1 hospital exclusivo para emerg\u00eancias\"}]},{\"@type\":\"WebSite\",\"@id\":\"https:\\\/\\\/www.notibras.com\\\/site\\\/#website\",\"url\":\"https:\\\/\\\/www.notibras.com\\\/site\\\/\",\"name\":\"Notibras\",\"description\":\"Not\u00edcias de Bras\u00edlia, do Brasil e do Mundo\",\"publisher\":{\"@id\":\"https:\\\/\\\/www.notibras.com\\\/site\\\/#organization\"},\"potentialAction\":[{\"@type\":\"SearchAction\",\"target\":{\"@type\":\"EntryPoint\",\"urlTemplate\":\"https:\\\/\\\/www.notibras.com\\\/site\\\/?s={search_term_string}\"},\"query-input\":{\"@type\":\"PropertyValueSpecification\",\"valueRequired\":true,\"valueName\":\"search_term_string\"}}],\"inLanguage\":\"pt-BR\"},{\"@type\":\"Organization\",\"@id\":\"https:\\\/\\\/www.notibras.com\\\/site\\\/#organization\",\"name\":\"Grupo Notibras de Comunica\u00e7\u00e3o\",\"url\":\"https:\\\/\\\/www.notibras.com\\\/site\\\/\",\"logo\":{\"@type\":\"ImageObject\",\"inLanguage\":\"pt-BR\",\"@id\":\"https:\\\/\\\/www.notibras.com\\\/site\\\/#\\\/schema\\\/logo\\\/image\\\/\",\"url\":\"https:\\\/\\\/www.notibras.com\\\/site\\\/wp-content\\\/uploads\\\/2023\\\/01\\\/notibras23.png\",\"contentUrl\":\"https:\\\/\\\/www.notibras.com\\\/site\\\/wp-content\\\/uploads\\\/2023\\\/01\\\/notibras23.png\",\"width\":350,\"height\":87,\"caption\":\"Grupo Notibras de Comunica\u00e7\u00e3o\"},\"image\":{\"@id\":\"https:\\\/\\\/www.notibras.com\\\/site\\\/#\\\/schema\\\/logo\\\/image\\\/\"},\"sameAs\":[\"https:\\\/\\\/www.facebook.com\\\/notibras\\\/\",\"https:\\\/\\\/x.com\\\/Notibras\",\"https:\\\/\\\/www.instagram.com\\\/notibras\\\/\"]},{\"@type\":\"Person\",\"@id\":\"https:\\\/\\\/www.notibras.com\\\/site\\\/#\\\/schema\\\/person\\\/36ab0979449956132d3e5b517ea76ac8\",\"name\":\"Reda\u00e7\u00e3o\",\"image\":{\"@type\":\"ImageObject\",\"inLanguage\":\"pt-BR\",\"@id\":\"https:\\\/\\\/secure.gravatar.com\\\/avatar\\\/e0a867bdedb85fd243eadf09663511f96fc81e0720a4a42581f334ad4303aa6b?s=96&d=mm&r=g\",\"url\":\"https:\\\/\\\/secure.gravatar.com\\\/avatar\\\/e0a867bdedb85fd243eadf09663511f96fc81e0720a4a42581f334ad4303aa6b?s=96&d=mm&r=g\",\"contentUrl\":\"https:\\\/\\\/secure.gravatar.com\\\/avatar\\\/e0a867bdedb85fd243eadf09663511f96fc81e0720a4a42581f334ad4303aa6b?s=96&d=mm&r=g\",\"caption\":\"Reda\u00e7\u00e3o\"}}]}<\/script>\n<!-- \/ Yoast SEO plugin. -->","yoast_head_json":{"title":"Fauna silvestre ter\u00e1 hospital exclusivo para emerg\u00eancias - Notibras","robots":{"index":"index","follow":"follow","max-snippet":"max-snippet:-1","max-image-preview":"max-image-preview:large","max-video-preview":"max-video-preview:-1"},"canonical":"https:\/\/www.notibras.com\/site\/fauna-silvestre-tera-hospital-exclusivo-para-emergencias\/","og_locale":"pt_BR","og_type":"article","og_title":"Fauna silvestre ter\u00e1 hospital exclusivo para emerg\u00eancias - Notibras","og_description":"O Instituto Bras\u00edlia Ambiental, em parceria com a Sociedade Paulista de Medicina Veterin\u00e1ria (SPMV), inaugura neste s\u00e1bado (23) o Hospital e Centro de Reabilita\u00e7\u00e3o da Fauna Silvestre (HFAUS). O evento ser\u00e1 realizado \u00e0s 10h30, na sede do hospital, localizado no Setor Hoteleiro de Taguatinga. Segundo o presidente do Instituto Bras\u00edlia Ambiental, R\u00f4ney Nemer, o empreendimento [&hellip;]","og_url":"https:\/\/www.notibras.com\/site\/fauna-silvestre-tera-hospital-exclusivo-para-emergencias\/","og_site_name":"Notibras","article_publisher":"https:\/\/www.facebook.com\/notibras\/","article_published_time":"2024-03-21T03:05:24+00:00","article_modified_time":"2024-03-21T11:07:19+00:00","og_image":[{"width":768,"height":1024,"url":"https:\/\/www.notibras.com\/site\/wp-content\/uploads\/2024\/03\/Hfaus-4-768x1024-1.jpg","type":"image\/jpeg"}],"author":"Reda\u00e7\u00e3o","twitter_card":"summary_large_image","twitter_creator":"@Notibras","twitter_site":"@Notibras","twitter_misc":{"Escrito por":"Reda\u00e7\u00e3o","Est. tempo de leitura":"3 minutos"},"schema":{"@context":"https:\/\/schema.org","@graph":[{"@type":"Article","@id":"https:\/\/www.notibras.com\/site\/fauna-silvestre-tera-hospital-exclusivo-para-emergencias\/#article","isPartOf":{"@id":"https:\/\/www.notibras.com\/site\/fauna-silvestre-tera-hospital-exclusivo-para-emergencias\/"},"author":{"name":"Reda\u00e7\u00e3o","@id":"https:\/\/www.notibras.com\/site\/#\/schema\/person\/36ab0979449956132d3e5b517ea76ac8"},"headline":"Fauna silvestre ter\u00e1 hospital exclusivo para emerg\u00eancias","datePublished":"2024-03-21T03:05:24+00:00","dateModified":"2024-03-21T11:07:19+00:00","mainEntityOfPage":{"@id":"https:\/\/www.notibras.com\/site\/fauna-silvestre-tera-hospital-exclusivo-para-emergencias\/"},"wordCount":368,"publisher":{"@id":"https:\/\/www.notibras.com\/site\/#organization"},"image":{"@id":"https:\/\/www.notibras.com\/site\/fauna-silvestre-tera-hospital-exclusivo-para-emergencias\/#primaryimage"},"thumbnailUrl":"https:\/\/www.notibras.com\/site\/wp-content\/uploads\/2024\/03\/Hfaus-4-768x1024-1.jpg","articleSection":["Quadradinho em Foco"],"inLanguage":"pt-BR"},{"@type":"WebPage","@id":"https:\/\/www.notibras.com\/site\/fauna-silvestre-tera-hospital-exclusivo-para-emergencias\/","url":"https:\/\/www.notibras.com\/site\/fauna-silvestre-tera-hospital-exclusivo-para-emergencias\/","name":"Fauna silvestre ter\u00e1 hospital exclusivo para emerg\u00eancias - Notibras","isPartOf":{"@id":"https:\/\/www.notibras.com\/site\/#website"},"primaryImageOfPage":{"@id":"https:\/\/www.notibras.com\/site\/fauna-silvestre-tera-hospital-exclusivo-para-emergencias\/#primaryimage"},"image":{"@id":"https:\/\/www.notibras.com\/site\/fauna-silvestre-tera-hospital-exclusivo-para-emergencias\/#primaryimage"},"thumbnailUrl":"https:\/\/www.notibras.com\/site\/wp-content\/uploads\/2024\/03\/Hfaus-4-768x1024-1.jpg","datePublished":"2024-03-21T03:05:24+00:00","dateModified":"2024-03-21T11:07:19+00:00","breadcrumb":{"@id":"https:\/\/www.notibras.com\/site\/fauna-silvestre-tera-hospital-exclusivo-para-emergencias\/#breadcrumb"},"inLanguage":"pt-BR","potentialAction":[{"@type":"ReadAction","target":["https:\/\/www.notibras.com\/site\/fauna-silvestre-tera-hospital-exclusivo-para-emergencias\/"]}]},{"@type":"ImageObject","inLanguage":"pt-BR","@id":"https:\/\/www.notibras.com\/site\/fauna-silvestre-tera-hospital-exclusivo-para-emergencias\/#primaryimage","url":"https:\/\/www.notibras.com\/site\/wp-content\/uploads\/2024\/03\/Hfaus-4-768x1024-1.jpg","contentUrl":"https:\/\/www.notibras.com\/site\/wp-content\/uploads\/2024\/03\/Hfaus-4-768x1024-1.jpg","width":768,"height":1024},{"@type":"BreadcrumbList","@id":"https:\/\/www.notibras.com\/site\/fauna-silvestre-tera-hospital-exclusivo-para-emergencias\/#breadcrumb","itemListElement":[{"@type":"ListItem","position":1,"name":"In\u00edcio","item":"https:\/\/www.notibras.com\/site\/"},{"@type":"ListItem","position":2,"name":"Fauna silvestre ter\u00e1 hospital exclusivo para emerg\u00eancias"}]},{"@type":"WebSite","@id":"https:\/\/www.notibras.com\/site\/#website","url":"https:\/\/www.notibras.com\/site\/","name":"Notibras","description":"Not\u00edcias de Bras\u00edlia, do Brasil e do Mundo","publisher":{"@id":"https:\/\/www.notibras.com\/site\/#organization"},"potentialAction":[{"@type":"SearchAction","target":{"@type":"EntryPoint","urlTemplate":"https:\/\/www.notibras.com\/site\/?s={search_term_string}"},"query-input":{"@type":"PropertyValueSpecification","valueRequired":true,"valueName":"search_term_string"}}],"inLanguage":"pt-BR"},{"@type":"Organization","@id":"https:\/\/www.notibras.com\/site\/#organization","name":"Grupo Notibras de Comunica\u00e7\u00e3o","url":"https:\/\/www.notibras.com\/site\/","logo":{"@type":"ImageObject","inLanguage":"pt-BR","@id":"https:\/\/www.notibras.com\/site\/#\/schema\/logo\/image\/","url":"https:\/\/www.notibras.com\/site\/wp-content\/uploads\/2023\/01\/notibras23.png","contentUrl":"https:\/\/www.notibras.com\/site\/wp-content\/uploads\/2023\/01\/notibras23.png","width":350,"height":87,"caption":"Grupo Notibras de Comunica\u00e7\u00e3o"},"image":{"@id":"https:\/\/www.notibras.com\/site\/#\/schema\/logo\/image\/"},"sameAs":["https:\/\/www.facebook.com\/notibras\/","https:\/\/x.com\/Notibras","https:\/\/www.instagram.com\/notibras\/"]},{"@type":"Person","@id":"https:\/\/www.notibras.com\/site\/#\/schema\/person\/36ab0979449956132d3e5b517ea76ac8","name":"Reda\u00e7\u00e3o","image":{"@type":"ImageObject","inLanguage":"pt-BR","@id":"https:\/\/secure.gravatar.com\/avatar\/e0a867bdedb85fd243eadf09663511f96fc81e0720a4a42581f334ad4303aa6b?s=96&d=mm&r=g","url":"https:\/\/secure.gravatar.com\/avatar\/e0a867bdedb85fd243eadf09663511f96fc81e0720a4a42581f334ad4303aa6b?s=96&d=mm&r=g","contentUrl":"https:\/\/secure.gravatar.com\/avatar\/e0a867bdedb85fd243eadf09663511f96fc81e0720a4a42581f334ad4303aa6b?s=96&d=mm&r=g","caption":"Reda\u00e7\u00e3o"}}]}},"amp_enabled":true,"_links":{"self":[{"href":"https:\/\/www.notibras.com\/site\/wp-json\/wp\/v2\/posts\/325153","targetHints":{"allow":["GET"]}}],"collection":[{"href":"https:\/\/www.notibras.com\/site\/wp-json\/wp\/v2\/posts"}],"about":[{"href":"https:\/\/www.notibras.com\/site\/wp-json\/wp\/v2\/types\/post"}],"author":[{"embeddable":true,"href":"https:\/\/www.notibras.com\/site\/wp-json\/wp\/v2\/users\/2"}],"replies":[{"embeddable":true,"href":"https:\/\/www.notibras.com\/site\/wp-json\/wp\/v2\/comments?post=325153"}],"version-history":[{"count":1,"href":"https:\/\/www.notibras.com\/site\/wp-json\/wp\/v2\/posts\/325153\/revisions"}],"predecessor-version":[{"id":325155,"href":"https:\/\/www.notibras.com\/site\/wp-json\/wp\/v2\/posts\/325153\/revisions\/325155"}],"wp:featuredmedia":[{"embeddable":true,"href":"https:\/\/www.notibras.com\/site\/wp-json\/wp\/v2\/media\/325154"}],"wp:attachment":[{"href":"https:\/\/www.notibras.com\/site\/wp-json\/wp\/v2\/media?parent=325153"}],"wp:term":[{"taxonomy":"category","embeddable":true,"href":"https:\/\/www.notibras.com\/site\/wp-json\/wp\/v2\/categories?post=325153"},{"taxonomy":"post_tag","embeddable":true,"href":"https:\/\/www.notibras.com\/site\/wp-json\/wp\/v2\/tags?post=325153"}],"curies":[{"name":"wp","href":"https:\/\/api.w.org\/{rel}","templated":true}]}}