{"id":325198,"date":"2024-03-22T08:07:38","date_gmt":"2024-03-22T11:07:38","guid":{"rendered":"https:\/\/www.notibras.com\/site\/?p=325198"},"modified":"2024-03-22T08:17:23","modified_gmt":"2024-03-22T11:17:23","slug":"quem-parte-dessa-pra-melhor-tem-quem-espere","status":"publish","type":"post","link":"https:\/\/www.notibras.com\/site\/quem-parte-dessa-pra-melhor-tem-quem-espere\/","title":{"rendered":"Quem parte dessa pra melhor, tem quem espere"},"content":{"rendered":"<p>Assim como h\u00e1 pessoas especiais que passam pelas nossas vidas, os c\u00e3es tamb\u00e9m nos encantam de tal forma, que eles passam a ser assunto de conversas e lembran\u00e7as. Tive a oportunidade de conhecer v\u00e1rios cachorros desde a minha tenra inf\u00e2ncia. Seria at\u00e9 injusto com alguns se eu n\u00e3o os mencionasse aqui. Todavia, vou falar especialmente de uma, a Cuquinha, uma cadela da ra\u00e7a Bull Terrier que foi a minha mais doce companheira por seis anos.<\/p>\n<p>O mundo da Cuquinha era eu, tanto \u00e9 que ela nem mexia as orelhas caso outra pessoa a chamasse. Isso, \u00e0s vezes, acabava irritando algu\u00e9m, mas eu achava o m\u00e1ximo. Ela passava o dia comigo na cl\u00ednica e, ao final do dia, voltava para casa ao meu lado.<\/p>\n<p>Um dia, infelizmente, ela faleceu, ainda nova, nos meus bra\u00e7os. Fiquei sem ch\u00e3o nesse dia e por um bom tempo nem quis mais ter c\u00e3es. Obviamente, acabei entregando os pontos, pois viver longe de um nariz gelado \u00e9 um desalento.<\/p>\n<p>N\u00e3o sei exatamente quando come\u00e7ou, mas um dia, logo ap\u00f3s algu\u00e9m ter falecido, eu falei: &#8220;Foi brincar com a Cuquinha&#8221;. Isso, ali\u00e1s, acabou sendo o comunicado sobre algum falecimento, n\u00e3o importa de quem quer que seja. Na minha fam\u00edlia, portanto, nunca falamos que algu\u00e9m morreu, faleceu ou partiu desta para melhor, mas foi brincar com a Cuquinha.<\/p>\n<p>E eis que um dia estava olhando algumas fotos da Cuquinha, quando um amigo se aproximou. Acabei lhe contando essa hist\u00f3ria. Ele, ent\u00e3o, se virou para mim e disse: &#8220;Sempre tem uma Cuquinha esperando por todos n\u00f3s em algum lugar&#8221;.<\/p>\n","protected":false},"excerpt":{"rendered":"<p>Assim como h\u00e1 pessoas especiais que passam pelas nossas vidas, os c\u00e3es tamb\u00e9m nos encantam de tal forma, que eles passam a ser assunto de conversas e lembran\u00e7as. Tive a oportunidade de conhecer v\u00e1rios cachorros desde a minha tenra inf\u00e2ncia. Seria at\u00e9 injusto com alguns se eu n\u00e3o os mencionasse aqui. Todavia, vou falar especialmente [&hellip;]<\/p>\n","protected":false},"author":2,"featured_media":325200,"comment_status":"closed","ping_status":"closed","sticky":false,"template":"","format":"standard","meta":{"_acf_changed":false,"footnotes":""},"categories":[161],"tags":[],"class_list":["post-325198","post","type-post","status-publish","format-standard","has-post-thumbnail","hentry","category-quadradinho-em-foco"],"acf":[],"yoast_head":"<!-- This site is optimized with the Yoast SEO plugin v27.5 - https:\/\/yoast.com\/product\/yoast-seo-wordpress\/ -->\n<title>Quem parte dessa pra melhor, tem quem espere - Notibras<\/title>\n<meta name=\"robots\" content=\"index, follow, max-snippet:-1, max-image-preview:large, max-video-preview:-1\" \/>\n<link rel=\"canonical\" href=\"https:\/\/www.notibras.com\/site\/quem-parte-dessa-pra-melhor-tem-quem-espere\/\" \/>\n<meta property=\"og:locale\" content=\"pt_BR\" \/>\n<meta property=\"og:type\" content=\"article\" \/>\n<meta property=\"og:title\" content=\"Quem parte dessa pra melhor, tem quem espere - Notibras\" \/>\n<meta property=\"og:description\" content=\"Assim como h\u00e1 pessoas especiais que passam pelas nossas vidas, os c\u00e3es tamb\u00e9m nos encantam de tal forma, que eles passam a ser assunto de conversas e lembran\u00e7as. Tive a oportunidade de conhecer v\u00e1rios cachorros desde a minha tenra inf\u00e2ncia. Seria at\u00e9 injusto com alguns se eu n\u00e3o os mencionasse aqui. Todavia, vou falar especialmente [&hellip;]\" \/>\n<meta property=\"og:url\" content=\"https:\/\/www.notibras.com\/site\/quem-parte-dessa-pra-melhor-tem-quem-espere\/\" \/>\n<meta property=\"og:site_name\" content=\"Notibras\" \/>\n<meta property=\"article:publisher\" content=\"https:\/\/www.facebook.com\/notibras\/\" \/>\n<meta property=\"article:published_time\" content=\"2024-03-22T11:07:38+00:00\" \/>\n<meta property=\"article:modified_time\" content=\"2024-03-22T11:17:23+00:00\" \/>\n<meta property=\"og:image\" content=\"https:\/\/www.notibras.com\/site\/wp-content\/uploads\/2024\/03\/580e650a-476b-4e49-8715-d1396bf4c3a3.jpeg\" \/>\n\t<meta property=\"og:image:width\" content=\"320\" \/>\n\t<meta property=\"og:image:height\" content=\"240\" \/>\n\t<meta property=\"og:image:type\" content=\"image\/jpeg\" \/>\n<meta name=\"author\" content=\"Reda\u00e7\u00e3o\" \/>\n<meta name=\"twitter:card\" content=\"summary_large_image\" \/>\n<meta name=\"twitter:creator\" content=\"@Notibras\" \/>\n<meta name=\"twitter:site\" content=\"@Notibras\" \/>\n<meta name=\"twitter:label1\" content=\"Escrito por\" \/>\n\t<meta name=\"twitter:data1\" content=\"Reda\u00e7\u00e3o\" \/>\n\t<meta name=\"twitter:label2\" content=\"Est. tempo de leitura\" \/>\n\t<meta name=\"twitter:data2\" content=\"2 minutos\" \/>\n<script type=\"application\/ld+json\" class=\"yoast-schema-graph\">{\"@context\":\"https:\\\/\\\/schema.org\",\"@graph\":[{\"@type\":\"Article\",\"@id\":\"https:\\\/\\\/www.notibras.com\\\/site\\\/quem-parte-dessa-pra-melhor-tem-quem-espere\\\/#article\",\"isPartOf\":{\"@id\":\"https:\\\/\\\/www.notibras.com\\\/site\\\/quem-parte-dessa-pra-melhor-tem-quem-espere\\\/\"},\"author\":{\"name\":\"Reda\u00e7\u00e3o\",\"@id\":\"https:\\\/\\\/www.notibras.com\\\/site\\\/#\\\/schema\\\/person\\\/36ab0979449956132d3e5b517ea76ac8\"},\"headline\":\"Quem parte dessa pra melhor, tem quem espere\",\"datePublished\":\"2024-03-22T11:07:38+00:00\",\"dateModified\":\"2024-03-22T11:17:23+00:00\",\"mainEntityOfPage\":{\"@id\":\"https:\\\/\\\/www.notibras.com\\\/site\\\/quem-parte-dessa-pra-melhor-tem-quem-espere\\\/\"},\"wordCount\":290,\"publisher\":{\"@id\":\"https:\\\/\\\/www.notibras.com\\\/site\\\/#organization\"},\"image\":{\"@id\":\"https:\\\/\\\/www.notibras.com\\\/site\\\/quem-parte-dessa-pra-melhor-tem-quem-espere\\\/#primaryimage\"},\"thumbnailUrl\":\"https:\\\/\\\/www.notibras.com\\\/site\\\/wp-content\\\/uploads\\\/2024\\\/03\\\/580e650a-476b-4e49-8715-d1396bf4c3a3.jpeg\",\"articleSection\":[\"Quadradinho em Foco\"],\"inLanguage\":\"pt-BR\"},{\"@type\":\"WebPage\",\"@id\":\"https:\\\/\\\/www.notibras.com\\\/site\\\/quem-parte-dessa-pra-melhor-tem-quem-espere\\\/\",\"url\":\"https:\\\/\\\/www.notibras.com\\\/site\\\/quem-parte-dessa-pra-melhor-tem-quem-espere\\\/\",\"name\":\"Quem parte dessa pra melhor, tem quem espere - Notibras\",\"isPartOf\":{\"@id\":\"https:\\\/\\\/www.notibras.com\\\/site\\\/#website\"},\"primaryImageOfPage\":{\"@id\":\"https:\\\/\\\/www.notibras.com\\\/site\\\/quem-parte-dessa-pra-melhor-tem-quem-espere\\\/#primaryimage\"},\"image\":{\"@id\":\"https:\\\/\\\/www.notibras.com\\\/site\\\/quem-parte-dessa-pra-melhor-tem-quem-espere\\\/#primaryimage\"},\"thumbnailUrl\":\"https:\\\/\\\/www.notibras.com\\\/site\\\/wp-content\\\/uploads\\\/2024\\\/03\\\/580e650a-476b-4e49-8715-d1396bf4c3a3.jpeg\",\"datePublished\":\"2024-03-22T11:07:38+00:00\",\"dateModified\":\"2024-03-22T11:17:23+00:00\",\"breadcrumb\":{\"@id\":\"https:\\\/\\\/www.notibras.com\\\/site\\\/quem-parte-dessa-pra-melhor-tem-quem-espere\\\/#breadcrumb\"},\"inLanguage\":\"pt-BR\",\"potentialAction\":[{\"@type\":\"ReadAction\",\"target\":[\"https:\\\/\\\/www.notibras.com\\\/site\\\/quem-parte-dessa-pra-melhor-tem-quem-espere\\\/\"]}]},{\"@type\":\"ImageObject\",\"inLanguage\":\"pt-BR\",\"@id\":\"https:\\\/\\\/www.notibras.com\\\/site\\\/quem-parte-dessa-pra-melhor-tem-quem-espere\\\/#primaryimage\",\"url\":\"https:\\\/\\\/www.notibras.com\\\/site\\\/wp-content\\\/uploads\\\/2024\\\/03\\\/580e650a-476b-4e49-8715-d1396bf4c3a3.jpeg\",\"contentUrl\":\"https:\\\/\\\/www.notibras.com\\\/site\\\/wp-content\\\/uploads\\\/2024\\\/03\\\/580e650a-476b-4e49-8715-d1396bf4c3a3.jpeg\",\"width\":320,\"height\":240},{\"@type\":\"BreadcrumbList\",\"@id\":\"https:\\\/\\\/www.notibras.com\\\/site\\\/quem-parte-dessa-pra-melhor-tem-quem-espere\\\/#breadcrumb\",\"itemListElement\":[{\"@type\":\"ListItem\",\"position\":1,\"name\":\"In\u00edcio\",\"item\":\"https:\\\/\\\/www.notibras.com\\\/site\\\/\"},{\"@type\":\"ListItem\",\"position\":2,\"name\":\"Quem parte dessa pra melhor, tem quem espere\"}]},{\"@type\":\"WebSite\",\"@id\":\"https:\\\/\\\/www.notibras.com\\\/site\\\/#website\",\"url\":\"https:\\\/\\\/www.notibras.com\\\/site\\\/\",\"name\":\"Notibras\",\"description\":\"Not\u00edcias de Bras\u00edlia, do Brasil e do Mundo\",\"publisher\":{\"@id\":\"https:\\\/\\\/www.notibras.com\\\/site\\\/#organization\"},\"potentialAction\":[{\"@type\":\"SearchAction\",\"target\":{\"@type\":\"EntryPoint\",\"urlTemplate\":\"https:\\\/\\\/www.notibras.com\\\/site\\\/?s={search_term_string}\"},\"query-input\":{\"@type\":\"PropertyValueSpecification\",\"valueRequired\":true,\"valueName\":\"search_term_string\"}}],\"inLanguage\":\"pt-BR\"},{\"@type\":\"Organization\",\"@id\":\"https:\\\/\\\/www.notibras.com\\\/site\\\/#organization\",\"name\":\"Grupo Notibras de Comunica\u00e7\u00e3o\",\"url\":\"https:\\\/\\\/www.notibras.com\\\/site\\\/\",\"logo\":{\"@type\":\"ImageObject\",\"inLanguage\":\"pt-BR\",\"@id\":\"https:\\\/\\\/www.notibras.com\\\/site\\\/#\\\/schema\\\/logo\\\/image\\\/\",\"url\":\"https:\\\/\\\/www.notibras.com\\\/site\\\/wp-content\\\/uploads\\\/2023\\\/01\\\/notibras23.png\",\"contentUrl\":\"https:\\\/\\\/www.notibras.com\\\/site\\\/wp-content\\\/uploads\\\/2023\\\/01\\\/notibras23.png\",\"width\":350,\"height\":87,\"caption\":\"Grupo Notibras de Comunica\u00e7\u00e3o\"},\"image\":{\"@id\":\"https:\\\/\\\/www.notibras.com\\\/site\\\/#\\\/schema\\\/logo\\\/image\\\/\"},\"sameAs\":[\"https:\\\/\\\/www.facebook.com\\\/notibras\\\/\",\"https:\\\/\\\/x.com\\\/Notibras\",\"https:\\\/\\\/www.instagram.com\\\/notibras\\\/\"]},{\"@type\":\"Person\",\"@id\":\"https:\\\/\\\/www.notibras.com\\\/site\\\/#\\\/schema\\\/person\\\/36ab0979449956132d3e5b517ea76ac8\",\"name\":\"Reda\u00e7\u00e3o\",\"image\":{\"@type\":\"ImageObject\",\"inLanguage\":\"pt-BR\",\"@id\":\"https:\\\/\\\/secure.gravatar.com\\\/avatar\\\/e0a867bdedb85fd243eadf09663511f96fc81e0720a4a42581f334ad4303aa6b?s=96&d=mm&r=g\",\"url\":\"https:\\\/\\\/secure.gravatar.com\\\/avatar\\\/e0a867bdedb85fd243eadf09663511f96fc81e0720a4a42581f334ad4303aa6b?s=96&d=mm&r=g\",\"contentUrl\":\"https:\\\/\\\/secure.gravatar.com\\\/avatar\\\/e0a867bdedb85fd243eadf09663511f96fc81e0720a4a42581f334ad4303aa6b?s=96&d=mm&r=g\",\"caption\":\"Reda\u00e7\u00e3o\"}}]}<\/script>\n<!-- \/ Yoast SEO plugin. -->","yoast_head_json":{"title":"Quem parte dessa pra melhor, tem quem espere - Notibras","robots":{"index":"index","follow":"follow","max-snippet":"max-snippet:-1","max-image-preview":"max-image-preview:large","max-video-preview":"max-video-preview:-1"},"canonical":"https:\/\/www.notibras.com\/site\/quem-parte-dessa-pra-melhor-tem-quem-espere\/","og_locale":"pt_BR","og_type":"article","og_title":"Quem parte dessa pra melhor, tem quem espere - Notibras","og_description":"Assim como h\u00e1 pessoas especiais que passam pelas nossas vidas, os c\u00e3es tamb\u00e9m nos encantam de tal forma, que eles passam a ser assunto de conversas e lembran\u00e7as. Tive a oportunidade de conhecer v\u00e1rios cachorros desde a minha tenra inf\u00e2ncia. Seria at\u00e9 injusto com alguns se eu n\u00e3o os mencionasse aqui. Todavia, vou falar especialmente [&hellip;]","og_url":"https:\/\/www.notibras.com\/site\/quem-parte-dessa-pra-melhor-tem-quem-espere\/","og_site_name":"Notibras","article_publisher":"https:\/\/www.facebook.com\/notibras\/","article_published_time":"2024-03-22T11:07:38+00:00","article_modified_time":"2024-03-22T11:17:23+00:00","og_image":[{"width":320,"height":240,"url":"https:\/\/www.notibras.com\/site\/wp-content\/uploads\/2024\/03\/580e650a-476b-4e49-8715-d1396bf4c3a3.jpeg","type":"image\/jpeg"}],"author":"Reda\u00e7\u00e3o","twitter_card":"summary_large_image","twitter_creator":"@Notibras","twitter_site":"@Notibras","twitter_misc":{"Escrito por":"Reda\u00e7\u00e3o","Est. tempo de leitura":"2 minutos"},"schema":{"@context":"https:\/\/schema.org","@graph":[{"@type":"Article","@id":"https:\/\/www.notibras.com\/site\/quem-parte-dessa-pra-melhor-tem-quem-espere\/#article","isPartOf":{"@id":"https:\/\/www.notibras.com\/site\/quem-parte-dessa-pra-melhor-tem-quem-espere\/"},"author":{"name":"Reda\u00e7\u00e3o","@id":"https:\/\/www.notibras.com\/site\/#\/schema\/person\/36ab0979449956132d3e5b517ea76ac8"},"headline":"Quem parte dessa pra melhor, tem quem espere","datePublished":"2024-03-22T11:07:38+00:00","dateModified":"2024-03-22T11:17:23+00:00","mainEntityOfPage":{"@id":"https:\/\/www.notibras.com\/site\/quem-parte-dessa-pra-melhor-tem-quem-espere\/"},"wordCount":290,"publisher":{"@id":"https:\/\/www.notibras.com\/site\/#organization"},"image":{"@id":"https:\/\/www.notibras.com\/site\/quem-parte-dessa-pra-melhor-tem-quem-espere\/#primaryimage"},"thumbnailUrl":"https:\/\/www.notibras.com\/site\/wp-content\/uploads\/2024\/03\/580e650a-476b-4e49-8715-d1396bf4c3a3.jpeg","articleSection":["Quadradinho em Foco"],"inLanguage":"pt-BR"},{"@type":"WebPage","@id":"https:\/\/www.notibras.com\/site\/quem-parte-dessa-pra-melhor-tem-quem-espere\/","url":"https:\/\/www.notibras.com\/site\/quem-parte-dessa-pra-melhor-tem-quem-espere\/","name":"Quem parte dessa pra melhor, tem quem espere - Notibras","isPartOf":{"@id":"https:\/\/www.notibras.com\/site\/#website"},"primaryImageOfPage":{"@id":"https:\/\/www.notibras.com\/site\/quem-parte-dessa-pra-melhor-tem-quem-espere\/#primaryimage"},"image":{"@id":"https:\/\/www.notibras.com\/site\/quem-parte-dessa-pra-melhor-tem-quem-espere\/#primaryimage"},"thumbnailUrl":"https:\/\/www.notibras.com\/site\/wp-content\/uploads\/2024\/03\/580e650a-476b-4e49-8715-d1396bf4c3a3.jpeg","datePublished":"2024-03-22T11:07:38+00:00","dateModified":"2024-03-22T11:17:23+00:00","breadcrumb":{"@id":"https:\/\/www.notibras.com\/site\/quem-parte-dessa-pra-melhor-tem-quem-espere\/#breadcrumb"},"inLanguage":"pt-BR","potentialAction":[{"@type":"ReadAction","target":["https:\/\/www.notibras.com\/site\/quem-parte-dessa-pra-melhor-tem-quem-espere\/"]}]},{"@type":"ImageObject","inLanguage":"pt-BR","@id":"https:\/\/www.notibras.com\/site\/quem-parte-dessa-pra-melhor-tem-quem-espere\/#primaryimage","url":"https:\/\/www.notibras.com\/site\/wp-content\/uploads\/2024\/03\/580e650a-476b-4e49-8715-d1396bf4c3a3.jpeg","contentUrl":"https:\/\/www.notibras.com\/site\/wp-content\/uploads\/2024\/03\/580e650a-476b-4e49-8715-d1396bf4c3a3.jpeg","width":320,"height":240},{"@type":"BreadcrumbList","@id":"https:\/\/www.notibras.com\/site\/quem-parte-dessa-pra-melhor-tem-quem-espere\/#breadcrumb","itemListElement":[{"@type":"ListItem","position":1,"name":"In\u00edcio","item":"https:\/\/www.notibras.com\/site\/"},{"@type":"ListItem","position":2,"name":"Quem parte dessa pra melhor, tem quem espere"}]},{"@type":"WebSite","@id":"https:\/\/www.notibras.com\/site\/#website","url":"https:\/\/www.notibras.com\/site\/","name":"Notibras","description":"Not\u00edcias de Bras\u00edlia, do Brasil e do Mundo","publisher":{"@id":"https:\/\/www.notibras.com\/site\/#organization"},"potentialAction":[{"@type":"SearchAction","target":{"@type":"EntryPoint","urlTemplate":"https:\/\/www.notibras.com\/site\/?s={search_term_string}"},"query-input":{"@type":"PropertyValueSpecification","valueRequired":true,"valueName":"search_term_string"}}],"inLanguage":"pt-BR"},{"@type":"Organization","@id":"https:\/\/www.notibras.com\/site\/#organization","name":"Grupo Notibras de Comunica\u00e7\u00e3o","url":"https:\/\/www.notibras.com\/site\/","logo":{"@type":"ImageObject","inLanguage":"pt-BR","@id":"https:\/\/www.notibras.com\/site\/#\/schema\/logo\/image\/","url":"https:\/\/www.notibras.com\/site\/wp-content\/uploads\/2023\/01\/notibras23.png","contentUrl":"https:\/\/www.notibras.com\/site\/wp-content\/uploads\/2023\/01\/notibras23.png","width":350,"height":87,"caption":"Grupo Notibras de Comunica\u00e7\u00e3o"},"image":{"@id":"https:\/\/www.notibras.com\/site\/#\/schema\/logo\/image\/"},"sameAs":["https:\/\/www.facebook.com\/notibras\/","https:\/\/x.com\/Notibras","https:\/\/www.instagram.com\/notibras\/"]},{"@type":"Person","@id":"https:\/\/www.notibras.com\/site\/#\/schema\/person\/36ab0979449956132d3e5b517ea76ac8","name":"Reda\u00e7\u00e3o","image":{"@type":"ImageObject","inLanguage":"pt-BR","@id":"https:\/\/secure.gravatar.com\/avatar\/e0a867bdedb85fd243eadf09663511f96fc81e0720a4a42581f334ad4303aa6b?s=96&d=mm&r=g","url":"https:\/\/secure.gravatar.com\/avatar\/e0a867bdedb85fd243eadf09663511f96fc81e0720a4a42581f334ad4303aa6b?s=96&d=mm&r=g","contentUrl":"https:\/\/secure.gravatar.com\/avatar\/e0a867bdedb85fd243eadf09663511f96fc81e0720a4a42581f334ad4303aa6b?s=96&d=mm&r=g","caption":"Reda\u00e7\u00e3o"}}]}},"amp_enabled":true,"_links":{"self":[{"href":"https:\/\/www.notibras.com\/site\/wp-json\/wp\/v2\/posts\/325198","targetHints":{"allow":["GET"]}}],"collection":[{"href":"https:\/\/www.notibras.com\/site\/wp-json\/wp\/v2\/posts"}],"about":[{"href":"https:\/\/www.notibras.com\/site\/wp-json\/wp\/v2\/types\/post"}],"author":[{"embeddable":true,"href":"https:\/\/www.notibras.com\/site\/wp-json\/wp\/v2\/users\/2"}],"replies":[{"embeddable":true,"href":"https:\/\/www.notibras.com\/site\/wp-json\/wp\/v2\/comments?post=325198"}],"version-history":[{"count":2,"href":"https:\/\/www.notibras.com\/site\/wp-json\/wp\/v2\/posts\/325198\/revisions"}],"predecessor-version":[{"id":325202,"href":"https:\/\/www.notibras.com\/site\/wp-json\/wp\/v2\/posts\/325198\/revisions\/325202"}],"wp:featuredmedia":[{"embeddable":true,"href":"https:\/\/www.notibras.com\/site\/wp-json\/wp\/v2\/media\/325200"}],"wp:attachment":[{"href":"https:\/\/www.notibras.com\/site\/wp-json\/wp\/v2\/media?parent=325198"}],"wp:term":[{"taxonomy":"category","embeddable":true,"href":"https:\/\/www.notibras.com\/site\/wp-json\/wp\/v2\/categories?post=325198"},{"taxonomy":"post_tag","embeddable":true,"href":"https:\/\/www.notibras.com\/site\/wp-json\/wp\/v2\/tags?post=325198"}],"curies":[{"name":"wp","href":"https:\/\/api.w.org\/{rel}","templated":true}]}}