{"id":325203,"date":"2024-03-22T08:22:07","date_gmt":"2024-03-22T11:22:07","guid":{"rendered":"https:\/\/www.notibras.com\/site\/?p=325203"},"modified":"2024-03-22T08:23:17","modified_gmt":"2024-03-22T11:23:17","slug":"filme-revisita-historia-da-trajetoria-de-pc-farias","status":"publish","type":"post","link":"https:\/\/www.notibras.com\/site\/filme-revisita-historia-da-trajetoria-de-pc-farias\/","title":{"rendered":"Filme revisita hist\u00f3ria da trajet\u00f3ria de PC Farias"},"content":{"rendered":"<p>Um personagem que chegou \u00e0s alturas do poder encoberto pelas sombras \u00e9 o tema do document\u00e1rio Morcego Negro. O filme, j\u00e1 em cartaz, reconta a hist\u00f3ria de Paulo C\u00e9sar Farias, empres\u00e1rio e tesoureiro da campanha que levou Fernando Collor de Mello \u00e0 Presid\u00eancia da Rep\u00fablica em 1989. O trabalho \u00e9 baseado no livro Morcegos negros, de Lucas Figueiredo.<\/p>\n<p>\u201cEle n\u00e3o \u00e9 uma figura p\u00fablica. O PC se torna p\u00fablico por meio da CPI [Comiss\u00e3o Parlamentar de Inqu\u00e9rito]. Ningu\u00e9m da popula\u00e7\u00e3o em geral sabia quem era PC Farias, o que fazia, o que falava, o que comia, o que pensava\u201d, comenta Cleisson Vidal, que dirige o longa-metragem ao lado de Chaim Litewski.<\/p>\n<p><strong>Impeachment<\/strong><br \/>\nCollor foi o primeiro presidente eleito por vota\u00e7\u00e3o direta desde o golpe que instaurou a ditadura militar em 1964. O empres\u00e1rio alagoano deixaria o Pal\u00e1cio do Planalto ap\u00f3s sofrer processo de impeachment no Congresso Nacional, no segundo ano de governo, em 1992. A perda do mandato ocorreu devido a esc\u00e2ndalos de corrup\u00e7\u00e3o, em que PC, apontado como figura central, foi investigado em CPI ao longo daquele mesmo ano.<\/p>\n<p>\u201c\u00c9 um per\u00edodo muito turbulento\u201d, diz o diretor, lembrando que enquanto o Brasil vivia a redemocratiza\u00e7\u00e3o, o mundo encarava o fim da Uni\u00e3o Sovi\u00e9tica e a polariza\u00e7\u00e3o da Guerra Fria. \u201c\u00c9 um per\u00edodo de transi\u00e7\u00e3o no mundo\u201d, enfatiza.<\/p>\n<p>\u201c\u00c9 uma coisa de olhar a hist\u00f3ria de novo, entender quem s\u00e3o essas figuras, esses personagens, qual o papel que foi dado a eles e o que de fato representaram\u201d, explica Vidal sobre as motiva\u00e7\u00f5es do filme, que tem depoimentos de figuras-chave \u00e0 \u00e9poca, como o pr\u00f3prio Collor e o ent\u00e3o l\u00edder do governo no Congresso, Renan Calheiros. \u201cA gente tinha o compromisso de tentar falar com essas pessoas numa perspectiva hist\u00f3rica, j\u00e1 com certo distanciamento, com a vida delas em outro momento\u201d, acrescenta o diretor.<\/p>\n<p><strong>Vil\u00e3o<\/strong><br \/>\nA ascens\u00e3o de Collor ao poder fez com que PC tamb\u00e9m chegasse \u00e0s alturas em influ\u00eancia na pol\u00edtica nacional. Um elemento que ilustra material e simbolicamente esse momento \u00e9 o jato particular adquirido pelo empres\u00e1rio. A aeronave, batizada por ele de Morcego Negro, foi alvo de investiga\u00e7\u00f5es e especula\u00e7\u00f5es at\u00e9 depois de sua morte.<\/p>\n<p>A constru\u00e7\u00e3o de PC como vil\u00e3o \u00e9 um dos pontos explorados pelo filme. Os depoimentos mostram que a personifica\u00e7\u00e3o dos esc\u00e2ndalos no tesoureiro misturava conveni\u00eancia e preconceito. At\u00e9 a apar\u00eancia f\u00edsica do empres\u00e1rio teria sido apropriada para essa constru\u00e7\u00e3o.<\/p>\n<p>Careca, com bigode definido como \u201cgrande demais\u201d por um dos entrevistados, com gosto por roupas extravagantes, al\u00e9m da origem nordestina, s\u00e3o elementos citados como prop\u00edcios para compor essa imagem. \u201cAli voc\u00ea tinha o interesse de criar uma imagem negativa daquela pessoa. E, por sua vez, atingir o presidente da Rep\u00fablica. Ent\u00e3o, onde voc\u00ea pega? Voc\u00ea pega nos estere\u00f3tipos\u201d, diz Vidal.<\/p>\n<p>Em contraponto, o filme traz elementos menos lembrados a respeito do tesoureiro, apresentado por diversas vezes como pessoa simp\u00e1tica, culta e que valorizava os momentos em fam\u00edlia. Faltam, no entanto, grava\u00e7\u00f5es em que PC teve a oportunidade de falar sobre si mesmo, por isso o registro da CPI ganha import\u00e2ncia.<\/p>\n<p>\u201cEle pede a palavra ao Congresso e fala: \u2018deixa eu contar a minha hist\u00f3ria\u2019. Porque, at\u00e9 ent\u00e3o, a hist\u00f3ria dele estava sendo contada pelos jornais e revistas. Ali, de fato, ele se torna uma figura p\u00fablica. Voc\u00ea n\u00e3o tem registro do PC antes, de \u00e1udio ou filmagem. Por isso que a gente entende que aquilo ali seja a melhor pe\u00e7a sobre o PC\u201d, explica o diretor sobre a import\u00e2ncia do registro.<\/p>\n<p><strong>Religiosidade<\/strong><br \/>\nUm aspecto \u00edntimo que emerge e se mistura \u00e0 vida p\u00fablica do tesoureiro \u00e9 a religiosidade. M\u00e3e Mirian, uma das matriarcas das religi\u00f5es de matriz africana de Alagoas, \u00e9 uma das entrevistadas para o filme. Para Vidal, a ialorix\u00e1 antecipou o destino tr\u00e1gico que esperava PC. \u201cEla acerta tudo que fala. Os b\u00fazios dela acertam tudo. Ela contou ao PC algumas coisas, ou intuiu ou direcionou\u201d, comenta o diretor. \u201cA esposa do PC \u00e9 uma mulher muito espiritualizada. S\u00e3o esses elementos ricos que tornam as figuras dos personagens brasileiros t\u00e3o complexas\u201d, complementa.<\/p>\n<p>A pr\u00f3pria natureza da atividade pol\u00edtica, na vis\u00e3o de Vidal, acaba atraindo a necessidade de ferramentas que v\u00e3o al\u00e9m do racional. \u201cPol\u00edtica \u00e9 uma coisa muito aberta, de muita energia, n\u00e3o d\u00e1 para confiar s\u00f3 nas pesquisas de mercado. Tamb\u00e9m precisa da prote\u00e7\u00e3o do n\u00e3o vis\u00edvel, da energia c\u00f3smica humana que se traduz por meio da religi\u00e3o\u201d, afirma.<\/p>\n<p><strong>Fuga e morte<\/strong><br \/>\nAp\u00f3s a sa\u00edda de Collor da Presid\u00eancia, PC foge do pa\u00eds. O document\u00e1rio mostra que durante o per\u00edodo em que esteve na clandestinidade no exterior, o empres\u00e1rio teve a ajuda de autoridades estrangeiras em alguns pa\u00edses. Ao retornar, passa algum tempo na pris\u00e3o.<\/p>\n<p>J\u00e1 em liberdade, em junho de 1996, PC Farias \u00e9 assassinado junto com a namorada Suzana Marcolino. A primeira vers\u00e3o \u00e9 de que ela teria matado o empres\u00e1rio e se suicidado depois. Exames periciais posteriores descartam a hip\u00f3tese de suic\u00eddio. Quatro policiais militares que faziam a seguran\u00e7a da casa em que o casal foi morto chegaram a ser julgados pelo crime em 2013, sendo absolvidos ao final.<\/p>\n","protected":false},"excerpt":{"rendered":"<p>Um personagem que chegou \u00e0s alturas do poder encoberto pelas sombras \u00e9 o tema do document\u00e1rio Morcego Negro. O filme, j\u00e1 em cartaz, reconta a hist\u00f3ria de Paulo C\u00e9sar Farias, empres\u00e1rio e tesoureiro da campanha que levou Fernando Collor de Mello \u00e0 Presid\u00eancia da Rep\u00fablica em 1989. O trabalho \u00e9 baseado no livro Morcegos negros, [&hellip;]<\/p>\n","protected":false},"author":2,"featured_media":325204,"comment_status":"closed","ping_status":"closed","sticky":false,"template":"","format":"standard","meta":{"_acf_changed":false,"footnotes":""},"categories":[166,165],"tags":[],"class_list":["post-325203","post","type-post","status-publish","format-standard","has-post-thumbnail","hentry","category-alagoas","category-nordeste"],"acf":[],"_links":{"self":[{"href":"https:\/\/www.notibras.com\/site\/wp-json\/wp\/v2\/posts\/325203","targetHints":{"allow":["GET"]}}],"collection":[{"href":"https:\/\/www.notibras.com\/site\/wp-json\/wp\/v2\/posts"}],"about":[{"href":"https:\/\/www.notibras.com\/site\/wp-json\/wp\/v2\/types\/post"}],"author":[{"embeddable":true,"href":"https:\/\/www.notibras.com\/site\/wp-json\/wp\/v2\/users\/2"}],"replies":[{"embeddable":true,"href":"https:\/\/www.notibras.com\/site\/wp-json\/wp\/v2\/comments?post=325203"}],"version-history":[{"count":3,"href":"https:\/\/www.notibras.com\/site\/wp-json\/wp\/v2\/posts\/325203\/revisions"}],"predecessor-version":[{"id":325207,"href":"https:\/\/www.notibras.com\/site\/wp-json\/wp\/v2\/posts\/325203\/revisions\/325207"}],"wp:featuredmedia":[{"embeddable":true,"href":"https:\/\/www.notibras.com\/site\/wp-json\/wp\/v2\/media\/325204"}],"wp:attachment":[{"href":"https:\/\/www.notibras.com\/site\/wp-json\/wp\/v2\/media?parent=325203"}],"wp:term":[{"taxonomy":"category","embeddable":true,"href":"https:\/\/www.notibras.com\/site\/wp-json\/wp\/v2\/categories?post=325203"},{"taxonomy":"post_tag","embeddable":true,"href":"https:\/\/www.notibras.com\/site\/wp-json\/wp\/v2\/tags?post=325203"}],"curies":[{"name":"wp","href":"https:\/\/api.w.org\/{rel}","templated":true}]}}