{"id":325208,"date":"2024-03-22T00:00:45","date_gmt":"2024-03-22T03:00:45","guid":{"rendered":"https:\/\/www.notibras.com\/site\/?p=325208"},"modified":"2024-03-22T08:50:26","modified_gmt":"2024-03-22T11:50:26","slug":"projeto-futuro-campeao-abre-inscricoes-para-seletiva","status":"publish","type":"post","link":"https:\/\/www.notibras.com\/site\/projeto-futuro-campeao-abre-inscricoes-para-seletiva\/","title":{"rendered":"Projeto Futuro Campe\u00e3o abre inscri\u00e7\u00f5es para seletiva"},"content":{"rendered":"<p>A Secretaria de Esporte e Lazer abriu inscri\u00e7\u00f5es para a seletiva de gin\u00e1stica r\u00edtmica do projeto Futuro Campe\u00e3o. A peneira est\u00e1 marcada para s\u00e1bado (23), das 9h \u00e0s 12h30, no Centro Ol\u00edmpico e Paral\u00edmpico (COP) do Setor O, em Ceil\u00e2ndia. Ao todo, ser\u00e3o oferecidas 30 vagas, destinadas a meninas com idade entre 7 e 15 anos.<\/p>\n<p>A inscri\u00e7\u00e3o \u00e9 gratuita e pode ser realizada na secretaria da unidade ou no pr\u00f3prio dia da seletiva. Os selecionados recebem uniforme, lanche, transporte e materiais esportivos necess\u00e1rios para a realiza\u00e7\u00e3o das avalia\u00e7\u00f5es.<\/p>\n<p>O secret\u00e1rio Renato Junqueira elogia a metodologia do programa, implementado pela pasta nos COPs em 2013: \u201cEsse programa \u00e9 um dos pilares da Secretaria de Esporte e Lazer, no sentido de proporcionar oportunidades \u00e0 comunidade. O Futuro Campe\u00e3o ajuda a construir um caminho que al\u00e9m de contribuir para o fomento da pr\u00e1tica esportiva, se torna uma ferramenta indispens\u00e1vel na forma\u00e7\u00e3o integral dos jovens, ao direcion\u00e1-los para um futuro de realiza\u00e7\u00f5es\u201d.<\/p>\n<p>A modalidade \u00e9 caracterizada pela harmonia entre movimentos corporais e elementos de dan\u00e7a, que exigem disciplina, coordena\u00e7\u00e3o e dedica\u00e7\u00e3o por parte dos praticantes. Estes atributos alinham-se \u00e0s diretrizes do programa, que tem por objetivo identificar jovens promissores no campo esportivo e promover uma viv\u00eancia saud\u00e1vel por meio do esporte.<\/p>\n","protected":false},"excerpt":{"rendered":"<p>A Secretaria de Esporte e Lazer abriu inscri\u00e7\u00f5es para a seletiva de gin\u00e1stica r\u00edtmica do projeto Futuro Campe\u00e3o. A peneira est\u00e1 marcada para s\u00e1bado (23), das 9h \u00e0s 12h30, no Centro Ol\u00edmpico e Paral\u00edmpico (COP) do Setor O, em Ceil\u00e2ndia. Ao todo, ser\u00e3o oferecidas 30 vagas, destinadas a meninas com idade entre 7 e 15 [&hellip;]<\/p>\n","protected":false},"author":2,"featured_media":325209,"comment_status":"closed","ping_status":"closed","sticky":false,"template":"","format":"standard","meta":{"_acf_changed":false,"footnotes":""},"categories":[161],"tags":[],"class_list":["post-325208","post","type-post","status-publish","format-standard","has-post-thumbnail","hentry","category-quadradinho-em-foco"],"acf":[],"yoast_head":"<!-- This site is optimized with the Yoast SEO plugin v27.5 - https:\/\/yoast.com\/product\/yoast-seo-wordpress\/ -->\n<title>Projeto Futuro Campe\u00e3o abre inscri\u00e7\u00f5es para seletiva - Notibras<\/title>\n<meta name=\"robots\" content=\"index, follow, max-snippet:-1, max-image-preview:large, max-video-preview:-1\" \/>\n<link rel=\"canonical\" href=\"https:\/\/www.notibras.com\/site\/projeto-futuro-campeao-abre-inscricoes-para-seletiva\/\" \/>\n<meta property=\"og:locale\" content=\"pt_BR\" \/>\n<meta property=\"og:type\" content=\"article\" \/>\n<meta property=\"og:title\" content=\"Projeto Futuro Campe\u00e3o abre inscri\u00e7\u00f5es para seletiva - Notibras\" \/>\n<meta property=\"og:description\" content=\"A Secretaria de Esporte e Lazer abriu inscri\u00e7\u00f5es para a seletiva de gin\u00e1stica r\u00edtmica do projeto Futuro Campe\u00e3o. A peneira est\u00e1 marcada para s\u00e1bado (23), das 9h \u00e0s 12h30, no Centro Ol\u00edmpico e Paral\u00edmpico (COP) do Setor O, em Ceil\u00e2ndia. Ao todo, ser\u00e3o oferecidas 30 vagas, destinadas a meninas com idade entre 7 e 15 [&hellip;]\" \/>\n<meta property=\"og:url\" content=\"https:\/\/www.notibras.com\/site\/projeto-futuro-campeao-abre-inscricoes-para-seletiva\/\" \/>\n<meta property=\"og:site_name\" content=\"Notibras\" \/>\n<meta property=\"article:publisher\" content=\"https:\/\/www.facebook.com\/notibras\/\" \/>\n<meta property=\"article:published_time\" content=\"2024-03-22T03:00:45+00:00\" \/>\n<meta property=\"article:modified_time\" content=\"2024-03-22T11:50:26+00:00\" \/>\n<meta property=\"og:image\" content=\"https:\/\/www.notibras.com\/site\/wp-content\/uploads\/2024\/03\/ginastica-ritmica_152979776.jpg\" \/>\n\t<meta property=\"og:image:width\" content=\"2500\" \/>\n\t<meta property=\"og:image:height\" content=\"2000\" \/>\n\t<meta property=\"og:image:type\" content=\"image\/jpeg\" \/>\n<meta name=\"author\" content=\"Reda\u00e7\u00e3o\" \/>\n<meta name=\"twitter:card\" content=\"summary_large_image\" \/>\n<meta name=\"twitter:creator\" content=\"@Notibras\" \/>\n<meta name=\"twitter:site\" content=\"@Notibras\" \/>\n<meta name=\"twitter:label1\" content=\"Escrito por\" \/>\n\t<meta name=\"twitter:data1\" content=\"Reda\u00e7\u00e3o\" \/>\n\t<meta name=\"twitter:label2\" content=\"Est. tempo de leitura\" \/>\n\t<meta name=\"twitter:data2\" content=\"2 minutos\" \/>\n<script type=\"application\/ld+json\" class=\"yoast-schema-graph\">{\"@context\":\"https:\\\/\\\/schema.org\",\"@graph\":[{\"@type\":\"Article\",\"@id\":\"https:\\\/\\\/www.notibras.com\\\/site\\\/projeto-futuro-campeao-abre-inscricoes-para-seletiva\\\/#article\",\"isPartOf\":{\"@id\":\"https:\\\/\\\/www.notibras.com\\\/site\\\/projeto-futuro-campeao-abre-inscricoes-para-seletiva\\\/\"},\"author\":{\"name\":\"Reda\u00e7\u00e3o\",\"@id\":\"https:\\\/\\\/www.notibras.com\\\/site\\\/#\\\/schema\\\/person\\\/36ab0979449956132d3e5b517ea76ac8\"},\"headline\":\"Projeto Futuro Campe\u00e3o abre inscri\u00e7\u00f5es para seletiva\",\"datePublished\":\"2024-03-22T03:00:45+00:00\",\"dateModified\":\"2024-03-22T11:50:26+00:00\",\"mainEntityOfPage\":{\"@id\":\"https:\\\/\\\/www.notibras.com\\\/site\\\/projeto-futuro-campeao-abre-inscricoes-para-seletiva\\\/\"},\"wordCount\":235,\"publisher\":{\"@id\":\"https:\\\/\\\/www.notibras.com\\\/site\\\/#organization\"},\"image\":{\"@id\":\"https:\\\/\\\/www.notibras.com\\\/site\\\/projeto-futuro-campeao-abre-inscricoes-para-seletiva\\\/#primaryimage\"},\"thumbnailUrl\":\"https:\\\/\\\/www.notibras.com\\\/site\\\/wp-content\\\/uploads\\\/2024\\\/03\\\/ginastica-ritmica_152979776.jpg\",\"articleSection\":[\"Quadradinho em Foco\"],\"inLanguage\":\"pt-BR\"},{\"@type\":\"WebPage\",\"@id\":\"https:\\\/\\\/www.notibras.com\\\/site\\\/projeto-futuro-campeao-abre-inscricoes-para-seletiva\\\/\",\"url\":\"https:\\\/\\\/www.notibras.com\\\/site\\\/projeto-futuro-campeao-abre-inscricoes-para-seletiva\\\/\",\"name\":\"Projeto Futuro Campe\u00e3o abre inscri\u00e7\u00f5es para seletiva - Notibras\",\"isPartOf\":{\"@id\":\"https:\\\/\\\/www.notibras.com\\\/site\\\/#website\"},\"primaryImageOfPage\":{\"@id\":\"https:\\\/\\\/www.notibras.com\\\/site\\\/projeto-futuro-campeao-abre-inscricoes-para-seletiva\\\/#primaryimage\"},\"image\":{\"@id\":\"https:\\\/\\\/www.notibras.com\\\/site\\\/projeto-futuro-campeao-abre-inscricoes-para-seletiva\\\/#primaryimage\"},\"thumbnailUrl\":\"https:\\\/\\\/www.notibras.com\\\/site\\\/wp-content\\\/uploads\\\/2024\\\/03\\\/ginastica-ritmica_152979776.jpg\",\"datePublished\":\"2024-03-22T03:00:45+00:00\",\"dateModified\":\"2024-03-22T11:50:26+00:00\",\"breadcrumb\":{\"@id\":\"https:\\\/\\\/www.notibras.com\\\/site\\\/projeto-futuro-campeao-abre-inscricoes-para-seletiva\\\/#breadcrumb\"},\"inLanguage\":\"pt-BR\",\"potentialAction\":[{\"@type\":\"ReadAction\",\"target\":[\"https:\\\/\\\/www.notibras.com\\\/site\\\/projeto-futuro-campeao-abre-inscricoes-para-seletiva\\\/\"]}]},{\"@type\":\"ImageObject\",\"inLanguage\":\"pt-BR\",\"@id\":\"https:\\\/\\\/www.notibras.com\\\/site\\\/projeto-futuro-campeao-abre-inscricoes-para-seletiva\\\/#primaryimage\",\"url\":\"https:\\\/\\\/www.notibras.com\\\/site\\\/wp-content\\\/uploads\\\/2024\\\/03\\\/ginastica-ritmica_152979776.jpg\",\"contentUrl\":\"https:\\\/\\\/www.notibras.com\\\/site\\\/wp-content\\\/uploads\\\/2024\\\/03\\\/ginastica-ritmica_152979776.jpg\",\"width\":2500,\"height\":2000},{\"@type\":\"BreadcrumbList\",\"@id\":\"https:\\\/\\\/www.notibras.com\\\/site\\\/projeto-futuro-campeao-abre-inscricoes-para-seletiva\\\/#breadcrumb\",\"itemListElement\":[{\"@type\":\"ListItem\",\"position\":1,\"name\":\"In\u00edcio\",\"item\":\"https:\\\/\\\/www.notibras.com\\\/site\\\/\"},{\"@type\":\"ListItem\",\"position\":2,\"name\":\"Projeto Futuro Campe\u00e3o abre inscri\u00e7\u00f5es para seletiva\"}]},{\"@type\":\"WebSite\",\"@id\":\"https:\\\/\\\/www.notibras.com\\\/site\\\/#website\",\"url\":\"https:\\\/\\\/www.notibras.com\\\/site\\\/\",\"name\":\"Notibras\",\"description\":\"Not\u00edcias de Bras\u00edlia, do Brasil e do Mundo\",\"publisher\":{\"@id\":\"https:\\\/\\\/www.notibras.com\\\/site\\\/#organization\"},\"potentialAction\":[{\"@type\":\"SearchAction\",\"target\":{\"@type\":\"EntryPoint\",\"urlTemplate\":\"https:\\\/\\\/www.notibras.com\\\/site\\\/?s={search_term_string}\"},\"query-input\":{\"@type\":\"PropertyValueSpecification\",\"valueRequired\":true,\"valueName\":\"search_term_string\"}}],\"inLanguage\":\"pt-BR\"},{\"@type\":\"Organization\",\"@id\":\"https:\\\/\\\/www.notibras.com\\\/site\\\/#organization\",\"name\":\"Grupo Notibras de Comunica\u00e7\u00e3o\",\"url\":\"https:\\\/\\\/www.notibras.com\\\/site\\\/\",\"logo\":{\"@type\":\"ImageObject\",\"inLanguage\":\"pt-BR\",\"@id\":\"https:\\\/\\\/www.notibras.com\\\/site\\\/#\\\/schema\\\/logo\\\/image\\\/\",\"url\":\"https:\\\/\\\/www.notibras.com\\\/site\\\/wp-content\\\/uploads\\\/2023\\\/01\\\/notibras23.png\",\"contentUrl\":\"https:\\\/\\\/www.notibras.com\\\/site\\\/wp-content\\\/uploads\\\/2023\\\/01\\\/notibras23.png\",\"width\":350,\"height\":87,\"caption\":\"Grupo Notibras de Comunica\u00e7\u00e3o\"},\"image\":{\"@id\":\"https:\\\/\\\/www.notibras.com\\\/site\\\/#\\\/schema\\\/logo\\\/image\\\/\"},\"sameAs\":[\"https:\\\/\\\/www.facebook.com\\\/notibras\\\/\",\"https:\\\/\\\/x.com\\\/Notibras\",\"https:\\\/\\\/www.instagram.com\\\/notibras\\\/\"]},{\"@type\":\"Person\",\"@id\":\"https:\\\/\\\/www.notibras.com\\\/site\\\/#\\\/schema\\\/person\\\/36ab0979449956132d3e5b517ea76ac8\",\"name\":\"Reda\u00e7\u00e3o\",\"image\":{\"@type\":\"ImageObject\",\"inLanguage\":\"pt-BR\",\"@id\":\"https:\\\/\\\/secure.gravatar.com\\\/avatar\\\/e0a867bdedb85fd243eadf09663511f96fc81e0720a4a42581f334ad4303aa6b?s=96&d=mm&r=g\",\"url\":\"https:\\\/\\\/secure.gravatar.com\\\/avatar\\\/e0a867bdedb85fd243eadf09663511f96fc81e0720a4a42581f334ad4303aa6b?s=96&d=mm&r=g\",\"contentUrl\":\"https:\\\/\\\/secure.gravatar.com\\\/avatar\\\/e0a867bdedb85fd243eadf09663511f96fc81e0720a4a42581f334ad4303aa6b?s=96&d=mm&r=g\",\"caption\":\"Reda\u00e7\u00e3o\"}}]}<\/script>\n<!-- \/ Yoast SEO plugin. -->","yoast_head_json":{"title":"Projeto Futuro Campe\u00e3o abre inscri\u00e7\u00f5es para seletiva - Notibras","robots":{"index":"index","follow":"follow","max-snippet":"max-snippet:-1","max-image-preview":"max-image-preview:large","max-video-preview":"max-video-preview:-1"},"canonical":"https:\/\/www.notibras.com\/site\/projeto-futuro-campeao-abre-inscricoes-para-seletiva\/","og_locale":"pt_BR","og_type":"article","og_title":"Projeto Futuro Campe\u00e3o abre inscri\u00e7\u00f5es para seletiva - Notibras","og_description":"A Secretaria de Esporte e Lazer abriu inscri\u00e7\u00f5es para a seletiva de gin\u00e1stica r\u00edtmica do projeto Futuro Campe\u00e3o. A peneira est\u00e1 marcada para s\u00e1bado (23), das 9h \u00e0s 12h30, no Centro Ol\u00edmpico e Paral\u00edmpico (COP) do Setor O, em Ceil\u00e2ndia. Ao todo, ser\u00e3o oferecidas 30 vagas, destinadas a meninas com idade entre 7 e 15 [&hellip;]","og_url":"https:\/\/www.notibras.com\/site\/projeto-futuro-campeao-abre-inscricoes-para-seletiva\/","og_site_name":"Notibras","article_publisher":"https:\/\/www.facebook.com\/notibras\/","article_published_time":"2024-03-22T03:00:45+00:00","article_modified_time":"2024-03-22T11:50:26+00:00","og_image":[{"width":2500,"height":2000,"url":"https:\/\/www.notibras.com\/site\/wp-content\/uploads\/2024\/03\/ginastica-ritmica_152979776.jpg","type":"image\/jpeg"}],"author":"Reda\u00e7\u00e3o","twitter_card":"summary_large_image","twitter_creator":"@Notibras","twitter_site":"@Notibras","twitter_misc":{"Escrito por":"Reda\u00e7\u00e3o","Est. tempo de leitura":"2 minutos"},"schema":{"@context":"https:\/\/schema.org","@graph":[{"@type":"Article","@id":"https:\/\/www.notibras.com\/site\/projeto-futuro-campeao-abre-inscricoes-para-seletiva\/#article","isPartOf":{"@id":"https:\/\/www.notibras.com\/site\/projeto-futuro-campeao-abre-inscricoes-para-seletiva\/"},"author":{"name":"Reda\u00e7\u00e3o","@id":"https:\/\/www.notibras.com\/site\/#\/schema\/person\/36ab0979449956132d3e5b517ea76ac8"},"headline":"Projeto Futuro Campe\u00e3o abre inscri\u00e7\u00f5es para seletiva","datePublished":"2024-03-22T03:00:45+00:00","dateModified":"2024-03-22T11:50:26+00:00","mainEntityOfPage":{"@id":"https:\/\/www.notibras.com\/site\/projeto-futuro-campeao-abre-inscricoes-para-seletiva\/"},"wordCount":235,"publisher":{"@id":"https:\/\/www.notibras.com\/site\/#organization"},"image":{"@id":"https:\/\/www.notibras.com\/site\/projeto-futuro-campeao-abre-inscricoes-para-seletiva\/#primaryimage"},"thumbnailUrl":"https:\/\/www.notibras.com\/site\/wp-content\/uploads\/2024\/03\/ginastica-ritmica_152979776.jpg","articleSection":["Quadradinho em Foco"],"inLanguage":"pt-BR"},{"@type":"WebPage","@id":"https:\/\/www.notibras.com\/site\/projeto-futuro-campeao-abre-inscricoes-para-seletiva\/","url":"https:\/\/www.notibras.com\/site\/projeto-futuro-campeao-abre-inscricoes-para-seletiva\/","name":"Projeto Futuro Campe\u00e3o abre inscri\u00e7\u00f5es para seletiva - Notibras","isPartOf":{"@id":"https:\/\/www.notibras.com\/site\/#website"},"primaryImageOfPage":{"@id":"https:\/\/www.notibras.com\/site\/projeto-futuro-campeao-abre-inscricoes-para-seletiva\/#primaryimage"},"image":{"@id":"https:\/\/www.notibras.com\/site\/projeto-futuro-campeao-abre-inscricoes-para-seletiva\/#primaryimage"},"thumbnailUrl":"https:\/\/www.notibras.com\/site\/wp-content\/uploads\/2024\/03\/ginastica-ritmica_152979776.jpg","datePublished":"2024-03-22T03:00:45+00:00","dateModified":"2024-03-22T11:50:26+00:00","breadcrumb":{"@id":"https:\/\/www.notibras.com\/site\/projeto-futuro-campeao-abre-inscricoes-para-seletiva\/#breadcrumb"},"inLanguage":"pt-BR","potentialAction":[{"@type":"ReadAction","target":["https:\/\/www.notibras.com\/site\/projeto-futuro-campeao-abre-inscricoes-para-seletiva\/"]}]},{"@type":"ImageObject","inLanguage":"pt-BR","@id":"https:\/\/www.notibras.com\/site\/projeto-futuro-campeao-abre-inscricoes-para-seletiva\/#primaryimage","url":"https:\/\/www.notibras.com\/site\/wp-content\/uploads\/2024\/03\/ginastica-ritmica_152979776.jpg","contentUrl":"https:\/\/www.notibras.com\/site\/wp-content\/uploads\/2024\/03\/ginastica-ritmica_152979776.jpg","width":2500,"height":2000},{"@type":"BreadcrumbList","@id":"https:\/\/www.notibras.com\/site\/projeto-futuro-campeao-abre-inscricoes-para-seletiva\/#breadcrumb","itemListElement":[{"@type":"ListItem","position":1,"name":"In\u00edcio","item":"https:\/\/www.notibras.com\/site\/"},{"@type":"ListItem","position":2,"name":"Projeto Futuro Campe\u00e3o abre inscri\u00e7\u00f5es para seletiva"}]},{"@type":"WebSite","@id":"https:\/\/www.notibras.com\/site\/#website","url":"https:\/\/www.notibras.com\/site\/","name":"Notibras","description":"Not\u00edcias de Bras\u00edlia, do Brasil e do Mundo","publisher":{"@id":"https:\/\/www.notibras.com\/site\/#organization"},"potentialAction":[{"@type":"SearchAction","target":{"@type":"EntryPoint","urlTemplate":"https:\/\/www.notibras.com\/site\/?s={search_term_string}"},"query-input":{"@type":"PropertyValueSpecification","valueRequired":true,"valueName":"search_term_string"}}],"inLanguage":"pt-BR"},{"@type":"Organization","@id":"https:\/\/www.notibras.com\/site\/#organization","name":"Grupo Notibras de Comunica\u00e7\u00e3o","url":"https:\/\/www.notibras.com\/site\/","logo":{"@type":"ImageObject","inLanguage":"pt-BR","@id":"https:\/\/www.notibras.com\/site\/#\/schema\/logo\/image\/","url":"https:\/\/www.notibras.com\/site\/wp-content\/uploads\/2023\/01\/notibras23.png","contentUrl":"https:\/\/www.notibras.com\/site\/wp-content\/uploads\/2023\/01\/notibras23.png","width":350,"height":87,"caption":"Grupo Notibras de Comunica\u00e7\u00e3o"},"image":{"@id":"https:\/\/www.notibras.com\/site\/#\/schema\/logo\/image\/"},"sameAs":["https:\/\/www.facebook.com\/notibras\/","https:\/\/x.com\/Notibras","https:\/\/www.instagram.com\/notibras\/"]},{"@type":"Person","@id":"https:\/\/www.notibras.com\/site\/#\/schema\/person\/36ab0979449956132d3e5b517ea76ac8","name":"Reda\u00e7\u00e3o","image":{"@type":"ImageObject","inLanguage":"pt-BR","@id":"https:\/\/secure.gravatar.com\/avatar\/e0a867bdedb85fd243eadf09663511f96fc81e0720a4a42581f334ad4303aa6b?s=96&d=mm&r=g","url":"https:\/\/secure.gravatar.com\/avatar\/e0a867bdedb85fd243eadf09663511f96fc81e0720a4a42581f334ad4303aa6b?s=96&d=mm&r=g","contentUrl":"https:\/\/secure.gravatar.com\/avatar\/e0a867bdedb85fd243eadf09663511f96fc81e0720a4a42581f334ad4303aa6b?s=96&d=mm&r=g","caption":"Reda\u00e7\u00e3o"}}]}},"amp_enabled":true,"_links":{"self":[{"href":"https:\/\/www.notibras.com\/site\/wp-json\/wp\/v2\/posts\/325208","targetHints":{"allow":["GET"]}}],"collection":[{"href":"https:\/\/www.notibras.com\/site\/wp-json\/wp\/v2\/posts"}],"about":[{"href":"https:\/\/www.notibras.com\/site\/wp-json\/wp\/v2\/types\/post"}],"author":[{"embeddable":true,"href":"https:\/\/www.notibras.com\/site\/wp-json\/wp\/v2\/users\/2"}],"replies":[{"embeddable":true,"href":"https:\/\/www.notibras.com\/site\/wp-json\/wp\/v2\/comments?post=325208"}],"version-history":[{"count":1,"href":"https:\/\/www.notibras.com\/site\/wp-json\/wp\/v2\/posts\/325208\/revisions"}],"predecessor-version":[{"id":325210,"href":"https:\/\/www.notibras.com\/site\/wp-json\/wp\/v2\/posts\/325208\/revisions\/325210"}],"wp:featuredmedia":[{"embeddable":true,"href":"https:\/\/www.notibras.com\/site\/wp-json\/wp\/v2\/media\/325209"}],"wp:attachment":[{"href":"https:\/\/www.notibras.com\/site\/wp-json\/wp\/v2\/media?parent=325208"}],"wp:term":[{"taxonomy":"category","embeddable":true,"href":"https:\/\/www.notibras.com\/site\/wp-json\/wp\/v2\/categories?post=325208"},{"taxonomy":"post_tag","embeddable":true,"href":"https:\/\/www.notibras.com\/site\/wp-json\/wp\/v2\/tags?post=325208"}],"curies":[{"name":"wp","href":"https:\/\/api.w.org\/{rel}","templated":true}]}}