{"id":325211,"date":"2024-03-22T00:00:20","date_gmt":"2024-03-22T03:00:20","guid":{"rendered":"https:\/\/www.notibras.com\/site\/?p=325211"},"modified":"2024-03-22T08:55:42","modified_gmt":"2024-03-22T11:55:42","slug":"mulheres-recebem-orientacoes-sobre-autocuidados-em-saude","status":"publish","type":"post","link":"https:\/\/www.notibras.com\/site\/mulheres-recebem-orientacoes-sobre-autocuidados-em-saude\/","title":{"rendered":"Mulheres recebem orienta\u00e7\u00f5es sobre autocuidados em sa\u00fade"},"content":{"rendered":"<p>Em comemora\u00e7\u00e3o ao M\u00eas da Mulher, celebrado em mar\u00e7o, a Secretaria de Atendimento \u00e0 Comunidade (Seac-DF) promover\u00e1 o evento Mulheres da Comunidade. A a\u00e7\u00e3o ser\u00e1 nesta sexta (22) em frente \u00e0 Administra\u00e7\u00e3o Regional da Fercal.<\/p>\n<p>O projeto tem foco no bem-estar e no cuidado com a autoestima femininos. O evento, aberto ao p\u00fablico, contar\u00e1 com uma palestra sobre empoderamento, com a participa\u00e7\u00e3o de Nadjonei Castro. O intuito \u00e9 capacitar as convidadas em rela\u00e7\u00e3o a diversos aspectos, como vida financeira, amor pr\u00f3prio, rela\u00e7\u00f5es interpessoais, profiss\u00e3o, direitos, entre outros.<\/p>\n<p>Ser\u00e3o oferecidos servi\u00e7os de relaxamento, como sess\u00f5es de massagem, spa dos p\u00e9s, quiropraxia e de est\u00e9tica, como maquiagem, limpeza de pele, design de sobrancelhas e corte de cabelo.<\/p>\n<p>\u201cQuando se fala de uma comunidade carente, a gente n\u00e3o consegue perceber o qu\u00e3o \u00e9 necess\u00e1rio ela tamb\u00e9m ter momentos de cuidado, de reflex\u00e3o, voltados para a quest\u00e3o do amor pr\u00f3prio, das rela\u00e7\u00f5es interpessoais, profissionais, financeiras, aspectos da vida e de momentos que n\u00f3s, como mulheres, enfrentamos diariamente, independentemente da classe social e do g\u00eanero\u201d, afirma a secret\u00e1ria de Atendimento \u00e0 Comunidade, Clara Roriz.<\/p>\n<p>As crian\u00e7as n\u00e3o ficaram de fora da programa\u00e7\u00e3o. Para o p\u00fablico infantil, haver\u00e1 cama el\u00e1stica, pintura de rosto, piscina de bolinhas, escultura em bal\u00f5es, distribui\u00e7\u00e3o de algod\u00e3o-doce e de pipoca.<\/p>\n","protected":false},"excerpt":{"rendered":"<p>Em comemora\u00e7\u00e3o ao M\u00eas da Mulher, celebrado em mar\u00e7o, a Secretaria de Atendimento \u00e0 Comunidade (Seac-DF) promover\u00e1 o evento Mulheres da Comunidade. A a\u00e7\u00e3o ser\u00e1 nesta sexta (22) em frente \u00e0 Administra\u00e7\u00e3o Regional da Fercal. O projeto tem foco no bem-estar e no cuidado com a autoestima femininos. O evento, aberto ao p\u00fablico, contar\u00e1 com [&hellip;]<\/p>\n","protected":false},"author":2,"featured_media":325212,"comment_status":"closed","ping_status":"closed","sticky":false,"template":"","format":"standard","meta":{"_acf_changed":false,"footnotes":""},"categories":[161],"tags":[],"class_list":["post-325211","post","type-post","status-publish","format-standard","has-post-thumbnail","hentry","category-quadradinho-em-foco"],"acf":[],"yoast_head":"<!-- This site is optimized with the Yoast SEO plugin v27.5 - https:\/\/yoast.com\/product\/yoast-seo-wordpress\/ -->\n<title>Mulheres recebem orienta\u00e7\u00f5es sobre autocuidados em sa\u00fade - Notibras<\/title>\n<meta name=\"robots\" content=\"index, follow, max-snippet:-1, max-image-preview:large, max-video-preview:-1\" \/>\n<link rel=\"canonical\" href=\"https:\/\/www.notibras.com\/site\/mulheres-recebem-orientacoes-sobre-autocuidados-em-saude\/\" \/>\n<meta property=\"og:locale\" content=\"pt_BR\" \/>\n<meta property=\"og:type\" content=\"article\" \/>\n<meta property=\"og:title\" content=\"Mulheres recebem orienta\u00e7\u00f5es sobre autocuidados em sa\u00fade - Notibras\" \/>\n<meta property=\"og:description\" content=\"Em comemora\u00e7\u00e3o ao M\u00eas da Mulher, celebrado em mar\u00e7o, a Secretaria de Atendimento \u00e0 Comunidade (Seac-DF) promover\u00e1 o evento Mulheres da Comunidade. A a\u00e7\u00e3o ser\u00e1 nesta sexta (22) em frente \u00e0 Administra\u00e7\u00e3o Regional da Fercal. O projeto tem foco no bem-estar e no cuidado com a autoestima femininos. O evento, aberto ao p\u00fablico, contar\u00e1 com [&hellip;]\" \/>\n<meta property=\"og:url\" content=\"https:\/\/www.notibras.com\/site\/mulheres-recebem-orientacoes-sobre-autocuidados-em-saude\/\" \/>\n<meta property=\"og:site_name\" content=\"Notibras\" \/>\n<meta property=\"article:publisher\" content=\"https:\/\/www.facebook.com\/notibras\/\" \/>\n<meta property=\"article:published_time\" content=\"2024-03-22T03:00:20+00:00\" \/>\n<meta property=\"article:modified_time\" content=\"2024-03-22T11:55:42+00:00\" \/>\n<meta property=\"og:image\" content=\"https:\/\/www.notibras.com\/site\/wp-content\/uploads\/2024\/03\/mulherevenmto.png\" \/>\n\t<meta property=\"og:image:width\" content=\"703\" \/>\n\t<meta property=\"og:image:height\" content=\"481\" \/>\n\t<meta property=\"og:image:type\" content=\"image\/png\" \/>\n<meta name=\"author\" content=\"Reda\u00e7\u00e3o\" \/>\n<meta name=\"twitter:card\" content=\"summary_large_image\" \/>\n<meta name=\"twitter:creator\" content=\"@Notibras\" \/>\n<meta name=\"twitter:site\" content=\"@Notibras\" \/>\n<meta name=\"twitter:label1\" content=\"Escrito por\" \/>\n\t<meta name=\"twitter:data1\" content=\"Reda\u00e7\u00e3o\" \/>\n\t<meta name=\"twitter:label2\" content=\"Est. tempo de leitura\" \/>\n\t<meta name=\"twitter:data2\" content=\"2 minutos\" \/>\n<script type=\"application\/ld+json\" class=\"yoast-schema-graph\">{\"@context\":\"https:\\\/\\\/schema.org\",\"@graph\":[{\"@type\":\"Article\",\"@id\":\"https:\\\/\\\/www.notibras.com\\\/site\\\/mulheres-recebem-orientacoes-sobre-autocuidados-em-saude\\\/#article\",\"isPartOf\":{\"@id\":\"https:\\\/\\\/www.notibras.com\\\/site\\\/mulheres-recebem-orientacoes-sobre-autocuidados-em-saude\\\/\"},\"author\":{\"name\":\"Reda\u00e7\u00e3o\",\"@id\":\"https:\\\/\\\/www.notibras.com\\\/site\\\/#\\\/schema\\\/person\\\/36ab0979449956132d3e5b517ea76ac8\"},\"headline\":\"Mulheres recebem orienta\u00e7\u00f5es sobre autocuidados em sa\u00fade\",\"datePublished\":\"2024-03-22T03:00:20+00:00\",\"dateModified\":\"2024-03-22T11:55:42+00:00\",\"mainEntityOfPage\":{\"@id\":\"https:\\\/\\\/www.notibras.com\\\/site\\\/mulheres-recebem-orientacoes-sobre-autocuidados-em-saude\\\/\"},\"wordCount\":247,\"publisher\":{\"@id\":\"https:\\\/\\\/www.notibras.com\\\/site\\\/#organization\"},\"image\":{\"@id\":\"https:\\\/\\\/www.notibras.com\\\/site\\\/mulheres-recebem-orientacoes-sobre-autocuidados-em-saude\\\/#primaryimage\"},\"thumbnailUrl\":\"https:\\\/\\\/www.notibras.com\\\/site\\\/wp-content\\\/uploads\\\/2024\\\/03\\\/mulherevenmto.png\",\"articleSection\":[\"Quadradinho em Foco\"],\"inLanguage\":\"pt-BR\"},{\"@type\":\"WebPage\",\"@id\":\"https:\\\/\\\/www.notibras.com\\\/site\\\/mulheres-recebem-orientacoes-sobre-autocuidados-em-saude\\\/\",\"url\":\"https:\\\/\\\/www.notibras.com\\\/site\\\/mulheres-recebem-orientacoes-sobre-autocuidados-em-saude\\\/\",\"name\":\"Mulheres recebem orienta\u00e7\u00f5es sobre autocuidados em sa\u00fade - Notibras\",\"isPartOf\":{\"@id\":\"https:\\\/\\\/www.notibras.com\\\/site\\\/#website\"},\"primaryImageOfPage\":{\"@id\":\"https:\\\/\\\/www.notibras.com\\\/site\\\/mulheres-recebem-orientacoes-sobre-autocuidados-em-saude\\\/#primaryimage\"},\"image\":{\"@id\":\"https:\\\/\\\/www.notibras.com\\\/site\\\/mulheres-recebem-orientacoes-sobre-autocuidados-em-saude\\\/#primaryimage\"},\"thumbnailUrl\":\"https:\\\/\\\/www.notibras.com\\\/site\\\/wp-content\\\/uploads\\\/2024\\\/03\\\/mulherevenmto.png\",\"datePublished\":\"2024-03-22T03:00:20+00:00\",\"dateModified\":\"2024-03-22T11:55:42+00:00\",\"breadcrumb\":{\"@id\":\"https:\\\/\\\/www.notibras.com\\\/site\\\/mulheres-recebem-orientacoes-sobre-autocuidados-em-saude\\\/#breadcrumb\"},\"inLanguage\":\"pt-BR\",\"potentialAction\":[{\"@type\":\"ReadAction\",\"target\":[\"https:\\\/\\\/www.notibras.com\\\/site\\\/mulheres-recebem-orientacoes-sobre-autocuidados-em-saude\\\/\"]}]},{\"@type\":\"ImageObject\",\"inLanguage\":\"pt-BR\",\"@id\":\"https:\\\/\\\/www.notibras.com\\\/site\\\/mulheres-recebem-orientacoes-sobre-autocuidados-em-saude\\\/#primaryimage\",\"url\":\"https:\\\/\\\/www.notibras.com\\\/site\\\/wp-content\\\/uploads\\\/2024\\\/03\\\/mulherevenmto.png\",\"contentUrl\":\"https:\\\/\\\/www.notibras.com\\\/site\\\/wp-content\\\/uploads\\\/2024\\\/03\\\/mulherevenmto.png\",\"width\":703,\"height\":481},{\"@type\":\"BreadcrumbList\",\"@id\":\"https:\\\/\\\/www.notibras.com\\\/site\\\/mulheres-recebem-orientacoes-sobre-autocuidados-em-saude\\\/#breadcrumb\",\"itemListElement\":[{\"@type\":\"ListItem\",\"position\":1,\"name\":\"In\u00edcio\",\"item\":\"https:\\\/\\\/www.notibras.com\\\/site\\\/\"},{\"@type\":\"ListItem\",\"position\":2,\"name\":\"Mulheres recebem orienta\u00e7\u00f5es sobre autocuidados em sa\u00fade\"}]},{\"@type\":\"WebSite\",\"@id\":\"https:\\\/\\\/www.notibras.com\\\/site\\\/#website\",\"url\":\"https:\\\/\\\/www.notibras.com\\\/site\\\/\",\"name\":\"Notibras\",\"description\":\"Not\u00edcias de Bras\u00edlia, do Brasil e do Mundo\",\"publisher\":{\"@id\":\"https:\\\/\\\/www.notibras.com\\\/site\\\/#organization\"},\"potentialAction\":[{\"@type\":\"SearchAction\",\"target\":{\"@type\":\"EntryPoint\",\"urlTemplate\":\"https:\\\/\\\/www.notibras.com\\\/site\\\/?s={search_term_string}\"},\"query-input\":{\"@type\":\"PropertyValueSpecification\",\"valueRequired\":true,\"valueName\":\"search_term_string\"}}],\"inLanguage\":\"pt-BR\"},{\"@type\":\"Organization\",\"@id\":\"https:\\\/\\\/www.notibras.com\\\/site\\\/#organization\",\"name\":\"Grupo Notibras de Comunica\u00e7\u00e3o\",\"url\":\"https:\\\/\\\/www.notibras.com\\\/site\\\/\",\"logo\":{\"@type\":\"ImageObject\",\"inLanguage\":\"pt-BR\",\"@id\":\"https:\\\/\\\/www.notibras.com\\\/site\\\/#\\\/schema\\\/logo\\\/image\\\/\",\"url\":\"https:\\\/\\\/www.notibras.com\\\/site\\\/wp-content\\\/uploads\\\/2023\\\/01\\\/notibras23.png\",\"contentUrl\":\"https:\\\/\\\/www.notibras.com\\\/site\\\/wp-content\\\/uploads\\\/2023\\\/01\\\/notibras23.png\",\"width\":350,\"height\":87,\"caption\":\"Grupo Notibras de Comunica\u00e7\u00e3o\"},\"image\":{\"@id\":\"https:\\\/\\\/www.notibras.com\\\/site\\\/#\\\/schema\\\/logo\\\/image\\\/\"},\"sameAs\":[\"https:\\\/\\\/www.facebook.com\\\/notibras\\\/\",\"https:\\\/\\\/x.com\\\/Notibras\",\"https:\\\/\\\/www.instagram.com\\\/notibras\\\/\"]},{\"@type\":\"Person\",\"@id\":\"https:\\\/\\\/www.notibras.com\\\/site\\\/#\\\/schema\\\/person\\\/36ab0979449956132d3e5b517ea76ac8\",\"name\":\"Reda\u00e7\u00e3o\",\"image\":{\"@type\":\"ImageObject\",\"inLanguage\":\"pt-BR\",\"@id\":\"https:\\\/\\\/secure.gravatar.com\\\/avatar\\\/e0a867bdedb85fd243eadf09663511f96fc81e0720a4a42581f334ad4303aa6b?s=96&d=mm&r=g\",\"url\":\"https:\\\/\\\/secure.gravatar.com\\\/avatar\\\/e0a867bdedb85fd243eadf09663511f96fc81e0720a4a42581f334ad4303aa6b?s=96&d=mm&r=g\",\"contentUrl\":\"https:\\\/\\\/secure.gravatar.com\\\/avatar\\\/e0a867bdedb85fd243eadf09663511f96fc81e0720a4a42581f334ad4303aa6b?s=96&d=mm&r=g\",\"caption\":\"Reda\u00e7\u00e3o\"}}]}<\/script>\n<!-- \/ Yoast SEO plugin. -->","yoast_head_json":{"title":"Mulheres recebem orienta\u00e7\u00f5es sobre autocuidados em sa\u00fade - Notibras","robots":{"index":"index","follow":"follow","max-snippet":"max-snippet:-1","max-image-preview":"max-image-preview:large","max-video-preview":"max-video-preview:-1"},"canonical":"https:\/\/www.notibras.com\/site\/mulheres-recebem-orientacoes-sobre-autocuidados-em-saude\/","og_locale":"pt_BR","og_type":"article","og_title":"Mulheres recebem orienta\u00e7\u00f5es sobre autocuidados em sa\u00fade - Notibras","og_description":"Em comemora\u00e7\u00e3o ao M\u00eas da Mulher, celebrado em mar\u00e7o, a Secretaria de Atendimento \u00e0 Comunidade (Seac-DF) promover\u00e1 o evento Mulheres da Comunidade. A a\u00e7\u00e3o ser\u00e1 nesta sexta (22) em frente \u00e0 Administra\u00e7\u00e3o Regional da Fercal. O projeto tem foco no bem-estar e no cuidado com a autoestima femininos. O evento, aberto ao p\u00fablico, contar\u00e1 com [&hellip;]","og_url":"https:\/\/www.notibras.com\/site\/mulheres-recebem-orientacoes-sobre-autocuidados-em-saude\/","og_site_name":"Notibras","article_publisher":"https:\/\/www.facebook.com\/notibras\/","article_published_time":"2024-03-22T03:00:20+00:00","article_modified_time":"2024-03-22T11:55:42+00:00","og_image":[{"width":703,"height":481,"url":"https:\/\/www.notibras.com\/site\/wp-content\/uploads\/2024\/03\/mulherevenmto.png","type":"image\/png"}],"author":"Reda\u00e7\u00e3o","twitter_card":"summary_large_image","twitter_creator":"@Notibras","twitter_site":"@Notibras","twitter_misc":{"Escrito por":"Reda\u00e7\u00e3o","Est. tempo de leitura":"2 minutos"},"schema":{"@context":"https:\/\/schema.org","@graph":[{"@type":"Article","@id":"https:\/\/www.notibras.com\/site\/mulheres-recebem-orientacoes-sobre-autocuidados-em-saude\/#article","isPartOf":{"@id":"https:\/\/www.notibras.com\/site\/mulheres-recebem-orientacoes-sobre-autocuidados-em-saude\/"},"author":{"name":"Reda\u00e7\u00e3o","@id":"https:\/\/www.notibras.com\/site\/#\/schema\/person\/36ab0979449956132d3e5b517ea76ac8"},"headline":"Mulheres recebem orienta\u00e7\u00f5es sobre autocuidados em sa\u00fade","datePublished":"2024-03-22T03:00:20+00:00","dateModified":"2024-03-22T11:55:42+00:00","mainEntityOfPage":{"@id":"https:\/\/www.notibras.com\/site\/mulheres-recebem-orientacoes-sobre-autocuidados-em-saude\/"},"wordCount":247,"publisher":{"@id":"https:\/\/www.notibras.com\/site\/#organization"},"image":{"@id":"https:\/\/www.notibras.com\/site\/mulheres-recebem-orientacoes-sobre-autocuidados-em-saude\/#primaryimage"},"thumbnailUrl":"https:\/\/www.notibras.com\/site\/wp-content\/uploads\/2024\/03\/mulherevenmto.png","articleSection":["Quadradinho em Foco"],"inLanguage":"pt-BR"},{"@type":"WebPage","@id":"https:\/\/www.notibras.com\/site\/mulheres-recebem-orientacoes-sobre-autocuidados-em-saude\/","url":"https:\/\/www.notibras.com\/site\/mulheres-recebem-orientacoes-sobre-autocuidados-em-saude\/","name":"Mulheres recebem orienta\u00e7\u00f5es sobre autocuidados em sa\u00fade - Notibras","isPartOf":{"@id":"https:\/\/www.notibras.com\/site\/#website"},"primaryImageOfPage":{"@id":"https:\/\/www.notibras.com\/site\/mulheres-recebem-orientacoes-sobre-autocuidados-em-saude\/#primaryimage"},"image":{"@id":"https:\/\/www.notibras.com\/site\/mulheres-recebem-orientacoes-sobre-autocuidados-em-saude\/#primaryimage"},"thumbnailUrl":"https:\/\/www.notibras.com\/site\/wp-content\/uploads\/2024\/03\/mulherevenmto.png","datePublished":"2024-03-22T03:00:20+00:00","dateModified":"2024-03-22T11:55:42+00:00","breadcrumb":{"@id":"https:\/\/www.notibras.com\/site\/mulheres-recebem-orientacoes-sobre-autocuidados-em-saude\/#breadcrumb"},"inLanguage":"pt-BR","potentialAction":[{"@type":"ReadAction","target":["https:\/\/www.notibras.com\/site\/mulheres-recebem-orientacoes-sobre-autocuidados-em-saude\/"]}]},{"@type":"ImageObject","inLanguage":"pt-BR","@id":"https:\/\/www.notibras.com\/site\/mulheres-recebem-orientacoes-sobre-autocuidados-em-saude\/#primaryimage","url":"https:\/\/www.notibras.com\/site\/wp-content\/uploads\/2024\/03\/mulherevenmto.png","contentUrl":"https:\/\/www.notibras.com\/site\/wp-content\/uploads\/2024\/03\/mulherevenmto.png","width":703,"height":481},{"@type":"BreadcrumbList","@id":"https:\/\/www.notibras.com\/site\/mulheres-recebem-orientacoes-sobre-autocuidados-em-saude\/#breadcrumb","itemListElement":[{"@type":"ListItem","position":1,"name":"In\u00edcio","item":"https:\/\/www.notibras.com\/site\/"},{"@type":"ListItem","position":2,"name":"Mulheres recebem orienta\u00e7\u00f5es sobre autocuidados em sa\u00fade"}]},{"@type":"WebSite","@id":"https:\/\/www.notibras.com\/site\/#website","url":"https:\/\/www.notibras.com\/site\/","name":"Notibras","description":"Not\u00edcias de Bras\u00edlia, do Brasil e do Mundo","publisher":{"@id":"https:\/\/www.notibras.com\/site\/#organization"},"potentialAction":[{"@type":"SearchAction","target":{"@type":"EntryPoint","urlTemplate":"https:\/\/www.notibras.com\/site\/?s={search_term_string}"},"query-input":{"@type":"PropertyValueSpecification","valueRequired":true,"valueName":"search_term_string"}}],"inLanguage":"pt-BR"},{"@type":"Organization","@id":"https:\/\/www.notibras.com\/site\/#organization","name":"Grupo Notibras de Comunica\u00e7\u00e3o","url":"https:\/\/www.notibras.com\/site\/","logo":{"@type":"ImageObject","inLanguage":"pt-BR","@id":"https:\/\/www.notibras.com\/site\/#\/schema\/logo\/image\/","url":"https:\/\/www.notibras.com\/site\/wp-content\/uploads\/2023\/01\/notibras23.png","contentUrl":"https:\/\/www.notibras.com\/site\/wp-content\/uploads\/2023\/01\/notibras23.png","width":350,"height":87,"caption":"Grupo Notibras de Comunica\u00e7\u00e3o"},"image":{"@id":"https:\/\/www.notibras.com\/site\/#\/schema\/logo\/image\/"},"sameAs":["https:\/\/www.facebook.com\/notibras\/","https:\/\/x.com\/Notibras","https:\/\/www.instagram.com\/notibras\/"]},{"@type":"Person","@id":"https:\/\/www.notibras.com\/site\/#\/schema\/person\/36ab0979449956132d3e5b517ea76ac8","name":"Reda\u00e7\u00e3o","image":{"@type":"ImageObject","inLanguage":"pt-BR","@id":"https:\/\/secure.gravatar.com\/avatar\/e0a867bdedb85fd243eadf09663511f96fc81e0720a4a42581f334ad4303aa6b?s=96&d=mm&r=g","url":"https:\/\/secure.gravatar.com\/avatar\/e0a867bdedb85fd243eadf09663511f96fc81e0720a4a42581f334ad4303aa6b?s=96&d=mm&r=g","contentUrl":"https:\/\/secure.gravatar.com\/avatar\/e0a867bdedb85fd243eadf09663511f96fc81e0720a4a42581f334ad4303aa6b?s=96&d=mm&r=g","caption":"Reda\u00e7\u00e3o"}}]}},"amp_enabled":true,"_links":{"self":[{"href":"https:\/\/www.notibras.com\/site\/wp-json\/wp\/v2\/posts\/325211","targetHints":{"allow":["GET"]}}],"collection":[{"href":"https:\/\/www.notibras.com\/site\/wp-json\/wp\/v2\/posts"}],"about":[{"href":"https:\/\/www.notibras.com\/site\/wp-json\/wp\/v2\/types\/post"}],"author":[{"embeddable":true,"href":"https:\/\/www.notibras.com\/site\/wp-json\/wp\/v2\/users\/2"}],"replies":[{"embeddable":true,"href":"https:\/\/www.notibras.com\/site\/wp-json\/wp\/v2\/comments?post=325211"}],"version-history":[{"count":1,"href":"https:\/\/www.notibras.com\/site\/wp-json\/wp\/v2\/posts\/325211\/revisions"}],"predecessor-version":[{"id":325213,"href":"https:\/\/www.notibras.com\/site\/wp-json\/wp\/v2\/posts\/325211\/revisions\/325213"}],"wp:featuredmedia":[{"embeddable":true,"href":"https:\/\/www.notibras.com\/site\/wp-json\/wp\/v2\/media\/325212"}],"wp:attachment":[{"href":"https:\/\/www.notibras.com\/site\/wp-json\/wp\/v2\/media?parent=325211"}],"wp:term":[{"taxonomy":"category","embeddable":true,"href":"https:\/\/www.notibras.com\/site\/wp-json\/wp\/v2\/categories?post=325211"},{"taxonomy":"post_tag","embeddable":true,"href":"https:\/\/www.notibras.com\/site\/wp-json\/wp\/v2\/tags?post=325211"}],"curies":[{"name":"wp","href":"https:\/\/api.w.org\/{rel}","templated":true}]}}