{"id":325214,"date":"2024-03-22T10:01:16","date_gmt":"2024-03-22T13:01:16","guid":{"rendered":"https:\/\/www.notibras.com\/site\/?p=325214"},"modified":"2024-03-23T12:34:41","modified_gmt":"2024-03-23T15:34:41","slug":"onibus-ganharao-reforco-em-dia-de-manutencao-do-metro","status":"publish","type":"post","link":"https:\/\/www.notibras.com\/site\/onibus-ganharao-reforco-em-dia-de-manutencao-do-metro\/","title":{"rendered":"\u00d4nibus ganhar\u00e3o refor\u00e7o em dia de manuten\u00e7\u00e3o do metr\u00f4"},"content":{"rendered":"<p>As operadoras de transporte p\u00fablico coletivo dever\u00e3o realizar viagens extras em linhas de \u00f4nibus que atendem as regi\u00f5es que ser\u00e3o afetadas pela suspens\u00e3o do servi\u00e7o do Metr\u00f4 neste domingo (24). A Secretaria de Transporte e Mobilidade emitiu aviso determinando que as concession\u00e1rias garantam o transporte coletivo \u00e0 popula\u00e7\u00e3o.<\/p>\n<p>As linhas 306.1, 373.2, 0.394, 0.385 e 0.331 realizar\u00e3o partidas extras, conforme a demanda, e as linhas circulares que atendem principalmente a cidade de \u00c1guas Claras tamb\u00e9m receber\u00e3o refor\u00e7o na opera\u00e7\u00e3o. J\u00e1 a 306.1 ter\u00e1 a rota alterada para percorrer a extens\u00e3o das Avenidas Castanheiras e Arauc\u00e1rias, em \u00c1guas Claras.<\/p>\n<p>O objetivo da a\u00e7\u00e3o \u00e9 atender os passageiros de transporte p\u00fablico na regi\u00e3o de Samambaia, Ceil\u00e2ndia, Taguatinga e \u00c1guas Claras que n\u00e3o contar\u00e3o com o servi\u00e7o do Metr\u00f4, j\u00e1 que os trens n\u00e3o ir\u00e3o circular durante os servi\u00e7os de manuten\u00e7\u00e3o na via.<\/p>\n<p>Segundo a Companhia do Metropolitano do Distrito Federal (Metr\u00f4-DF) n\u00e3o haver\u00e1, neste domingo, opera\u00e7\u00e3o comercial nos trens, sendo que a interrup\u00e7\u00e3o se dar\u00e1 para manuten\u00e7\u00e3o na via permanente. Ser\u00e3o trocados dormentes nas proximidades da Esta\u00e7\u00e3o Guar\u00e1; e, como se trata de uma regi\u00e3o de trincheira, \u00e9 necess\u00e1rio um tempo maior para concluir os trabalhos necess\u00e1rios. Tamb\u00e9m ser\u00e3o feitos servi\u00e7os no Centro de Controle Operacional, nas vias e na acessibilidade das esta\u00e7\u00f5es, a fim de proporcionar maior conforto e seguran\u00e7a para os usu\u00e1rios.<\/p>\n","protected":false},"excerpt":{"rendered":"<p>As operadoras de transporte p\u00fablico coletivo dever\u00e3o realizar viagens extras em linhas de \u00f4nibus que atendem as regi\u00f5es que ser\u00e3o afetadas pela suspens\u00e3o do servi\u00e7o do Metr\u00f4 neste domingo (24). A Secretaria de Transporte e Mobilidade emitiu aviso determinando que as concession\u00e1rias garantam o transporte coletivo \u00e0 popula\u00e7\u00e3o. As linhas 306.1, 373.2, 0.394, 0.385 e [&hellip;]<\/p>\n","protected":false},"author":2,"featured_media":325215,"comment_status":"closed","ping_status":"closed","sticky":false,"template":"","format":"standard","meta":{"_acf_changed":false,"footnotes":""},"categories":[161],"tags":[],"class_list":["post-325214","post","type-post","status-publish","format-standard","has-post-thumbnail","hentry","category-quadradinho-em-foco"],"acf":[],"yoast_head":"<!-- This site is optimized with the Yoast SEO plugin v27.5 - https:\/\/yoast.com\/product\/yoast-seo-wordpress\/ -->\n<title>\u00d4nibus ganhar\u00e3o refor\u00e7o em dia de manuten\u00e7\u00e3o do metr\u00f4 - Notibras<\/title>\n<meta name=\"robots\" content=\"index, follow, max-snippet:-1, max-image-preview:large, max-video-preview:-1\" \/>\n<link rel=\"canonical\" href=\"https:\/\/www.notibras.com\/site\/onibus-ganharao-reforco-em-dia-de-manutencao-do-metro\/\" \/>\n<meta property=\"og:locale\" content=\"pt_BR\" \/>\n<meta property=\"og:type\" content=\"article\" \/>\n<meta property=\"og:title\" content=\"\u00d4nibus ganhar\u00e3o refor\u00e7o em dia de manuten\u00e7\u00e3o do metr\u00f4 - Notibras\" \/>\n<meta property=\"og:description\" content=\"As operadoras de transporte p\u00fablico coletivo dever\u00e3o realizar viagens extras em linhas de \u00f4nibus que atendem as regi\u00f5es que ser\u00e3o afetadas pela suspens\u00e3o do servi\u00e7o do Metr\u00f4 neste domingo (24). A Secretaria de Transporte e Mobilidade emitiu aviso determinando que as concession\u00e1rias garantam o transporte coletivo \u00e0 popula\u00e7\u00e3o. As linhas 306.1, 373.2, 0.394, 0.385 e [&hellip;]\" \/>\n<meta property=\"og:url\" content=\"https:\/\/www.notibras.com\/site\/onibus-ganharao-reforco-em-dia-de-manutencao-do-metro\/\" \/>\n<meta property=\"og:site_name\" content=\"Notibras\" \/>\n<meta property=\"article:publisher\" content=\"https:\/\/www.facebook.com\/notibras\/\" \/>\n<meta property=\"article:published_time\" content=\"2024-03-22T13:01:16+00:00\" \/>\n<meta property=\"article:modified_time\" content=\"2024-03-23T15:34:41+00:00\" \/>\n<meta property=\"og:image\" content=\"https:\/\/www.notibras.com\/site\/wp-content\/uploads\/2024\/03\/WhatsApp-Image-2024-03-21-at-17.56.43-1536x1023-1.jpeg\" \/>\n\t<meta property=\"og:image:width\" content=\"1536\" \/>\n\t<meta property=\"og:image:height\" content=\"1023\" \/>\n\t<meta property=\"og:image:type\" content=\"image\/jpeg\" \/>\n<meta name=\"author\" content=\"Reda\u00e7\u00e3o\" \/>\n<meta name=\"twitter:card\" content=\"summary_large_image\" \/>\n<meta name=\"twitter:creator\" content=\"@Notibras\" \/>\n<meta name=\"twitter:site\" content=\"@Notibras\" \/>\n<meta name=\"twitter:label1\" content=\"Escrito por\" \/>\n\t<meta name=\"twitter:data1\" content=\"Reda\u00e7\u00e3o\" \/>\n\t<meta name=\"twitter:label2\" content=\"Est. tempo de leitura\" \/>\n\t<meta name=\"twitter:data2\" content=\"2 minutos\" \/>\n<script type=\"application\/ld+json\" class=\"yoast-schema-graph\">{\"@context\":\"https:\\\/\\\/schema.org\",\"@graph\":[{\"@type\":\"Article\",\"@id\":\"https:\\\/\\\/www.notibras.com\\\/site\\\/onibus-ganharao-reforco-em-dia-de-manutencao-do-metro\\\/#article\",\"isPartOf\":{\"@id\":\"https:\\\/\\\/www.notibras.com\\\/site\\\/onibus-ganharao-reforco-em-dia-de-manutencao-do-metro\\\/\"},\"author\":{\"name\":\"Reda\u00e7\u00e3o\",\"@id\":\"https:\\\/\\\/www.notibras.com\\\/site\\\/#\\\/schema\\\/person\\\/36ab0979449956132d3e5b517ea76ac8\"},\"headline\":\"\u00d4nibus ganhar\u00e3o refor\u00e7o em dia de manuten\u00e7\u00e3o do metr\u00f4\",\"datePublished\":\"2024-03-22T13:01:16+00:00\",\"dateModified\":\"2024-03-23T15:34:41+00:00\",\"mainEntityOfPage\":{\"@id\":\"https:\\\/\\\/www.notibras.com\\\/site\\\/onibus-ganharao-reforco-em-dia-de-manutencao-do-metro\\\/\"},\"wordCount\":266,\"publisher\":{\"@id\":\"https:\\\/\\\/www.notibras.com\\\/site\\\/#organization\"},\"image\":{\"@id\":\"https:\\\/\\\/www.notibras.com\\\/site\\\/onibus-ganharao-reforco-em-dia-de-manutencao-do-metro\\\/#primaryimage\"},\"thumbnailUrl\":\"https:\\\/\\\/www.notibras.com\\\/site\\\/wp-content\\\/uploads\\\/2024\\\/03\\\/WhatsApp-Image-2024-03-21-at-17.56.43-1536x1023-1.jpeg\",\"articleSection\":[\"Quadradinho em Foco\"],\"inLanguage\":\"pt-BR\"},{\"@type\":\"WebPage\",\"@id\":\"https:\\\/\\\/www.notibras.com\\\/site\\\/onibus-ganharao-reforco-em-dia-de-manutencao-do-metro\\\/\",\"url\":\"https:\\\/\\\/www.notibras.com\\\/site\\\/onibus-ganharao-reforco-em-dia-de-manutencao-do-metro\\\/\",\"name\":\"\u00d4nibus ganhar\u00e3o refor\u00e7o em dia de manuten\u00e7\u00e3o do metr\u00f4 - Notibras\",\"isPartOf\":{\"@id\":\"https:\\\/\\\/www.notibras.com\\\/site\\\/#website\"},\"primaryImageOfPage\":{\"@id\":\"https:\\\/\\\/www.notibras.com\\\/site\\\/onibus-ganharao-reforco-em-dia-de-manutencao-do-metro\\\/#primaryimage\"},\"image\":{\"@id\":\"https:\\\/\\\/www.notibras.com\\\/site\\\/onibus-ganharao-reforco-em-dia-de-manutencao-do-metro\\\/#primaryimage\"},\"thumbnailUrl\":\"https:\\\/\\\/www.notibras.com\\\/site\\\/wp-content\\\/uploads\\\/2024\\\/03\\\/WhatsApp-Image-2024-03-21-at-17.56.43-1536x1023-1.jpeg\",\"datePublished\":\"2024-03-22T13:01:16+00:00\",\"dateModified\":\"2024-03-23T15:34:41+00:00\",\"breadcrumb\":{\"@id\":\"https:\\\/\\\/www.notibras.com\\\/site\\\/onibus-ganharao-reforco-em-dia-de-manutencao-do-metro\\\/#breadcrumb\"},\"inLanguage\":\"pt-BR\",\"potentialAction\":[{\"@type\":\"ReadAction\",\"target\":[\"https:\\\/\\\/www.notibras.com\\\/site\\\/onibus-ganharao-reforco-em-dia-de-manutencao-do-metro\\\/\"]}]},{\"@type\":\"ImageObject\",\"inLanguage\":\"pt-BR\",\"@id\":\"https:\\\/\\\/www.notibras.com\\\/site\\\/onibus-ganharao-reforco-em-dia-de-manutencao-do-metro\\\/#primaryimage\",\"url\":\"https:\\\/\\\/www.notibras.com\\\/site\\\/wp-content\\\/uploads\\\/2024\\\/03\\\/WhatsApp-Image-2024-03-21-at-17.56.43-1536x1023-1.jpeg\",\"contentUrl\":\"https:\\\/\\\/www.notibras.com\\\/site\\\/wp-content\\\/uploads\\\/2024\\\/03\\\/WhatsApp-Image-2024-03-21-at-17.56.43-1536x1023-1.jpeg\",\"width\":1536,\"height\":1023},{\"@type\":\"BreadcrumbList\",\"@id\":\"https:\\\/\\\/www.notibras.com\\\/site\\\/onibus-ganharao-reforco-em-dia-de-manutencao-do-metro\\\/#breadcrumb\",\"itemListElement\":[{\"@type\":\"ListItem\",\"position\":1,\"name\":\"In\u00edcio\",\"item\":\"https:\\\/\\\/www.notibras.com\\\/site\\\/\"},{\"@type\":\"ListItem\",\"position\":2,\"name\":\"\u00d4nibus ganhar\u00e3o refor\u00e7o em dia de manuten\u00e7\u00e3o do metr\u00f4\"}]},{\"@type\":\"WebSite\",\"@id\":\"https:\\\/\\\/www.notibras.com\\\/site\\\/#website\",\"url\":\"https:\\\/\\\/www.notibras.com\\\/site\\\/\",\"name\":\"Notibras\",\"description\":\"Not\u00edcias de Bras\u00edlia, do Brasil e do Mundo\",\"publisher\":{\"@id\":\"https:\\\/\\\/www.notibras.com\\\/site\\\/#organization\"},\"potentialAction\":[{\"@type\":\"SearchAction\",\"target\":{\"@type\":\"EntryPoint\",\"urlTemplate\":\"https:\\\/\\\/www.notibras.com\\\/site\\\/?s={search_term_string}\"},\"query-input\":{\"@type\":\"PropertyValueSpecification\",\"valueRequired\":true,\"valueName\":\"search_term_string\"}}],\"inLanguage\":\"pt-BR\"},{\"@type\":\"Organization\",\"@id\":\"https:\\\/\\\/www.notibras.com\\\/site\\\/#organization\",\"name\":\"Grupo Notibras de Comunica\u00e7\u00e3o\",\"url\":\"https:\\\/\\\/www.notibras.com\\\/site\\\/\",\"logo\":{\"@type\":\"ImageObject\",\"inLanguage\":\"pt-BR\",\"@id\":\"https:\\\/\\\/www.notibras.com\\\/site\\\/#\\\/schema\\\/logo\\\/image\\\/\",\"url\":\"https:\\\/\\\/www.notibras.com\\\/site\\\/wp-content\\\/uploads\\\/2023\\\/01\\\/notibras23.png\",\"contentUrl\":\"https:\\\/\\\/www.notibras.com\\\/site\\\/wp-content\\\/uploads\\\/2023\\\/01\\\/notibras23.png\",\"width\":350,\"height\":87,\"caption\":\"Grupo Notibras de Comunica\u00e7\u00e3o\"},\"image\":{\"@id\":\"https:\\\/\\\/www.notibras.com\\\/site\\\/#\\\/schema\\\/logo\\\/image\\\/\"},\"sameAs\":[\"https:\\\/\\\/www.facebook.com\\\/notibras\\\/\",\"https:\\\/\\\/x.com\\\/Notibras\",\"https:\\\/\\\/www.instagram.com\\\/notibras\\\/\"]},{\"@type\":\"Person\",\"@id\":\"https:\\\/\\\/www.notibras.com\\\/site\\\/#\\\/schema\\\/person\\\/36ab0979449956132d3e5b517ea76ac8\",\"name\":\"Reda\u00e7\u00e3o\",\"image\":{\"@type\":\"ImageObject\",\"inLanguage\":\"pt-BR\",\"@id\":\"https:\\\/\\\/secure.gravatar.com\\\/avatar\\\/e0a867bdedb85fd243eadf09663511f96fc81e0720a4a42581f334ad4303aa6b?s=96&d=mm&r=g\",\"url\":\"https:\\\/\\\/secure.gravatar.com\\\/avatar\\\/e0a867bdedb85fd243eadf09663511f96fc81e0720a4a42581f334ad4303aa6b?s=96&d=mm&r=g\",\"contentUrl\":\"https:\\\/\\\/secure.gravatar.com\\\/avatar\\\/e0a867bdedb85fd243eadf09663511f96fc81e0720a4a42581f334ad4303aa6b?s=96&d=mm&r=g\",\"caption\":\"Reda\u00e7\u00e3o\"}}]}<\/script>\n<!-- \/ Yoast SEO plugin. -->","yoast_head_json":{"title":"\u00d4nibus ganhar\u00e3o refor\u00e7o em dia de manuten\u00e7\u00e3o do metr\u00f4 - Notibras","robots":{"index":"index","follow":"follow","max-snippet":"max-snippet:-1","max-image-preview":"max-image-preview:large","max-video-preview":"max-video-preview:-1"},"canonical":"https:\/\/www.notibras.com\/site\/onibus-ganharao-reforco-em-dia-de-manutencao-do-metro\/","og_locale":"pt_BR","og_type":"article","og_title":"\u00d4nibus ganhar\u00e3o refor\u00e7o em dia de manuten\u00e7\u00e3o do metr\u00f4 - Notibras","og_description":"As operadoras de transporte p\u00fablico coletivo dever\u00e3o realizar viagens extras em linhas de \u00f4nibus que atendem as regi\u00f5es que ser\u00e3o afetadas pela suspens\u00e3o do servi\u00e7o do Metr\u00f4 neste domingo (24). A Secretaria de Transporte e Mobilidade emitiu aviso determinando que as concession\u00e1rias garantam o transporte coletivo \u00e0 popula\u00e7\u00e3o. As linhas 306.1, 373.2, 0.394, 0.385 e [&hellip;]","og_url":"https:\/\/www.notibras.com\/site\/onibus-ganharao-reforco-em-dia-de-manutencao-do-metro\/","og_site_name":"Notibras","article_publisher":"https:\/\/www.facebook.com\/notibras\/","article_published_time":"2024-03-22T13:01:16+00:00","article_modified_time":"2024-03-23T15:34:41+00:00","og_image":[{"width":1536,"height":1023,"url":"https:\/\/www.notibras.com\/site\/wp-content\/uploads\/2024\/03\/WhatsApp-Image-2024-03-21-at-17.56.43-1536x1023-1.jpeg","type":"image\/jpeg"}],"author":"Reda\u00e7\u00e3o","twitter_card":"summary_large_image","twitter_creator":"@Notibras","twitter_site":"@Notibras","twitter_misc":{"Escrito por":"Reda\u00e7\u00e3o","Est. tempo de leitura":"2 minutos"},"schema":{"@context":"https:\/\/schema.org","@graph":[{"@type":"Article","@id":"https:\/\/www.notibras.com\/site\/onibus-ganharao-reforco-em-dia-de-manutencao-do-metro\/#article","isPartOf":{"@id":"https:\/\/www.notibras.com\/site\/onibus-ganharao-reforco-em-dia-de-manutencao-do-metro\/"},"author":{"name":"Reda\u00e7\u00e3o","@id":"https:\/\/www.notibras.com\/site\/#\/schema\/person\/36ab0979449956132d3e5b517ea76ac8"},"headline":"\u00d4nibus ganhar\u00e3o refor\u00e7o em dia de manuten\u00e7\u00e3o do metr\u00f4","datePublished":"2024-03-22T13:01:16+00:00","dateModified":"2024-03-23T15:34:41+00:00","mainEntityOfPage":{"@id":"https:\/\/www.notibras.com\/site\/onibus-ganharao-reforco-em-dia-de-manutencao-do-metro\/"},"wordCount":266,"publisher":{"@id":"https:\/\/www.notibras.com\/site\/#organization"},"image":{"@id":"https:\/\/www.notibras.com\/site\/onibus-ganharao-reforco-em-dia-de-manutencao-do-metro\/#primaryimage"},"thumbnailUrl":"https:\/\/www.notibras.com\/site\/wp-content\/uploads\/2024\/03\/WhatsApp-Image-2024-03-21-at-17.56.43-1536x1023-1.jpeg","articleSection":["Quadradinho em Foco"],"inLanguage":"pt-BR"},{"@type":"WebPage","@id":"https:\/\/www.notibras.com\/site\/onibus-ganharao-reforco-em-dia-de-manutencao-do-metro\/","url":"https:\/\/www.notibras.com\/site\/onibus-ganharao-reforco-em-dia-de-manutencao-do-metro\/","name":"\u00d4nibus ganhar\u00e3o refor\u00e7o em dia de manuten\u00e7\u00e3o do metr\u00f4 - Notibras","isPartOf":{"@id":"https:\/\/www.notibras.com\/site\/#website"},"primaryImageOfPage":{"@id":"https:\/\/www.notibras.com\/site\/onibus-ganharao-reforco-em-dia-de-manutencao-do-metro\/#primaryimage"},"image":{"@id":"https:\/\/www.notibras.com\/site\/onibus-ganharao-reforco-em-dia-de-manutencao-do-metro\/#primaryimage"},"thumbnailUrl":"https:\/\/www.notibras.com\/site\/wp-content\/uploads\/2024\/03\/WhatsApp-Image-2024-03-21-at-17.56.43-1536x1023-1.jpeg","datePublished":"2024-03-22T13:01:16+00:00","dateModified":"2024-03-23T15:34:41+00:00","breadcrumb":{"@id":"https:\/\/www.notibras.com\/site\/onibus-ganharao-reforco-em-dia-de-manutencao-do-metro\/#breadcrumb"},"inLanguage":"pt-BR","potentialAction":[{"@type":"ReadAction","target":["https:\/\/www.notibras.com\/site\/onibus-ganharao-reforco-em-dia-de-manutencao-do-metro\/"]}]},{"@type":"ImageObject","inLanguage":"pt-BR","@id":"https:\/\/www.notibras.com\/site\/onibus-ganharao-reforco-em-dia-de-manutencao-do-metro\/#primaryimage","url":"https:\/\/www.notibras.com\/site\/wp-content\/uploads\/2024\/03\/WhatsApp-Image-2024-03-21-at-17.56.43-1536x1023-1.jpeg","contentUrl":"https:\/\/www.notibras.com\/site\/wp-content\/uploads\/2024\/03\/WhatsApp-Image-2024-03-21-at-17.56.43-1536x1023-1.jpeg","width":1536,"height":1023},{"@type":"BreadcrumbList","@id":"https:\/\/www.notibras.com\/site\/onibus-ganharao-reforco-em-dia-de-manutencao-do-metro\/#breadcrumb","itemListElement":[{"@type":"ListItem","position":1,"name":"In\u00edcio","item":"https:\/\/www.notibras.com\/site\/"},{"@type":"ListItem","position":2,"name":"\u00d4nibus ganhar\u00e3o refor\u00e7o em dia de manuten\u00e7\u00e3o do metr\u00f4"}]},{"@type":"WebSite","@id":"https:\/\/www.notibras.com\/site\/#website","url":"https:\/\/www.notibras.com\/site\/","name":"Notibras","description":"Not\u00edcias de Bras\u00edlia, do Brasil e do Mundo","publisher":{"@id":"https:\/\/www.notibras.com\/site\/#organization"},"potentialAction":[{"@type":"SearchAction","target":{"@type":"EntryPoint","urlTemplate":"https:\/\/www.notibras.com\/site\/?s={search_term_string}"},"query-input":{"@type":"PropertyValueSpecification","valueRequired":true,"valueName":"search_term_string"}}],"inLanguage":"pt-BR"},{"@type":"Organization","@id":"https:\/\/www.notibras.com\/site\/#organization","name":"Grupo Notibras de Comunica\u00e7\u00e3o","url":"https:\/\/www.notibras.com\/site\/","logo":{"@type":"ImageObject","inLanguage":"pt-BR","@id":"https:\/\/www.notibras.com\/site\/#\/schema\/logo\/image\/","url":"https:\/\/www.notibras.com\/site\/wp-content\/uploads\/2023\/01\/notibras23.png","contentUrl":"https:\/\/www.notibras.com\/site\/wp-content\/uploads\/2023\/01\/notibras23.png","width":350,"height":87,"caption":"Grupo Notibras de Comunica\u00e7\u00e3o"},"image":{"@id":"https:\/\/www.notibras.com\/site\/#\/schema\/logo\/image\/"},"sameAs":["https:\/\/www.facebook.com\/notibras\/","https:\/\/x.com\/Notibras","https:\/\/www.instagram.com\/notibras\/"]},{"@type":"Person","@id":"https:\/\/www.notibras.com\/site\/#\/schema\/person\/36ab0979449956132d3e5b517ea76ac8","name":"Reda\u00e7\u00e3o","image":{"@type":"ImageObject","inLanguage":"pt-BR","@id":"https:\/\/secure.gravatar.com\/avatar\/e0a867bdedb85fd243eadf09663511f96fc81e0720a4a42581f334ad4303aa6b?s=96&d=mm&r=g","url":"https:\/\/secure.gravatar.com\/avatar\/e0a867bdedb85fd243eadf09663511f96fc81e0720a4a42581f334ad4303aa6b?s=96&d=mm&r=g","contentUrl":"https:\/\/secure.gravatar.com\/avatar\/e0a867bdedb85fd243eadf09663511f96fc81e0720a4a42581f334ad4303aa6b?s=96&d=mm&r=g","caption":"Reda\u00e7\u00e3o"}}]}},"amp_enabled":true,"_links":{"self":[{"href":"https:\/\/www.notibras.com\/site\/wp-json\/wp\/v2\/posts\/325214","targetHints":{"allow":["GET"]}}],"collection":[{"href":"https:\/\/www.notibras.com\/site\/wp-json\/wp\/v2\/posts"}],"about":[{"href":"https:\/\/www.notibras.com\/site\/wp-json\/wp\/v2\/types\/post"}],"author":[{"embeddable":true,"href":"https:\/\/www.notibras.com\/site\/wp-json\/wp\/v2\/users\/2"}],"replies":[{"embeddable":true,"href":"https:\/\/www.notibras.com\/site\/wp-json\/wp\/v2\/comments?post=325214"}],"version-history":[{"count":1,"href":"https:\/\/www.notibras.com\/site\/wp-json\/wp\/v2\/posts\/325214\/revisions"}],"predecessor-version":[{"id":325216,"href":"https:\/\/www.notibras.com\/site\/wp-json\/wp\/v2\/posts\/325214\/revisions\/325216"}],"wp:featuredmedia":[{"embeddable":true,"href":"https:\/\/www.notibras.com\/site\/wp-json\/wp\/v2\/media\/325215"}],"wp:attachment":[{"href":"https:\/\/www.notibras.com\/site\/wp-json\/wp\/v2\/media?parent=325214"}],"wp:term":[{"taxonomy":"category","embeddable":true,"href":"https:\/\/www.notibras.com\/site\/wp-json\/wp\/v2\/categories?post=325214"},{"taxonomy":"post_tag","embeddable":true,"href":"https:\/\/www.notibras.com\/site\/wp-json\/wp\/v2\/tags?post=325214"}],"curies":[{"name":"wp","href":"https:\/\/api.w.org\/{rel}","templated":true}]}}