{"id":325217,"date":"2024-03-22T00:00:56","date_gmt":"2024-03-22T03:00:56","guid":{"rendered":"https:\/\/www.notibras.com\/site\/?p=325217"},"modified":"2024-03-22T09:12:45","modified_gmt":"2024-03-22T12:12:45","slug":"moradores-da-area-rural-recebem-beneficios-sociais","status":"publish","type":"post","link":"https:\/\/www.notibras.com\/site\/moradores-da-area-rural-recebem-beneficios-sociais\/","title":{"rendered":"Moradores da \u00e1rea rural recebem benef\u00edcios sociais"},"content":{"rendered":"<p>Moradores do Assentamento Tr\u00eas Conquistas, no Parano\u00e1, foram beneficiados, nesta quinta-feira (21), com o programa Cras M\u00f3vel, do Governo do Distrito Federal (GDF). Criada em 2021, a iniciativa, coordenada pela Secretaria de Desenvolvimento Social (Sedes), visa levar servi\u00e7os socioassistenciais diretamente \u00e0s comunidades mais vulner\u00e1veis e isoladas da capital federal.<\/p>\n<p>Devido \u00e0 localiza\u00e7\u00e3o remota do assentamento e \u00e0s condi\u00e7\u00f5es de acesso, a pasta implementou um plano para garantir a chegada dos servi\u00e7os essenciais aos residentes. Como resultado, os moradores receberam transporte de ida e volta para a unidade da Empresa de Assist\u00eancia T\u00e9cnica Rural (Emater) do Parano\u00e1, que cedeu os ve\u00edculos para o deslocamento e o espa\u00e7o para a realiza\u00e7\u00e3o dos atendimentos.<\/p>\n<p>O Cras M\u00f3vel realizou 50 atendimentos, oferecendo uma variedade de servi\u00e7os socioassistenciais, incluindo orienta\u00e7\u00f5es sobre benef\u00edcios eventuais e atualiza\u00e7\u00e3o do Cadastro \u00danico para Programas Sociais (Cad\u00danico).<\/p>\n<p>\u201cNosso papel \u00e9 mitigar as dificuldades do acesso dessas pessoas aos servi\u00e7os socioassistenciais\u201d, enfatiza a diretora de Prote\u00e7\u00e3o Social M\u00f3vel, Sinara Silva de Deus. \u201cSabemos da dificuldade: s\u00e3o comunidades isoladas, com acesso restrito; e muitas pessoas n\u00e3o t\u00eam condi\u00e7\u00f5es de arcar com o valor das passagens de \u00f4nibus.\u201d<\/p>\n<p>Marinalva Alves Pereira tem 62 anos e \u00e9 moradora do assentamento. Produtora rural assistida pela Emater, a idosa foi uma das beneficiadas pela iniciativa. Ela conta que, sem o programa, n\u00e3o teria como requerer os benef\u00edcios eventuais a que tem direito. \u201cSe n\u00e3o fosse essa ajuda, seria imposs\u00edvel. Seria um sufoco muito grande para conseguir um atendimento\u201d, afirma.<\/p>\n<p>A manicure Valdenita Correa, 67, endossa a fala da vizinha: \u201cA gente tem dificuldade para descer para o Parano\u00e1 e para o Plano Piloto. J\u00e1 vinha com o Cad\u00danico vencido e n\u00e3o conseguia resolver porque n\u00e3o tinha como vir. Gra\u00e7as a Deus, as pessoas foram solid\u00e1rias com a gente\u201d, relata a residente da \u00e1rea rural.<\/p>\n<p><strong>Prote\u00e7\u00e3o social<\/strong><br \/>\nPorta de entrada da prote\u00e7\u00e3o social b\u00e1sica, o Centro de Refer\u00eancia de Assist\u00eancia Social (Cras) \u00e9 destinado ao atendimento assistencial de fam\u00edlias e indiv\u00edduos em situa\u00e7\u00e3o de vulnerabilidade e risco social.<\/p>\n<p>No equipamento p\u00fablico, a popula\u00e7\u00e3o recebe atendimento no \u00e2mbito do Servi\u00e7o de Prote\u00e7\u00e3o e Atendimento Integral \u00e0 Fam\u00edlia (Paif), pelo qual podem ser acessados benef\u00edcios, programas e projetos socioassistenciais.<\/p>\n<p>Atualmente, o DF conta com 29 unidades do Cras, organizados por territ\u00f3rios e divididos por endere\u00e7os e \u00e1reas de abrang\u00eancia. Pode solicitar atendimento todo e qualquer cidad\u00e3o de \u00e1reas territorialmente referenciadas ao Cras que esteja passando por situa\u00e7\u00f5es de inseguran\u00e7a, fragilidades, aus\u00eancia de renda, pobreza e dificuldades de acesso aos servi\u00e7os p\u00fablicos.<\/p>\n","protected":false},"excerpt":{"rendered":"<p>Moradores do Assentamento Tr\u00eas Conquistas, no Parano\u00e1, foram beneficiados, nesta quinta-feira (21), com o programa Cras M\u00f3vel, do Governo do Distrito Federal (GDF). Criada em 2021, a iniciativa, coordenada pela Secretaria de Desenvolvimento Social (Sedes), visa levar servi\u00e7os socioassistenciais diretamente \u00e0s comunidades mais vulner\u00e1veis e isoladas da capital federal. Devido \u00e0 localiza\u00e7\u00e3o remota do assentamento [&hellip;]<\/p>\n","protected":false},"author":2,"featured_media":325218,"comment_status":"closed","ping_status":"closed","sticky":false,"template":"","format":"standard","meta":{"_acf_changed":false,"footnotes":""},"categories":[161],"tags":[],"class_list":["post-325217","post","type-post","status-publish","format-standard","has-post-thumbnail","hentry","category-quadradinho-em-foco"],"acf":[],"yoast_head":"<!-- This site is optimized with the Yoast SEO plugin v27.5 - https:\/\/yoast.com\/product\/yoast-seo-wordpress\/ -->\n<title>Moradores da \u00e1rea rural recebem benef\u00edcios sociais - Notibras<\/title>\n<meta name=\"robots\" content=\"index, follow, max-snippet:-1, max-image-preview:large, max-video-preview:-1\" \/>\n<link rel=\"canonical\" href=\"https:\/\/www.notibras.com\/site\/moradores-da-area-rural-recebem-beneficios-sociais\/\" \/>\n<meta property=\"og:locale\" content=\"pt_BR\" \/>\n<meta property=\"og:type\" content=\"article\" \/>\n<meta property=\"og:title\" content=\"Moradores da \u00e1rea rural recebem benef\u00edcios sociais - Notibras\" \/>\n<meta property=\"og:description\" content=\"Moradores do Assentamento Tr\u00eas Conquistas, no Parano\u00e1, foram beneficiados, nesta quinta-feira (21), com o programa Cras M\u00f3vel, do Governo do Distrito Federal (GDF). Criada em 2021, a iniciativa, coordenada pela Secretaria de Desenvolvimento Social (Sedes), visa levar servi\u00e7os socioassistenciais diretamente \u00e0s comunidades mais vulner\u00e1veis e isoladas da capital federal. Devido \u00e0 localiza\u00e7\u00e3o remota do assentamento [&hellip;]\" \/>\n<meta property=\"og:url\" content=\"https:\/\/www.notibras.com\/site\/moradores-da-area-rural-recebem-beneficios-sociais\/\" \/>\n<meta property=\"og:site_name\" content=\"Notibras\" \/>\n<meta property=\"article:publisher\" content=\"https:\/\/www.facebook.com\/notibras\/\" \/>\n<meta property=\"article:published_time\" content=\"2024-03-22T03:00:56+00:00\" \/>\n<meta property=\"article:modified_time\" content=\"2024-03-22T12:12:45+00:00\" \/>\n<meta property=\"og:image\" content=\"https:\/\/www.notibras.com\/site\/wp-content\/uploads\/2024\/03\/53602563140_5b1754c5d1_c.jpg\" \/>\n\t<meta property=\"og:image:width\" content=\"799\" \/>\n\t<meta property=\"og:image:height\" content=\"560\" \/>\n\t<meta property=\"og:image:type\" content=\"image\/jpeg\" \/>\n<meta name=\"author\" content=\"Reda\u00e7\u00e3o\" \/>\n<meta name=\"twitter:card\" content=\"summary_large_image\" \/>\n<meta name=\"twitter:creator\" content=\"@Notibras\" \/>\n<meta name=\"twitter:site\" content=\"@Notibras\" \/>\n<meta name=\"twitter:label1\" content=\"Escrito por\" \/>\n\t<meta name=\"twitter:data1\" content=\"Reda\u00e7\u00e3o\" \/>\n\t<meta name=\"twitter:label2\" content=\"Est. tempo de leitura\" \/>\n\t<meta name=\"twitter:data2\" content=\"3 minutos\" \/>\n<script type=\"application\/ld+json\" class=\"yoast-schema-graph\">{\"@context\":\"https:\\\/\\\/schema.org\",\"@graph\":[{\"@type\":\"Article\",\"@id\":\"https:\\\/\\\/www.notibras.com\\\/site\\\/moradores-da-area-rural-recebem-beneficios-sociais\\\/#article\",\"isPartOf\":{\"@id\":\"https:\\\/\\\/www.notibras.com\\\/site\\\/moradores-da-area-rural-recebem-beneficios-sociais\\\/\"},\"author\":{\"name\":\"Reda\u00e7\u00e3o\",\"@id\":\"https:\\\/\\\/www.notibras.com\\\/site\\\/#\\\/schema\\\/person\\\/36ab0979449956132d3e5b517ea76ac8\"},\"headline\":\"Moradores da \u00e1rea rural recebem benef\u00edcios sociais\",\"datePublished\":\"2024-03-22T03:00:56+00:00\",\"dateModified\":\"2024-03-22T12:12:45+00:00\",\"mainEntityOfPage\":{\"@id\":\"https:\\\/\\\/www.notibras.com\\\/site\\\/moradores-da-area-rural-recebem-beneficios-sociais\\\/\"},\"wordCount\":466,\"publisher\":{\"@id\":\"https:\\\/\\\/www.notibras.com\\\/site\\\/#organization\"},\"image\":{\"@id\":\"https:\\\/\\\/www.notibras.com\\\/site\\\/moradores-da-area-rural-recebem-beneficios-sociais\\\/#primaryimage\"},\"thumbnailUrl\":\"https:\\\/\\\/www.notibras.com\\\/site\\\/wp-content\\\/uploads\\\/2024\\\/03\\\/53602563140_5b1754c5d1_c.jpg\",\"articleSection\":[\"Quadradinho em Foco\"],\"inLanguage\":\"pt-BR\"},{\"@type\":\"WebPage\",\"@id\":\"https:\\\/\\\/www.notibras.com\\\/site\\\/moradores-da-area-rural-recebem-beneficios-sociais\\\/\",\"url\":\"https:\\\/\\\/www.notibras.com\\\/site\\\/moradores-da-area-rural-recebem-beneficios-sociais\\\/\",\"name\":\"Moradores da \u00e1rea rural recebem benef\u00edcios sociais - Notibras\",\"isPartOf\":{\"@id\":\"https:\\\/\\\/www.notibras.com\\\/site\\\/#website\"},\"primaryImageOfPage\":{\"@id\":\"https:\\\/\\\/www.notibras.com\\\/site\\\/moradores-da-area-rural-recebem-beneficios-sociais\\\/#primaryimage\"},\"image\":{\"@id\":\"https:\\\/\\\/www.notibras.com\\\/site\\\/moradores-da-area-rural-recebem-beneficios-sociais\\\/#primaryimage\"},\"thumbnailUrl\":\"https:\\\/\\\/www.notibras.com\\\/site\\\/wp-content\\\/uploads\\\/2024\\\/03\\\/53602563140_5b1754c5d1_c.jpg\",\"datePublished\":\"2024-03-22T03:00:56+00:00\",\"dateModified\":\"2024-03-22T12:12:45+00:00\",\"breadcrumb\":{\"@id\":\"https:\\\/\\\/www.notibras.com\\\/site\\\/moradores-da-area-rural-recebem-beneficios-sociais\\\/#breadcrumb\"},\"inLanguage\":\"pt-BR\",\"potentialAction\":[{\"@type\":\"ReadAction\",\"target\":[\"https:\\\/\\\/www.notibras.com\\\/site\\\/moradores-da-area-rural-recebem-beneficios-sociais\\\/\"]}]},{\"@type\":\"ImageObject\",\"inLanguage\":\"pt-BR\",\"@id\":\"https:\\\/\\\/www.notibras.com\\\/site\\\/moradores-da-area-rural-recebem-beneficios-sociais\\\/#primaryimage\",\"url\":\"https:\\\/\\\/www.notibras.com\\\/site\\\/wp-content\\\/uploads\\\/2024\\\/03\\\/53602563140_5b1754c5d1_c.jpg\",\"contentUrl\":\"https:\\\/\\\/www.notibras.com\\\/site\\\/wp-content\\\/uploads\\\/2024\\\/03\\\/53602563140_5b1754c5d1_c.jpg\",\"width\":799,\"height\":560},{\"@type\":\"BreadcrumbList\",\"@id\":\"https:\\\/\\\/www.notibras.com\\\/site\\\/moradores-da-area-rural-recebem-beneficios-sociais\\\/#breadcrumb\",\"itemListElement\":[{\"@type\":\"ListItem\",\"position\":1,\"name\":\"In\u00edcio\",\"item\":\"https:\\\/\\\/www.notibras.com\\\/site\\\/\"},{\"@type\":\"ListItem\",\"position\":2,\"name\":\"Moradores da \u00e1rea rural recebem benef\u00edcios sociais\"}]},{\"@type\":\"WebSite\",\"@id\":\"https:\\\/\\\/www.notibras.com\\\/site\\\/#website\",\"url\":\"https:\\\/\\\/www.notibras.com\\\/site\\\/\",\"name\":\"Notibras\",\"description\":\"Not\u00edcias de Bras\u00edlia, do Brasil e do Mundo\",\"publisher\":{\"@id\":\"https:\\\/\\\/www.notibras.com\\\/site\\\/#organization\"},\"potentialAction\":[{\"@type\":\"SearchAction\",\"target\":{\"@type\":\"EntryPoint\",\"urlTemplate\":\"https:\\\/\\\/www.notibras.com\\\/site\\\/?s={search_term_string}\"},\"query-input\":{\"@type\":\"PropertyValueSpecification\",\"valueRequired\":true,\"valueName\":\"search_term_string\"}}],\"inLanguage\":\"pt-BR\"},{\"@type\":\"Organization\",\"@id\":\"https:\\\/\\\/www.notibras.com\\\/site\\\/#organization\",\"name\":\"Grupo Notibras de Comunica\u00e7\u00e3o\",\"url\":\"https:\\\/\\\/www.notibras.com\\\/site\\\/\",\"logo\":{\"@type\":\"ImageObject\",\"inLanguage\":\"pt-BR\",\"@id\":\"https:\\\/\\\/www.notibras.com\\\/site\\\/#\\\/schema\\\/logo\\\/image\\\/\",\"url\":\"https:\\\/\\\/www.notibras.com\\\/site\\\/wp-content\\\/uploads\\\/2023\\\/01\\\/notibras23.png\",\"contentUrl\":\"https:\\\/\\\/www.notibras.com\\\/site\\\/wp-content\\\/uploads\\\/2023\\\/01\\\/notibras23.png\",\"width\":350,\"height\":87,\"caption\":\"Grupo Notibras de Comunica\u00e7\u00e3o\"},\"image\":{\"@id\":\"https:\\\/\\\/www.notibras.com\\\/site\\\/#\\\/schema\\\/logo\\\/image\\\/\"},\"sameAs\":[\"https:\\\/\\\/www.facebook.com\\\/notibras\\\/\",\"https:\\\/\\\/x.com\\\/Notibras\",\"https:\\\/\\\/www.instagram.com\\\/notibras\\\/\"]},{\"@type\":\"Person\",\"@id\":\"https:\\\/\\\/www.notibras.com\\\/site\\\/#\\\/schema\\\/person\\\/36ab0979449956132d3e5b517ea76ac8\",\"name\":\"Reda\u00e7\u00e3o\",\"image\":{\"@type\":\"ImageObject\",\"inLanguage\":\"pt-BR\",\"@id\":\"https:\\\/\\\/secure.gravatar.com\\\/avatar\\\/e0a867bdedb85fd243eadf09663511f96fc81e0720a4a42581f334ad4303aa6b?s=96&d=mm&r=g\",\"url\":\"https:\\\/\\\/secure.gravatar.com\\\/avatar\\\/e0a867bdedb85fd243eadf09663511f96fc81e0720a4a42581f334ad4303aa6b?s=96&d=mm&r=g\",\"contentUrl\":\"https:\\\/\\\/secure.gravatar.com\\\/avatar\\\/e0a867bdedb85fd243eadf09663511f96fc81e0720a4a42581f334ad4303aa6b?s=96&d=mm&r=g\",\"caption\":\"Reda\u00e7\u00e3o\"}}]}<\/script>\n<!-- \/ Yoast SEO plugin. -->","yoast_head_json":{"title":"Moradores da \u00e1rea rural recebem benef\u00edcios sociais - Notibras","robots":{"index":"index","follow":"follow","max-snippet":"max-snippet:-1","max-image-preview":"max-image-preview:large","max-video-preview":"max-video-preview:-1"},"canonical":"https:\/\/www.notibras.com\/site\/moradores-da-area-rural-recebem-beneficios-sociais\/","og_locale":"pt_BR","og_type":"article","og_title":"Moradores da \u00e1rea rural recebem benef\u00edcios sociais - Notibras","og_description":"Moradores do Assentamento Tr\u00eas Conquistas, no Parano\u00e1, foram beneficiados, nesta quinta-feira (21), com o programa Cras M\u00f3vel, do Governo do Distrito Federal (GDF). Criada em 2021, a iniciativa, coordenada pela Secretaria de Desenvolvimento Social (Sedes), visa levar servi\u00e7os socioassistenciais diretamente \u00e0s comunidades mais vulner\u00e1veis e isoladas da capital federal. Devido \u00e0 localiza\u00e7\u00e3o remota do assentamento [&hellip;]","og_url":"https:\/\/www.notibras.com\/site\/moradores-da-area-rural-recebem-beneficios-sociais\/","og_site_name":"Notibras","article_publisher":"https:\/\/www.facebook.com\/notibras\/","article_published_time":"2024-03-22T03:00:56+00:00","article_modified_time":"2024-03-22T12:12:45+00:00","og_image":[{"width":799,"height":560,"url":"https:\/\/www.notibras.com\/site\/wp-content\/uploads\/2024\/03\/53602563140_5b1754c5d1_c.jpg","type":"image\/jpeg"}],"author":"Reda\u00e7\u00e3o","twitter_card":"summary_large_image","twitter_creator":"@Notibras","twitter_site":"@Notibras","twitter_misc":{"Escrito por":"Reda\u00e7\u00e3o","Est. tempo de leitura":"3 minutos"},"schema":{"@context":"https:\/\/schema.org","@graph":[{"@type":"Article","@id":"https:\/\/www.notibras.com\/site\/moradores-da-area-rural-recebem-beneficios-sociais\/#article","isPartOf":{"@id":"https:\/\/www.notibras.com\/site\/moradores-da-area-rural-recebem-beneficios-sociais\/"},"author":{"name":"Reda\u00e7\u00e3o","@id":"https:\/\/www.notibras.com\/site\/#\/schema\/person\/36ab0979449956132d3e5b517ea76ac8"},"headline":"Moradores da \u00e1rea rural recebem benef\u00edcios sociais","datePublished":"2024-03-22T03:00:56+00:00","dateModified":"2024-03-22T12:12:45+00:00","mainEntityOfPage":{"@id":"https:\/\/www.notibras.com\/site\/moradores-da-area-rural-recebem-beneficios-sociais\/"},"wordCount":466,"publisher":{"@id":"https:\/\/www.notibras.com\/site\/#organization"},"image":{"@id":"https:\/\/www.notibras.com\/site\/moradores-da-area-rural-recebem-beneficios-sociais\/#primaryimage"},"thumbnailUrl":"https:\/\/www.notibras.com\/site\/wp-content\/uploads\/2024\/03\/53602563140_5b1754c5d1_c.jpg","articleSection":["Quadradinho em Foco"],"inLanguage":"pt-BR"},{"@type":"WebPage","@id":"https:\/\/www.notibras.com\/site\/moradores-da-area-rural-recebem-beneficios-sociais\/","url":"https:\/\/www.notibras.com\/site\/moradores-da-area-rural-recebem-beneficios-sociais\/","name":"Moradores da \u00e1rea rural recebem benef\u00edcios sociais - Notibras","isPartOf":{"@id":"https:\/\/www.notibras.com\/site\/#website"},"primaryImageOfPage":{"@id":"https:\/\/www.notibras.com\/site\/moradores-da-area-rural-recebem-beneficios-sociais\/#primaryimage"},"image":{"@id":"https:\/\/www.notibras.com\/site\/moradores-da-area-rural-recebem-beneficios-sociais\/#primaryimage"},"thumbnailUrl":"https:\/\/www.notibras.com\/site\/wp-content\/uploads\/2024\/03\/53602563140_5b1754c5d1_c.jpg","datePublished":"2024-03-22T03:00:56+00:00","dateModified":"2024-03-22T12:12:45+00:00","breadcrumb":{"@id":"https:\/\/www.notibras.com\/site\/moradores-da-area-rural-recebem-beneficios-sociais\/#breadcrumb"},"inLanguage":"pt-BR","potentialAction":[{"@type":"ReadAction","target":["https:\/\/www.notibras.com\/site\/moradores-da-area-rural-recebem-beneficios-sociais\/"]}]},{"@type":"ImageObject","inLanguage":"pt-BR","@id":"https:\/\/www.notibras.com\/site\/moradores-da-area-rural-recebem-beneficios-sociais\/#primaryimage","url":"https:\/\/www.notibras.com\/site\/wp-content\/uploads\/2024\/03\/53602563140_5b1754c5d1_c.jpg","contentUrl":"https:\/\/www.notibras.com\/site\/wp-content\/uploads\/2024\/03\/53602563140_5b1754c5d1_c.jpg","width":799,"height":560},{"@type":"BreadcrumbList","@id":"https:\/\/www.notibras.com\/site\/moradores-da-area-rural-recebem-beneficios-sociais\/#breadcrumb","itemListElement":[{"@type":"ListItem","position":1,"name":"In\u00edcio","item":"https:\/\/www.notibras.com\/site\/"},{"@type":"ListItem","position":2,"name":"Moradores da \u00e1rea rural recebem benef\u00edcios sociais"}]},{"@type":"WebSite","@id":"https:\/\/www.notibras.com\/site\/#website","url":"https:\/\/www.notibras.com\/site\/","name":"Notibras","description":"Not\u00edcias de Bras\u00edlia, do Brasil e do Mundo","publisher":{"@id":"https:\/\/www.notibras.com\/site\/#organization"},"potentialAction":[{"@type":"SearchAction","target":{"@type":"EntryPoint","urlTemplate":"https:\/\/www.notibras.com\/site\/?s={search_term_string}"},"query-input":{"@type":"PropertyValueSpecification","valueRequired":true,"valueName":"search_term_string"}}],"inLanguage":"pt-BR"},{"@type":"Organization","@id":"https:\/\/www.notibras.com\/site\/#organization","name":"Grupo Notibras de Comunica\u00e7\u00e3o","url":"https:\/\/www.notibras.com\/site\/","logo":{"@type":"ImageObject","inLanguage":"pt-BR","@id":"https:\/\/www.notibras.com\/site\/#\/schema\/logo\/image\/","url":"https:\/\/www.notibras.com\/site\/wp-content\/uploads\/2023\/01\/notibras23.png","contentUrl":"https:\/\/www.notibras.com\/site\/wp-content\/uploads\/2023\/01\/notibras23.png","width":350,"height":87,"caption":"Grupo Notibras de Comunica\u00e7\u00e3o"},"image":{"@id":"https:\/\/www.notibras.com\/site\/#\/schema\/logo\/image\/"},"sameAs":["https:\/\/www.facebook.com\/notibras\/","https:\/\/x.com\/Notibras","https:\/\/www.instagram.com\/notibras\/"]},{"@type":"Person","@id":"https:\/\/www.notibras.com\/site\/#\/schema\/person\/36ab0979449956132d3e5b517ea76ac8","name":"Reda\u00e7\u00e3o","image":{"@type":"ImageObject","inLanguage":"pt-BR","@id":"https:\/\/secure.gravatar.com\/avatar\/e0a867bdedb85fd243eadf09663511f96fc81e0720a4a42581f334ad4303aa6b?s=96&d=mm&r=g","url":"https:\/\/secure.gravatar.com\/avatar\/e0a867bdedb85fd243eadf09663511f96fc81e0720a4a42581f334ad4303aa6b?s=96&d=mm&r=g","contentUrl":"https:\/\/secure.gravatar.com\/avatar\/e0a867bdedb85fd243eadf09663511f96fc81e0720a4a42581f334ad4303aa6b?s=96&d=mm&r=g","caption":"Reda\u00e7\u00e3o"}}]}},"amp_enabled":true,"_links":{"self":[{"href":"https:\/\/www.notibras.com\/site\/wp-json\/wp\/v2\/posts\/325217","targetHints":{"allow":["GET"]}}],"collection":[{"href":"https:\/\/www.notibras.com\/site\/wp-json\/wp\/v2\/posts"}],"about":[{"href":"https:\/\/www.notibras.com\/site\/wp-json\/wp\/v2\/types\/post"}],"author":[{"embeddable":true,"href":"https:\/\/www.notibras.com\/site\/wp-json\/wp\/v2\/users\/2"}],"replies":[{"embeddable":true,"href":"https:\/\/www.notibras.com\/site\/wp-json\/wp\/v2\/comments?post=325217"}],"version-history":[{"count":1,"href":"https:\/\/www.notibras.com\/site\/wp-json\/wp\/v2\/posts\/325217\/revisions"}],"predecessor-version":[{"id":325219,"href":"https:\/\/www.notibras.com\/site\/wp-json\/wp\/v2\/posts\/325217\/revisions\/325219"}],"wp:featuredmedia":[{"embeddable":true,"href":"https:\/\/www.notibras.com\/site\/wp-json\/wp\/v2\/media\/325218"}],"wp:attachment":[{"href":"https:\/\/www.notibras.com\/site\/wp-json\/wp\/v2\/media?parent=325217"}],"wp:term":[{"taxonomy":"category","embeddable":true,"href":"https:\/\/www.notibras.com\/site\/wp-json\/wp\/v2\/categories?post=325217"},{"taxonomy":"post_tag","embeddable":true,"href":"https:\/\/www.notibras.com\/site\/wp-json\/wp\/v2\/tags?post=325217"}],"curies":[{"name":"wp","href":"https:\/\/api.w.org\/{rel}","templated":true}]}}