{"id":325248,"date":"2024-03-23T00:00:59","date_gmt":"2024-03-23T03:00:59","guid":{"rendered":"https:\/\/www.notibras.com\/site\/?p=325248"},"modified":"2024-03-23T12:19:39","modified_gmt":"2024-03-23T15:19:39","slug":"orquestra-revive-lado-de-pixinguinha-pouco-reconhecido","status":"publish","type":"post","link":"https:\/\/www.notibras.com\/site\/orquestra-revive-lado-de-pixinguinha-pouco-reconhecido\/","title":{"rendered":"Orquestra revive lado de Pixinguinha pouco reconhecido"},"content":{"rendered":"<p>Garantem os etim\u00f3logos que a palavra orquestra vem do grego orkh\u00e9stra e na l\u00edngua portuguesa foi usada pela primeira vez no s\u00e9culo 18. Muito antes, na Gr\u00e9cia antiga, o voc\u00e1bulo nomeava o espa\u00e7o em frente ao palco, onde havia instrumentistas e coristas e bailarinos dan\u00e7avam. Desde o ber\u00e7o da civiliza\u00e7\u00e3o ocidental, portanto, as orquestras corporificam a m\u00fasica na dan\u00e7a.<\/p>\n<p>Esse enlace hel\u00eanico renasce toda vez que os 13 m\u00fasicos da Orquestra Pizindim, de Bras\u00edlia, sobem aos palcos para reviver os arranjos musicais elaborados por Alfredo da Rocha Vianna Filho, o Pixinguinha (1897-1973). Os m\u00fasicos tocam, os ouvidos escutam, o cora\u00e7\u00e3o sente e o corpo quer dan\u00e7ar as 25 can\u00e7\u00f5es do repert\u00f3rio formado por composi\u00e7\u00f5es autorais e arranjos originais de Pixinguinha para sambas, choros e maxixes.<\/p>\n<p>A orquestra faz releitura de cl\u00e1ssicos, composi\u00e7\u00f5es menos conhecidas e at\u00e9 de can\u00e7\u00f5es nunca gravadas, com a participa\u00e7\u00e3o de cantores da cidade. \u201cA proposta \u00e9 renovar e atualizar os arranjos geniais de Pixinguinha e a forma\u00e7\u00e3o quase extinta de orquestra de choro dos anos [19]50 a partir da introdu\u00e7\u00e3o de composi\u00e7\u00f5es autorais e tamb\u00e9m da execu\u00e7\u00e3o deste repert\u00f3rio por m\u00fasicos da nova gera\u00e7\u00e3o\u201d, diz o saxofonista Bruno Patr\u00edcio, diretor musical da Orquestra Pizindim, no portif\u00f3lio da banda.<\/p>\n<p>Bruno Patr\u00edcio conheceu os arranjos de Pixinguinha no site do Instituto Moreira Salles, que det\u00e9m o acervo do m\u00fasico, inclusive partituras originais em edi\u00e7\u00f5es digitalizadas de m\u00fasicas gravadas para os discos Carnaval Da Velha Guarda (1955) e Assim \u00c9 que \u00c9 (1957), com arranjos de Pixinguinha, e que fazem parte das apresenta\u00e7\u00f5es de Orquestra Pizindim \u2013 iniciadas em 23 de abril do ano passado, Dia Nacional do Choro e anivers\u00e1rio de Pixinguinha.<\/p>\n<p>A veia de arranjador de Pixinguinha \u00e9 t\u00e3o fundamental para a m\u00fasica brasileira quanto as suas can\u00e7\u00f5es Carinhoso, Rosa, Lamentos e Um a Zero, assegura Bruno Patr\u00edcio. \u201cO Pixinguinha \u00e9 muito conhecido como flautista, saxofonista e compositor, mas esse lado de arranjador, t\u00e3o genial quanto todas as outras coisas que ele fez, \u00e9 pouco conhecido\u201d, complementa o diretor musical.<\/p>\n<p>\u201cEssa hist\u00f3ria \u00e9 pouco falada e pouco absorvida pelos m\u00fasicos\u201d, concorda Fernando C\u00e9sar, renomado violonista da cena brasiliense e docente da Escola Brasileira de Choro Raphael Rabello. \u201cO trabalho de arranjador de Pixinguinha foi muito importante para a m\u00fasica popular brasileira.\u201d<\/p>\n<p>Segundo o m\u00fasico e professor, Pixinguinha em seus arranjos levou para as partituras \u201ca m\u00fasica de rua, a m\u00fasica do carnaval, a m\u00fasica da sala de concerto e a m\u00fasica orquestrada.\u201d<\/p>\n<p><strong>Experi\u00eancia diferente<\/strong><br \/>\nAssistir e ouvir a Orquestra Pizindim possibilita conhecer a orquestra\u00e7\u00e3o de choro, geralmente executado por regionais \u2013 grupos musicais menores e com menos instrumentos como viol\u00e3o, bandolim, cavaquinho, pandeiro e flauta.<\/p>\n<p>A experi\u00eancia reaviva a mem\u00f3ria de Andr\u00e9 Lindolpho, um dos m\u00fasicos mais tarimbados da Orquestra Pizindim. Ele era adolescente e estudante de m\u00fasica e, no fim dos anos 1960, costumava passar na Rua da Assembleia, no centro do Rio de Janeiro, para ver Pixinguinha e outros artistas que se reuniam semanalmente em um restaurante no local.<\/p>\n<p>\u201cM\u00fasicos veteranos, pessoas j\u00e1 renomadas, tanto de televis\u00e3o como da r\u00e1dio, ficavam por ali. Eu ouvia conselhos como: \u2018sempre v\u00e1 pela cabe\u00e7a dos mais antigos. Pergunte a eles quando tiver d\u00favidas\u2019. Tudo isso serviu de aprendizagem\u201d, lembra.<\/p>\n<p>Nessas ocasi\u00f5es, Andr\u00e9 Lindolpho via de perto Pixinguinha, mas nunca o abordou. Ele garante que Pixinguinha \u201cera humilde, simp\u00e1tico, mas na dele\u201d e &#8220;geralmente conversava com os m\u00fasicos com quem tocava. \u00c0quela altura, Pixinguinha tocava saxofone e Andr\u00e9 Lindolpho j\u00e1 tocava tuba. T\u00edmido quando menino, ele nunca encontrou assunto para abordar o m\u00fasico consagrado.<\/p>\n<p>Na orquestra Pizindim, Andr\u00e9 Lindolpho toca um instrumento da fam\u00edlia das tubas: o sousafone, patenteado na segunda metade do s\u00e9culo 19 nos Estados Unidos pelo compositor de John Philip Sousa, de fam\u00edlia de origem portuguesa.<\/p>\n<p>A pe\u00e7a feita em acr\u00edlico branco pesa cerca de dez quilos, cinco a menos do que a tuba tradicional de metal. Conforme Andr\u00e9 Lindolpho, o sousafone faz o papel do contrabaixo na orquestra. \u201cSe fosse um time de futebol, seria o goleiro. N\u00e3o pode vacilar, pois compromete o grupo.\u201d Na mesma analogia, o papel do arranjador exercido por Pixinguinha \u00e9 como de t\u00e9cnico de futebol que faz um esquema t\u00e1tico para \u201cdistribuir as vozes dos instrumentos.\u201d<\/p>\n<p>O diretor musical Bruno Patr\u00edcio toca sax tenor na Orquestra Pizindim. A fun\u00e7\u00e3o pode ser comparada com a do volante, o meio campista que defende mas leva a bola ao ataque, \u201ccosturando a harmonia, dando os caminhos harm\u00f4nicos.\u201d<\/p>\n<p>Para explicar o papel do arranjador de Pixinguinha para o rep\u00f3rter leigo, Bruno Patr\u00edcio prefere falar em \u201cpaleta de cores\u201d, que os pintores utilizam para combinar tintas enquanto pintam. \u201cEle vai colorindo aquilo ali aos poucos. Cada naipe de instrumentos tem o seu momento dentro da m\u00fasica. Uma hora ele est\u00e1 acompanhando algu\u00e9m, mas daqui a pouco ele vira o protagonista. A\u00ed ele desce de cena e vem outro. \u00c9 tudo muito bem constru\u00eddo, muito lindo.\u201d<\/p>\n<p><strong>Paradigma musical<\/strong><br \/>\nO pesquisador musical Jairo Severiano (1927-1922), em seu livro Uma Hist\u00f3ria da M\u00fasica Popular Brasileira, afirma que Pixinguinha, junto com Radam\u00e9s Gnattali, definiu \u201cos padr\u00f5es b\u00e1sicos de arranjo para a m\u00fasica popular brasileira, servindo seus trabalhos de paradigmas para os m\u00fasicos nacionais que pontificaram nas d\u00e9cadas de 1930 e 1940. Pixinguinha mais chegado aos metais; Radam\u00e9s, \u00e0s cordas.\u201d<\/p>\n<p>\u201cEle [Pixinguinha] aplicou \u00e0 arte do arranjo a experi\u00eancia que ganhou na escola do choro, resultando seu trabalho em orquestra\u00e7\u00f5es impregnadas de sabor brasileiro, que os arranjadores da \u00e9poca \u2013 v\u00e1rios deles estrangeiros aqui radicados \u2013 n\u00e3o podiam oferecer\u201d, opina o pesquisador no livro.<\/p>\n<p>O jornalista S\u00e9rgio Cabral, autor de Pixinguinha: Vida e Obra, assinala que \u201cPixinguinha abrasileirou as orquestras de forma t\u00e3o n\u00edtida e radical que se pode dizer, sem qualquer medo de errar, que foi ele o grande pioneiro da orquestra\u00e7\u00e3o para a m\u00fasica popular brasileira. A can\u00e7\u00e3o carnavalesca deve a ele uma boa parcela do seu \u00eaxito, ao escrever arranjos com destacada participa\u00e7\u00e3o da orquestra criando introdu\u00e7\u00f5es que ficaram famosas (&#8230;) e encontrando solu\u00e7\u00f5es inventivas para as m\u00fasicas mais simples, ao utilizar muito bem a percuss\u00e3o e ao variar a base de modula\u00e7\u00f5es.\u201d<\/p>\n<p>Em seus livros, Severiano e Cabral tratam da trajet\u00f3ria de Pixinguinha em diferentes orquestras. Os autores destacam a passagem do m\u00fasico pela Orquestra Victor Brasileira entre julho de 1929 a dezembro de 1940. A orquestra pertencia \u00e0 gravadora Victor Talkin Machine Company, subsidi\u00e1ria da Radio Corporation of America (RCA), que mais tarde se chamaria de RCA Victor.<\/p>\n<p>Naquele per\u00edodo de 11 anos na RCA Victor, Pixinguinha organizou tr\u00eas orquestras. Al\u00e9m da Orquestra Victor Brasileira, que gravou cerca de 200 discos (geralmente de duas faixas em 38 rpm) com can\u00e7\u00f5es mais lentas (samba-can\u00e7\u00e3o); havia o Grupo Guarda Velha que participou de 50 discos com choros, marchas e sambas de carnaval; e a orquestra Diabos do C\u00e9u que tocou m\u00fasicas carnavalescas em 240 discos.<\/p>\n<p>O contrato com a RCA Victor, assinado quando Pixinguinha tinha 32 anos, permitia uma certa onipresen\u00e7a do m\u00fasico. A gravadora tinha exclusividade das orquestras, \u201cmas Pixinguinha tinha liberdade para atuar como instrumentista e arranjador em outros lugares como as emissoras de r\u00e1dio Transmissora, Mayrink Veiga, Nacional e Tupi; em dancings da cidade do Rio de Janeiro, na Guarda Municipal, e at\u00e9 em outras orquestras e conjuntos como grupos musicais das gravadoras Columbia e Odeon.<\/p>\n<p>Neste s\u00e1bado (23), a Orquestra Pinzindim se re\u00fane pela nona vez para tocar m\u00fasicas com arranjos de Pixinguinha. O espet\u00e1culo, com a participa\u00e7\u00e3o da cantora Ana Reis e do cantor Breno Alves ser\u00e1 na Mundo Vivo Galeria (413 Norte), a partir das 20h.<\/p>\n","protected":false},"excerpt":{"rendered":"<p>Garantem os etim\u00f3logos que a palavra orquestra vem do grego orkh\u00e9stra e na l\u00edngua portuguesa foi usada pela primeira vez no s\u00e9culo 18. Muito antes, na Gr\u00e9cia antiga, o voc\u00e1bulo nomeava o espa\u00e7o em frente ao palco, onde havia instrumentistas e coristas e bailarinos dan\u00e7avam. Desde o ber\u00e7o da civiliza\u00e7\u00e3o ocidental, portanto, as orquestras corporificam [&hellip;]<\/p>\n","protected":false},"author":2,"featured_media":325249,"comment_status":"closed","ping_status":"closed","sticky":false,"template":"","format":"standard","meta":{"_acf_changed":false,"footnotes":""},"categories":[161],"tags":[],"class_list":["post-325248","post","type-post","status-publish","format-standard","has-post-thumbnail","hentry","category-quadradinho-em-foco"],"acf":[],"yoast_head":"<!-- This site is optimized with the Yoast SEO plugin v27.5 - https:\/\/yoast.com\/product\/yoast-seo-wordpress\/ -->\n<title>Orquestra revive lado de Pixinguinha pouco reconhecido - Notibras<\/title>\n<meta name=\"robots\" content=\"index, follow, max-snippet:-1, max-image-preview:large, max-video-preview:-1\" \/>\n<link rel=\"canonical\" href=\"https:\/\/www.notibras.com\/site\/orquestra-revive-lado-de-pixinguinha-pouco-reconhecido\/\" \/>\n<meta property=\"og:locale\" content=\"pt_BR\" \/>\n<meta property=\"og:type\" content=\"article\" \/>\n<meta property=\"og:title\" content=\"Orquestra revive lado de Pixinguinha pouco reconhecido - Notibras\" \/>\n<meta property=\"og:description\" content=\"Garantem os etim\u00f3logos que a palavra orquestra vem do grego orkh\u00e9stra e na l\u00edngua portuguesa foi usada pela primeira vez no s\u00e9culo 18. Muito antes, na Gr\u00e9cia antiga, o voc\u00e1bulo nomeava o espa\u00e7o em frente ao palco, onde havia instrumentistas e coristas e bailarinos dan\u00e7avam. Desde o ber\u00e7o da civiliza\u00e7\u00e3o ocidental, portanto, as orquestras corporificam [&hellip;]\" \/>\n<meta property=\"og:url\" content=\"https:\/\/www.notibras.com\/site\/orquestra-revive-lado-de-pixinguinha-pouco-reconhecido\/\" \/>\n<meta property=\"og:site_name\" content=\"Notibras\" \/>\n<meta property=\"article:publisher\" content=\"https:\/\/www.facebook.com\/notibras\/\" \/>\n<meta property=\"article:published_time\" content=\"2024-03-23T03:00:59+00:00\" \/>\n<meta property=\"article:modified_time\" content=\"2024-03-23T15:19:39+00:00\" \/>\n<meta property=\"og:image\" content=\"https:\/\/www.notibras.com\/site\/wp-content\/uploads\/2024\/03\/orquestra_pizindim1.webp\" \/>\n\t<meta property=\"og:image:width\" content=\"1170\" \/>\n\t<meta property=\"og:image:height\" content=\"700\" \/>\n\t<meta property=\"og:image:type\" content=\"image\/webp\" \/>\n<meta name=\"author\" content=\"Reda\u00e7\u00e3o\" \/>\n<meta name=\"twitter:card\" content=\"summary_large_image\" \/>\n<meta name=\"twitter:creator\" content=\"@Notibras\" \/>\n<meta name=\"twitter:site\" content=\"@Notibras\" \/>\n<meta name=\"twitter:label1\" content=\"Escrito por\" \/>\n\t<meta name=\"twitter:data1\" content=\"Reda\u00e7\u00e3o\" \/>\n\t<meta name=\"twitter:label2\" content=\"Est. tempo de leitura\" \/>\n\t<meta name=\"twitter:data2\" content=\"8 minutos\" \/>\n<script type=\"application\/ld+json\" class=\"yoast-schema-graph\">{\"@context\":\"https:\\\/\\\/schema.org\",\"@graph\":[{\"@type\":\"Article\",\"@id\":\"https:\\\/\\\/www.notibras.com\\\/site\\\/orquestra-revive-lado-de-pixinguinha-pouco-reconhecido\\\/#article\",\"isPartOf\":{\"@id\":\"https:\\\/\\\/www.notibras.com\\\/site\\\/orquestra-revive-lado-de-pixinguinha-pouco-reconhecido\\\/\"},\"author\":{\"name\":\"Reda\u00e7\u00e3o\",\"@id\":\"https:\\\/\\\/www.notibras.com\\\/site\\\/#\\\/schema\\\/person\\\/36ab0979449956132d3e5b517ea76ac8\"},\"headline\":\"Orquestra revive lado de Pixinguinha pouco reconhecido\",\"datePublished\":\"2024-03-23T03:00:59+00:00\",\"dateModified\":\"2024-03-23T15:19:39+00:00\",\"mainEntityOfPage\":{\"@id\":\"https:\\\/\\\/www.notibras.com\\\/site\\\/orquestra-revive-lado-de-pixinguinha-pouco-reconhecido\\\/\"},\"wordCount\":1347,\"publisher\":{\"@id\":\"https:\\\/\\\/www.notibras.com\\\/site\\\/#organization\"},\"image\":{\"@id\":\"https:\\\/\\\/www.notibras.com\\\/site\\\/orquestra-revive-lado-de-pixinguinha-pouco-reconhecido\\\/#primaryimage\"},\"thumbnailUrl\":\"https:\\\/\\\/www.notibras.com\\\/site\\\/wp-content\\\/uploads\\\/2024\\\/03\\\/orquestra_pizindim1.webp\",\"articleSection\":[\"Quadradinho em Foco\"],\"inLanguage\":\"pt-BR\"},{\"@type\":\"WebPage\",\"@id\":\"https:\\\/\\\/www.notibras.com\\\/site\\\/orquestra-revive-lado-de-pixinguinha-pouco-reconhecido\\\/\",\"url\":\"https:\\\/\\\/www.notibras.com\\\/site\\\/orquestra-revive-lado-de-pixinguinha-pouco-reconhecido\\\/\",\"name\":\"Orquestra revive lado de Pixinguinha pouco reconhecido - Notibras\",\"isPartOf\":{\"@id\":\"https:\\\/\\\/www.notibras.com\\\/site\\\/#website\"},\"primaryImageOfPage\":{\"@id\":\"https:\\\/\\\/www.notibras.com\\\/site\\\/orquestra-revive-lado-de-pixinguinha-pouco-reconhecido\\\/#primaryimage\"},\"image\":{\"@id\":\"https:\\\/\\\/www.notibras.com\\\/site\\\/orquestra-revive-lado-de-pixinguinha-pouco-reconhecido\\\/#primaryimage\"},\"thumbnailUrl\":\"https:\\\/\\\/www.notibras.com\\\/site\\\/wp-content\\\/uploads\\\/2024\\\/03\\\/orquestra_pizindim1.webp\",\"datePublished\":\"2024-03-23T03:00:59+00:00\",\"dateModified\":\"2024-03-23T15:19:39+00:00\",\"breadcrumb\":{\"@id\":\"https:\\\/\\\/www.notibras.com\\\/site\\\/orquestra-revive-lado-de-pixinguinha-pouco-reconhecido\\\/#breadcrumb\"},\"inLanguage\":\"pt-BR\",\"potentialAction\":[{\"@type\":\"ReadAction\",\"target\":[\"https:\\\/\\\/www.notibras.com\\\/site\\\/orquestra-revive-lado-de-pixinguinha-pouco-reconhecido\\\/\"]}]},{\"@type\":\"ImageObject\",\"inLanguage\":\"pt-BR\",\"@id\":\"https:\\\/\\\/www.notibras.com\\\/site\\\/orquestra-revive-lado-de-pixinguinha-pouco-reconhecido\\\/#primaryimage\",\"url\":\"https:\\\/\\\/www.notibras.com\\\/site\\\/wp-content\\\/uploads\\\/2024\\\/03\\\/orquestra_pizindim1.webp\",\"contentUrl\":\"https:\\\/\\\/www.notibras.com\\\/site\\\/wp-content\\\/uploads\\\/2024\\\/03\\\/orquestra_pizindim1.webp\",\"width\":1170,\"height\":700},{\"@type\":\"BreadcrumbList\",\"@id\":\"https:\\\/\\\/www.notibras.com\\\/site\\\/orquestra-revive-lado-de-pixinguinha-pouco-reconhecido\\\/#breadcrumb\",\"itemListElement\":[{\"@type\":\"ListItem\",\"position\":1,\"name\":\"In\u00edcio\",\"item\":\"https:\\\/\\\/www.notibras.com\\\/site\\\/\"},{\"@type\":\"ListItem\",\"position\":2,\"name\":\"Orquestra revive lado de Pixinguinha pouco reconhecido\"}]},{\"@type\":\"WebSite\",\"@id\":\"https:\\\/\\\/www.notibras.com\\\/site\\\/#website\",\"url\":\"https:\\\/\\\/www.notibras.com\\\/site\\\/\",\"name\":\"Notibras\",\"description\":\"Not\u00edcias de Bras\u00edlia, do Brasil e do Mundo\",\"publisher\":{\"@id\":\"https:\\\/\\\/www.notibras.com\\\/site\\\/#organization\"},\"potentialAction\":[{\"@type\":\"SearchAction\",\"target\":{\"@type\":\"EntryPoint\",\"urlTemplate\":\"https:\\\/\\\/www.notibras.com\\\/site\\\/?s={search_term_string}\"},\"query-input\":{\"@type\":\"PropertyValueSpecification\",\"valueRequired\":true,\"valueName\":\"search_term_string\"}}],\"inLanguage\":\"pt-BR\"},{\"@type\":\"Organization\",\"@id\":\"https:\\\/\\\/www.notibras.com\\\/site\\\/#organization\",\"name\":\"Grupo Notibras de Comunica\u00e7\u00e3o\",\"url\":\"https:\\\/\\\/www.notibras.com\\\/site\\\/\",\"logo\":{\"@type\":\"ImageObject\",\"inLanguage\":\"pt-BR\",\"@id\":\"https:\\\/\\\/www.notibras.com\\\/site\\\/#\\\/schema\\\/logo\\\/image\\\/\",\"url\":\"https:\\\/\\\/www.notibras.com\\\/site\\\/wp-content\\\/uploads\\\/2023\\\/01\\\/notibras23.png\",\"contentUrl\":\"https:\\\/\\\/www.notibras.com\\\/site\\\/wp-content\\\/uploads\\\/2023\\\/01\\\/notibras23.png\",\"width\":350,\"height\":87,\"caption\":\"Grupo Notibras de Comunica\u00e7\u00e3o\"},\"image\":{\"@id\":\"https:\\\/\\\/www.notibras.com\\\/site\\\/#\\\/schema\\\/logo\\\/image\\\/\"},\"sameAs\":[\"https:\\\/\\\/www.facebook.com\\\/notibras\\\/\",\"https:\\\/\\\/x.com\\\/Notibras\",\"https:\\\/\\\/www.instagram.com\\\/notibras\\\/\"]},{\"@type\":\"Person\",\"@id\":\"https:\\\/\\\/www.notibras.com\\\/site\\\/#\\\/schema\\\/person\\\/36ab0979449956132d3e5b517ea76ac8\",\"name\":\"Reda\u00e7\u00e3o\",\"image\":{\"@type\":\"ImageObject\",\"inLanguage\":\"pt-BR\",\"@id\":\"https:\\\/\\\/secure.gravatar.com\\\/avatar\\\/e0a867bdedb85fd243eadf09663511f96fc81e0720a4a42581f334ad4303aa6b?s=96&d=mm&r=g\",\"url\":\"https:\\\/\\\/secure.gravatar.com\\\/avatar\\\/e0a867bdedb85fd243eadf09663511f96fc81e0720a4a42581f334ad4303aa6b?s=96&d=mm&r=g\",\"contentUrl\":\"https:\\\/\\\/secure.gravatar.com\\\/avatar\\\/e0a867bdedb85fd243eadf09663511f96fc81e0720a4a42581f334ad4303aa6b?s=96&d=mm&r=g\",\"caption\":\"Reda\u00e7\u00e3o\"}}]}<\/script>\n<!-- \/ Yoast SEO plugin. -->","yoast_head_json":{"title":"Orquestra revive lado de Pixinguinha pouco reconhecido - Notibras","robots":{"index":"index","follow":"follow","max-snippet":"max-snippet:-1","max-image-preview":"max-image-preview:large","max-video-preview":"max-video-preview:-1"},"canonical":"https:\/\/www.notibras.com\/site\/orquestra-revive-lado-de-pixinguinha-pouco-reconhecido\/","og_locale":"pt_BR","og_type":"article","og_title":"Orquestra revive lado de Pixinguinha pouco reconhecido - Notibras","og_description":"Garantem os etim\u00f3logos que a palavra orquestra vem do grego orkh\u00e9stra e na l\u00edngua portuguesa foi usada pela primeira vez no s\u00e9culo 18. Muito antes, na Gr\u00e9cia antiga, o voc\u00e1bulo nomeava o espa\u00e7o em frente ao palco, onde havia instrumentistas e coristas e bailarinos dan\u00e7avam. Desde o ber\u00e7o da civiliza\u00e7\u00e3o ocidental, portanto, as orquestras corporificam [&hellip;]","og_url":"https:\/\/www.notibras.com\/site\/orquestra-revive-lado-de-pixinguinha-pouco-reconhecido\/","og_site_name":"Notibras","article_publisher":"https:\/\/www.facebook.com\/notibras\/","article_published_time":"2024-03-23T03:00:59+00:00","article_modified_time":"2024-03-23T15:19:39+00:00","og_image":[{"width":1170,"height":700,"url":"https:\/\/www.notibras.com\/site\/wp-content\/uploads\/2024\/03\/orquestra_pizindim1.webp","type":"image\/webp"}],"author":"Reda\u00e7\u00e3o","twitter_card":"summary_large_image","twitter_creator":"@Notibras","twitter_site":"@Notibras","twitter_misc":{"Escrito por":"Reda\u00e7\u00e3o","Est. tempo de leitura":"8 minutos"},"schema":{"@context":"https:\/\/schema.org","@graph":[{"@type":"Article","@id":"https:\/\/www.notibras.com\/site\/orquestra-revive-lado-de-pixinguinha-pouco-reconhecido\/#article","isPartOf":{"@id":"https:\/\/www.notibras.com\/site\/orquestra-revive-lado-de-pixinguinha-pouco-reconhecido\/"},"author":{"name":"Reda\u00e7\u00e3o","@id":"https:\/\/www.notibras.com\/site\/#\/schema\/person\/36ab0979449956132d3e5b517ea76ac8"},"headline":"Orquestra revive lado de Pixinguinha pouco reconhecido","datePublished":"2024-03-23T03:00:59+00:00","dateModified":"2024-03-23T15:19:39+00:00","mainEntityOfPage":{"@id":"https:\/\/www.notibras.com\/site\/orquestra-revive-lado-de-pixinguinha-pouco-reconhecido\/"},"wordCount":1347,"publisher":{"@id":"https:\/\/www.notibras.com\/site\/#organization"},"image":{"@id":"https:\/\/www.notibras.com\/site\/orquestra-revive-lado-de-pixinguinha-pouco-reconhecido\/#primaryimage"},"thumbnailUrl":"https:\/\/www.notibras.com\/site\/wp-content\/uploads\/2024\/03\/orquestra_pizindim1.webp","articleSection":["Quadradinho em Foco"],"inLanguage":"pt-BR"},{"@type":"WebPage","@id":"https:\/\/www.notibras.com\/site\/orquestra-revive-lado-de-pixinguinha-pouco-reconhecido\/","url":"https:\/\/www.notibras.com\/site\/orquestra-revive-lado-de-pixinguinha-pouco-reconhecido\/","name":"Orquestra revive lado de Pixinguinha pouco reconhecido - Notibras","isPartOf":{"@id":"https:\/\/www.notibras.com\/site\/#website"},"primaryImageOfPage":{"@id":"https:\/\/www.notibras.com\/site\/orquestra-revive-lado-de-pixinguinha-pouco-reconhecido\/#primaryimage"},"image":{"@id":"https:\/\/www.notibras.com\/site\/orquestra-revive-lado-de-pixinguinha-pouco-reconhecido\/#primaryimage"},"thumbnailUrl":"https:\/\/www.notibras.com\/site\/wp-content\/uploads\/2024\/03\/orquestra_pizindim1.webp","datePublished":"2024-03-23T03:00:59+00:00","dateModified":"2024-03-23T15:19:39+00:00","breadcrumb":{"@id":"https:\/\/www.notibras.com\/site\/orquestra-revive-lado-de-pixinguinha-pouco-reconhecido\/#breadcrumb"},"inLanguage":"pt-BR","potentialAction":[{"@type":"ReadAction","target":["https:\/\/www.notibras.com\/site\/orquestra-revive-lado-de-pixinguinha-pouco-reconhecido\/"]}]},{"@type":"ImageObject","inLanguage":"pt-BR","@id":"https:\/\/www.notibras.com\/site\/orquestra-revive-lado-de-pixinguinha-pouco-reconhecido\/#primaryimage","url":"https:\/\/www.notibras.com\/site\/wp-content\/uploads\/2024\/03\/orquestra_pizindim1.webp","contentUrl":"https:\/\/www.notibras.com\/site\/wp-content\/uploads\/2024\/03\/orquestra_pizindim1.webp","width":1170,"height":700},{"@type":"BreadcrumbList","@id":"https:\/\/www.notibras.com\/site\/orquestra-revive-lado-de-pixinguinha-pouco-reconhecido\/#breadcrumb","itemListElement":[{"@type":"ListItem","position":1,"name":"In\u00edcio","item":"https:\/\/www.notibras.com\/site\/"},{"@type":"ListItem","position":2,"name":"Orquestra revive lado de Pixinguinha pouco reconhecido"}]},{"@type":"WebSite","@id":"https:\/\/www.notibras.com\/site\/#website","url":"https:\/\/www.notibras.com\/site\/","name":"Notibras","description":"Not\u00edcias de Bras\u00edlia, do Brasil e do Mundo","publisher":{"@id":"https:\/\/www.notibras.com\/site\/#organization"},"potentialAction":[{"@type":"SearchAction","target":{"@type":"EntryPoint","urlTemplate":"https:\/\/www.notibras.com\/site\/?s={search_term_string}"},"query-input":{"@type":"PropertyValueSpecification","valueRequired":true,"valueName":"search_term_string"}}],"inLanguage":"pt-BR"},{"@type":"Organization","@id":"https:\/\/www.notibras.com\/site\/#organization","name":"Grupo Notibras de Comunica\u00e7\u00e3o","url":"https:\/\/www.notibras.com\/site\/","logo":{"@type":"ImageObject","inLanguage":"pt-BR","@id":"https:\/\/www.notibras.com\/site\/#\/schema\/logo\/image\/","url":"https:\/\/www.notibras.com\/site\/wp-content\/uploads\/2023\/01\/notibras23.png","contentUrl":"https:\/\/www.notibras.com\/site\/wp-content\/uploads\/2023\/01\/notibras23.png","width":350,"height":87,"caption":"Grupo Notibras de Comunica\u00e7\u00e3o"},"image":{"@id":"https:\/\/www.notibras.com\/site\/#\/schema\/logo\/image\/"},"sameAs":["https:\/\/www.facebook.com\/notibras\/","https:\/\/x.com\/Notibras","https:\/\/www.instagram.com\/notibras\/"]},{"@type":"Person","@id":"https:\/\/www.notibras.com\/site\/#\/schema\/person\/36ab0979449956132d3e5b517ea76ac8","name":"Reda\u00e7\u00e3o","image":{"@type":"ImageObject","inLanguage":"pt-BR","@id":"https:\/\/secure.gravatar.com\/avatar\/e0a867bdedb85fd243eadf09663511f96fc81e0720a4a42581f334ad4303aa6b?s=96&d=mm&r=g","url":"https:\/\/secure.gravatar.com\/avatar\/e0a867bdedb85fd243eadf09663511f96fc81e0720a4a42581f334ad4303aa6b?s=96&d=mm&r=g","contentUrl":"https:\/\/secure.gravatar.com\/avatar\/e0a867bdedb85fd243eadf09663511f96fc81e0720a4a42581f334ad4303aa6b?s=96&d=mm&r=g","caption":"Reda\u00e7\u00e3o"}}]}},"amp_enabled":true,"_links":{"self":[{"href":"https:\/\/www.notibras.com\/site\/wp-json\/wp\/v2\/posts\/325248","targetHints":{"allow":["GET"]}}],"collection":[{"href":"https:\/\/www.notibras.com\/site\/wp-json\/wp\/v2\/posts"}],"about":[{"href":"https:\/\/www.notibras.com\/site\/wp-json\/wp\/v2\/types\/post"}],"author":[{"embeddable":true,"href":"https:\/\/www.notibras.com\/site\/wp-json\/wp\/v2\/users\/2"}],"replies":[{"embeddable":true,"href":"https:\/\/www.notibras.com\/site\/wp-json\/wp\/v2\/comments?post=325248"}],"version-history":[{"count":3,"href":"https:\/\/www.notibras.com\/site\/wp-json\/wp\/v2\/posts\/325248\/revisions"}],"predecessor-version":[{"id":325252,"href":"https:\/\/www.notibras.com\/site\/wp-json\/wp\/v2\/posts\/325248\/revisions\/325252"}],"wp:featuredmedia":[{"embeddable":true,"href":"https:\/\/www.notibras.com\/site\/wp-json\/wp\/v2\/media\/325249"}],"wp:attachment":[{"href":"https:\/\/www.notibras.com\/site\/wp-json\/wp\/v2\/media?parent=325248"}],"wp:term":[{"taxonomy":"category","embeddable":true,"href":"https:\/\/www.notibras.com\/site\/wp-json\/wp\/v2\/categories?post=325248"},{"taxonomy":"post_tag","embeddable":true,"href":"https:\/\/www.notibras.com\/site\/wp-json\/wp\/v2\/tags?post=325248"}],"curies":[{"name":"wp","href":"https:\/\/api.w.org\/{rel}","templated":true}]}}