{"id":325253,"date":"2024-03-23T10:22:08","date_gmt":"2024-03-23T13:22:08","guid":{"rendered":"https:\/\/www.notibras.com\/site\/?p=325253"},"modified":"2024-03-23T12:26:18","modified_gmt":"2024-03-23T15:26:18","slug":"parentalidade-positiva-contribui-na-formacao-da-crianca","status":"publish","type":"post","link":"https:\/\/www.notibras.com\/site\/parentalidade-positiva-contribui-na-formacao-da-crianca\/","title":{"rendered":"Parentalidade positiva contribui na forma\u00e7\u00e3o da crian\u00e7a"},"content":{"rendered":"<p>Desde o momento que pais e m\u00e3es recebem a not\u00edcia da chegada de uma crian\u00e7a, desafios e escolhas se alternam em cada nova etapa da inf\u00e2ncia at\u00e9 a vida adulta. De acordo com a estrat\u00e9gia da parentalidade positiva, toda a intera\u00e7\u00e3o, pr\u00e1tica e conhecimento que ocorrem ao longo dessa rela\u00e7\u00e3o entre pais e filhos ser\u00e1 definidora no futuro dessa pessoa em desenvolvimento.<\/p>\n<p>Na quinta-feira (21), a parentalidade positiva e o direito ao brincar viraram lei e uma ferramenta a ser adotada, inclusive, em pol\u00edtica p\u00fablica para o enfrentamento \u00e0 viol\u00eancia dom\u00e9stica e familiar contra a crian\u00e7a e o adolescente. A medida foi sancionada pelo presidente Luiz In\u00e1cio Lula da Silva e publicada, no Di\u00e1rio Oficial da Uni\u00e3o.<\/p>\n<p><strong>Estrat\u00e9gia<\/strong><br \/>\nA psic\u00f3loga especialista em desenvolvimento infantil, Elisa Altafim, explica que a estrat\u00e9gia surgiu baseada em estudos cient\u00edficos que comprovaram o impacto de a\u00e7\u00f5es positivas ou negativas para o desenvolvimento infantil, na vida adulta. Ou seja, quando as pr\u00e1ticas parentais na rela\u00e7\u00e3o com a crian\u00e7a s\u00e3o positivas ao seu desenvolvimento, a crian\u00e7a tem mais chances de ter uma vida adulta saud\u00e1vel, que no caso contr\u00e1rio.<\/p>\n<p>\u201cQuando a crian\u00e7a vivencia situa\u00e7\u00f5es adversas como puni\u00e7\u00f5es f\u00edsicas, ela pode desenvolver, no futuro, problemas como c\u00e2ncer, obesidade, dificuldades cognitivas, depress\u00e3o e ansiedade, por exemplo.\u201d<\/p>\n<p>Partindo desse entendimento, o fot\u00f3grafo e professor universit\u00e1rio Louren\u00e7o Cardoso desde jovem decidiu que planejaria a paternidade e atuaria da forma mais positiva poss\u00edvel para o desenvolvimento e forma\u00e7\u00e3o dos filhos. Antrop\u00f3logo de forma\u00e7\u00e3o, ele construiu conhecimento sobre o assunto e debateu com a companheira, Nara Fagundes, como cuidariam e educariam as crian\u00e7as. \u201cEu defini que abriria m\u00e3o de meus desejos em prol da forma\u00e7\u00e3o deles\u201d, relembra.<\/p>\n<p>O casal teve dois filhos, Jo\u00e3o Moreno, hoje com 12 anos, e Lia, com oito anos de idade, que, segundo Louren\u00e7o, s\u00e3o educados com muito di\u00e1logo, manejo de comportamento que levam \u00e0 reflex\u00e3o e livres de puni\u00e7\u00e3o. \u201cNa primeira inf\u00e2ncia do Jo\u00e3o ele teve uma fase mais dif\u00edcil que tivemos que apelar para o cantinho do pensamento, mas sempre tivemos uma rela\u00e7\u00e3o franca e racional, na qual eu explicava de forma clara, com vocabul\u00e1rio robusto, e sem infantilizar a explica\u00e7\u00e3o. Com a Lia, n\u00e3o foi necess\u00e1rio nem isso\u201d, explica.<\/p>\n<p>Para Louren\u00e7o, reconhecer a crian\u00e7a como um ser humano capaz de compreender e participar de um di\u00e1logo franco permite que ela possa se posicionar no mundo, mas tamb\u00e9m \u00e9 uma fase que precisa de est\u00edmulos como o que vem garantido pelo direito \u00e0 brincadeira.<\/p>\n<p>\u201cA inf\u00e2ncia precisa ser reconhecida como um processo de forma\u00e7\u00e3o e tirar o direito de uma crian\u00e7a \u00e0 brincadeira \u00e9 tirar uma parte importante dessa forma\u00e7\u00e3o, na qual ela se coloca em um processo criativo que permite o autoconhecimento, permite que ela se construa\u201d, diz.<\/p>\n<p>Essa autonomia para se desenvolver, apoiada pelos suportes adequados, como a prote\u00e7\u00e3o e a seguran\u00e7a que a mant\u00e9m livre de viol\u00eancia, como puni\u00e7\u00e3o f\u00edsica por exemplo, faz com que a crian\u00e7a tenha fatores positivos de desenvolvimento. E s\u00e3o esses fatores que a nova lei prop\u00f5e que sejam utilizados como ferramenta nas pol\u00edticas p\u00fablicas.<\/p>\n<p>Segundo Elisa, que \u00e9 uma das autoras da cartilha O Cuidado Integral e a Parentalidade Positiva na Primeira Inf\u00e2ncia, produzida pelo Fundo das Na\u00e7\u00f5es Unidas para Inf\u00e2ncia (Unicef), diferente do Louren\u00e7o, muitos pais n\u00e3o conseguem romper com o \u201cciclo intergeracional de viol\u00eancia\u201d, que se estabelece quando v\u00e1rias gera\u00e7\u00f5es perpetuam a puni\u00e7\u00e3o f\u00edsica, por exemplo.<\/p>\n<p>Para ela, a nova lei, al\u00e9m de enfatizar a necessidade de fortalecimento da parentalidade positiva, tamb\u00e9m incentiva a cria\u00e7\u00e3o de programas estruturados por munic\u00edpios, estados e pela Uni\u00e3o, possibilitem a articula\u00e7\u00e3o com as redes de assist\u00eancia social e sa\u00fade j\u00e1 existentes. \u201cO ambiente p\u00fablico pode oferecer programas para notificar as pr\u00e1ticas negativas, que ainda ocorrem com as crian\u00e7as e capacita\u00e7\u00e3o de estrat\u00e9gias educativas, que n\u00e3o envolvam a viol\u00eancia, sem culpabilizar as fam\u00edlias e com oportunidade para reflex\u00e3o sobre como foram cuidadas e educadas, por exemplo\u201d, conclui.<\/p>\n","protected":false},"excerpt":{"rendered":"<p>Desde o momento que pais e m\u00e3es recebem a not\u00edcia da chegada de uma crian\u00e7a, desafios e escolhas se alternam em cada nova etapa da inf\u00e2ncia at\u00e9 a vida adulta. De acordo com a estrat\u00e9gia da parentalidade positiva, toda a intera\u00e7\u00e3o, pr\u00e1tica e conhecimento que ocorrem ao longo dessa rela\u00e7\u00e3o entre pais e filhos ser\u00e1 [&hellip;]<\/p>\n","protected":false},"author":2,"featured_media":325254,"comment_status":"closed","ping_status":"closed","sticky":false,"template":"","format":"standard","meta":{"_acf_changed":false,"footnotes":""},"categories":[161],"tags":[],"class_list":["post-325253","post","type-post","status-publish","format-standard","has-post-thumbnail","hentry","category-quadradinho-em-foco"],"acf":[],"yoast_head":"<!-- This site is optimized with the Yoast SEO plugin v27.5 - https:\/\/yoast.com\/product\/yoast-seo-wordpress\/ -->\n<title>Parentalidade positiva contribui na forma\u00e7\u00e3o da crian\u00e7a - Notibras<\/title>\n<meta name=\"robots\" content=\"index, follow, max-snippet:-1, max-image-preview:large, max-video-preview:-1\" \/>\n<link rel=\"canonical\" href=\"https:\/\/www.notibras.com\/site\/parentalidade-positiva-contribui-na-formacao-da-crianca\/\" \/>\n<meta property=\"og:locale\" content=\"pt_BR\" \/>\n<meta property=\"og:type\" content=\"article\" \/>\n<meta property=\"og:title\" content=\"Parentalidade positiva contribui na forma\u00e7\u00e3o da crian\u00e7a - Notibras\" \/>\n<meta property=\"og:description\" content=\"Desde o momento que pais e m\u00e3es recebem a not\u00edcia da chegada de uma crian\u00e7a, desafios e escolhas se alternam em cada nova etapa da inf\u00e2ncia at\u00e9 a vida adulta. De acordo com a estrat\u00e9gia da parentalidade positiva, toda a intera\u00e7\u00e3o, pr\u00e1tica e conhecimento que ocorrem ao longo dessa rela\u00e7\u00e3o entre pais e filhos ser\u00e1 [&hellip;]\" \/>\n<meta property=\"og:url\" content=\"https:\/\/www.notibras.com\/site\/parentalidade-positiva-contribui-na-formacao-da-crianca\/\" \/>\n<meta property=\"og:site_name\" content=\"Notibras\" \/>\n<meta property=\"article:publisher\" content=\"https:\/\/www.facebook.com\/notibras\/\" \/>\n<meta property=\"article:published_time\" content=\"2024-03-23T13:22:08+00:00\" \/>\n<meta property=\"article:modified_time\" content=\"2024-03-23T15:26:18+00:00\" \/>\n<meta property=\"og:image\" content=\"https:\/\/www.notibras.com\/site\/wp-content\/uploads\/2024\/03\/parentalidade.webp\" \/>\n\t<meta property=\"og:image:width\" content=\"1170\" \/>\n\t<meta property=\"og:image:height\" content=\"700\" \/>\n\t<meta property=\"og:image:type\" content=\"image\/webp\" \/>\n<meta name=\"author\" content=\"Reda\u00e7\u00e3o\" \/>\n<meta name=\"twitter:card\" content=\"summary_large_image\" \/>\n<meta name=\"twitter:creator\" content=\"@Notibras\" \/>\n<meta name=\"twitter:site\" content=\"@Notibras\" \/>\n<meta name=\"twitter:label1\" content=\"Escrito por\" \/>\n\t<meta name=\"twitter:data1\" content=\"Reda\u00e7\u00e3o\" \/>\n\t<meta name=\"twitter:label2\" content=\"Est. tempo de leitura\" \/>\n\t<meta name=\"twitter:data2\" content=\"4 minutos\" \/>\n<script type=\"application\/ld+json\" class=\"yoast-schema-graph\">{\"@context\":\"https:\\\/\\\/schema.org\",\"@graph\":[{\"@type\":\"Article\",\"@id\":\"https:\\\/\\\/www.notibras.com\\\/site\\\/parentalidade-positiva-contribui-na-formacao-da-crianca\\\/#article\",\"isPartOf\":{\"@id\":\"https:\\\/\\\/www.notibras.com\\\/site\\\/parentalidade-positiva-contribui-na-formacao-da-crianca\\\/\"},\"author\":{\"name\":\"Reda\u00e7\u00e3o\",\"@id\":\"https:\\\/\\\/www.notibras.com\\\/site\\\/#\\\/schema\\\/person\\\/36ab0979449956132d3e5b517ea76ac8\"},\"headline\":\"Parentalidade positiva contribui na forma\u00e7\u00e3o da crian\u00e7a\",\"datePublished\":\"2024-03-23T13:22:08+00:00\",\"dateModified\":\"2024-03-23T15:26:18+00:00\",\"mainEntityOfPage\":{\"@id\":\"https:\\\/\\\/www.notibras.com\\\/site\\\/parentalidade-positiva-contribui-na-formacao-da-crianca\\\/\"},\"wordCount\":750,\"publisher\":{\"@id\":\"https:\\\/\\\/www.notibras.com\\\/site\\\/#organization\"},\"image\":{\"@id\":\"https:\\\/\\\/www.notibras.com\\\/site\\\/parentalidade-positiva-contribui-na-formacao-da-crianca\\\/#primaryimage\"},\"thumbnailUrl\":\"https:\\\/\\\/www.notibras.com\\\/site\\\/wp-content\\\/uploads\\\/2024\\\/03\\\/parentalidade.webp\",\"articleSection\":[\"Quadradinho em Foco\"],\"inLanguage\":\"pt-BR\"},{\"@type\":\"WebPage\",\"@id\":\"https:\\\/\\\/www.notibras.com\\\/site\\\/parentalidade-positiva-contribui-na-formacao-da-crianca\\\/\",\"url\":\"https:\\\/\\\/www.notibras.com\\\/site\\\/parentalidade-positiva-contribui-na-formacao-da-crianca\\\/\",\"name\":\"Parentalidade positiva contribui na forma\u00e7\u00e3o da crian\u00e7a - Notibras\",\"isPartOf\":{\"@id\":\"https:\\\/\\\/www.notibras.com\\\/site\\\/#website\"},\"primaryImageOfPage\":{\"@id\":\"https:\\\/\\\/www.notibras.com\\\/site\\\/parentalidade-positiva-contribui-na-formacao-da-crianca\\\/#primaryimage\"},\"image\":{\"@id\":\"https:\\\/\\\/www.notibras.com\\\/site\\\/parentalidade-positiva-contribui-na-formacao-da-crianca\\\/#primaryimage\"},\"thumbnailUrl\":\"https:\\\/\\\/www.notibras.com\\\/site\\\/wp-content\\\/uploads\\\/2024\\\/03\\\/parentalidade.webp\",\"datePublished\":\"2024-03-23T13:22:08+00:00\",\"dateModified\":\"2024-03-23T15:26:18+00:00\",\"breadcrumb\":{\"@id\":\"https:\\\/\\\/www.notibras.com\\\/site\\\/parentalidade-positiva-contribui-na-formacao-da-crianca\\\/#breadcrumb\"},\"inLanguage\":\"pt-BR\",\"potentialAction\":[{\"@type\":\"ReadAction\",\"target\":[\"https:\\\/\\\/www.notibras.com\\\/site\\\/parentalidade-positiva-contribui-na-formacao-da-crianca\\\/\"]}]},{\"@type\":\"ImageObject\",\"inLanguage\":\"pt-BR\",\"@id\":\"https:\\\/\\\/www.notibras.com\\\/site\\\/parentalidade-positiva-contribui-na-formacao-da-crianca\\\/#primaryimage\",\"url\":\"https:\\\/\\\/www.notibras.com\\\/site\\\/wp-content\\\/uploads\\\/2024\\\/03\\\/parentalidade.webp\",\"contentUrl\":\"https:\\\/\\\/www.notibras.com\\\/site\\\/wp-content\\\/uploads\\\/2024\\\/03\\\/parentalidade.webp\",\"width\":1170,\"height\":700},{\"@type\":\"BreadcrumbList\",\"@id\":\"https:\\\/\\\/www.notibras.com\\\/site\\\/parentalidade-positiva-contribui-na-formacao-da-crianca\\\/#breadcrumb\",\"itemListElement\":[{\"@type\":\"ListItem\",\"position\":1,\"name\":\"In\u00edcio\",\"item\":\"https:\\\/\\\/www.notibras.com\\\/site\\\/\"},{\"@type\":\"ListItem\",\"position\":2,\"name\":\"Parentalidade positiva contribui na forma\u00e7\u00e3o da crian\u00e7a\"}]},{\"@type\":\"WebSite\",\"@id\":\"https:\\\/\\\/www.notibras.com\\\/site\\\/#website\",\"url\":\"https:\\\/\\\/www.notibras.com\\\/site\\\/\",\"name\":\"Notibras\",\"description\":\"Not\u00edcias de Bras\u00edlia, do Brasil e do Mundo\",\"publisher\":{\"@id\":\"https:\\\/\\\/www.notibras.com\\\/site\\\/#organization\"},\"potentialAction\":[{\"@type\":\"SearchAction\",\"target\":{\"@type\":\"EntryPoint\",\"urlTemplate\":\"https:\\\/\\\/www.notibras.com\\\/site\\\/?s={search_term_string}\"},\"query-input\":{\"@type\":\"PropertyValueSpecification\",\"valueRequired\":true,\"valueName\":\"search_term_string\"}}],\"inLanguage\":\"pt-BR\"},{\"@type\":\"Organization\",\"@id\":\"https:\\\/\\\/www.notibras.com\\\/site\\\/#organization\",\"name\":\"Grupo Notibras de Comunica\u00e7\u00e3o\",\"url\":\"https:\\\/\\\/www.notibras.com\\\/site\\\/\",\"logo\":{\"@type\":\"ImageObject\",\"inLanguage\":\"pt-BR\",\"@id\":\"https:\\\/\\\/www.notibras.com\\\/site\\\/#\\\/schema\\\/logo\\\/image\\\/\",\"url\":\"https:\\\/\\\/www.notibras.com\\\/site\\\/wp-content\\\/uploads\\\/2023\\\/01\\\/notibras23.png\",\"contentUrl\":\"https:\\\/\\\/www.notibras.com\\\/site\\\/wp-content\\\/uploads\\\/2023\\\/01\\\/notibras23.png\",\"width\":350,\"height\":87,\"caption\":\"Grupo Notibras de Comunica\u00e7\u00e3o\"},\"image\":{\"@id\":\"https:\\\/\\\/www.notibras.com\\\/site\\\/#\\\/schema\\\/logo\\\/image\\\/\"},\"sameAs\":[\"https:\\\/\\\/www.facebook.com\\\/notibras\\\/\",\"https:\\\/\\\/x.com\\\/Notibras\",\"https:\\\/\\\/www.instagram.com\\\/notibras\\\/\"]},{\"@type\":\"Person\",\"@id\":\"https:\\\/\\\/www.notibras.com\\\/site\\\/#\\\/schema\\\/person\\\/36ab0979449956132d3e5b517ea76ac8\",\"name\":\"Reda\u00e7\u00e3o\",\"image\":{\"@type\":\"ImageObject\",\"inLanguage\":\"pt-BR\",\"@id\":\"https:\\\/\\\/secure.gravatar.com\\\/avatar\\\/e0a867bdedb85fd243eadf09663511f96fc81e0720a4a42581f334ad4303aa6b?s=96&d=mm&r=g\",\"url\":\"https:\\\/\\\/secure.gravatar.com\\\/avatar\\\/e0a867bdedb85fd243eadf09663511f96fc81e0720a4a42581f334ad4303aa6b?s=96&d=mm&r=g\",\"contentUrl\":\"https:\\\/\\\/secure.gravatar.com\\\/avatar\\\/e0a867bdedb85fd243eadf09663511f96fc81e0720a4a42581f334ad4303aa6b?s=96&d=mm&r=g\",\"caption\":\"Reda\u00e7\u00e3o\"}}]}<\/script>\n<!-- \/ Yoast SEO plugin. -->","yoast_head_json":{"title":"Parentalidade positiva contribui na forma\u00e7\u00e3o da crian\u00e7a - Notibras","robots":{"index":"index","follow":"follow","max-snippet":"max-snippet:-1","max-image-preview":"max-image-preview:large","max-video-preview":"max-video-preview:-1"},"canonical":"https:\/\/www.notibras.com\/site\/parentalidade-positiva-contribui-na-formacao-da-crianca\/","og_locale":"pt_BR","og_type":"article","og_title":"Parentalidade positiva contribui na forma\u00e7\u00e3o da crian\u00e7a - Notibras","og_description":"Desde o momento que pais e m\u00e3es recebem a not\u00edcia da chegada de uma crian\u00e7a, desafios e escolhas se alternam em cada nova etapa da inf\u00e2ncia at\u00e9 a vida adulta. De acordo com a estrat\u00e9gia da parentalidade positiva, toda a intera\u00e7\u00e3o, pr\u00e1tica e conhecimento que ocorrem ao longo dessa rela\u00e7\u00e3o entre pais e filhos ser\u00e1 [&hellip;]","og_url":"https:\/\/www.notibras.com\/site\/parentalidade-positiva-contribui-na-formacao-da-crianca\/","og_site_name":"Notibras","article_publisher":"https:\/\/www.facebook.com\/notibras\/","article_published_time":"2024-03-23T13:22:08+00:00","article_modified_time":"2024-03-23T15:26:18+00:00","og_image":[{"width":1170,"height":700,"url":"https:\/\/www.notibras.com\/site\/wp-content\/uploads\/2024\/03\/parentalidade.webp","type":"image\/webp"}],"author":"Reda\u00e7\u00e3o","twitter_card":"summary_large_image","twitter_creator":"@Notibras","twitter_site":"@Notibras","twitter_misc":{"Escrito por":"Reda\u00e7\u00e3o","Est. tempo de leitura":"4 minutos"},"schema":{"@context":"https:\/\/schema.org","@graph":[{"@type":"Article","@id":"https:\/\/www.notibras.com\/site\/parentalidade-positiva-contribui-na-formacao-da-crianca\/#article","isPartOf":{"@id":"https:\/\/www.notibras.com\/site\/parentalidade-positiva-contribui-na-formacao-da-crianca\/"},"author":{"name":"Reda\u00e7\u00e3o","@id":"https:\/\/www.notibras.com\/site\/#\/schema\/person\/36ab0979449956132d3e5b517ea76ac8"},"headline":"Parentalidade positiva contribui na forma\u00e7\u00e3o da crian\u00e7a","datePublished":"2024-03-23T13:22:08+00:00","dateModified":"2024-03-23T15:26:18+00:00","mainEntityOfPage":{"@id":"https:\/\/www.notibras.com\/site\/parentalidade-positiva-contribui-na-formacao-da-crianca\/"},"wordCount":750,"publisher":{"@id":"https:\/\/www.notibras.com\/site\/#organization"},"image":{"@id":"https:\/\/www.notibras.com\/site\/parentalidade-positiva-contribui-na-formacao-da-crianca\/#primaryimage"},"thumbnailUrl":"https:\/\/www.notibras.com\/site\/wp-content\/uploads\/2024\/03\/parentalidade.webp","articleSection":["Quadradinho em Foco"],"inLanguage":"pt-BR"},{"@type":"WebPage","@id":"https:\/\/www.notibras.com\/site\/parentalidade-positiva-contribui-na-formacao-da-crianca\/","url":"https:\/\/www.notibras.com\/site\/parentalidade-positiva-contribui-na-formacao-da-crianca\/","name":"Parentalidade positiva contribui na forma\u00e7\u00e3o da crian\u00e7a - Notibras","isPartOf":{"@id":"https:\/\/www.notibras.com\/site\/#website"},"primaryImageOfPage":{"@id":"https:\/\/www.notibras.com\/site\/parentalidade-positiva-contribui-na-formacao-da-crianca\/#primaryimage"},"image":{"@id":"https:\/\/www.notibras.com\/site\/parentalidade-positiva-contribui-na-formacao-da-crianca\/#primaryimage"},"thumbnailUrl":"https:\/\/www.notibras.com\/site\/wp-content\/uploads\/2024\/03\/parentalidade.webp","datePublished":"2024-03-23T13:22:08+00:00","dateModified":"2024-03-23T15:26:18+00:00","breadcrumb":{"@id":"https:\/\/www.notibras.com\/site\/parentalidade-positiva-contribui-na-formacao-da-crianca\/#breadcrumb"},"inLanguage":"pt-BR","potentialAction":[{"@type":"ReadAction","target":["https:\/\/www.notibras.com\/site\/parentalidade-positiva-contribui-na-formacao-da-crianca\/"]}]},{"@type":"ImageObject","inLanguage":"pt-BR","@id":"https:\/\/www.notibras.com\/site\/parentalidade-positiva-contribui-na-formacao-da-crianca\/#primaryimage","url":"https:\/\/www.notibras.com\/site\/wp-content\/uploads\/2024\/03\/parentalidade.webp","contentUrl":"https:\/\/www.notibras.com\/site\/wp-content\/uploads\/2024\/03\/parentalidade.webp","width":1170,"height":700},{"@type":"BreadcrumbList","@id":"https:\/\/www.notibras.com\/site\/parentalidade-positiva-contribui-na-formacao-da-crianca\/#breadcrumb","itemListElement":[{"@type":"ListItem","position":1,"name":"In\u00edcio","item":"https:\/\/www.notibras.com\/site\/"},{"@type":"ListItem","position":2,"name":"Parentalidade positiva contribui na forma\u00e7\u00e3o da crian\u00e7a"}]},{"@type":"WebSite","@id":"https:\/\/www.notibras.com\/site\/#website","url":"https:\/\/www.notibras.com\/site\/","name":"Notibras","description":"Not\u00edcias de Bras\u00edlia, do Brasil e do Mundo","publisher":{"@id":"https:\/\/www.notibras.com\/site\/#organization"},"potentialAction":[{"@type":"SearchAction","target":{"@type":"EntryPoint","urlTemplate":"https:\/\/www.notibras.com\/site\/?s={search_term_string}"},"query-input":{"@type":"PropertyValueSpecification","valueRequired":true,"valueName":"search_term_string"}}],"inLanguage":"pt-BR"},{"@type":"Organization","@id":"https:\/\/www.notibras.com\/site\/#organization","name":"Grupo Notibras de Comunica\u00e7\u00e3o","url":"https:\/\/www.notibras.com\/site\/","logo":{"@type":"ImageObject","inLanguage":"pt-BR","@id":"https:\/\/www.notibras.com\/site\/#\/schema\/logo\/image\/","url":"https:\/\/www.notibras.com\/site\/wp-content\/uploads\/2023\/01\/notibras23.png","contentUrl":"https:\/\/www.notibras.com\/site\/wp-content\/uploads\/2023\/01\/notibras23.png","width":350,"height":87,"caption":"Grupo Notibras de Comunica\u00e7\u00e3o"},"image":{"@id":"https:\/\/www.notibras.com\/site\/#\/schema\/logo\/image\/"},"sameAs":["https:\/\/www.facebook.com\/notibras\/","https:\/\/x.com\/Notibras","https:\/\/www.instagram.com\/notibras\/"]},{"@type":"Person","@id":"https:\/\/www.notibras.com\/site\/#\/schema\/person\/36ab0979449956132d3e5b517ea76ac8","name":"Reda\u00e7\u00e3o","image":{"@type":"ImageObject","inLanguage":"pt-BR","@id":"https:\/\/secure.gravatar.com\/avatar\/e0a867bdedb85fd243eadf09663511f96fc81e0720a4a42581f334ad4303aa6b?s=96&d=mm&r=g","url":"https:\/\/secure.gravatar.com\/avatar\/e0a867bdedb85fd243eadf09663511f96fc81e0720a4a42581f334ad4303aa6b?s=96&d=mm&r=g","contentUrl":"https:\/\/secure.gravatar.com\/avatar\/e0a867bdedb85fd243eadf09663511f96fc81e0720a4a42581f334ad4303aa6b?s=96&d=mm&r=g","caption":"Reda\u00e7\u00e3o"}}]}},"amp_enabled":true,"_links":{"self":[{"href":"https:\/\/www.notibras.com\/site\/wp-json\/wp\/v2\/posts\/325253","targetHints":{"allow":["GET"]}}],"collection":[{"href":"https:\/\/www.notibras.com\/site\/wp-json\/wp\/v2\/posts"}],"about":[{"href":"https:\/\/www.notibras.com\/site\/wp-json\/wp\/v2\/types\/post"}],"author":[{"embeddable":true,"href":"https:\/\/www.notibras.com\/site\/wp-json\/wp\/v2\/users\/2"}],"replies":[{"embeddable":true,"href":"https:\/\/www.notibras.com\/site\/wp-json\/wp\/v2\/comments?post=325253"}],"version-history":[{"count":2,"href":"https:\/\/www.notibras.com\/site\/wp-json\/wp\/v2\/posts\/325253\/revisions"}],"predecessor-version":[{"id":325256,"href":"https:\/\/www.notibras.com\/site\/wp-json\/wp\/v2\/posts\/325253\/revisions\/325256"}],"wp:featuredmedia":[{"embeddable":true,"href":"https:\/\/www.notibras.com\/site\/wp-json\/wp\/v2\/media\/325254"}],"wp:attachment":[{"href":"https:\/\/www.notibras.com\/site\/wp-json\/wp\/v2\/media?parent=325253"}],"wp:term":[{"taxonomy":"category","embeddable":true,"href":"https:\/\/www.notibras.com\/site\/wp-json\/wp\/v2\/categories?post=325253"},{"taxonomy":"post_tag","embeddable":true,"href":"https:\/\/www.notibras.com\/site\/wp-json\/wp\/v2\/tags?post=325253"}],"curies":[{"name":"wp","href":"https:\/\/api.w.org\/{rel}","templated":true}]}}