{"id":325257,"date":"2024-03-23T00:00:53","date_gmt":"2024-03-23T03:00:53","guid":{"rendered":"https:\/\/www.notibras.com\/site\/?p=325257"},"modified":"2024-03-23T12:33:34","modified_gmt":"2024-03-23T15:33:34","slug":"sabado-e-dia-de-vacinacao-contra-gripe-dengue-covid-19","status":"publish","type":"post","link":"https:\/\/www.notibras.com\/site\/sabado-e-dia-de-vacinacao-contra-gripe-dengue-covid-19\/","title":{"rendered":"S\u00e1bado \u00e9 dia de vacina\u00e7\u00e3o contra gripe, dengue, covid-19"},"content":{"rendered":"<p>Os mais de 1,1 milh\u00e3o de brasilienses que fazem parte dos grupos priorit\u00e1rios para vacina\u00e7\u00e3o contra gripe (influenza) poder\u00e3o garantir a prote\u00e7\u00e3o neste s\u00e1bado (23). A Secretaria de Sa\u00fade (SES-DF) ter\u00e1 atendimento em 14 regi\u00f5es administrativas.<\/p>\n<p>A campanha de vacina\u00e7\u00e3o contra a gripe \u00e9 voltada para idosos a partir de 60 anos, crian\u00e7as de 6 meses a 5 anos, gestantes, pu\u00e9rperas, adolescentes cumprindo medidas socioeducativas, popula\u00e7\u00e3o privada de liberdade (PPL) e pessoas com doen\u00e7as cr\u00f4nicas n\u00e3o transmiss\u00edveis e outras condi\u00e7\u00f5es espec\u00edficas de sa\u00fade. Quem tiver as doen\u00e7as previstas deve comparecer a um local de vacina\u00e7\u00e3o com documentos que comprovem a condi\u00e7\u00e3o cl\u00ednica.<\/p>\n<p><strong>Quem pode se vacinar<\/strong><br \/>\nTamb\u00e9m ser\u00e3o atendidas categorias profissionais espec\u00edficas, como professores, profissionais de sa\u00fade, de seguran\u00e7a e salvamento, militares das tr\u00eas For\u00e7as Armadas, caminhoneiros, trabalhadores portu\u00e1rios, de transporte coletivo rodovi\u00e1rio e funcion\u00e1rios do sistema prisional. Nesses casos, \u00e9 importante comprovar a ocupa\u00e7\u00e3o profissional com crach\u00e1 ou contracheque, entre outros documentos que possam identificar o trabalhador.<\/p>\n<p>\u00c9 necess\u00e1rio, ainda, comparecer a um dos locais de atendimento com documento de identifica\u00e7\u00e3o e a caderneta de vacina\u00e7\u00e3o. Mesmo quem j\u00e1 recebeu imunizantes contra a gripe em per\u00edodos anteriores deve se vacinar.<\/p>\n<p>Tamb\u00e9m haver\u00e1 oferta de vacinas contra a dengue para o p\u00fablico infantojuvenil \u2013 de 10 a 14 anos. Caso a crian\u00e7a ou adolescente tenha sido diagnosticado com dengue, \u00e9 necess\u00e1rio aguardar seis meses para iniciar o esquema vacinal.<\/p>\n<p>J\u00e1 para se vacinar contra a covid-19, crian\u00e7as de 6 meses a 5 anos podem tomar a vacina, que foi inserida no calend\u00e1rio de rotina. A partir dos seis anos de idade, pode receber o imunizante quem n\u00e3o tiver o esquema b\u00e1sico de duas doses. O refor\u00e7o com a bivalente \u00e9 restrito para grupos priorit\u00e1rios, como pessoas com 60 anos ou mais, gestantes, pu\u00e9rperas e trabalhadores da sa\u00fade, dentre outros.<\/p>\n<p>A SES-DF tamb\u00e9m prossegue com a aplica\u00e7\u00e3o dos imunizantes do calend\u00e1rio de vacina\u00e7\u00e3o, conforme a faixa et\u00e1ria. A \u00fanica exce\u00e7\u00e3o \u00e9 a BCG.<\/p>\n<p>N\u00e3o haver\u00e1 vacina\u00e7\u00e3o no domingo (24). J\u00e1 na segunda-feira (25), o atendimento volta ao funcionamento de rotina nos mais de cem locais de vacina\u00e7\u00e3o no DF.<\/p>\n","protected":false},"excerpt":{"rendered":"<p>Os mais de 1,1 milh\u00e3o de brasilienses que fazem parte dos grupos priorit\u00e1rios para vacina\u00e7\u00e3o contra gripe (influenza) poder\u00e3o garantir a prote\u00e7\u00e3o neste s\u00e1bado (23). A Secretaria de Sa\u00fade (SES-DF) ter\u00e1 atendimento em 14 regi\u00f5es administrativas. A campanha de vacina\u00e7\u00e3o contra a gripe \u00e9 voltada para idosos a partir de 60 anos, crian\u00e7as de 6 [&hellip;]<\/p>\n","protected":false},"author":2,"featured_media":325258,"comment_status":"closed","ping_status":"closed","sticky":false,"template":"","format":"standard","meta":{"_acf_changed":false,"footnotes":""},"categories":[161],"tags":[],"class_list":["post-325257","post","type-post","status-publish","format-standard","has-post-thumbnail","hentry","category-quadradinho-em-foco"],"acf":[],"yoast_head":"<!-- This site is optimized with the Yoast SEO plugin v27.5 - https:\/\/yoast.com\/product\/yoast-seo-wordpress\/ -->\n<title>S\u00e1bado \u00e9 dia de vacina\u00e7\u00e3o contra gripe, dengue, covid-19 - Notibras<\/title>\n<meta name=\"robots\" content=\"index, follow, max-snippet:-1, max-image-preview:large, max-video-preview:-1\" \/>\n<link rel=\"canonical\" href=\"https:\/\/www.notibras.com\/site\/sabado-e-dia-de-vacinacao-contra-gripe-dengue-covid-19\/\" \/>\n<meta property=\"og:locale\" content=\"pt_BR\" \/>\n<meta property=\"og:type\" content=\"article\" \/>\n<meta property=\"og:title\" content=\"S\u00e1bado \u00e9 dia de vacina\u00e7\u00e3o contra gripe, dengue, covid-19 - Notibras\" \/>\n<meta property=\"og:description\" content=\"Os mais de 1,1 milh\u00e3o de brasilienses que fazem parte dos grupos priorit\u00e1rios para vacina\u00e7\u00e3o contra gripe (influenza) poder\u00e3o garantir a prote\u00e7\u00e3o neste s\u00e1bado (23). A Secretaria de Sa\u00fade (SES-DF) ter\u00e1 atendimento em 14 regi\u00f5es administrativas. A campanha de vacina\u00e7\u00e3o contra a gripe \u00e9 voltada para idosos a partir de 60 anos, crian\u00e7as de 6 [&hellip;]\" \/>\n<meta property=\"og:url\" content=\"https:\/\/www.notibras.com\/site\/sabado-e-dia-de-vacinacao-contra-gripe-dengue-covid-19\/\" \/>\n<meta property=\"og:site_name\" content=\"Notibras\" \/>\n<meta property=\"article:publisher\" content=\"https:\/\/www.facebook.com\/notibras\/\" \/>\n<meta property=\"article:published_time\" content=\"2024-03-23T03:00:53+00:00\" \/>\n<meta property=\"article:modified_time\" content=\"2024-03-23T15:33:34+00:00\" \/>\n<meta property=\"og:image\" content=\"https:\/\/www.notibras.com\/site\/wp-content\/uploads\/2024\/03\/22.3.-Vacinacao.-Foto-Geovana-Albuquerque-Agencia-Brasilia-1536x1023-1.jpg\" \/>\n\t<meta property=\"og:image:width\" content=\"1536\" \/>\n\t<meta property=\"og:image:height\" content=\"1023\" \/>\n\t<meta property=\"og:image:type\" content=\"image\/jpeg\" \/>\n<meta name=\"author\" content=\"Reda\u00e7\u00e3o\" \/>\n<meta name=\"twitter:card\" content=\"summary_large_image\" \/>\n<meta name=\"twitter:creator\" content=\"@Notibras\" \/>\n<meta name=\"twitter:site\" content=\"@Notibras\" \/>\n<meta name=\"twitter:label1\" content=\"Escrito por\" \/>\n\t<meta name=\"twitter:data1\" content=\"Reda\u00e7\u00e3o\" \/>\n\t<meta name=\"twitter:label2\" content=\"Est. tempo de leitura\" \/>\n\t<meta name=\"twitter:data2\" content=\"3 minutos\" \/>\n<script type=\"application\/ld+json\" class=\"yoast-schema-graph\">{\"@context\":\"https:\\\/\\\/schema.org\",\"@graph\":[{\"@type\":\"Article\",\"@id\":\"https:\\\/\\\/www.notibras.com\\\/site\\\/sabado-e-dia-de-vacinacao-contra-gripe-dengue-covid-19\\\/#article\",\"isPartOf\":{\"@id\":\"https:\\\/\\\/www.notibras.com\\\/site\\\/sabado-e-dia-de-vacinacao-contra-gripe-dengue-covid-19\\\/\"},\"author\":{\"name\":\"Reda\u00e7\u00e3o\",\"@id\":\"https:\\\/\\\/www.notibras.com\\\/site\\\/#\\\/schema\\\/person\\\/36ab0979449956132d3e5b517ea76ac8\"},\"headline\":\"S\u00e1bado \u00e9 dia de vacina\u00e7\u00e3o contra gripe, dengue, covid-19\",\"datePublished\":\"2024-03-23T03:00:53+00:00\",\"dateModified\":\"2024-03-23T15:33:34+00:00\",\"mainEntityOfPage\":{\"@id\":\"https:\\\/\\\/www.notibras.com\\\/site\\\/sabado-e-dia-de-vacinacao-contra-gripe-dengue-covid-19\\\/\"},\"wordCount\":397,\"publisher\":{\"@id\":\"https:\\\/\\\/www.notibras.com\\\/site\\\/#organization\"},\"image\":{\"@id\":\"https:\\\/\\\/www.notibras.com\\\/site\\\/sabado-e-dia-de-vacinacao-contra-gripe-dengue-covid-19\\\/#primaryimage\"},\"thumbnailUrl\":\"https:\\\/\\\/www.notibras.com\\\/site\\\/wp-content\\\/uploads\\\/2024\\\/03\\\/22.3.-Vacinacao.-Foto-Geovana-Albuquerque-Agencia-Brasilia-1536x1023-1.jpg\",\"articleSection\":[\"Quadradinho em Foco\"],\"inLanguage\":\"pt-BR\"},{\"@type\":\"WebPage\",\"@id\":\"https:\\\/\\\/www.notibras.com\\\/site\\\/sabado-e-dia-de-vacinacao-contra-gripe-dengue-covid-19\\\/\",\"url\":\"https:\\\/\\\/www.notibras.com\\\/site\\\/sabado-e-dia-de-vacinacao-contra-gripe-dengue-covid-19\\\/\",\"name\":\"S\u00e1bado \u00e9 dia de vacina\u00e7\u00e3o contra gripe, dengue, covid-19 - Notibras\",\"isPartOf\":{\"@id\":\"https:\\\/\\\/www.notibras.com\\\/site\\\/#website\"},\"primaryImageOfPage\":{\"@id\":\"https:\\\/\\\/www.notibras.com\\\/site\\\/sabado-e-dia-de-vacinacao-contra-gripe-dengue-covid-19\\\/#primaryimage\"},\"image\":{\"@id\":\"https:\\\/\\\/www.notibras.com\\\/site\\\/sabado-e-dia-de-vacinacao-contra-gripe-dengue-covid-19\\\/#primaryimage\"},\"thumbnailUrl\":\"https:\\\/\\\/www.notibras.com\\\/site\\\/wp-content\\\/uploads\\\/2024\\\/03\\\/22.3.-Vacinacao.-Foto-Geovana-Albuquerque-Agencia-Brasilia-1536x1023-1.jpg\",\"datePublished\":\"2024-03-23T03:00:53+00:00\",\"dateModified\":\"2024-03-23T15:33:34+00:00\",\"breadcrumb\":{\"@id\":\"https:\\\/\\\/www.notibras.com\\\/site\\\/sabado-e-dia-de-vacinacao-contra-gripe-dengue-covid-19\\\/#breadcrumb\"},\"inLanguage\":\"pt-BR\",\"potentialAction\":[{\"@type\":\"ReadAction\",\"target\":[\"https:\\\/\\\/www.notibras.com\\\/site\\\/sabado-e-dia-de-vacinacao-contra-gripe-dengue-covid-19\\\/\"]}]},{\"@type\":\"ImageObject\",\"inLanguage\":\"pt-BR\",\"@id\":\"https:\\\/\\\/www.notibras.com\\\/site\\\/sabado-e-dia-de-vacinacao-contra-gripe-dengue-covid-19\\\/#primaryimage\",\"url\":\"https:\\\/\\\/www.notibras.com\\\/site\\\/wp-content\\\/uploads\\\/2024\\\/03\\\/22.3.-Vacinacao.-Foto-Geovana-Albuquerque-Agencia-Brasilia-1536x1023-1.jpg\",\"contentUrl\":\"https:\\\/\\\/www.notibras.com\\\/site\\\/wp-content\\\/uploads\\\/2024\\\/03\\\/22.3.-Vacinacao.-Foto-Geovana-Albuquerque-Agencia-Brasilia-1536x1023-1.jpg\",\"width\":1536,\"height\":1023},{\"@type\":\"BreadcrumbList\",\"@id\":\"https:\\\/\\\/www.notibras.com\\\/site\\\/sabado-e-dia-de-vacinacao-contra-gripe-dengue-covid-19\\\/#breadcrumb\",\"itemListElement\":[{\"@type\":\"ListItem\",\"position\":1,\"name\":\"In\u00edcio\",\"item\":\"https:\\\/\\\/www.notibras.com\\\/site\\\/\"},{\"@type\":\"ListItem\",\"position\":2,\"name\":\"S\u00e1bado \u00e9 dia de vacina\u00e7\u00e3o contra gripe, dengue, covid-19\"}]},{\"@type\":\"WebSite\",\"@id\":\"https:\\\/\\\/www.notibras.com\\\/site\\\/#website\",\"url\":\"https:\\\/\\\/www.notibras.com\\\/site\\\/\",\"name\":\"Notibras\",\"description\":\"Not\u00edcias de Bras\u00edlia, do Brasil e do Mundo\",\"publisher\":{\"@id\":\"https:\\\/\\\/www.notibras.com\\\/site\\\/#organization\"},\"potentialAction\":[{\"@type\":\"SearchAction\",\"target\":{\"@type\":\"EntryPoint\",\"urlTemplate\":\"https:\\\/\\\/www.notibras.com\\\/site\\\/?s={search_term_string}\"},\"query-input\":{\"@type\":\"PropertyValueSpecification\",\"valueRequired\":true,\"valueName\":\"search_term_string\"}}],\"inLanguage\":\"pt-BR\"},{\"@type\":\"Organization\",\"@id\":\"https:\\\/\\\/www.notibras.com\\\/site\\\/#organization\",\"name\":\"Grupo Notibras de Comunica\u00e7\u00e3o\",\"url\":\"https:\\\/\\\/www.notibras.com\\\/site\\\/\",\"logo\":{\"@type\":\"ImageObject\",\"inLanguage\":\"pt-BR\",\"@id\":\"https:\\\/\\\/www.notibras.com\\\/site\\\/#\\\/schema\\\/logo\\\/image\\\/\",\"url\":\"https:\\\/\\\/www.notibras.com\\\/site\\\/wp-content\\\/uploads\\\/2023\\\/01\\\/notibras23.png\",\"contentUrl\":\"https:\\\/\\\/www.notibras.com\\\/site\\\/wp-content\\\/uploads\\\/2023\\\/01\\\/notibras23.png\",\"width\":350,\"height\":87,\"caption\":\"Grupo Notibras de Comunica\u00e7\u00e3o\"},\"image\":{\"@id\":\"https:\\\/\\\/www.notibras.com\\\/site\\\/#\\\/schema\\\/logo\\\/image\\\/\"},\"sameAs\":[\"https:\\\/\\\/www.facebook.com\\\/notibras\\\/\",\"https:\\\/\\\/x.com\\\/Notibras\",\"https:\\\/\\\/www.instagram.com\\\/notibras\\\/\"]},{\"@type\":\"Person\",\"@id\":\"https:\\\/\\\/www.notibras.com\\\/site\\\/#\\\/schema\\\/person\\\/36ab0979449956132d3e5b517ea76ac8\",\"name\":\"Reda\u00e7\u00e3o\",\"image\":{\"@type\":\"ImageObject\",\"inLanguage\":\"pt-BR\",\"@id\":\"https:\\\/\\\/secure.gravatar.com\\\/avatar\\\/e0a867bdedb85fd243eadf09663511f96fc81e0720a4a42581f334ad4303aa6b?s=96&d=mm&r=g\",\"url\":\"https:\\\/\\\/secure.gravatar.com\\\/avatar\\\/e0a867bdedb85fd243eadf09663511f96fc81e0720a4a42581f334ad4303aa6b?s=96&d=mm&r=g\",\"contentUrl\":\"https:\\\/\\\/secure.gravatar.com\\\/avatar\\\/e0a867bdedb85fd243eadf09663511f96fc81e0720a4a42581f334ad4303aa6b?s=96&d=mm&r=g\",\"caption\":\"Reda\u00e7\u00e3o\"}}]}<\/script>\n<!-- \/ Yoast SEO plugin. -->","yoast_head_json":{"title":"S\u00e1bado \u00e9 dia de vacina\u00e7\u00e3o contra gripe, dengue, covid-19 - Notibras","robots":{"index":"index","follow":"follow","max-snippet":"max-snippet:-1","max-image-preview":"max-image-preview:large","max-video-preview":"max-video-preview:-1"},"canonical":"https:\/\/www.notibras.com\/site\/sabado-e-dia-de-vacinacao-contra-gripe-dengue-covid-19\/","og_locale":"pt_BR","og_type":"article","og_title":"S\u00e1bado \u00e9 dia de vacina\u00e7\u00e3o contra gripe, dengue, covid-19 - Notibras","og_description":"Os mais de 1,1 milh\u00e3o de brasilienses que fazem parte dos grupos priorit\u00e1rios para vacina\u00e7\u00e3o contra gripe (influenza) poder\u00e3o garantir a prote\u00e7\u00e3o neste s\u00e1bado (23). A Secretaria de Sa\u00fade (SES-DF) ter\u00e1 atendimento em 14 regi\u00f5es administrativas. A campanha de vacina\u00e7\u00e3o contra a gripe \u00e9 voltada para idosos a partir de 60 anos, crian\u00e7as de 6 [&hellip;]","og_url":"https:\/\/www.notibras.com\/site\/sabado-e-dia-de-vacinacao-contra-gripe-dengue-covid-19\/","og_site_name":"Notibras","article_publisher":"https:\/\/www.facebook.com\/notibras\/","article_published_time":"2024-03-23T03:00:53+00:00","article_modified_time":"2024-03-23T15:33:34+00:00","og_image":[{"width":1536,"height":1023,"url":"https:\/\/www.notibras.com\/site\/wp-content\/uploads\/2024\/03\/22.3.-Vacinacao.-Foto-Geovana-Albuquerque-Agencia-Brasilia-1536x1023-1.jpg","type":"image\/jpeg"}],"author":"Reda\u00e7\u00e3o","twitter_card":"summary_large_image","twitter_creator":"@Notibras","twitter_site":"@Notibras","twitter_misc":{"Escrito por":"Reda\u00e7\u00e3o","Est. tempo de leitura":"3 minutos"},"schema":{"@context":"https:\/\/schema.org","@graph":[{"@type":"Article","@id":"https:\/\/www.notibras.com\/site\/sabado-e-dia-de-vacinacao-contra-gripe-dengue-covid-19\/#article","isPartOf":{"@id":"https:\/\/www.notibras.com\/site\/sabado-e-dia-de-vacinacao-contra-gripe-dengue-covid-19\/"},"author":{"name":"Reda\u00e7\u00e3o","@id":"https:\/\/www.notibras.com\/site\/#\/schema\/person\/36ab0979449956132d3e5b517ea76ac8"},"headline":"S\u00e1bado \u00e9 dia de vacina\u00e7\u00e3o contra gripe, dengue, covid-19","datePublished":"2024-03-23T03:00:53+00:00","dateModified":"2024-03-23T15:33:34+00:00","mainEntityOfPage":{"@id":"https:\/\/www.notibras.com\/site\/sabado-e-dia-de-vacinacao-contra-gripe-dengue-covid-19\/"},"wordCount":397,"publisher":{"@id":"https:\/\/www.notibras.com\/site\/#organization"},"image":{"@id":"https:\/\/www.notibras.com\/site\/sabado-e-dia-de-vacinacao-contra-gripe-dengue-covid-19\/#primaryimage"},"thumbnailUrl":"https:\/\/www.notibras.com\/site\/wp-content\/uploads\/2024\/03\/22.3.-Vacinacao.-Foto-Geovana-Albuquerque-Agencia-Brasilia-1536x1023-1.jpg","articleSection":["Quadradinho em Foco"],"inLanguage":"pt-BR"},{"@type":"WebPage","@id":"https:\/\/www.notibras.com\/site\/sabado-e-dia-de-vacinacao-contra-gripe-dengue-covid-19\/","url":"https:\/\/www.notibras.com\/site\/sabado-e-dia-de-vacinacao-contra-gripe-dengue-covid-19\/","name":"S\u00e1bado \u00e9 dia de vacina\u00e7\u00e3o contra gripe, dengue, covid-19 - Notibras","isPartOf":{"@id":"https:\/\/www.notibras.com\/site\/#website"},"primaryImageOfPage":{"@id":"https:\/\/www.notibras.com\/site\/sabado-e-dia-de-vacinacao-contra-gripe-dengue-covid-19\/#primaryimage"},"image":{"@id":"https:\/\/www.notibras.com\/site\/sabado-e-dia-de-vacinacao-contra-gripe-dengue-covid-19\/#primaryimage"},"thumbnailUrl":"https:\/\/www.notibras.com\/site\/wp-content\/uploads\/2024\/03\/22.3.-Vacinacao.-Foto-Geovana-Albuquerque-Agencia-Brasilia-1536x1023-1.jpg","datePublished":"2024-03-23T03:00:53+00:00","dateModified":"2024-03-23T15:33:34+00:00","breadcrumb":{"@id":"https:\/\/www.notibras.com\/site\/sabado-e-dia-de-vacinacao-contra-gripe-dengue-covid-19\/#breadcrumb"},"inLanguage":"pt-BR","potentialAction":[{"@type":"ReadAction","target":["https:\/\/www.notibras.com\/site\/sabado-e-dia-de-vacinacao-contra-gripe-dengue-covid-19\/"]}]},{"@type":"ImageObject","inLanguage":"pt-BR","@id":"https:\/\/www.notibras.com\/site\/sabado-e-dia-de-vacinacao-contra-gripe-dengue-covid-19\/#primaryimage","url":"https:\/\/www.notibras.com\/site\/wp-content\/uploads\/2024\/03\/22.3.-Vacinacao.-Foto-Geovana-Albuquerque-Agencia-Brasilia-1536x1023-1.jpg","contentUrl":"https:\/\/www.notibras.com\/site\/wp-content\/uploads\/2024\/03\/22.3.-Vacinacao.-Foto-Geovana-Albuquerque-Agencia-Brasilia-1536x1023-1.jpg","width":1536,"height":1023},{"@type":"BreadcrumbList","@id":"https:\/\/www.notibras.com\/site\/sabado-e-dia-de-vacinacao-contra-gripe-dengue-covid-19\/#breadcrumb","itemListElement":[{"@type":"ListItem","position":1,"name":"In\u00edcio","item":"https:\/\/www.notibras.com\/site\/"},{"@type":"ListItem","position":2,"name":"S\u00e1bado \u00e9 dia de vacina\u00e7\u00e3o contra gripe, dengue, covid-19"}]},{"@type":"WebSite","@id":"https:\/\/www.notibras.com\/site\/#website","url":"https:\/\/www.notibras.com\/site\/","name":"Notibras","description":"Not\u00edcias de Bras\u00edlia, do Brasil e do Mundo","publisher":{"@id":"https:\/\/www.notibras.com\/site\/#organization"},"potentialAction":[{"@type":"SearchAction","target":{"@type":"EntryPoint","urlTemplate":"https:\/\/www.notibras.com\/site\/?s={search_term_string}"},"query-input":{"@type":"PropertyValueSpecification","valueRequired":true,"valueName":"search_term_string"}}],"inLanguage":"pt-BR"},{"@type":"Organization","@id":"https:\/\/www.notibras.com\/site\/#organization","name":"Grupo Notibras de Comunica\u00e7\u00e3o","url":"https:\/\/www.notibras.com\/site\/","logo":{"@type":"ImageObject","inLanguage":"pt-BR","@id":"https:\/\/www.notibras.com\/site\/#\/schema\/logo\/image\/","url":"https:\/\/www.notibras.com\/site\/wp-content\/uploads\/2023\/01\/notibras23.png","contentUrl":"https:\/\/www.notibras.com\/site\/wp-content\/uploads\/2023\/01\/notibras23.png","width":350,"height":87,"caption":"Grupo Notibras de Comunica\u00e7\u00e3o"},"image":{"@id":"https:\/\/www.notibras.com\/site\/#\/schema\/logo\/image\/"},"sameAs":["https:\/\/www.facebook.com\/notibras\/","https:\/\/x.com\/Notibras","https:\/\/www.instagram.com\/notibras\/"]},{"@type":"Person","@id":"https:\/\/www.notibras.com\/site\/#\/schema\/person\/36ab0979449956132d3e5b517ea76ac8","name":"Reda\u00e7\u00e3o","image":{"@type":"ImageObject","inLanguage":"pt-BR","@id":"https:\/\/secure.gravatar.com\/avatar\/e0a867bdedb85fd243eadf09663511f96fc81e0720a4a42581f334ad4303aa6b?s=96&d=mm&r=g","url":"https:\/\/secure.gravatar.com\/avatar\/e0a867bdedb85fd243eadf09663511f96fc81e0720a4a42581f334ad4303aa6b?s=96&d=mm&r=g","contentUrl":"https:\/\/secure.gravatar.com\/avatar\/e0a867bdedb85fd243eadf09663511f96fc81e0720a4a42581f334ad4303aa6b?s=96&d=mm&r=g","caption":"Reda\u00e7\u00e3o"}}]}},"amp_enabled":true,"_links":{"self":[{"href":"https:\/\/www.notibras.com\/site\/wp-json\/wp\/v2\/posts\/325257","targetHints":{"allow":["GET"]}}],"collection":[{"href":"https:\/\/www.notibras.com\/site\/wp-json\/wp\/v2\/posts"}],"about":[{"href":"https:\/\/www.notibras.com\/site\/wp-json\/wp\/v2\/types\/post"}],"author":[{"embeddable":true,"href":"https:\/\/www.notibras.com\/site\/wp-json\/wp\/v2\/users\/2"}],"replies":[{"embeddable":true,"href":"https:\/\/www.notibras.com\/site\/wp-json\/wp\/v2\/comments?post=325257"}],"version-history":[{"count":1,"href":"https:\/\/www.notibras.com\/site\/wp-json\/wp\/v2\/posts\/325257\/revisions"}],"predecessor-version":[{"id":325259,"href":"https:\/\/www.notibras.com\/site\/wp-json\/wp\/v2\/posts\/325257\/revisions\/325259"}],"wp:featuredmedia":[{"embeddable":true,"href":"https:\/\/www.notibras.com\/site\/wp-json\/wp\/v2\/media\/325258"}],"wp:attachment":[{"href":"https:\/\/www.notibras.com\/site\/wp-json\/wp\/v2\/media?parent=325257"}],"wp:term":[{"taxonomy":"category","embeddable":true,"href":"https:\/\/www.notibras.com\/site\/wp-json\/wp\/v2\/categories?post=325257"},{"taxonomy":"post_tag","embeddable":true,"href":"https:\/\/www.notibras.com\/site\/wp-json\/wp\/v2\/tags?post=325257"}],"curies":[{"name":"wp","href":"https:\/\/api.w.org\/{rel}","templated":true}]}}