{"id":325260,"date":"2024-03-23T13:02:13","date_gmt":"2024-03-23T16:02:13","guid":{"rendered":"https:\/\/www.notibras.com\/site\/?p=325260"},"modified":"2024-03-23T13:02:13","modified_gmt":"2024-03-23T16:02:13","slug":"podologo-careca-e-usando-touca-explica-ai-vai","status":"publish","type":"post","link":"https:\/\/www.notibras.com\/site\/podologo-careca-e-usando-touca-explica-ai-vai\/","title":{"rendered":"Pod\u00f3logo, careca e usando touca. Explica a\u00ed, vai"},"content":{"rendered":"<p>Um dos meus cunhados, o Rog\u00e9rio, tem uma padaria em S\u00e3o Jo\u00e3o de Meriti, munic\u00edpio colado \u00e0 Cidade Maravilhosa. Al\u00e9m de padeiro, ele tamb\u00e9m \u00e9 pod\u00f3logo, que, para os que n\u00e3o sabem, \u00e9 aquele profissional especializado em p\u00e9s. Sim, isso mesmo! Afinal, essas duas partes do nosso corpo tamb\u00e9m merecem uma aten\u00e7\u00e3o especial, haja vista nos sustentarem durante o dia inteiro.<\/p>\n<p>Pois bem, o Rog\u00e9rio ministra um curso de podologia no Centro do Rio e, certa vez, a minha esposa (a famosa Dona Irene) e eu fomos at\u00e9 l\u00e1 fazer uma surpresa para ele. Logo que entramos, o Rog\u00e9rio mostrou aquele sorriso largo e nos cumprimentou. Ali\u00e1s, aqui cabe um par\u00eantese, j\u00e1 que o meu cunhado morria de ci\u00fame de mim com a sua irm\u00e3, quando ainda \u00e9ramos namorados. Essa situa\u00e7\u00e3o mudou completamente depois que, finalmente, nos casamos.<\/p>\n<p>Mas voltemos \u00e0 hist\u00f3ria. Na sala, os alunos atendiam os clientes, enquanto o meu cunhado os orientava aqui ou ali, dependendo do procedimento. Tudo bem profissional, at\u00e9 que a minha mulher, sempre muito atenta e repleta de curiosidade, chamou o irm\u00e3o para o canto.<\/p>\n<p>&#8211; N\u00e3o entendo uma coisa.<\/p>\n<p>&#8211; O qu\u00ea?<\/p>\n<p>&#8211; Se voc\u00ea \u00e9 careca, porque est\u00e1 usando touca?<\/p>\n<p>&#8211; \u00c9 pra dar o exemplo!<\/p>\n","protected":false},"excerpt":{"rendered":"<p>Um dos meus cunhados, o Rog\u00e9rio, tem uma padaria em S\u00e3o Jo\u00e3o de Meriti, munic\u00edpio colado \u00e0 Cidade Maravilhosa. Al\u00e9m de padeiro, ele tamb\u00e9m \u00e9 pod\u00f3logo, que, para os que n\u00e3o sabem, \u00e9 aquele profissional especializado em p\u00e9s. Sim, isso mesmo! Afinal, essas duas partes do nosso corpo tamb\u00e9m merecem uma aten\u00e7\u00e3o especial, haja vista [&hellip;]<\/p>\n","protected":false},"author":2,"featured_media":325261,"comment_status":"closed","ping_status":"closed","sticky":false,"template":"","format":"standard","meta":{"_acf_changed":false,"footnotes":""},"categories":[161],"tags":[],"class_list":["post-325260","post","type-post","status-publish","format-standard","has-post-thumbnail","hentry","category-quadradinho-em-foco"],"acf":[],"yoast_head":"<!-- This site is optimized with the Yoast SEO plugin v27.5 - https:\/\/yoast.com\/product\/yoast-seo-wordpress\/ -->\n<title>Pod\u00f3logo, careca e usando touca. Explica a\u00ed, vai - Notibras<\/title>\n<meta name=\"robots\" content=\"index, follow, max-snippet:-1, max-image-preview:large, max-video-preview:-1\" \/>\n<link rel=\"canonical\" href=\"https:\/\/www.notibras.com\/site\/podologo-careca-e-usando-touca-explica-ai-vai\/\" \/>\n<meta property=\"og:locale\" content=\"pt_BR\" \/>\n<meta property=\"og:type\" content=\"article\" \/>\n<meta property=\"og:title\" content=\"Pod\u00f3logo, careca e usando touca. Explica a\u00ed, vai - Notibras\" \/>\n<meta property=\"og:description\" content=\"Um dos meus cunhados, o Rog\u00e9rio, tem uma padaria em S\u00e3o Jo\u00e3o de Meriti, munic\u00edpio colado \u00e0 Cidade Maravilhosa. Al\u00e9m de padeiro, ele tamb\u00e9m \u00e9 pod\u00f3logo, que, para os que n\u00e3o sabem, \u00e9 aquele profissional especializado em p\u00e9s. Sim, isso mesmo! Afinal, essas duas partes do nosso corpo tamb\u00e9m merecem uma aten\u00e7\u00e3o especial, haja vista [&hellip;]\" \/>\n<meta property=\"og:url\" content=\"https:\/\/www.notibras.com\/site\/podologo-careca-e-usando-touca-explica-ai-vai\/\" \/>\n<meta property=\"og:site_name\" content=\"Notibras\" \/>\n<meta property=\"article:publisher\" content=\"https:\/\/www.facebook.com\/notibras\/\" \/>\n<meta property=\"article:published_time\" content=\"2024-03-23T16:02:13+00:00\" \/>\n<meta property=\"og:image\" content=\"https:\/\/www.notibras.com\/site\/wp-content\/uploads\/2024\/03\/6e36f4c8-31e0-41e8-9fd6-187cff6415d5.jpeg\" \/>\n\t<meta property=\"og:image:width\" content=\"1139\" \/>\n\t<meta property=\"og:image:height\" content=\"1123\" \/>\n\t<meta property=\"og:image:type\" content=\"image\/jpeg\" \/>\n<meta name=\"author\" content=\"Reda\u00e7\u00e3o\" \/>\n<meta name=\"twitter:card\" content=\"summary_large_image\" \/>\n<meta name=\"twitter:creator\" content=\"@Notibras\" \/>\n<meta name=\"twitter:site\" content=\"@Notibras\" \/>\n<meta name=\"twitter:label1\" content=\"Escrito por\" \/>\n\t<meta name=\"twitter:data1\" content=\"Reda\u00e7\u00e3o\" \/>\n\t<meta name=\"twitter:label2\" content=\"Est. tempo de leitura\" \/>\n\t<meta name=\"twitter:data2\" content=\"2 minutos\" \/>\n<script type=\"application\/ld+json\" class=\"yoast-schema-graph\">{\"@context\":\"https:\\\/\\\/schema.org\",\"@graph\":[{\"@type\":\"Article\",\"@id\":\"https:\\\/\\\/www.notibras.com\\\/site\\\/podologo-careca-e-usando-touca-explica-ai-vai\\\/#article\",\"isPartOf\":{\"@id\":\"https:\\\/\\\/www.notibras.com\\\/site\\\/podologo-careca-e-usando-touca-explica-ai-vai\\\/\"},\"author\":{\"name\":\"Reda\u00e7\u00e3o\",\"@id\":\"https:\\\/\\\/www.notibras.com\\\/site\\\/#\\\/schema\\\/person\\\/36ab0979449956132d3e5b517ea76ac8\"},\"headline\":\"Pod\u00f3logo, careca e usando touca. Explica a\u00ed, vai\",\"datePublished\":\"2024-03-23T16:02:13+00:00\",\"mainEntityOfPage\":{\"@id\":\"https:\\\/\\\/www.notibras.com\\\/site\\\/podologo-careca-e-usando-touca-explica-ai-vai\\\/\"},\"wordCount\":228,\"publisher\":{\"@id\":\"https:\\\/\\\/www.notibras.com\\\/site\\\/#organization\"},\"image\":{\"@id\":\"https:\\\/\\\/www.notibras.com\\\/site\\\/podologo-careca-e-usando-touca-explica-ai-vai\\\/#primaryimage\"},\"thumbnailUrl\":\"https:\\\/\\\/www.notibras.com\\\/site\\\/wp-content\\\/uploads\\\/2024\\\/03\\\/6e36f4c8-31e0-41e8-9fd6-187cff6415d5.jpeg\",\"articleSection\":[\"Quadradinho em Foco\"],\"inLanguage\":\"pt-BR\"},{\"@type\":\"WebPage\",\"@id\":\"https:\\\/\\\/www.notibras.com\\\/site\\\/podologo-careca-e-usando-touca-explica-ai-vai\\\/\",\"url\":\"https:\\\/\\\/www.notibras.com\\\/site\\\/podologo-careca-e-usando-touca-explica-ai-vai\\\/\",\"name\":\"Pod\u00f3logo, careca e usando touca. Explica a\u00ed, vai - Notibras\",\"isPartOf\":{\"@id\":\"https:\\\/\\\/www.notibras.com\\\/site\\\/#website\"},\"primaryImageOfPage\":{\"@id\":\"https:\\\/\\\/www.notibras.com\\\/site\\\/podologo-careca-e-usando-touca-explica-ai-vai\\\/#primaryimage\"},\"image\":{\"@id\":\"https:\\\/\\\/www.notibras.com\\\/site\\\/podologo-careca-e-usando-touca-explica-ai-vai\\\/#primaryimage\"},\"thumbnailUrl\":\"https:\\\/\\\/www.notibras.com\\\/site\\\/wp-content\\\/uploads\\\/2024\\\/03\\\/6e36f4c8-31e0-41e8-9fd6-187cff6415d5.jpeg\",\"datePublished\":\"2024-03-23T16:02:13+00:00\",\"breadcrumb\":{\"@id\":\"https:\\\/\\\/www.notibras.com\\\/site\\\/podologo-careca-e-usando-touca-explica-ai-vai\\\/#breadcrumb\"},\"inLanguage\":\"pt-BR\",\"potentialAction\":[{\"@type\":\"ReadAction\",\"target\":[\"https:\\\/\\\/www.notibras.com\\\/site\\\/podologo-careca-e-usando-touca-explica-ai-vai\\\/\"]}]},{\"@type\":\"ImageObject\",\"inLanguage\":\"pt-BR\",\"@id\":\"https:\\\/\\\/www.notibras.com\\\/site\\\/podologo-careca-e-usando-touca-explica-ai-vai\\\/#primaryimage\",\"url\":\"https:\\\/\\\/www.notibras.com\\\/site\\\/wp-content\\\/uploads\\\/2024\\\/03\\\/6e36f4c8-31e0-41e8-9fd6-187cff6415d5.jpeg\",\"contentUrl\":\"https:\\\/\\\/www.notibras.com\\\/site\\\/wp-content\\\/uploads\\\/2024\\\/03\\\/6e36f4c8-31e0-41e8-9fd6-187cff6415d5.jpeg\",\"width\":1139,\"height\":1123},{\"@type\":\"BreadcrumbList\",\"@id\":\"https:\\\/\\\/www.notibras.com\\\/site\\\/podologo-careca-e-usando-touca-explica-ai-vai\\\/#breadcrumb\",\"itemListElement\":[{\"@type\":\"ListItem\",\"position\":1,\"name\":\"In\u00edcio\",\"item\":\"https:\\\/\\\/www.notibras.com\\\/site\\\/\"},{\"@type\":\"ListItem\",\"position\":2,\"name\":\"Pod\u00f3logo, careca e usando touca. Explica a\u00ed, vai\"}]},{\"@type\":\"WebSite\",\"@id\":\"https:\\\/\\\/www.notibras.com\\\/site\\\/#website\",\"url\":\"https:\\\/\\\/www.notibras.com\\\/site\\\/\",\"name\":\"Notibras\",\"description\":\"Not\u00edcias de Bras\u00edlia, do Brasil e do Mundo\",\"publisher\":{\"@id\":\"https:\\\/\\\/www.notibras.com\\\/site\\\/#organization\"},\"potentialAction\":[{\"@type\":\"SearchAction\",\"target\":{\"@type\":\"EntryPoint\",\"urlTemplate\":\"https:\\\/\\\/www.notibras.com\\\/site\\\/?s={search_term_string}\"},\"query-input\":{\"@type\":\"PropertyValueSpecification\",\"valueRequired\":true,\"valueName\":\"search_term_string\"}}],\"inLanguage\":\"pt-BR\"},{\"@type\":\"Organization\",\"@id\":\"https:\\\/\\\/www.notibras.com\\\/site\\\/#organization\",\"name\":\"Grupo Notibras de Comunica\u00e7\u00e3o\",\"url\":\"https:\\\/\\\/www.notibras.com\\\/site\\\/\",\"logo\":{\"@type\":\"ImageObject\",\"inLanguage\":\"pt-BR\",\"@id\":\"https:\\\/\\\/www.notibras.com\\\/site\\\/#\\\/schema\\\/logo\\\/image\\\/\",\"url\":\"https:\\\/\\\/www.notibras.com\\\/site\\\/wp-content\\\/uploads\\\/2023\\\/01\\\/notibras23.png\",\"contentUrl\":\"https:\\\/\\\/www.notibras.com\\\/site\\\/wp-content\\\/uploads\\\/2023\\\/01\\\/notibras23.png\",\"width\":350,\"height\":87,\"caption\":\"Grupo Notibras de Comunica\u00e7\u00e3o\"},\"image\":{\"@id\":\"https:\\\/\\\/www.notibras.com\\\/site\\\/#\\\/schema\\\/logo\\\/image\\\/\"},\"sameAs\":[\"https:\\\/\\\/www.facebook.com\\\/notibras\\\/\",\"https:\\\/\\\/x.com\\\/Notibras\",\"https:\\\/\\\/www.instagram.com\\\/notibras\\\/\"]},{\"@type\":\"Person\",\"@id\":\"https:\\\/\\\/www.notibras.com\\\/site\\\/#\\\/schema\\\/person\\\/36ab0979449956132d3e5b517ea76ac8\",\"name\":\"Reda\u00e7\u00e3o\",\"image\":{\"@type\":\"ImageObject\",\"inLanguage\":\"pt-BR\",\"@id\":\"https:\\\/\\\/secure.gravatar.com\\\/avatar\\\/e0a867bdedb85fd243eadf09663511f96fc81e0720a4a42581f334ad4303aa6b?s=96&d=mm&r=g\",\"url\":\"https:\\\/\\\/secure.gravatar.com\\\/avatar\\\/e0a867bdedb85fd243eadf09663511f96fc81e0720a4a42581f334ad4303aa6b?s=96&d=mm&r=g\",\"contentUrl\":\"https:\\\/\\\/secure.gravatar.com\\\/avatar\\\/e0a867bdedb85fd243eadf09663511f96fc81e0720a4a42581f334ad4303aa6b?s=96&d=mm&r=g\",\"caption\":\"Reda\u00e7\u00e3o\"}}]}<\/script>\n<!-- \/ Yoast SEO plugin. -->","yoast_head_json":{"title":"Pod\u00f3logo, careca e usando touca. Explica a\u00ed, vai - Notibras","robots":{"index":"index","follow":"follow","max-snippet":"max-snippet:-1","max-image-preview":"max-image-preview:large","max-video-preview":"max-video-preview:-1"},"canonical":"https:\/\/www.notibras.com\/site\/podologo-careca-e-usando-touca-explica-ai-vai\/","og_locale":"pt_BR","og_type":"article","og_title":"Pod\u00f3logo, careca e usando touca. Explica a\u00ed, vai - Notibras","og_description":"Um dos meus cunhados, o Rog\u00e9rio, tem uma padaria em S\u00e3o Jo\u00e3o de Meriti, munic\u00edpio colado \u00e0 Cidade Maravilhosa. Al\u00e9m de padeiro, ele tamb\u00e9m \u00e9 pod\u00f3logo, que, para os que n\u00e3o sabem, \u00e9 aquele profissional especializado em p\u00e9s. Sim, isso mesmo! Afinal, essas duas partes do nosso corpo tamb\u00e9m merecem uma aten\u00e7\u00e3o especial, haja vista [&hellip;]","og_url":"https:\/\/www.notibras.com\/site\/podologo-careca-e-usando-touca-explica-ai-vai\/","og_site_name":"Notibras","article_publisher":"https:\/\/www.facebook.com\/notibras\/","article_published_time":"2024-03-23T16:02:13+00:00","og_image":[{"width":1139,"height":1123,"url":"https:\/\/www.notibras.com\/site\/wp-content\/uploads\/2024\/03\/6e36f4c8-31e0-41e8-9fd6-187cff6415d5.jpeg","type":"image\/jpeg"}],"author":"Reda\u00e7\u00e3o","twitter_card":"summary_large_image","twitter_creator":"@Notibras","twitter_site":"@Notibras","twitter_misc":{"Escrito por":"Reda\u00e7\u00e3o","Est. tempo de leitura":"2 minutos"},"schema":{"@context":"https:\/\/schema.org","@graph":[{"@type":"Article","@id":"https:\/\/www.notibras.com\/site\/podologo-careca-e-usando-touca-explica-ai-vai\/#article","isPartOf":{"@id":"https:\/\/www.notibras.com\/site\/podologo-careca-e-usando-touca-explica-ai-vai\/"},"author":{"name":"Reda\u00e7\u00e3o","@id":"https:\/\/www.notibras.com\/site\/#\/schema\/person\/36ab0979449956132d3e5b517ea76ac8"},"headline":"Pod\u00f3logo, careca e usando touca. Explica a\u00ed, vai","datePublished":"2024-03-23T16:02:13+00:00","mainEntityOfPage":{"@id":"https:\/\/www.notibras.com\/site\/podologo-careca-e-usando-touca-explica-ai-vai\/"},"wordCount":228,"publisher":{"@id":"https:\/\/www.notibras.com\/site\/#organization"},"image":{"@id":"https:\/\/www.notibras.com\/site\/podologo-careca-e-usando-touca-explica-ai-vai\/#primaryimage"},"thumbnailUrl":"https:\/\/www.notibras.com\/site\/wp-content\/uploads\/2024\/03\/6e36f4c8-31e0-41e8-9fd6-187cff6415d5.jpeg","articleSection":["Quadradinho em Foco"],"inLanguage":"pt-BR"},{"@type":"WebPage","@id":"https:\/\/www.notibras.com\/site\/podologo-careca-e-usando-touca-explica-ai-vai\/","url":"https:\/\/www.notibras.com\/site\/podologo-careca-e-usando-touca-explica-ai-vai\/","name":"Pod\u00f3logo, careca e usando touca. Explica a\u00ed, vai - Notibras","isPartOf":{"@id":"https:\/\/www.notibras.com\/site\/#website"},"primaryImageOfPage":{"@id":"https:\/\/www.notibras.com\/site\/podologo-careca-e-usando-touca-explica-ai-vai\/#primaryimage"},"image":{"@id":"https:\/\/www.notibras.com\/site\/podologo-careca-e-usando-touca-explica-ai-vai\/#primaryimage"},"thumbnailUrl":"https:\/\/www.notibras.com\/site\/wp-content\/uploads\/2024\/03\/6e36f4c8-31e0-41e8-9fd6-187cff6415d5.jpeg","datePublished":"2024-03-23T16:02:13+00:00","breadcrumb":{"@id":"https:\/\/www.notibras.com\/site\/podologo-careca-e-usando-touca-explica-ai-vai\/#breadcrumb"},"inLanguage":"pt-BR","potentialAction":[{"@type":"ReadAction","target":["https:\/\/www.notibras.com\/site\/podologo-careca-e-usando-touca-explica-ai-vai\/"]}]},{"@type":"ImageObject","inLanguage":"pt-BR","@id":"https:\/\/www.notibras.com\/site\/podologo-careca-e-usando-touca-explica-ai-vai\/#primaryimage","url":"https:\/\/www.notibras.com\/site\/wp-content\/uploads\/2024\/03\/6e36f4c8-31e0-41e8-9fd6-187cff6415d5.jpeg","contentUrl":"https:\/\/www.notibras.com\/site\/wp-content\/uploads\/2024\/03\/6e36f4c8-31e0-41e8-9fd6-187cff6415d5.jpeg","width":1139,"height":1123},{"@type":"BreadcrumbList","@id":"https:\/\/www.notibras.com\/site\/podologo-careca-e-usando-touca-explica-ai-vai\/#breadcrumb","itemListElement":[{"@type":"ListItem","position":1,"name":"In\u00edcio","item":"https:\/\/www.notibras.com\/site\/"},{"@type":"ListItem","position":2,"name":"Pod\u00f3logo, careca e usando touca. Explica a\u00ed, vai"}]},{"@type":"WebSite","@id":"https:\/\/www.notibras.com\/site\/#website","url":"https:\/\/www.notibras.com\/site\/","name":"Notibras","description":"Not\u00edcias de Bras\u00edlia, do Brasil e do Mundo","publisher":{"@id":"https:\/\/www.notibras.com\/site\/#organization"},"potentialAction":[{"@type":"SearchAction","target":{"@type":"EntryPoint","urlTemplate":"https:\/\/www.notibras.com\/site\/?s={search_term_string}"},"query-input":{"@type":"PropertyValueSpecification","valueRequired":true,"valueName":"search_term_string"}}],"inLanguage":"pt-BR"},{"@type":"Organization","@id":"https:\/\/www.notibras.com\/site\/#organization","name":"Grupo Notibras de Comunica\u00e7\u00e3o","url":"https:\/\/www.notibras.com\/site\/","logo":{"@type":"ImageObject","inLanguage":"pt-BR","@id":"https:\/\/www.notibras.com\/site\/#\/schema\/logo\/image\/","url":"https:\/\/www.notibras.com\/site\/wp-content\/uploads\/2023\/01\/notibras23.png","contentUrl":"https:\/\/www.notibras.com\/site\/wp-content\/uploads\/2023\/01\/notibras23.png","width":350,"height":87,"caption":"Grupo Notibras de Comunica\u00e7\u00e3o"},"image":{"@id":"https:\/\/www.notibras.com\/site\/#\/schema\/logo\/image\/"},"sameAs":["https:\/\/www.facebook.com\/notibras\/","https:\/\/x.com\/Notibras","https:\/\/www.instagram.com\/notibras\/"]},{"@type":"Person","@id":"https:\/\/www.notibras.com\/site\/#\/schema\/person\/36ab0979449956132d3e5b517ea76ac8","name":"Reda\u00e7\u00e3o","image":{"@type":"ImageObject","inLanguage":"pt-BR","@id":"https:\/\/secure.gravatar.com\/avatar\/e0a867bdedb85fd243eadf09663511f96fc81e0720a4a42581f334ad4303aa6b?s=96&d=mm&r=g","url":"https:\/\/secure.gravatar.com\/avatar\/e0a867bdedb85fd243eadf09663511f96fc81e0720a4a42581f334ad4303aa6b?s=96&d=mm&r=g","contentUrl":"https:\/\/secure.gravatar.com\/avatar\/e0a867bdedb85fd243eadf09663511f96fc81e0720a4a42581f334ad4303aa6b?s=96&d=mm&r=g","caption":"Reda\u00e7\u00e3o"}}]}},"amp_enabled":true,"_links":{"self":[{"href":"https:\/\/www.notibras.com\/site\/wp-json\/wp\/v2\/posts\/325260","targetHints":{"allow":["GET"]}}],"collection":[{"href":"https:\/\/www.notibras.com\/site\/wp-json\/wp\/v2\/posts"}],"about":[{"href":"https:\/\/www.notibras.com\/site\/wp-json\/wp\/v2\/types\/post"}],"author":[{"embeddable":true,"href":"https:\/\/www.notibras.com\/site\/wp-json\/wp\/v2\/users\/2"}],"replies":[{"embeddable":true,"href":"https:\/\/www.notibras.com\/site\/wp-json\/wp\/v2\/comments?post=325260"}],"version-history":[{"count":1,"href":"https:\/\/www.notibras.com\/site\/wp-json\/wp\/v2\/posts\/325260\/revisions"}],"predecessor-version":[{"id":325262,"href":"https:\/\/www.notibras.com\/site\/wp-json\/wp\/v2\/posts\/325260\/revisions\/325262"}],"wp:featuredmedia":[{"embeddable":true,"href":"https:\/\/www.notibras.com\/site\/wp-json\/wp\/v2\/media\/325261"}],"wp:attachment":[{"href":"https:\/\/www.notibras.com\/site\/wp-json\/wp\/v2\/media?parent=325260"}],"wp:term":[{"taxonomy":"category","embeddable":true,"href":"https:\/\/www.notibras.com\/site\/wp-json\/wp\/v2\/categories?post=325260"},{"taxonomy":"post_tag","embeddable":true,"href":"https:\/\/www.notibras.com\/site\/wp-json\/wp\/v2\/tags?post=325260"}],"curies":[{"name":"wp","href":"https:\/\/api.w.org\/{rel}","templated":true}]}}