{"id":325359,"date":"2024-03-26T00:47:57","date_gmt":"2024-03-26T03:47:57","guid":{"rendered":"https:\/\/www.notibras.com\/site\/?p=325359"},"modified":"2024-03-26T09:58:15","modified_gmt":"2024-03-26T12:58:15","slug":"servico-no-bb-fica-marcado-por-vozeirao-do-samuca","status":"publish","type":"post","link":"https:\/\/www.notibras.com\/site\/servico-no-bb-fica-marcado-por-vozeirao-do-samuca\/","title":{"rendered":"Servi\u00e7o no BB fica marcado por vozeir\u00e3o do Samuca"},"content":{"rendered":"<p>Durante meus 17 anos no Banco do Brasil, fui lotado em alguns locais e trabalhei com centenas de pessoas. \u00c9 verdade que j\u00e1 faz muitos anos que sa\u00ed de l\u00e1, mas ainda possuo alguns amigos desse tempo, que fa\u00e7o quest\u00e3o de conservar. Um deles \u00e9 o Samuel. Ali\u00e1s, Samuel Machado Francisco, se bem que tamb\u00e9m \u00e9 conhecido por Samuca.<\/p>\n<p>Para quem v\u00ea pela primeira vez o Samuel, talvez se engane com aquela cara de homem brabo, ainda mais quando ouve aquele vozeir\u00e3o. No entanto, para al\u00edvio de quem lhe \u00e9 apresentado, logo vem aquele sorriso mais acolhedor do que colo de vov\u00f3 em final de semana.<\/p>\n<p>Excelente nas contas de cabe\u00e7a, dispensava a calculadora na maior parte do tempo. Esta era usada apenas quando a lista de itens era enorme. E l\u00e1 ficava eu ao lado do Samuel, enquanto ele dedilhava a calculadora t\u00e3o rapidamente, que at\u00e9 sa\u00eda fa\u00edsca das teclas. N\u00e3o raro, aquela cena me reportava a um dos pioneiros do rock and roll, o Jerry Lee Lewis, que arrasava no piano.<\/p>\n<p>Por falar em m\u00fasica, quando havia alguma comemora\u00e7\u00e3o no final do expediente, algu\u00e9m costumava se lembrar de alugar uma m\u00e1quina de karaok\u00ea. Gosto de m\u00fasica, mas at\u00e9 debaixo do chuveiro canto completamente fora de ritmo. Um desastre! Quanto ao Samuel, diria que \u00e9 o que costumamos chamar de cantor ecl\u00e9tico.<\/p>\n<p>O timbre da voz do Samuel \u00e9 algo entre Altemar Dutra e Sidney Magal e, por sinal, ele canta tais artistas com maestria. Todavia, n\u00e3o pense que o repert\u00f3rio do meu amigo fica por a\u00ed, pois sabe ser suave como o Paulinho da Viola, mas, a qualquer momento, pode surgir aquela pot\u00eancia do Em\u00edlio Santiago.<\/p>\n<p>Se o Samuca \u00e9 um mestre da arte de cantar, isso n\u00e3o o impede de mostrar outra de suas facetas: o humor. Aqui vale um adendo sobre uma brincadeira que ele adorava fazer com a Norminha, a sua esposa, por quem o Samuel sempre se mostrou muito apaixonado.<\/p>\n<p>Pois bem, l\u00e1 est\u00e1vamos no Banco do Brasil, final de expediente, todos arrumando as coisas para ir para o lar, doce lar, quando o Samuel pegava o telefone e ligava para a Norminha. Um detalhe: ele colocava o telefone no viva-voz para que todos tivessem aquele momento de risada coletiva, talvez para retornarmos no dia seguinte com mais disposi\u00e7\u00e3o pro trabalho. Coisas de chefe.<\/p>\n<p>&#8211; Oi, Norminha! Tudo bem por a\u00ed?<\/p>\n<p>&#8211; Oi, meu amor! Que saudade!<\/p>\n<p>&#8211; J\u00e1 posso ir pra casa ou quer que eu fique por aqui por mais meia hora?<\/p>\n<p>&#8211; U\u00e9, claro que pode.<\/p>\n<p>&#8211; Tem certeza?<\/p>\n<p>&#8211; Tenho. Por qu\u00ea?<\/p>\n<p>&#8211; Sei l\u00e1. Vai que eu atrapalhe algo que esteja acontecendo por a\u00ed.<\/p>\n<p>&#8211; Samuel, pare com isso! Voc\u00ea sempre com essas brincadeiras bobas. Vem logo, que estou morrendo de saudade!<\/p>\n<p>Engra\u00e7ado que, ao escrever tais linhas, percebo que os momentos mais marcantes que passei nos meus tempos de Banco do Brasil s\u00e3o esses de descontra\u00e7\u00e3o com meus colegas, muitos dos quais continuam amigos at\u00e9 hoje. N\u00e3o tenho muitas lembran\u00e7as do servi\u00e7o em si, mas as risadas das pessoas ainda ecoam nos meus ouvidos, e, certamente, a gargalhada do Samuca se destaca das demais.<\/p>\n","protected":false},"excerpt":{"rendered":"<p>Durante meus 17 anos no Banco do Brasil, fui lotado em alguns locais e trabalhei com centenas de pessoas. \u00c9 verdade que j\u00e1 faz muitos anos que sa\u00ed de l\u00e1, mas ainda possuo alguns amigos desse tempo, que fa\u00e7o quest\u00e3o de conservar. Um deles \u00e9 o Samuel. Ali\u00e1s, Samuel Machado Francisco, se bem que tamb\u00e9m [&hellip;]<\/p>\n","protected":false},"author":2,"featured_media":325371,"comment_status":"closed","ping_status":"closed","sticky":false,"template":"","format":"standard","meta":{"_acf_changed":false,"footnotes":""},"categories":[161],"tags":[],"class_list":["post-325359","post","type-post","status-publish","format-standard","has-post-thumbnail","hentry","category-quadradinho-em-foco"],"acf":[],"yoast_head":"<!-- This site is optimized with the Yoast SEO plugin v27.5 - https:\/\/yoast.com\/product\/yoast-seo-wordpress\/ -->\n<title>Servi\u00e7o no BB fica marcado por vozeir\u00e3o do Samuca - Notibras<\/title>\n<meta name=\"robots\" content=\"index, follow, max-snippet:-1, max-image-preview:large, max-video-preview:-1\" \/>\n<link rel=\"canonical\" href=\"https:\/\/www.notibras.com\/site\/servico-no-bb-fica-marcado-por-vozeirao-do-samuca\/\" \/>\n<meta property=\"og:locale\" content=\"pt_BR\" \/>\n<meta property=\"og:type\" content=\"article\" \/>\n<meta property=\"og:title\" content=\"Servi\u00e7o no BB fica marcado por vozeir\u00e3o do Samuca - Notibras\" \/>\n<meta property=\"og:description\" content=\"Durante meus 17 anos no Banco do Brasil, fui lotado em alguns locais e trabalhei com centenas de pessoas. \u00c9 verdade que j\u00e1 faz muitos anos que sa\u00ed de l\u00e1, mas ainda possuo alguns amigos desse tempo, que fa\u00e7o quest\u00e3o de conservar. Um deles \u00e9 o Samuel. Ali\u00e1s, Samuel Machado Francisco, se bem que tamb\u00e9m [&hellip;]\" \/>\n<meta property=\"og:url\" content=\"https:\/\/www.notibras.com\/site\/servico-no-bb-fica-marcado-por-vozeirao-do-samuca\/\" \/>\n<meta property=\"og:site_name\" content=\"Notibras\" \/>\n<meta property=\"article:publisher\" content=\"https:\/\/www.facebook.com\/notibras\/\" \/>\n<meta property=\"article:published_time\" content=\"2024-03-26T03:47:57+00:00\" \/>\n<meta property=\"article:modified_time\" content=\"2024-03-26T12:58:15+00:00\" \/>\n<meta property=\"og:image\" content=\"https:\/\/www.notibras.com\/site\/wp-content\/uploads\/2024\/03\/91192847-9e89-4c5f-ba73-cabcd756bd86.jpeg\" \/>\n\t<meta property=\"og:image:width\" content=\"580\" \/>\n\t<meta property=\"og:image:height\" content=\"583\" \/>\n\t<meta property=\"og:image:type\" content=\"image\/jpeg\" \/>\n<meta name=\"author\" content=\"Reda\u00e7\u00e3o\" \/>\n<meta name=\"twitter:card\" content=\"summary_large_image\" \/>\n<meta name=\"twitter:creator\" content=\"@Notibras\" \/>\n<meta name=\"twitter:site\" content=\"@Notibras\" \/>\n<meta name=\"twitter:label1\" content=\"Escrito por\" \/>\n\t<meta name=\"twitter:data1\" content=\"Reda\u00e7\u00e3o\" \/>\n\t<meta name=\"twitter:label2\" content=\"Est. tempo de leitura\" \/>\n\t<meta name=\"twitter:data2\" content=\"4 minutos\" \/>\n<script type=\"application\/ld+json\" class=\"yoast-schema-graph\">{\"@context\":\"https:\\\/\\\/schema.org\",\"@graph\":[{\"@type\":\"Article\",\"@id\":\"https:\\\/\\\/www.notibras.com\\\/site\\\/servico-no-bb-fica-marcado-por-vozeirao-do-samuca\\\/#article\",\"isPartOf\":{\"@id\":\"https:\\\/\\\/www.notibras.com\\\/site\\\/servico-no-bb-fica-marcado-por-vozeirao-do-samuca\\\/\"},\"author\":{\"name\":\"Reda\u00e7\u00e3o\",\"@id\":\"https:\\\/\\\/www.notibras.com\\\/site\\\/#\\\/schema\\\/person\\\/36ab0979449956132d3e5b517ea76ac8\"},\"headline\":\"Servi\u00e7o no BB fica marcado por vozeir\u00e3o do Samuca\",\"datePublished\":\"2024-03-26T03:47:57+00:00\",\"dateModified\":\"2024-03-26T12:58:15+00:00\",\"mainEntityOfPage\":{\"@id\":\"https:\\\/\\\/www.notibras.com\\\/site\\\/servico-no-bb-fica-marcado-por-vozeirao-do-samuca\\\/\"},\"wordCount\":559,\"publisher\":{\"@id\":\"https:\\\/\\\/www.notibras.com\\\/site\\\/#organization\"},\"image\":{\"@id\":\"https:\\\/\\\/www.notibras.com\\\/site\\\/servico-no-bb-fica-marcado-por-vozeirao-do-samuca\\\/#primaryimage\"},\"thumbnailUrl\":\"https:\\\/\\\/www.notibras.com\\\/site\\\/wp-content\\\/uploads\\\/2024\\\/03\\\/91192847-9e89-4c5f-ba73-cabcd756bd86.jpeg\",\"articleSection\":[\"Quadradinho em Foco\"],\"inLanguage\":\"pt-BR\"},{\"@type\":\"WebPage\",\"@id\":\"https:\\\/\\\/www.notibras.com\\\/site\\\/servico-no-bb-fica-marcado-por-vozeirao-do-samuca\\\/\",\"url\":\"https:\\\/\\\/www.notibras.com\\\/site\\\/servico-no-bb-fica-marcado-por-vozeirao-do-samuca\\\/\",\"name\":\"Servi\u00e7o no BB fica marcado por vozeir\u00e3o do Samuca - Notibras\",\"isPartOf\":{\"@id\":\"https:\\\/\\\/www.notibras.com\\\/site\\\/#website\"},\"primaryImageOfPage\":{\"@id\":\"https:\\\/\\\/www.notibras.com\\\/site\\\/servico-no-bb-fica-marcado-por-vozeirao-do-samuca\\\/#primaryimage\"},\"image\":{\"@id\":\"https:\\\/\\\/www.notibras.com\\\/site\\\/servico-no-bb-fica-marcado-por-vozeirao-do-samuca\\\/#primaryimage\"},\"thumbnailUrl\":\"https:\\\/\\\/www.notibras.com\\\/site\\\/wp-content\\\/uploads\\\/2024\\\/03\\\/91192847-9e89-4c5f-ba73-cabcd756bd86.jpeg\",\"datePublished\":\"2024-03-26T03:47:57+00:00\",\"dateModified\":\"2024-03-26T12:58:15+00:00\",\"breadcrumb\":{\"@id\":\"https:\\\/\\\/www.notibras.com\\\/site\\\/servico-no-bb-fica-marcado-por-vozeirao-do-samuca\\\/#breadcrumb\"},\"inLanguage\":\"pt-BR\",\"potentialAction\":[{\"@type\":\"ReadAction\",\"target\":[\"https:\\\/\\\/www.notibras.com\\\/site\\\/servico-no-bb-fica-marcado-por-vozeirao-do-samuca\\\/\"]}]},{\"@type\":\"ImageObject\",\"inLanguage\":\"pt-BR\",\"@id\":\"https:\\\/\\\/www.notibras.com\\\/site\\\/servico-no-bb-fica-marcado-por-vozeirao-do-samuca\\\/#primaryimage\",\"url\":\"https:\\\/\\\/www.notibras.com\\\/site\\\/wp-content\\\/uploads\\\/2024\\\/03\\\/91192847-9e89-4c5f-ba73-cabcd756bd86.jpeg\",\"contentUrl\":\"https:\\\/\\\/www.notibras.com\\\/site\\\/wp-content\\\/uploads\\\/2024\\\/03\\\/91192847-9e89-4c5f-ba73-cabcd756bd86.jpeg\",\"width\":580,\"height\":583},{\"@type\":\"BreadcrumbList\",\"@id\":\"https:\\\/\\\/www.notibras.com\\\/site\\\/servico-no-bb-fica-marcado-por-vozeirao-do-samuca\\\/#breadcrumb\",\"itemListElement\":[{\"@type\":\"ListItem\",\"position\":1,\"name\":\"In\u00edcio\",\"item\":\"https:\\\/\\\/www.notibras.com\\\/site\\\/\"},{\"@type\":\"ListItem\",\"position\":2,\"name\":\"Servi\u00e7o no BB fica marcado por vozeir\u00e3o do Samuca\"}]},{\"@type\":\"WebSite\",\"@id\":\"https:\\\/\\\/www.notibras.com\\\/site\\\/#website\",\"url\":\"https:\\\/\\\/www.notibras.com\\\/site\\\/\",\"name\":\"Notibras\",\"description\":\"Not\u00edcias de Bras\u00edlia, do Brasil e do Mundo\",\"publisher\":{\"@id\":\"https:\\\/\\\/www.notibras.com\\\/site\\\/#organization\"},\"potentialAction\":[{\"@type\":\"SearchAction\",\"target\":{\"@type\":\"EntryPoint\",\"urlTemplate\":\"https:\\\/\\\/www.notibras.com\\\/site\\\/?s={search_term_string}\"},\"query-input\":{\"@type\":\"PropertyValueSpecification\",\"valueRequired\":true,\"valueName\":\"search_term_string\"}}],\"inLanguage\":\"pt-BR\"},{\"@type\":\"Organization\",\"@id\":\"https:\\\/\\\/www.notibras.com\\\/site\\\/#organization\",\"name\":\"Grupo Notibras de Comunica\u00e7\u00e3o\",\"url\":\"https:\\\/\\\/www.notibras.com\\\/site\\\/\",\"logo\":{\"@type\":\"ImageObject\",\"inLanguage\":\"pt-BR\",\"@id\":\"https:\\\/\\\/www.notibras.com\\\/site\\\/#\\\/schema\\\/logo\\\/image\\\/\",\"url\":\"https:\\\/\\\/www.notibras.com\\\/site\\\/wp-content\\\/uploads\\\/2023\\\/01\\\/notibras23.png\",\"contentUrl\":\"https:\\\/\\\/www.notibras.com\\\/site\\\/wp-content\\\/uploads\\\/2023\\\/01\\\/notibras23.png\",\"width\":350,\"height\":87,\"caption\":\"Grupo Notibras de Comunica\u00e7\u00e3o\"},\"image\":{\"@id\":\"https:\\\/\\\/www.notibras.com\\\/site\\\/#\\\/schema\\\/logo\\\/image\\\/\"},\"sameAs\":[\"https:\\\/\\\/www.facebook.com\\\/notibras\\\/\",\"https:\\\/\\\/x.com\\\/Notibras\",\"https:\\\/\\\/www.instagram.com\\\/notibras\\\/\"]},{\"@type\":\"Person\",\"@id\":\"https:\\\/\\\/www.notibras.com\\\/site\\\/#\\\/schema\\\/person\\\/36ab0979449956132d3e5b517ea76ac8\",\"name\":\"Reda\u00e7\u00e3o\",\"image\":{\"@type\":\"ImageObject\",\"inLanguage\":\"pt-BR\",\"@id\":\"https:\\\/\\\/secure.gravatar.com\\\/avatar\\\/e0a867bdedb85fd243eadf09663511f96fc81e0720a4a42581f334ad4303aa6b?s=96&d=mm&r=g\",\"url\":\"https:\\\/\\\/secure.gravatar.com\\\/avatar\\\/e0a867bdedb85fd243eadf09663511f96fc81e0720a4a42581f334ad4303aa6b?s=96&d=mm&r=g\",\"contentUrl\":\"https:\\\/\\\/secure.gravatar.com\\\/avatar\\\/e0a867bdedb85fd243eadf09663511f96fc81e0720a4a42581f334ad4303aa6b?s=96&d=mm&r=g\",\"caption\":\"Reda\u00e7\u00e3o\"}}]}<\/script>\n<!-- \/ Yoast SEO plugin. -->","yoast_head_json":{"title":"Servi\u00e7o no BB fica marcado por vozeir\u00e3o do Samuca - Notibras","robots":{"index":"index","follow":"follow","max-snippet":"max-snippet:-1","max-image-preview":"max-image-preview:large","max-video-preview":"max-video-preview:-1"},"canonical":"https:\/\/www.notibras.com\/site\/servico-no-bb-fica-marcado-por-vozeirao-do-samuca\/","og_locale":"pt_BR","og_type":"article","og_title":"Servi\u00e7o no BB fica marcado por vozeir\u00e3o do Samuca - Notibras","og_description":"Durante meus 17 anos no Banco do Brasil, fui lotado em alguns locais e trabalhei com centenas de pessoas. \u00c9 verdade que j\u00e1 faz muitos anos que sa\u00ed de l\u00e1, mas ainda possuo alguns amigos desse tempo, que fa\u00e7o quest\u00e3o de conservar. Um deles \u00e9 o Samuel. Ali\u00e1s, Samuel Machado Francisco, se bem que tamb\u00e9m [&hellip;]","og_url":"https:\/\/www.notibras.com\/site\/servico-no-bb-fica-marcado-por-vozeirao-do-samuca\/","og_site_name":"Notibras","article_publisher":"https:\/\/www.facebook.com\/notibras\/","article_published_time":"2024-03-26T03:47:57+00:00","article_modified_time":"2024-03-26T12:58:15+00:00","og_image":[{"width":580,"height":583,"url":"https:\/\/www.notibras.com\/site\/wp-content\/uploads\/2024\/03\/91192847-9e89-4c5f-ba73-cabcd756bd86.jpeg","type":"image\/jpeg"}],"author":"Reda\u00e7\u00e3o","twitter_card":"summary_large_image","twitter_creator":"@Notibras","twitter_site":"@Notibras","twitter_misc":{"Escrito por":"Reda\u00e7\u00e3o","Est. tempo de leitura":"4 minutos"},"schema":{"@context":"https:\/\/schema.org","@graph":[{"@type":"Article","@id":"https:\/\/www.notibras.com\/site\/servico-no-bb-fica-marcado-por-vozeirao-do-samuca\/#article","isPartOf":{"@id":"https:\/\/www.notibras.com\/site\/servico-no-bb-fica-marcado-por-vozeirao-do-samuca\/"},"author":{"name":"Reda\u00e7\u00e3o","@id":"https:\/\/www.notibras.com\/site\/#\/schema\/person\/36ab0979449956132d3e5b517ea76ac8"},"headline":"Servi\u00e7o no BB fica marcado por vozeir\u00e3o do Samuca","datePublished":"2024-03-26T03:47:57+00:00","dateModified":"2024-03-26T12:58:15+00:00","mainEntityOfPage":{"@id":"https:\/\/www.notibras.com\/site\/servico-no-bb-fica-marcado-por-vozeirao-do-samuca\/"},"wordCount":559,"publisher":{"@id":"https:\/\/www.notibras.com\/site\/#organization"},"image":{"@id":"https:\/\/www.notibras.com\/site\/servico-no-bb-fica-marcado-por-vozeirao-do-samuca\/#primaryimage"},"thumbnailUrl":"https:\/\/www.notibras.com\/site\/wp-content\/uploads\/2024\/03\/91192847-9e89-4c5f-ba73-cabcd756bd86.jpeg","articleSection":["Quadradinho em Foco"],"inLanguage":"pt-BR"},{"@type":"WebPage","@id":"https:\/\/www.notibras.com\/site\/servico-no-bb-fica-marcado-por-vozeirao-do-samuca\/","url":"https:\/\/www.notibras.com\/site\/servico-no-bb-fica-marcado-por-vozeirao-do-samuca\/","name":"Servi\u00e7o no BB fica marcado por vozeir\u00e3o do Samuca - Notibras","isPartOf":{"@id":"https:\/\/www.notibras.com\/site\/#website"},"primaryImageOfPage":{"@id":"https:\/\/www.notibras.com\/site\/servico-no-bb-fica-marcado-por-vozeirao-do-samuca\/#primaryimage"},"image":{"@id":"https:\/\/www.notibras.com\/site\/servico-no-bb-fica-marcado-por-vozeirao-do-samuca\/#primaryimage"},"thumbnailUrl":"https:\/\/www.notibras.com\/site\/wp-content\/uploads\/2024\/03\/91192847-9e89-4c5f-ba73-cabcd756bd86.jpeg","datePublished":"2024-03-26T03:47:57+00:00","dateModified":"2024-03-26T12:58:15+00:00","breadcrumb":{"@id":"https:\/\/www.notibras.com\/site\/servico-no-bb-fica-marcado-por-vozeirao-do-samuca\/#breadcrumb"},"inLanguage":"pt-BR","potentialAction":[{"@type":"ReadAction","target":["https:\/\/www.notibras.com\/site\/servico-no-bb-fica-marcado-por-vozeirao-do-samuca\/"]}]},{"@type":"ImageObject","inLanguage":"pt-BR","@id":"https:\/\/www.notibras.com\/site\/servico-no-bb-fica-marcado-por-vozeirao-do-samuca\/#primaryimage","url":"https:\/\/www.notibras.com\/site\/wp-content\/uploads\/2024\/03\/91192847-9e89-4c5f-ba73-cabcd756bd86.jpeg","contentUrl":"https:\/\/www.notibras.com\/site\/wp-content\/uploads\/2024\/03\/91192847-9e89-4c5f-ba73-cabcd756bd86.jpeg","width":580,"height":583},{"@type":"BreadcrumbList","@id":"https:\/\/www.notibras.com\/site\/servico-no-bb-fica-marcado-por-vozeirao-do-samuca\/#breadcrumb","itemListElement":[{"@type":"ListItem","position":1,"name":"In\u00edcio","item":"https:\/\/www.notibras.com\/site\/"},{"@type":"ListItem","position":2,"name":"Servi\u00e7o no BB fica marcado por vozeir\u00e3o do Samuca"}]},{"@type":"WebSite","@id":"https:\/\/www.notibras.com\/site\/#website","url":"https:\/\/www.notibras.com\/site\/","name":"Notibras","description":"Not\u00edcias de Bras\u00edlia, do Brasil e do Mundo","publisher":{"@id":"https:\/\/www.notibras.com\/site\/#organization"},"potentialAction":[{"@type":"SearchAction","target":{"@type":"EntryPoint","urlTemplate":"https:\/\/www.notibras.com\/site\/?s={search_term_string}"},"query-input":{"@type":"PropertyValueSpecification","valueRequired":true,"valueName":"search_term_string"}}],"inLanguage":"pt-BR"},{"@type":"Organization","@id":"https:\/\/www.notibras.com\/site\/#organization","name":"Grupo Notibras de Comunica\u00e7\u00e3o","url":"https:\/\/www.notibras.com\/site\/","logo":{"@type":"ImageObject","inLanguage":"pt-BR","@id":"https:\/\/www.notibras.com\/site\/#\/schema\/logo\/image\/","url":"https:\/\/www.notibras.com\/site\/wp-content\/uploads\/2023\/01\/notibras23.png","contentUrl":"https:\/\/www.notibras.com\/site\/wp-content\/uploads\/2023\/01\/notibras23.png","width":350,"height":87,"caption":"Grupo Notibras de Comunica\u00e7\u00e3o"},"image":{"@id":"https:\/\/www.notibras.com\/site\/#\/schema\/logo\/image\/"},"sameAs":["https:\/\/www.facebook.com\/notibras\/","https:\/\/x.com\/Notibras","https:\/\/www.instagram.com\/notibras\/"]},{"@type":"Person","@id":"https:\/\/www.notibras.com\/site\/#\/schema\/person\/36ab0979449956132d3e5b517ea76ac8","name":"Reda\u00e7\u00e3o","image":{"@type":"ImageObject","inLanguage":"pt-BR","@id":"https:\/\/secure.gravatar.com\/avatar\/e0a867bdedb85fd243eadf09663511f96fc81e0720a4a42581f334ad4303aa6b?s=96&d=mm&r=g","url":"https:\/\/secure.gravatar.com\/avatar\/e0a867bdedb85fd243eadf09663511f96fc81e0720a4a42581f334ad4303aa6b?s=96&d=mm&r=g","contentUrl":"https:\/\/secure.gravatar.com\/avatar\/e0a867bdedb85fd243eadf09663511f96fc81e0720a4a42581f334ad4303aa6b?s=96&d=mm&r=g","caption":"Reda\u00e7\u00e3o"}}]}},"amp_enabled":true,"_links":{"self":[{"href":"https:\/\/www.notibras.com\/site\/wp-json\/wp\/v2\/posts\/325359","targetHints":{"allow":["GET"]}}],"collection":[{"href":"https:\/\/www.notibras.com\/site\/wp-json\/wp\/v2\/posts"}],"about":[{"href":"https:\/\/www.notibras.com\/site\/wp-json\/wp\/v2\/types\/post"}],"author":[{"embeddable":true,"href":"https:\/\/www.notibras.com\/site\/wp-json\/wp\/v2\/users\/2"}],"replies":[{"embeddable":true,"href":"https:\/\/www.notibras.com\/site\/wp-json\/wp\/v2\/comments?post=325359"}],"version-history":[{"count":4,"href":"https:\/\/www.notibras.com\/site\/wp-json\/wp\/v2\/posts\/325359\/revisions"}],"predecessor-version":[{"id":325435,"href":"https:\/\/www.notibras.com\/site\/wp-json\/wp\/v2\/posts\/325359\/revisions\/325435"}],"wp:featuredmedia":[{"embeddable":true,"href":"https:\/\/www.notibras.com\/site\/wp-json\/wp\/v2\/media\/325371"}],"wp:attachment":[{"href":"https:\/\/www.notibras.com\/site\/wp-json\/wp\/v2\/media?parent=325359"}],"wp:term":[{"taxonomy":"category","embeddable":true,"href":"https:\/\/www.notibras.com\/site\/wp-json\/wp\/v2\/categories?post=325359"},{"taxonomy":"post_tag","embeddable":true,"href":"https:\/\/www.notibras.com\/site\/wp-json\/wp\/v2\/tags?post=325359"}],"curies":[{"name":"wp","href":"https:\/\/api.w.org\/{rel}","templated":true}]}}