{"id":325362,"date":"2024-03-25T04:28:34","date_gmt":"2024-03-25T07:28:34","guid":{"rendered":"https:\/\/www.notibras.com\/site\/?p=325362"},"modified":"2024-03-25T04:28:34","modified_gmt":"2024-03-25T07:28:34","slug":"juvencio-canta-mulher-errada-no-dia-errado-e-na-hora-errada","status":"publish","type":"post","link":"https:\/\/www.notibras.com\/site\/juvencio-canta-mulher-errada-no-dia-errado-e-na-hora-errada\/","title":{"rendered":"Juv\u00eancio canta mulher errada, no dia errado e na hora errada"},"content":{"rendered":"<p>Simone, a Sissi, andava t\u00e3o feliz, que, n\u00e3o raro, conversava at\u00e9 com as paredes, tudo por conta do novo grande amor da sua vida, um gajo que atendia pelo nome de Gilson. Tamanha felicidade, ali\u00e1s, despertava certa curiosidade, que beirava \u00e0 inveja, de alguns.<\/p>\n<p>&#8211; Mulher, pra que tanta cantoria?<\/p>\n<p>&#8211; A vida \u00e9 bela, Gertrudes!<\/p>\n<p>E l\u00e1 ia a felizarda desfilar aquele sorriso pelos quatro cantos da reparti\u00e7\u00e3o. At\u00e9 o p\u00fablico, que fazia fila, queria porque queria ser atendido por aquela mulher, que exalava simpatia. Isso, ali\u00e1s, fez com que a inveja se transformasse em ci\u00fame, pois os colegas logo perceberam que a Sissi passou a ganhar alguns mimos da clientela.<\/p>\n<p>Um bombom aqui, um saquinho de biscoitos recheados daqui, at\u00e9 uma caneta personalizada a danada ganhou. Teve at\u00e9 ingresso pra show de artista famoso. Pra qu\u00ea? A ira tomou conta do ambiente de trabalho.<\/p>\n<p>Os corredores, antes praticamente mudos, passaram a ser palco de altos debates para falar mal da funcion\u00e1ria mais sorridente. Tanto \u00e9 que o Juv\u00eancio, famoso por tantas conquistas amorosas, se prop\u00f4s a quebrar o encanto da Sissi pelo namorado.<\/p>\n<p>&#8211; Oi, Sissi. Tudo bem contigo?<\/p>\n<p>&#8211; Tudo lindo e maravilhoso, Juv\u00eancio.<\/p>\n<p>&#8211; Sabe, eu estava pensando em te convidar pra pegar um cineminha hoje depois do expediente.<\/p>\n<p>&#8211; Sem chance, Juv\u00eancio!<\/p>\n<p>&#8211; U\u00e9, por qu\u00ea?<\/p>\n<p>&#8211; Quem tem um Gilson n\u00e3o troca por ningu\u00e9m.<\/p>\n<p>&#8211; Mas nem por mim, Sissi?<\/p>\n<p>&#8211; Amigo, quem tem um Gilson tem tudo!<\/p>\n","protected":false},"excerpt":{"rendered":"<p>Simone, a Sissi, andava t\u00e3o feliz, que, n\u00e3o raro, conversava at\u00e9 com as paredes, tudo por conta do novo grande amor da sua vida, um gajo que atendia pelo nome de Gilson. Tamanha felicidade, ali\u00e1s, despertava certa curiosidade, que beirava \u00e0 inveja, de alguns. &#8211; Mulher, pra que tanta cantoria? &#8211; A vida \u00e9 bela, [&hellip;]<\/p>\n","protected":false},"author":2,"featured_media":325363,"comment_status":"closed","ping_status":"closed","sticky":false,"template":"","format":"standard","meta":{"_acf_changed":false,"footnotes":""},"categories":[161],"tags":[],"class_list":["post-325362","post","type-post","status-publish","format-standard","has-post-thumbnail","hentry","category-quadradinho-em-foco"],"acf":[],"yoast_head":"<!-- This site is optimized with the Yoast SEO plugin v27.5 - https:\/\/yoast.com\/product\/yoast-seo-wordpress\/ -->\n<title>Juv\u00eancio canta mulher errada, no dia errado e na hora errada - Notibras<\/title>\n<meta name=\"robots\" content=\"index, follow, max-snippet:-1, max-image-preview:large, max-video-preview:-1\" \/>\n<link rel=\"canonical\" href=\"https:\/\/www.notibras.com\/site\/juvencio-canta-mulher-errada-no-dia-errado-e-na-hora-errada\/\" \/>\n<meta property=\"og:locale\" content=\"pt_BR\" \/>\n<meta property=\"og:type\" content=\"article\" \/>\n<meta property=\"og:title\" content=\"Juv\u00eancio canta mulher errada, no dia errado e na hora errada - Notibras\" \/>\n<meta property=\"og:description\" content=\"Simone, a Sissi, andava t\u00e3o feliz, que, n\u00e3o raro, conversava at\u00e9 com as paredes, tudo por conta do novo grande amor da sua vida, um gajo que atendia pelo nome de Gilson. Tamanha felicidade, ali\u00e1s, despertava certa curiosidade, que beirava \u00e0 inveja, de alguns. &#8211; Mulher, pra que tanta cantoria? &#8211; A vida \u00e9 bela, [&hellip;]\" \/>\n<meta property=\"og:url\" content=\"https:\/\/www.notibras.com\/site\/juvencio-canta-mulher-errada-no-dia-errado-e-na-hora-errada\/\" \/>\n<meta property=\"og:site_name\" content=\"Notibras\" \/>\n<meta property=\"article:publisher\" content=\"https:\/\/www.facebook.com\/notibras\/\" \/>\n<meta property=\"article:published_time\" content=\"2024-03-25T07:28:34+00:00\" \/>\n<meta property=\"og:image\" content=\"https:\/\/www.notibras.com\/site\/wp-content\/uploads\/2024\/03\/82dd519f-6e9c-492d-b35d-6f22315816a0.jpeg\" \/>\n\t<meta property=\"og:image:width\" content=\"1024\" \/>\n\t<meta property=\"og:image:height\" content=\"1024\" \/>\n\t<meta property=\"og:image:type\" content=\"image\/jpeg\" \/>\n<meta name=\"author\" content=\"Reda\u00e7\u00e3o\" \/>\n<meta name=\"twitter:card\" content=\"summary_large_image\" \/>\n<meta name=\"twitter:creator\" content=\"@Notibras\" \/>\n<meta name=\"twitter:site\" content=\"@Notibras\" \/>\n<meta name=\"twitter:label1\" content=\"Escrito por\" \/>\n\t<meta name=\"twitter:data1\" content=\"Reda\u00e7\u00e3o\" \/>\n\t<meta name=\"twitter:label2\" content=\"Est. tempo de leitura\" \/>\n\t<meta name=\"twitter:data2\" content=\"2 minutos\" \/>\n<script type=\"application\/ld+json\" class=\"yoast-schema-graph\">{\"@context\":\"https:\\\/\\\/schema.org\",\"@graph\":[{\"@type\":\"Article\",\"@id\":\"https:\\\/\\\/www.notibras.com\\\/site\\\/juvencio-canta-mulher-errada-no-dia-errado-e-na-hora-errada\\\/#article\",\"isPartOf\":{\"@id\":\"https:\\\/\\\/www.notibras.com\\\/site\\\/juvencio-canta-mulher-errada-no-dia-errado-e-na-hora-errada\\\/\"},\"author\":{\"name\":\"Reda\u00e7\u00e3o\",\"@id\":\"https:\\\/\\\/www.notibras.com\\\/site\\\/#\\\/schema\\\/person\\\/36ab0979449956132d3e5b517ea76ac8\"},\"headline\":\"Juv\u00eancio canta mulher errada, no dia errado e na hora errada\",\"datePublished\":\"2024-03-25T07:28:34+00:00\",\"mainEntityOfPage\":{\"@id\":\"https:\\\/\\\/www.notibras.com\\\/site\\\/juvencio-canta-mulher-errada-no-dia-errado-e-na-hora-errada\\\/\"},\"wordCount\":267,\"publisher\":{\"@id\":\"https:\\\/\\\/www.notibras.com\\\/site\\\/#organization\"},\"image\":{\"@id\":\"https:\\\/\\\/www.notibras.com\\\/site\\\/juvencio-canta-mulher-errada-no-dia-errado-e-na-hora-errada\\\/#primaryimage\"},\"thumbnailUrl\":\"https:\\\/\\\/www.notibras.com\\\/site\\\/wp-content\\\/uploads\\\/2024\\\/03\\\/82dd519f-6e9c-492d-b35d-6f22315816a0.jpeg\",\"articleSection\":[\"Quadradinho em Foco\"],\"inLanguage\":\"pt-BR\"},{\"@type\":\"WebPage\",\"@id\":\"https:\\\/\\\/www.notibras.com\\\/site\\\/juvencio-canta-mulher-errada-no-dia-errado-e-na-hora-errada\\\/\",\"url\":\"https:\\\/\\\/www.notibras.com\\\/site\\\/juvencio-canta-mulher-errada-no-dia-errado-e-na-hora-errada\\\/\",\"name\":\"Juv\u00eancio canta mulher errada, no dia errado e na hora errada - Notibras\",\"isPartOf\":{\"@id\":\"https:\\\/\\\/www.notibras.com\\\/site\\\/#website\"},\"primaryImageOfPage\":{\"@id\":\"https:\\\/\\\/www.notibras.com\\\/site\\\/juvencio-canta-mulher-errada-no-dia-errado-e-na-hora-errada\\\/#primaryimage\"},\"image\":{\"@id\":\"https:\\\/\\\/www.notibras.com\\\/site\\\/juvencio-canta-mulher-errada-no-dia-errado-e-na-hora-errada\\\/#primaryimage\"},\"thumbnailUrl\":\"https:\\\/\\\/www.notibras.com\\\/site\\\/wp-content\\\/uploads\\\/2024\\\/03\\\/82dd519f-6e9c-492d-b35d-6f22315816a0.jpeg\",\"datePublished\":\"2024-03-25T07:28:34+00:00\",\"breadcrumb\":{\"@id\":\"https:\\\/\\\/www.notibras.com\\\/site\\\/juvencio-canta-mulher-errada-no-dia-errado-e-na-hora-errada\\\/#breadcrumb\"},\"inLanguage\":\"pt-BR\",\"potentialAction\":[{\"@type\":\"ReadAction\",\"target\":[\"https:\\\/\\\/www.notibras.com\\\/site\\\/juvencio-canta-mulher-errada-no-dia-errado-e-na-hora-errada\\\/\"]}]},{\"@type\":\"ImageObject\",\"inLanguage\":\"pt-BR\",\"@id\":\"https:\\\/\\\/www.notibras.com\\\/site\\\/juvencio-canta-mulher-errada-no-dia-errado-e-na-hora-errada\\\/#primaryimage\",\"url\":\"https:\\\/\\\/www.notibras.com\\\/site\\\/wp-content\\\/uploads\\\/2024\\\/03\\\/82dd519f-6e9c-492d-b35d-6f22315816a0.jpeg\",\"contentUrl\":\"https:\\\/\\\/www.notibras.com\\\/site\\\/wp-content\\\/uploads\\\/2024\\\/03\\\/82dd519f-6e9c-492d-b35d-6f22315816a0.jpeg\",\"width\":1024,\"height\":1024},{\"@type\":\"BreadcrumbList\",\"@id\":\"https:\\\/\\\/www.notibras.com\\\/site\\\/juvencio-canta-mulher-errada-no-dia-errado-e-na-hora-errada\\\/#breadcrumb\",\"itemListElement\":[{\"@type\":\"ListItem\",\"position\":1,\"name\":\"In\u00edcio\",\"item\":\"https:\\\/\\\/www.notibras.com\\\/site\\\/\"},{\"@type\":\"ListItem\",\"position\":2,\"name\":\"Juv\u00eancio canta mulher errada, no dia errado e na hora errada\"}]},{\"@type\":\"WebSite\",\"@id\":\"https:\\\/\\\/www.notibras.com\\\/site\\\/#website\",\"url\":\"https:\\\/\\\/www.notibras.com\\\/site\\\/\",\"name\":\"Notibras\",\"description\":\"Not\u00edcias de Bras\u00edlia, do Brasil e do Mundo\",\"publisher\":{\"@id\":\"https:\\\/\\\/www.notibras.com\\\/site\\\/#organization\"},\"potentialAction\":[{\"@type\":\"SearchAction\",\"target\":{\"@type\":\"EntryPoint\",\"urlTemplate\":\"https:\\\/\\\/www.notibras.com\\\/site\\\/?s={search_term_string}\"},\"query-input\":{\"@type\":\"PropertyValueSpecification\",\"valueRequired\":true,\"valueName\":\"search_term_string\"}}],\"inLanguage\":\"pt-BR\"},{\"@type\":\"Organization\",\"@id\":\"https:\\\/\\\/www.notibras.com\\\/site\\\/#organization\",\"name\":\"Grupo Notibras de Comunica\u00e7\u00e3o\",\"url\":\"https:\\\/\\\/www.notibras.com\\\/site\\\/\",\"logo\":{\"@type\":\"ImageObject\",\"inLanguage\":\"pt-BR\",\"@id\":\"https:\\\/\\\/www.notibras.com\\\/site\\\/#\\\/schema\\\/logo\\\/image\\\/\",\"url\":\"https:\\\/\\\/www.notibras.com\\\/site\\\/wp-content\\\/uploads\\\/2023\\\/01\\\/notibras23.png\",\"contentUrl\":\"https:\\\/\\\/www.notibras.com\\\/site\\\/wp-content\\\/uploads\\\/2023\\\/01\\\/notibras23.png\",\"width\":350,\"height\":87,\"caption\":\"Grupo Notibras de Comunica\u00e7\u00e3o\"},\"image\":{\"@id\":\"https:\\\/\\\/www.notibras.com\\\/site\\\/#\\\/schema\\\/logo\\\/image\\\/\"},\"sameAs\":[\"https:\\\/\\\/www.facebook.com\\\/notibras\\\/\",\"https:\\\/\\\/x.com\\\/Notibras\",\"https:\\\/\\\/www.instagram.com\\\/notibras\\\/\"]},{\"@type\":\"Person\",\"@id\":\"https:\\\/\\\/www.notibras.com\\\/site\\\/#\\\/schema\\\/person\\\/36ab0979449956132d3e5b517ea76ac8\",\"name\":\"Reda\u00e7\u00e3o\",\"image\":{\"@type\":\"ImageObject\",\"inLanguage\":\"pt-BR\",\"@id\":\"https:\\\/\\\/secure.gravatar.com\\\/avatar\\\/e0a867bdedb85fd243eadf09663511f96fc81e0720a4a42581f334ad4303aa6b?s=96&d=mm&r=g\",\"url\":\"https:\\\/\\\/secure.gravatar.com\\\/avatar\\\/e0a867bdedb85fd243eadf09663511f96fc81e0720a4a42581f334ad4303aa6b?s=96&d=mm&r=g\",\"contentUrl\":\"https:\\\/\\\/secure.gravatar.com\\\/avatar\\\/e0a867bdedb85fd243eadf09663511f96fc81e0720a4a42581f334ad4303aa6b?s=96&d=mm&r=g\",\"caption\":\"Reda\u00e7\u00e3o\"}}]}<\/script>\n<!-- \/ Yoast SEO plugin. -->","yoast_head_json":{"title":"Juv\u00eancio canta mulher errada, no dia errado e na hora errada - Notibras","robots":{"index":"index","follow":"follow","max-snippet":"max-snippet:-1","max-image-preview":"max-image-preview:large","max-video-preview":"max-video-preview:-1"},"canonical":"https:\/\/www.notibras.com\/site\/juvencio-canta-mulher-errada-no-dia-errado-e-na-hora-errada\/","og_locale":"pt_BR","og_type":"article","og_title":"Juv\u00eancio canta mulher errada, no dia errado e na hora errada - Notibras","og_description":"Simone, a Sissi, andava t\u00e3o feliz, que, n\u00e3o raro, conversava at\u00e9 com as paredes, tudo por conta do novo grande amor da sua vida, um gajo que atendia pelo nome de Gilson. Tamanha felicidade, ali\u00e1s, despertava certa curiosidade, que beirava \u00e0 inveja, de alguns. &#8211; Mulher, pra que tanta cantoria? &#8211; A vida \u00e9 bela, [&hellip;]","og_url":"https:\/\/www.notibras.com\/site\/juvencio-canta-mulher-errada-no-dia-errado-e-na-hora-errada\/","og_site_name":"Notibras","article_publisher":"https:\/\/www.facebook.com\/notibras\/","article_published_time":"2024-03-25T07:28:34+00:00","og_image":[{"width":1024,"height":1024,"url":"https:\/\/www.notibras.com\/site\/wp-content\/uploads\/2024\/03\/82dd519f-6e9c-492d-b35d-6f22315816a0.jpeg","type":"image\/jpeg"}],"author":"Reda\u00e7\u00e3o","twitter_card":"summary_large_image","twitter_creator":"@Notibras","twitter_site":"@Notibras","twitter_misc":{"Escrito por":"Reda\u00e7\u00e3o","Est. tempo de leitura":"2 minutos"},"schema":{"@context":"https:\/\/schema.org","@graph":[{"@type":"Article","@id":"https:\/\/www.notibras.com\/site\/juvencio-canta-mulher-errada-no-dia-errado-e-na-hora-errada\/#article","isPartOf":{"@id":"https:\/\/www.notibras.com\/site\/juvencio-canta-mulher-errada-no-dia-errado-e-na-hora-errada\/"},"author":{"name":"Reda\u00e7\u00e3o","@id":"https:\/\/www.notibras.com\/site\/#\/schema\/person\/36ab0979449956132d3e5b517ea76ac8"},"headline":"Juv\u00eancio canta mulher errada, no dia errado e na hora errada","datePublished":"2024-03-25T07:28:34+00:00","mainEntityOfPage":{"@id":"https:\/\/www.notibras.com\/site\/juvencio-canta-mulher-errada-no-dia-errado-e-na-hora-errada\/"},"wordCount":267,"publisher":{"@id":"https:\/\/www.notibras.com\/site\/#organization"},"image":{"@id":"https:\/\/www.notibras.com\/site\/juvencio-canta-mulher-errada-no-dia-errado-e-na-hora-errada\/#primaryimage"},"thumbnailUrl":"https:\/\/www.notibras.com\/site\/wp-content\/uploads\/2024\/03\/82dd519f-6e9c-492d-b35d-6f22315816a0.jpeg","articleSection":["Quadradinho em Foco"],"inLanguage":"pt-BR"},{"@type":"WebPage","@id":"https:\/\/www.notibras.com\/site\/juvencio-canta-mulher-errada-no-dia-errado-e-na-hora-errada\/","url":"https:\/\/www.notibras.com\/site\/juvencio-canta-mulher-errada-no-dia-errado-e-na-hora-errada\/","name":"Juv\u00eancio canta mulher errada, no dia errado e na hora errada - Notibras","isPartOf":{"@id":"https:\/\/www.notibras.com\/site\/#website"},"primaryImageOfPage":{"@id":"https:\/\/www.notibras.com\/site\/juvencio-canta-mulher-errada-no-dia-errado-e-na-hora-errada\/#primaryimage"},"image":{"@id":"https:\/\/www.notibras.com\/site\/juvencio-canta-mulher-errada-no-dia-errado-e-na-hora-errada\/#primaryimage"},"thumbnailUrl":"https:\/\/www.notibras.com\/site\/wp-content\/uploads\/2024\/03\/82dd519f-6e9c-492d-b35d-6f22315816a0.jpeg","datePublished":"2024-03-25T07:28:34+00:00","breadcrumb":{"@id":"https:\/\/www.notibras.com\/site\/juvencio-canta-mulher-errada-no-dia-errado-e-na-hora-errada\/#breadcrumb"},"inLanguage":"pt-BR","potentialAction":[{"@type":"ReadAction","target":["https:\/\/www.notibras.com\/site\/juvencio-canta-mulher-errada-no-dia-errado-e-na-hora-errada\/"]}]},{"@type":"ImageObject","inLanguage":"pt-BR","@id":"https:\/\/www.notibras.com\/site\/juvencio-canta-mulher-errada-no-dia-errado-e-na-hora-errada\/#primaryimage","url":"https:\/\/www.notibras.com\/site\/wp-content\/uploads\/2024\/03\/82dd519f-6e9c-492d-b35d-6f22315816a0.jpeg","contentUrl":"https:\/\/www.notibras.com\/site\/wp-content\/uploads\/2024\/03\/82dd519f-6e9c-492d-b35d-6f22315816a0.jpeg","width":1024,"height":1024},{"@type":"BreadcrumbList","@id":"https:\/\/www.notibras.com\/site\/juvencio-canta-mulher-errada-no-dia-errado-e-na-hora-errada\/#breadcrumb","itemListElement":[{"@type":"ListItem","position":1,"name":"In\u00edcio","item":"https:\/\/www.notibras.com\/site\/"},{"@type":"ListItem","position":2,"name":"Juv\u00eancio canta mulher errada, no dia errado e na hora errada"}]},{"@type":"WebSite","@id":"https:\/\/www.notibras.com\/site\/#website","url":"https:\/\/www.notibras.com\/site\/","name":"Notibras","description":"Not\u00edcias de Bras\u00edlia, do Brasil e do Mundo","publisher":{"@id":"https:\/\/www.notibras.com\/site\/#organization"},"potentialAction":[{"@type":"SearchAction","target":{"@type":"EntryPoint","urlTemplate":"https:\/\/www.notibras.com\/site\/?s={search_term_string}"},"query-input":{"@type":"PropertyValueSpecification","valueRequired":true,"valueName":"search_term_string"}}],"inLanguage":"pt-BR"},{"@type":"Organization","@id":"https:\/\/www.notibras.com\/site\/#organization","name":"Grupo Notibras de Comunica\u00e7\u00e3o","url":"https:\/\/www.notibras.com\/site\/","logo":{"@type":"ImageObject","inLanguage":"pt-BR","@id":"https:\/\/www.notibras.com\/site\/#\/schema\/logo\/image\/","url":"https:\/\/www.notibras.com\/site\/wp-content\/uploads\/2023\/01\/notibras23.png","contentUrl":"https:\/\/www.notibras.com\/site\/wp-content\/uploads\/2023\/01\/notibras23.png","width":350,"height":87,"caption":"Grupo Notibras de Comunica\u00e7\u00e3o"},"image":{"@id":"https:\/\/www.notibras.com\/site\/#\/schema\/logo\/image\/"},"sameAs":["https:\/\/www.facebook.com\/notibras\/","https:\/\/x.com\/Notibras","https:\/\/www.instagram.com\/notibras\/"]},{"@type":"Person","@id":"https:\/\/www.notibras.com\/site\/#\/schema\/person\/36ab0979449956132d3e5b517ea76ac8","name":"Reda\u00e7\u00e3o","image":{"@type":"ImageObject","inLanguage":"pt-BR","@id":"https:\/\/secure.gravatar.com\/avatar\/e0a867bdedb85fd243eadf09663511f96fc81e0720a4a42581f334ad4303aa6b?s=96&d=mm&r=g","url":"https:\/\/secure.gravatar.com\/avatar\/e0a867bdedb85fd243eadf09663511f96fc81e0720a4a42581f334ad4303aa6b?s=96&d=mm&r=g","contentUrl":"https:\/\/secure.gravatar.com\/avatar\/e0a867bdedb85fd243eadf09663511f96fc81e0720a4a42581f334ad4303aa6b?s=96&d=mm&r=g","caption":"Reda\u00e7\u00e3o"}}]}},"amp_enabled":true,"_links":{"self":[{"href":"https:\/\/www.notibras.com\/site\/wp-json\/wp\/v2\/posts\/325362","targetHints":{"allow":["GET"]}}],"collection":[{"href":"https:\/\/www.notibras.com\/site\/wp-json\/wp\/v2\/posts"}],"about":[{"href":"https:\/\/www.notibras.com\/site\/wp-json\/wp\/v2\/types\/post"}],"author":[{"embeddable":true,"href":"https:\/\/www.notibras.com\/site\/wp-json\/wp\/v2\/users\/2"}],"replies":[{"embeddable":true,"href":"https:\/\/www.notibras.com\/site\/wp-json\/wp\/v2\/comments?post=325362"}],"version-history":[{"count":1,"href":"https:\/\/www.notibras.com\/site\/wp-json\/wp\/v2\/posts\/325362\/revisions"}],"predecessor-version":[{"id":325364,"href":"https:\/\/www.notibras.com\/site\/wp-json\/wp\/v2\/posts\/325362\/revisions\/325364"}],"wp:featuredmedia":[{"embeddable":true,"href":"https:\/\/www.notibras.com\/site\/wp-json\/wp\/v2\/media\/325363"}],"wp:attachment":[{"href":"https:\/\/www.notibras.com\/site\/wp-json\/wp\/v2\/media?parent=325362"}],"wp:term":[{"taxonomy":"category","embeddable":true,"href":"https:\/\/www.notibras.com\/site\/wp-json\/wp\/v2\/categories?post=325362"},{"taxonomy":"post_tag","embeddable":true,"href":"https:\/\/www.notibras.com\/site\/wp-json\/wp\/v2\/tags?post=325362"}],"curies":[{"name":"wp","href":"https:\/\/api.w.org\/{rel}","templated":true}]}}