{"id":325368,"date":"2024-03-25T00:00:42","date_gmt":"2024-03-25T03:00:42","guid":{"rendered":"https:\/\/www.notibras.com\/site\/?p=325368"},"modified":"2024-03-25T04:46:25","modified_gmt":"2024-03-25T07:46:25","slug":"mais-de-40-dos-visitantes-da-biblioteca-nacional-sao-turistas","status":"publish","type":"post","link":"https:\/\/www.notibras.com\/site\/mais-de-40-dos-visitantes-da-biblioteca-nacional-sao-turistas\/","title":{"rendered":"Mais de 40% dos visitantes da Biblioteca Nacional s\u00e3o turistas"},"content":{"rendered":"<p>Localizada no cora\u00e7\u00e3o da capital federal, a Biblioteca Nacional de Bras\u00edlia (BNB) ocupa cada vez mais um espa\u00e7o importante no roteiro dos turistas nacionais e internacionais que visitam o Quadradinho. Em 2023, dos aproximadamente 100 mil visitantes que estiveram no local, cerca de 41 mil eram turistas brasileiros ou estrangeiros.<\/p>\n<p>O espa\u00e7o se tornou um ponto de converg\u00eancia de diversas culturas, promovendo eventos e mostras de artistas, escritores e poetas nacionais e internacionais. Mas n\u00e3o foi s\u00f3 isso que ocasionou o aumento das visitas na Biblioteca Nacional de Bras\u00edlia. A vista de tirar o f\u00f4lego somada \u00e0 arquitetura exclusivamente desenhada por Oscar Niemeyer s\u00e3o alguns dos grandes diferenciais que tornam o local um dos mais bonitos do pa\u00eds.<\/p>\n<p>\u201cN\u00f3s recebemos gente do mundo todo, principalmente estudantes de arquitetura. Aqui \u00e9 uma mostra da arquitetura moderna de Bras\u00edlia. Recebemos muitos elogios tamb\u00e9m com rela\u00e7\u00e3o \u00e0 mob\u00edlia. Quem vem para c\u00e1 tem certeza que ser\u00e1 bem acolhido tamb\u00e9m pelos nossos funcion\u00e1rios\u201d, avaliou a diretora da BNB, Marmenha Ros\u00e1rio.<\/p>\n<p>Para al\u00e9m dos tra\u00e7os arquitet\u00f4nicos, a BNB atrai muitos visitantes pela pluralidade de servi\u00e7os oferecidos, que perpassam de salas de estudo e estandes de livros e v\u00e3o a aulas coletivas, atividades para gamers e programa\u00e7\u00e3o cultural diversificada.<\/p>\n<p>\u201cA gente tem o BNB Zen, onde as pessoas podem tirar um momento de descanso, locais individuais e coletivos para estudo, lugar para jogar com videogames e computadores, espa\u00e7o infantil, acervo geek, clube de leitura, eventos culturais. H\u00e1 v\u00e1rios motivos que fazem as pessoas procurarem pela Biblioteca Nacional. E aqui n\u00f3s temos uma das melhores internet wi-fi de Bras\u00edlia, muito r\u00e1pida e totalmente gratuita\u201d, defendeu Marmenha.<\/p>\n<p>Para al\u00e9m dos tra\u00e7os arquitet\u00f4nicos, a BNB atrai muitos visitantes pela pluralidade de servi\u00e7os oferecidos, que v\u00e3o de salas de estudo e estandes de livros a aulas coletivas, atividades para gamers e programa\u00e7\u00e3o cultural diversificada<\/p>\n<p>A bibliotec\u00e1ria Soraia Magalh\u00e3es, 56 anos, n\u00e3o escondeu a emo\u00e7\u00e3o e a ansiedade. Tamb\u00e9m escritora, ela teve um encontro marcado na BNB, no s\u00e1bado (23), para o lan\u00e7amento do seu terceiro livro infantil, que havia sido escrito ainda na pandemia de covid-19.<\/p>\n<p>Grande entusiasta por bibliotecas p\u00fablicas, Soraia j\u00e1 visitou mais de 600 em 23 pa\u00edses diferentes. Ela \u00e9 natural de Manaus, mora em Belo Horizonte e escolheu a Biblioteca Nacional de Bras\u00edlia para uma manh\u00e3 de aut\u00f3grafos aos leitores do livro Ai! Sou apenas um livrinho.<\/p>\n<p>\u201cEu vejo as bibliotecas p\u00fablicas como um dos espa\u00e7os mais democr\u00e1ticos da sociedade. Essa de Bras\u00edlia tem um poder de abarcar uma grande quantidade de pessoas pelo tamanho, beleza, espa\u00e7o f\u00edsico, localiza\u00e7\u00e3o e principalmente pelos servi\u00e7os que presta. Eu acho essa biblioteca um exemplo\u201d, elogiou a bibliotec\u00e1ria.<\/p>\n<p>O espa\u00e7o funciona de segunda a sexta-feira, das 8h \u00e0s 22h, e aos s\u00e1bados e domingos, das 8h \u00e0s 14h.<\/p>\n","protected":false},"excerpt":{"rendered":"<p>Localizada no cora\u00e7\u00e3o da capital federal, a Biblioteca Nacional de Bras\u00edlia (BNB) ocupa cada vez mais um espa\u00e7o importante no roteiro dos turistas nacionais e internacionais que visitam o Quadradinho. Em 2023, dos aproximadamente 100 mil visitantes que estiveram no local, cerca de 41 mil eram turistas brasileiros ou estrangeiros. O espa\u00e7o se tornou um [&hellip;]<\/p>\n","protected":false},"author":2,"featured_media":325369,"comment_status":"closed","ping_status":"closed","sticky":false,"template":"","format":"standard","meta":{"_acf_changed":false,"footnotes":""},"categories":[161],"tags":[],"class_list":["post-325368","post","type-post","status-publish","format-standard","has-post-thumbnail","hentry","category-quadradinho-em-foco"],"acf":[],"yoast_head":"<!-- This site is optimized with the Yoast SEO plugin v27.5 - https:\/\/yoast.com\/product\/yoast-seo-wordpress\/ -->\n<title>Mais de 40% dos visitantes da Biblioteca Nacional s\u00e3o turistas - Notibras<\/title>\n<meta name=\"robots\" content=\"index, follow, max-snippet:-1, max-image-preview:large, max-video-preview:-1\" \/>\n<link rel=\"canonical\" href=\"https:\/\/www.notibras.com\/site\/mais-de-40-dos-visitantes-da-biblioteca-nacional-sao-turistas\/\" \/>\n<meta property=\"og:locale\" content=\"pt_BR\" \/>\n<meta property=\"og:type\" content=\"article\" \/>\n<meta property=\"og:title\" content=\"Mais de 40% dos visitantes da Biblioteca Nacional s\u00e3o turistas - Notibras\" \/>\n<meta property=\"og:description\" content=\"Localizada no cora\u00e7\u00e3o da capital federal, a Biblioteca Nacional de Bras\u00edlia (BNB) ocupa cada vez mais um espa\u00e7o importante no roteiro dos turistas nacionais e internacionais que visitam o Quadradinho. Em 2023, dos aproximadamente 100 mil visitantes que estiveram no local, cerca de 41 mil eram turistas brasileiros ou estrangeiros. O espa\u00e7o se tornou um [&hellip;]\" \/>\n<meta property=\"og:url\" content=\"https:\/\/www.notibras.com\/site\/mais-de-40-dos-visitantes-da-biblioteca-nacional-sao-turistas\/\" \/>\n<meta property=\"og:site_name\" content=\"Notibras\" \/>\n<meta property=\"article:publisher\" content=\"https:\/\/www.facebook.com\/notibras\/\" \/>\n<meta property=\"article:published_time\" content=\"2024-03-25T03:00:42+00:00\" \/>\n<meta property=\"article:modified_time\" content=\"2024-03-25T07:46:25+00:00\" \/>\n<meta property=\"og:image\" content=\"https:\/\/www.notibras.com\/site\/wp-content\/uploads\/2024\/03\/WhatsApp-Image-2024-03-21-at-15.39.02-1536x1023-1.jpeg\" \/>\n\t<meta property=\"og:image:width\" content=\"1536\" \/>\n\t<meta property=\"og:image:height\" content=\"1023\" \/>\n\t<meta property=\"og:image:type\" content=\"image\/jpeg\" \/>\n<meta name=\"author\" content=\"Reda\u00e7\u00e3o\" \/>\n<meta name=\"twitter:card\" content=\"summary_large_image\" \/>\n<meta name=\"twitter:creator\" content=\"@Notibras\" \/>\n<meta name=\"twitter:site\" content=\"@Notibras\" \/>\n<meta name=\"twitter:label1\" content=\"Escrito por\" \/>\n\t<meta name=\"twitter:data1\" content=\"Reda\u00e7\u00e3o\" \/>\n\t<meta name=\"twitter:label2\" content=\"Est. tempo de leitura\" \/>\n\t<meta name=\"twitter:data2\" content=\"3 minutos\" \/>\n<script type=\"application\/ld+json\" class=\"yoast-schema-graph\">{\"@context\":\"https:\\\/\\\/schema.org\",\"@graph\":[{\"@type\":\"Article\",\"@id\":\"https:\\\/\\\/www.notibras.com\\\/site\\\/mais-de-40-dos-visitantes-da-biblioteca-nacional-sao-turistas\\\/#article\",\"isPartOf\":{\"@id\":\"https:\\\/\\\/www.notibras.com\\\/site\\\/mais-de-40-dos-visitantes-da-biblioteca-nacional-sao-turistas\\\/\"},\"author\":{\"name\":\"Reda\u00e7\u00e3o\",\"@id\":\"https:\\\/\\\/www.notibras.com\\\/site\\\/#\\\/schema\\\/person\\\/36ab0979449956132d3e5b517ea76ac8\"},\"headline\":\"Mais de 40% dos visitantes da Biblioteca Nacional s\u00e3o turistas\",\"datePublished\":\"2024-03-25T03:00:42+00:00\",\"dateModified\":\"2024-03-25T07:46:25+00:00\",\"mainEntityOfPage\":{\"@id\":\"https:\\\/\\\/www.notibras.com\\\/site\\\/mais-de-40-dos-visitantes-da-biblioteca-nacional-sao-turistas\\\/\"},\"wordCount\":514,\"publisher\":{\"@id\":\"https:\\\/\\\/www.notibras.com\\\/site\\\/#organization\"},\"image\":{\"@id\":\"https:\\\/\\\/www.notibras.com\\\/site\\\/mais-de-40-dos-visitantes-da-biblioteca-nacional-sao-turistas\\\/#primaryimage\"},\"thumbnailUrl\":\"https:\\\/\\\/www.notibras.com\\\/site\\\/wp-content\\\/uploads\\\/2024\\\/03\\\/WhatsApp-Image-2024-03-21-at-15.39.02-1536x1023-1.jpeg\",\"articleSection\":[\"Quadradinho em Foco\"],\"inLanguage\":\"pt-BR\"},{\"@type\":\"WebPage\",\"@id\":\"https:\\\/\\\/www.notibras.com\\\/site\\\/mais-de-40-dos-visitantes-da-biblioteca-nacional-sao-turistas\\\/\",\"url\":\"https:\\\/\\\/www.notibras.com\\\/site\\\/mais-de-40-dos-visitantes-da-biblioteca-nacional-sao-turistas\\\/\",\"name\":\"Mais de 40% dos visitantes da Biblioteca Nacional s\u00e3o turistas - Notibras\",\"isPartOf\":{\"@id\":\"https:\\\/\\\/www.notibras.com\\\/site\\\/#website\"},\"primaryImageOfPage\":{\"@id\":\"https:\\\/\\\/www.notibras.com\\\/site\\\/mais-de-40-dos-visitantes-da-biblioteca-nacional-sao-turistas\\\/#primaryimage\"},\"image\":{\"@id\":\"https:\\\/\\\/www.notibras.com\\\/site\\\/mais-de-40-dos-visitantes-da-biblioteca-nacional-sao-turistas\\\/#primaryimage\"},\"thumbnailUrl\":\"https:\\\/\\\/www.notibras.com\\\/site\\\/wp-content\\\/uploads\\\/2024\\\/03\\\/WhatsApp-Image-2024-03-21-at-15.39.02-1536x1023-1.jpeg\",\"datePublished\":\"2024-03-25T03:00:42+00:00\",\"dateModified\":\"2024-03-25T07:46:25+00:00\",\"breadcrumb\":{\"@id\":\"https:\\\/\\\/www.notibras.com\\\/site\\\/mais-de-40-dos-visitantes-da-biblioteca-nacional-sao-turistas\\\/#breadcrumb\"},\"inLanguage\":\"pt-BR\",\"potentialAction\":[{\"@type\":\"ReadAction\",\"target\":[\"https:\\\/\\\/www.notibras.com\\\/site\\\/mais-de-40-dos-visitantes-da-biblioteca-nacional-sao-turistas\\\/\"]}]},{\"@type\":\"ImageObject\",\"inLanguage\":\"pt-BR\",\"@id\":\"https:\\\/\\\/www.notibras.com\\\/site\\\/mais-de-40-dos-visitantes-da-biblioteca-nacional-sao-turistas\\\/#primaryimage\",\"url\":\"https:\\\/\\\/www.notibras.com\\\/site\\\/wp-content\\\/uploads\\\/2024\\\/03\\\/WhatsApp-Image-2024-03-21-at-15.39.02-1536x1023-1.jpeg\",\"contentUrl\":\"https:\\\/\\\/www.notibras.com\\\/site\\\/wp-content\\\/uploads\\\/2024\\\/03\\\/WhatsApp-Image-2024-03-21-at-15.39.02-1536x1023-1.jpeg\",\"width\":1536,\"height\":1023},{\"@type\":\"BreadcrumbList\",\"@id\":\"https:\\\/\\\/www.notibras.com\\\/site\\\/mais-de-40-dos-visitantes-da-biblioteca-nacional-sao-turistas\\\/#breadcrumb\",\"itemListElement\":[{\"@type\":\"ListItem\",\"position\":1,\"name\":\"In\u00edcio\",\"item\":\"https:\\\/\\\/www.notibras.com\\\/site\\\/\"},{\"@type\":\"ListItem\",\"position\":2,\"name\":\"Mais de 40% dos visitantes da Biblioteca Nacional s\u00e3o turistas\"}]},{\"@type\":\"WebSite\",\"@id\":\"https:\\\/\\\/www.notibras.com\\\/site\\\/#website\",\"url\":\"https:\\\/\\\/www.notibras.com\\\/site\\\/\",\"name\":\"Notibras\",\"description\":\"Not\u00edcias de Bras\u00edlia, do Brasil e do Mundo\",\"publisher\":{\"@id\":\"https:\\\/\\\/www.notibras.com\\\/site\\\/#organization\"},\"potentialAction\":[{\"@type\":\"SearchAction\",\"target\":{\"@type\":\"EntryPoint\",\"urlTemplate\":\"https:\\\/\\\/www.notibras.com\\\/site\\\/?s={search_term_string}\"},\"query-input\":{\"@type\":\"PropertyValueSpecification\",\"valueRequired\":true,\"valueName\":\"search_term_string\"}}],\"inLanguage\":\"pt-BR\"},{\"@type\":\"Organization\",\"@id\":\"https:\\\/\\\/www.notibras.com\\\/site\\\/#organization\",\"name\":\"Grupo Notibras de Comunica\u00e7\u00e3o\",\"url\":\"https:\\\/\\\/www.notibras.com\\\/site\\\/\",\"logo\":{\"@type\":\"ImageObject\",\"inLanguage\":\"pt-BR\",\"@id\":\"https:\\\/\\\/www.notibras.com\\\/site\\\/#\\\/schema\\\/logo\\\/image\\\/\",\"url\":\"https:\\\/\\\/www.notibras.com\\\/site\\\/wp-content\\\/uploads\\\/2023\\\/01\\\/notibras23.png\",\"contentUrl\":\"https:\\\/\\\/www.notibras.com\\\/site\\\/wp-content\\\/uploads\\\/2023\\\/01\\\/notibras23.png\",\"width\":350,\"height\":87,\"caption\":\"Grupo Notibras de Comunica\u00e7\u00e3o\"},\"image\":{\"@id\":\"https:\\\/\\\/www.notibras.com\\\/site\\\/#\\\/schema\\\/logo\\\/image\\\/\"},\"sameAs\":[\"https:\\\/\\\/www.facebook.com\\\/notibras\\\/\",\"https:\\\/\\\/x.com\\\/Notibras\",\"https:\\\/\\\/www.instagram.com\\\/notibras\\\/\"]},{\"@type\":\"Person\",\"@id\":\"https:\\\/\\\/www.notibras.com\\\/site\\\/#\\\/schema\\\/person\\\/36ab0979449956132d3e5b517ea76ac8\",\"name\":\"Reda\u00e7\u00e3o\",\"image\":{\"@type\":\"ImageObject\",\"inLanguage\":\"pt-BR\",\"@id\":\"https:\\\/\\\/secure.gravatar.com\\\/avatar\\\/e0a867bdedb85fd243eadf09663511f96fc81e0720a4a42581f334ad4303aa6b?s=96&d=mm&r=g\",\"url\":\"https:\\\/\\\/secure.gravatar.com\\\/avatar\\\/e0a867bdedb85fd243eadf09663511f96fc81e0720a4a42581f334ad4303aa6b?s=96&d=mm&r=g\",\"contentUrl\":\"https:\\\/\\\/secure.gravatar.com\\\/avatar\\\/e0a867bdedb85fd243eadf09663511f96fc81e0720a4a42581f334ad4303aa6b?s=96&d=mm&r=g\",\"caption\":\"Reda\u00e7\u00e3o\"}}]}<\/script>\n<!-- \/ Yoast SEO plugin. -->","yoast_head_json":{"title":"Mais de 40% dos visitantes da Biblioteca Nacional s\u00e3o turistas - Notibras","robots":{"index":"index","follow":"follow","max-snippet":"max-snippet:-1","max-image-preview":"max-image-preview:large","max-video-preview":"max-video-preview:-1"},"canonical":"https:\/\/www.notibras.com\/site\/mais-de-40-dos-visitantes-da-biblioteca-nacional-sao-turistas\/","og_locale":"pt_BR","og_type":"article","og_title":"Mais de 40% dos visitantes da Biblioteca Nacional s\u00e3o turistas - Notibras","og_description":"Localizada no cora\u00e7\u00e3o da capital federal, a Biblioteca Nacional de Bras\u00edlia (BNB) ocupa cada vez mais um espa\u00e7o importante no roteiro dos turistas nacionais e internacionais que visitam o Quadradinho. Em 2023, dos aproximadamente 100 mil visitantes que estiveram no local, cerca de 41 mil eram turistas brasileiros ou estrangeiros. O espa\u00e7o se tornou um [&hellip;]","og_url":"https:\/\/www.notibras.com\/site\/mais-de-40-dos-visitantes-da-biblioteca-nacional-sao-turistas\/","og_site_name":"Notibras","article_publisher":"https:\/\/www.facebook.com\/notibras\/","article_published_time":"2024-03-25T03:00:42+00:00","article_modified_time":"2024-03-25T07:46:25+00:00","og_image":[{"width":1536,"height":1023,"url":"https:\/\/www.notibras.com\/site\/wp-content\/uploads\/2024\/03\/WhatsApp-Image-2024-03-21-at-15.39.02-1536x1023-1.jpeg","type":"image\/jpeg"}],"author":"Reda\u00e7\u00e3o","twitter_card":"summary_large_image","twitter_creator":"@Notibras","twitter_site":"@Notibras","twitter_misc":{"Escrito por":"Reda\u00e7\u00e3o","Est. tempo de leitura":"3 minutos"},"schema":{"@context":"https:\/\/schema.org","@graph":[{"@type":"Article","@id":"https:\/\/www.notibras.com\/site\/mais-de-40-dos-visitantes-da-biblioteca-nacional-sao-turistas\/#article","isPartOf":{"@id":"https:\/\/www.notibras.com\/site\/mais-de-40-dos-visitantes-da-biblioteca-nacional-sao-turistas\/"},"author":{"name":"Reda\u00e7\u00e3o","@id":"https:\/\/www.notibras.com\/site\/#\/schema\/person\/36ab0979449956132d3e5b517ea76ac8"},"headline":"Mais de 40% dos visitantes da Biblioteca Nacional s\u00e3o turistas","datePublished":"2024-03-25T03:00:42+00:00","dateModified":"2024-03-25T07:46:25+00:00","mainEntityOfPage":{"@id":"https:\/\/www.notibras.com\/site\/mais-de-40-dos-visitantes-da-biblioteca-nacional-sao-turistas\/"},"wordCount":514,"publisher":{"@id":"https:\/\/www.notibras.com\/site\/#organization"},"image":{"@id":"https:\/\/www.notibras.com\/site\/mais-de-40-dos-visitantes-da-biblioteca-nacional-sao-turistas\/#primaryimage"},"thumbnailUrl":"https:\/\/www.notibras.com\/site\/wp-content\/uploads\/2024\/03\/WhatsApp-Image-2024-03-21-at-15.39.02-1536x1023-1.jpeg","articleSection":["Quadradinho em Foco"],"inLanguage":"pt-BR"},{"@type":"WebPage","@id":"https:\/\/www.notibras.com\/site\/mais-de-40-dos-visitantes-da-biblioteca-nacional-sao-turistas\/","url":"https:\/\/www.notibras.com\/site\/mais-de-40-dos-visitantes-da-biblioteca-nacional-sao-turistas\/","name":"Mais de 40% dos visitantes da Biblioteca Nacional s\u00e3o turistas - Notibras","isPartOf":{"@id":"https:\/\/www.notibras.com\/site\/#website"},"primaryImageOfPage":{"@id":"https:\/\/www.notibras.com\/site\/mais-de-40-dos-visitantes-da-biblioteca-nacional-sao-turistas\/#primaryimage"},"image":{"@id":"https:\/\/www.notibras.com\/site\/mais-de-40-dos-visitantes-da-biblioteca-nacional-sao-turistas\/#primaryimage"},"thumbnailUrl":"https:\/\/www.notibras.com\/site\/wp-content\/uploads\/2024\/03\/WhatsApp-Image-2024-03-21-at-15.39.02-1536x1023-1.jpeg","datePublished":"2024-03-25T03:00:42+00:00","dateModified":"2024-03-25T07:46:25+00:00","breadcrumb":{"@id":"https:\/\/www.notibras.com\/site\/mais-de-40-dos-visitantes-da-biblioteca-nacional-sao-turistas\/#breadcrumb"},"inLanguage":"pt-BR","potentialAction":[{"@type":"ReadAction","target":["https:\/\/www.notibras.com\/site\/mais-de-40-dos-visitantes-da-biblioteca-nacional-sao-turistas\/"]}]},{"@type":"ImageObject","inLanguage":"pt-BR","@id":"https:\/\/www.notibras.com\/site\/mais-de-40-dos-visitantes-da-biblioteca-nacional-sao-turistas\/#primaryimage","url":"https:\/\/www.notibras.com\/site\/wp-content\/uploads\/2024\/03\/WhatsApp-Image-2024-03-21-at-15.39.02-1536x1023-1.jpeg","contentUrl":"https:\/\/www.notibras.com\/site\/wp-content\/uploads\/2024\/03\/WhatsApp-Image-2024-03-21-at-15.39.02-1536x1023-1.jpeg","width":1536,"height":1023},{"@type":"BreadcrumbList","@id":"https:\/\/www.notibras.com\/site\/mais-de-40-dos-visitantes-da-biblioteca-nacional-sao-turistas\/#breadcrumb","itemListElement":[{"@type":"ListItem","position":1,"name":"In\u00edcio","item":"https:\/\/www.notibras.com\/site\/"},{"@type":"ListItem","position":2,"name":"Mais de 40% dos visitantes da Biblioteca Nacional s\u00e3o turistas"}]},{"@type":"WebSite","@id":"https:\/\/www.notibras.com\/site\/#website","url":"https:\/\/www.notibras.com\/site\/","name":"Notibras","description":"Not\u00edcias de Bras\u00edlia, do Brasil e do Mundo","publisher":{"@id":"https:\/\/www.notibras.com\/site\/#organization"},"potentialAction":[{"@type":"SearchAction","target":{"@type":"EntryPoint","urlTemplate":"https:\/\/www.notibras.com\/site\/?s={search_term_string}"},"query-input":{"@type":"PropertyValueSpecification","valueRequired":true,"valueName":"search_term_string"}}],"inLanguage":"pt-BR"},{"@type":"Organization","@id":"https:\/\/www.notibras.com\/site\/#organization","name":"Grupo Notibras de Comunica\u00e7\u00e3o","url":"https:\/\/www.notibras.com\/site\/","logo":{"@type":"ImageObject","inLanguage":"pt-BR","@id":"https:\/\/www.notibras.com\/site\/#\/schema\/logo\/image\/","url":"https:\/\/www.notibras.com\/site\/wp-content\/uploads\/2023\/01\/notibras23.png","contentUrl":"https:\/\/www.notibras.com\/site\/wp-content\/uploads\/2023\/01\/notibras23.png","width":350,"height":87,"caption":"Grupo Notibras de Comunica\u00e7\u00e3o"},"image":{"@id":"https:\/\/www.notibras.com\/site\/#\/schema\/logo\/image\/"},"sameAs":["https:\/\/www.facebook.com\/notibras\/","https:\/\/x.com\/Notibras","https:\/\/www.instagram.com\/notibras\/"]},{"@type":"Person","@id":"https:\/\/www.notibras.com\/site\/#\/schema\/person\/36ab0979449956132d3e5b517ea76ac8","name":"Reda\u00e7\u00e3o","image":{"@type":"ImageObject","inLanguage":"pt-BR","@id":"https:\/\/secure.gravatar.com\/avatar\/e0a867bdedb85fd243eadf09663511f96fc81e0720a4a42581f334ad4303aa6b?s=96&d=mm&r=g","url":"https:\/\/secure.gravatar.com\/avatar\/e0a867bdedb85fd243eadf09663511f96fc81e0720a4a42581f334ad4303aa6b?s=96&d=mm&r=g","contentUrl":"https:\/\/secure.gravatar.com\/avatar\/e0a867bdedb85fd243eadf09663511f96fc81e0720a4a42581f334ad4303aa6b?s=96&d=mm&r=g","caption":"Reda\u00e7\u00e3o"}}]}},"amp_enabled":true,"_links":{"self":[{"href":"https:\/\/www.notibras.com\/site\/wp-json\/wp\/v2\/posts\/325368","targetHints":{"allow":["GET"]}}],"collection":[{"href":"https:\/\/www.notibras.com\/site\/wp-json\/wp\/v2\/posts"}],"about":[{"href":"https:\/\/www.notibras.com\/site\/wp-json\/wp\/v2\/types\/post"}],"author":[{"embeddable":true,"href":"https:\/\/www.notibras.com\/site\/wp-json\/wp\/v2\/users\/2"}],"replies":[{"embeddable":true,"href":"https:\/\/www.notibras.com\/site\/wp-json\/wp\/v2\/comments?post=325368"}],"version-history":[{"count":1,"href":"https:\/\/www.notibras.com\/site\/wp-json\/wp\/v2\/posts\/325368\/revisions"}],"predecessor-version":[{"id":325370,"href":"https:\/\/www.notibras.com\/site\/wp-json\/wp\/v2\/posts\/325368\/revisions\/325370"}],"wp:featuredmedia":[{"embeddable":true,"href":"https:\/\/www.notibras.com\/site\/wp-json\/wp\/v2\/media\/325369"}],"wp:attachment":[{"href":"https:\/\/www.notibras.com\/site\/wp-json\/wp\/v2\/media?parent=325368"}],"wp:term":[{"taxonomy":"category","embeddable":true,"href":"https:\/\/www.notibras.com\/site\/wp-json\/wp\/v2\/categories?post=325368"},{"taxonomy":"post_tag","embeddable":true,"href":"https:\/\/www.notibras.com\/site\/wp-json\/wp\/v2\/tags?post=325368"}],"curies":[{"name":"wp","href":"https:\/\/api.w.org\/{rel}","templated":true}]}}