{"id":325373,"date":"2024-03-25T00:59:25","date_gmt":"2024-03-25T03:59:25","guid":{"rendered":"https:\/\/www.notibras.com\/site\/?p=325373"},"modified":"2024-03-25T05:01:44","modified_gmt":"2024-03-25T08:01:44","slug":"producao-de-pescado-cresce-para-atender-demanda-em-alta","status":"publish","type":"post","link":"https:\/\/www.notibras.com\/site\/producao-de-pescado-cresce-para-atender-demanda-em-alta\/","title":{"rendered":"Produ\u00e7\u00e3o de pescado cresce para atender demanda em alta"},"content":{"rendered":"<p>Com a Semana Santa nas proximidades do calend\u00e1rio, o brasileiro que segue tradi\u00e7\u00f5es crist\u00e3s se prepara para reduzir o consumo de carne vermelha. \u00c9 o caso da aposentada Maria das Gra\u00e7as Damasceno, 68, que vem de fam\u00edlia cat\u00f3lica. \u201cQuinta e Sexta-feira Santa a gente n\u00e3o pode comer carne vermelha, ent\u00e3o tem que ser peixe, sardinha, ovo ou uma torta\u201d, relata.<\/p>\n<p>Consequentemente, h\u00e1 um aumento na procura dos pescados em todo o Distrito Federal, um mercado tamb\u00e9m abastecido pela produ\u00e7\u00e3o local. Dados da Empresa de Assist\u00eancia T\u00e9cnica e Extens\u00e3o Rural do Distrito Federal (Emater-DF) apontam que os moradores da capital federal consomem cerca de 50 mil toneladas de peixe por ano. Para suprir parte dessa demanda, h\u00e1 919 produtores de pescado no DF, com cerca de 81 hectares para a cria\u00e7\u00e3o de alevinos.<\/p>\n<p>Em 2023 a produ\u00e7\u00e3o de peixes ultrapassou 2 mil toneladas no Distrito Federal, um n\u00famero maior que o registrado em 2022, que foi em torno de 1.800 toneladas. Para o produtor Aldemir Gomes, a expectativa para 2024 \u00e9 superar essas quantidades. Nos tanques de cria\u00e7\u00e3o que possui em sua propriedade, localizados na \u00e1rea P Sul de Ceil\u00e2ndia, j\u00e1 s\u00e3o mais de oito toneladas de til\u00e1pias prontas para a coleta.<\/p>\n<p>\u201cEspero que tenha uma boa venda, o estoque que eu tenho hoje est\u00e1 bom e estou bem preparado com um produto fresquinho para chegar na mesa do consumidor\u201d, empolga-se o produtor.<\/p>\n<p><strong>Meses de prepara\u00e7\u00e3o<\/strong><br \/>\nS\u00e3o cerca de dez meses acompanhando o ciclo de crescimento dos peixes para suprir o aumento da demanda pr\u00f3ximo \u00e0 P\u00e1scoa, per\u00edodo em que os peixes devem estar no ponto ideal para a despesca. Os produtores alojam uma maior quantidade de alevinos nos meses de setembro e outubro, quando a temperatura da \u00e1gua est\u00e1 mais elevada. Al\u00e9m da condi\u00e7\u00e3o clim\u00e1tica ser prefer\u00edvel para os peixes, o tempo de desenvolvimento do pescado tamb\u00e9m \u00e9 levado em considera\u00e7\u00e3o.<\/p>\n<p>S\u00f4nia Maria Gomes, esposa do produtor Adelmir, trabalha junto ao marido na \u00e1rea de pescados h\u00e1 mais de dez anos e explica que o acompanhamento da Emater foi essencial para que a produ\u00e7\u00e3o funcionasse.<\/p>\n<p>\u201cTivemos um apoio muito bom, s\u00e3o muito atenciosos. Eles foram passando quais os \u00f3rg\u00e3os competentes a gente deveria procurar, vigil\u00e2ncia ambiental, ADASA\u2026 Eles sempre auxiliando. Hoje est\u00e1 tudo fiscalizado e se tornou nossa principal fonte de renda. Desde 2015, fechamos a horta e investimos s\u00f3 em peixe, com a produ\u00e7\u00e3o toda familiar\u201d, afirma. Outro apoio aos produtores de pescado do DF se d\u00e1 por meio do programa Alevinar, de produ\u00e7\u00e3o e manejo de til\u00e1pias, criado pela Secretaria da Agricultura (Seagri-DF).<\/p>\n<p>De acordo com o t\u00e9cnico da Emater-DF, A\u00e9cio Prado, o ponto forte para produ\u00e7\u00e3o de peixe no DF \u00e9 o mercado consumidor. O especialista frisa que a popula\u00e7\u00e3o numerosa concentrada em um territ\u00f3rio relativamente pequeno facilita a comercializa\u00e7\u00e3o e que mesmo o DF n\u00e3o tendo um clima muito prop\u00edcio para cria\u00e7\u00e3o de peixe devido ao inverno frio e a falta de mais rios caudalosos com fontes de \u00e1guas f\u00e1ceis e por gravidade, o mercado consumidor compensa as nuances desfavor\u00e1veis. \u201cA gente apoia os nossos produtores pensando na facilidade de comercializa\u00e7\u00e3o de um produto com maior qualidade\u201d, observa.<\/p>\n<p>A\u00e9cio acrescenta, ainda, que as \u00faltimas produ\u00e7\u00f5es foram bastante significativas e h\u00e1 expectativas que a produ\u00e7\u00e3o deste ano aumente em virtude de quest\u00f5es de mercado, como por exemplo a queda no pre\u00e7o de alguns insumos, principalmente da ra\u00e7\u00e3o. \u201cA gente teve melhora no pre\u00e7o para os nossos produtores e com isso vai ter tamb\u00e9m um reflexo l\u00e1 no pre\u00e7o de venda. O consumidor poder\u00e1 perceber um pre\u00e7o mais em conta na hora de comprar seu pescado\u201d, destaca o t\u00e9cnico. Toda a produ\u00e7\u00e3o do DF \u00e9 absorvida pela popula\u00e7\u00e3o local \u2013 o montante produzido aqui chega a 4% do total consumido.<\/p>\n<p><strong>Procura nas feiras<\/strong><br \/>\nO gerente Luis de Mesquita trabalha em uma peixaria na Feira do Guar\u00e1 e mant\u00e9m uma rela\u00e7\u00e3o pr\u00f3xima com os produtores locais h\u00e1 mais de dez anos, que fornecem principalmente til\u00e1pia, tambaqui e pintado. Segundo ele, as compras de mercadoria neste per\u00edodo de mar\u00e7o j\u00e1 s\u00e3o feitas pensando em uma tend\u00eancia de aumento de 40%. No \u00faltimo ano, o consumo nessa \u00e9poca aumentou 35% na peixaria em rela\u00e7\u00e3o ao per\u00edodo de 2022.<\/p>\n<p>\u201cPor semana, a gente consome aqui nas duas peixarias da Feira do Guar\u00e1, mais ou menos, uma tonelada de til\u00e1pia, meia de pintado e meia de tambaqui. Nessa \u00e9poca em que aumenta a demanda, a gente procura os fornecedores no in\u00edcio da quaresma para ver a quantidade que eles t\u00eam produzido e quanto eles t\u00eam dispon\u00edvel para a gente na Semana Santa\u201d, detalha o gerente.<\/p>\n<p>&nbsp;<\/p>\n","protected":false},"excerpt":{"rendered":"<p>Com a Semana Santa nas proximidades do calend\u00e1rio, o brasileiro que segue tradi\u00e7\u00f5es crist\u00e3s se prepara para reduzir o consumo de carne vermelha. \u00c9 o caso da aposentada Maria das Gra\u00e7as Damasceno, 68, que vem de fam\u00edlia cat\u00f3lica. \u201cQuinta e Sexta-feira Santa a gente n\u00e3o pode comer carne vermelha, ent\u00e3o tem que ser peixe, sardinha, [&hellip;]<\/p>\n","protected":false},"author":2,"featured_media":325374,"comment_status":"closed","ping_status":"closed","sticky":false,"template":"","format":"standard","meta":{"_acf_changed":false,"footnotes":""},"categories":[161],"tags":[],"class_list":["post-325373","post","type-post","status-publish","format-standard","has-post-thumbnail","hentry","category-quadradinho-em-foco"],"acf":[],"yoast_head":"<!-- This site is optimized with the Yoast SEO plugin v27.5 - https:\/\/yoast.com\/product\/yoast-seo-wordpress\/ -->\n<title>Produ\u00e7\u00e3o de pescado cresce para atender demanda em alta - Notibras<\/title>\n<meta name=\"robots\" content=\"index, follow, max-snippet:-1, max-image-preview:large, max-video-preview:-1\" \/>\n<link rel=\"canonical\" href=\"https:\/\/www.notibras.com\/site\/producao-de-pescado-cresce-para-atender-demanda-em-alta\/\" \/>\n<meta property=\"og:locale\" content=\"pt_BR\" \/>\n<meta property=\"og:type\" content=\"article\" \/>\n<meta property=\"og:title\" content=\"Produ\u00e7\u00e3o de pescado cresce para atender demanda em alta - Notibras\" \/>\n<meta property=\"og:description\" content=\"Com a Semana Santa nas proximidades do calend\u00e1rio, o brasileiro que segue tradi\u00e7\u00f5es crist\u00e3s se prepara para reduzir o consumo de carne vermelha. \u00c9 o caso da aposentada Maria das Gra\u00e7as Damasceno, 68, que vem de fam\u00edlia cat\u00f3lica. \u201cQuinta e Sexta-feira Santa a gente n\u00e3o pode comer carne vermelha, ent\u00e3o tem que ser peixe, sardinha, [&hellip;]\" \/>\n<meta property=\"og:url\" content=\"https:\/\/www.notibras.com\/site\/producao-de-pescado-cresce-para-atender-demanda-em-alta\/\" \/>\n<meta property=\"og:site_name\" content=\"Notibras\" \/>\n<meta property=\"article:publisher\" content=\"https:\/\/www.facebook.com\/notibras\/\" \/>\n<meta property=\"article:published_time\" content=\"2024-03-25T03:59:25+00:00\" \/>\n<meta property=\"article:modified_time\" content=\"2024-03-25T08:01:44+00:00\" \/>\n<meta property=\"og:image\" content=\"https:\/\/www.notibras.com\/site\/wp-content\/uploads\/2024\/03\/53608537018_eeee3dd3b0_c.jpg\" \/>\n\t<meta property=\"og:image:width\" content=\"799\" \/>\n\t<meta property=\"og:image:height\" content=\"533\" \/>\n\t<meta property=\"og:image:type\" content=\"image\/jpeg\" \/>\n<meta name=\"author\" content=\"Reda\u00e7\u00e3o\" \/>\n<meta name=\"twitter:card\" content=\"summary_large_image\" \/>\n<meta name=\"twitter:creator\" content=\"@Notibras\" \/>\n<meta name=\"twitter:site\" content=\"@Notibras\" \/>\n<meta name=\"twitter:label1\" content=\"Escrito por\" \/>\n\t<meta name=\"twitter:data1\" content=\"Reda\u00e7\u00e3o\" \/>\n\t<meta name=\"twitter:label2\" content=\"Est. tempo de leitura\" \/>\n\t<meta name=\"twitter:data2\" content=\"5 minutos\" \/>\n<script type=\"application\/ld+json\" class=\"yoast-schema-graph\">{\"@context\":\"https:\\\/\\\/schema.org\",\"@graph\":[{\"@type\":\"Article\",\"@id\":\"https:\\\/\\\/www.notibras.com\\\/site\\\/producao-de-pescado-cresce-para-atender-demanda-em-alta\\\/#article\",\"isPartOf\":{\"@id\":\"https:\\\/\\\/www.notibras.com\\\/site\\\/producao-de-pescado-cresce-para-atender-demanda-em-alta\\\/\"},\"author\":{\"name\":\"Reda\u00e7\u00e3o\",\"@id\":\"https:\\\/\\\/www.notibras.com\\\/site\\\/#\\\/schema\\\/person\\\/36ab0979449956132d3e5b517ea76ac8\"},\"headline\":\"Produ\u00e7\u00e3o de pescado cresce para atender demanda em alta\",\"datePublished\":\"2024-03-25T03:59:25+00:00\",\"dateModified\":\"2024-03-25T08:01:44+00:00\",\"mainEntityOfPage\":{\"@id\":\"https:\\\/\\\/www.notibras.com\\\/site\\\/producao-de-pescado-cresce-para-atender-demanda-em-alta\\\/\"},\"wordCount\":831,\"publisher\":{\"@id\":\"https:\\\/\\\/www.notibras.com\\\/site\\\/#organization\"},\"image\":{\"@id\":\"https:\\\/\\\/www.notibras.com\\\/site\\\/producao-de-pescado-cresce-para-atender-demanda-em-alta\\\/#primaryimage\"},\"thumbnailUrl\":\"https:\\\/\\\/www.notibras.com\\\/site\\\/wp-content\\\/uploads\\\/2024\\\/03\\\/53608537018_eeee3dd3b0_c.jpg\",\"articleSection\":[\"Quadradinho em Foco\"],\"inLanguage\":\"pt-BR\"},{\"@type\":\"WebPage\",\"@id\":\"https:\\\/\\\/www.notibras.com\\\/site\\\/producao-de-pescado-cresce-para-atender-demanda-em-alta\\\/\",\"url\":\"https:\\\/\\\/www.notibras.com\\\/site\\\/producao-de-pescado-cresce-para-atender-demanda-em-alta\\\/\",\"name\":\"Produ\u00e7\u00e3o de pescado cresce para atender demanda em alta - Notibras\",\"isPartOf\":{\"@id\":\"https:\\\/\\\/www.notibras.com\\\/site\\\/#website\"},\"primaryImageOfPage\":{\"@id\":\"https:\\\/\\\/www.notibras.com\\\/site\\\/producao-de-pescado-cresce-para-atender-demanda-em-alta\\\/#primaryimage\"},\"image\":{\"@id\":\"https:\\\/\\\/www.notibras.com\\\/site\\\/producao-de-pescado-cresce-para-atender-demanda-em-alta\\\/#primaryimage\"},\"thumbnailUrl\":\"https:\\\/\\\/www.notibras.com\\\/site\\\/wp-content\\\/uploads\\\/2024\\\/03\\\/53608537018_eeee3dd3b0_c.jpg\",\"datePublished\":\"2024-03-25T03:59:25+00:00\",\"dateModified\":\"2024-03-25T08:01:44+00:00\",\"breadcrumb\":{\"@id\":\"https:\\\/\\\/www.notibras.com\\\/site\\\/producao-de-pescado-cresce-para-atender-demanda-em-alta\\\/#breadcrumb\"},\"inLanguage\":\"pt-BR\",\"potentialAction\":[{\"@type\":\"ReadAction\",\"target\":[\"https:\\\/\\\/www.notibras.com\\\/site\\\/producao-de-pescado-cresce-para-atender-demanda-em-alta\\\/\"]}]},{\"@type\":\"ImageObject\",\"inLanguage\":\"pt-BR\",\"@id\":\"https:\\\/\\\/www.notibras.com\\\/site\\\/producao-de-pescado-cresce-para-atender-demanda-em-alta\\\/#primaryimage\",\"url\":\"https:\\\/\\\/www.notibras.com\\\/site\\\/wp-content\\\/uploads\\\/2024\\\/03\\\/53608537018_eeee3dd3b0_c.jpg\",\"contentUrl\":\"https:\\\/\\\/www.notibras.com\\\/site\\\/wp-content\\\/uploads\\\/2024\\\/03\\\/53608537018_eeee3dd3b0_c.jpg\",\"width\":799,\"height\":533},{\"@type\":\"BreadcrumbList\",\"@id\":\"https:\\\/\\\/www.notibras.com\\\/site\\\/producao-de-pescado-cresce-para-atender-demanda-em-alta\\\/#breadcrumb\",\"itemListElement\":[{\"@type\":\"ListItem\",\"position\":1,\"name\":\"In\u00edcio\",\"item\":\"https:\\\/\\\/www.notibras.com\\\/site\\\/\"},{\"@type\":\"ListItem\",\"position\":2,\"name\":\"Produ\u00e7\u00e3o de pescado cresce para atender demanda em alta\"}]},{\"@type\":\"WebSite\",\"@id\":\"https:\\\/\\\/www.notibras.com\\\/site\\\/#website\",\"url\":\"https:\\\/\\\/www.notibras.com\\\/site\\\/\",\"name\":\"Notibras\",\"description\":\"Not\u00edcias de Bras\u00edlia, do Brasil e do Mundo\",\"publisher\":{\"@id\":\"https:\\\/\\\/www.notibras.com\\\/site\\\/#organization\"},\"potentialAction\":[{\"@type\":\"SearchAction\",\"target\":{\"@type\":\"EntryPoint\",\"urlTemplate\":\"https:\\\/\\\/www.notibras.com\\\/site\\\/?s={search_term_string}\"},\"query-input\":{\"@type\":\"PropertyValueSpecification\",\"valueRequired\":true,\"valueName\":\"search_term_string\"}}],\"inLanguage\":\"pt-BR\"},{\"@type\":\"Organization\",\"@id\":\"https:\\\/\\\/www.notibras.com\\\/site\\\/#organization\",\"name\":\"Grupo Notibras de Comunica\u00e7\u00e3o\",\"url\":\"https:\\\/\\\/www.notibras.com\\\/site\\\/\",\"logo\":{\"@type\":\"ImageObject\",\"inLanguage\":\"pt-BR\",\"@id\":\"https:\\\/\\\/www.notibras.com\\\/site\\\/#\\\/schema\\\/logo\\\/image\\\/\",\"url\":\"https:\\\/\\\/www.notibras.com\\\/site\\\/wp-content\\\/uploads\\\/2023\\\/01\\\/notibras23.png\",\"contentUrl\":\"https:\\\/\\\/www.notibras.com\\\/site\\\/wp-content\\\/uploads\\\/2023\\\/01\\\/notibras23.png\",\"width\":350,\"height\":87,\"caption\":\"Grupo Notibras de Comunica\u00e7\u00e3o\"},\"image\":{\"@id\":\"https:\\\/\\\/www.notibras.com\\\/site\\\/#\\\/schema\\\/logo\\\/image\\\/\"},\"sameAs\":[\"https:\\\/\\\/www.facebook.com\\\/notibras\\\/\",\"https:\\\/\\\/x.com\\\/Notibras\",\"https:\\\/\\\/www.instagram.com\\\/notibras\\\/\"]},{\"@type\":\"Person\",\"@id\":\"https:\\\/\\\/www.notibras.com\\\/site\\\/#\\\/schema\\\/person\\\/36ab0979449956132d3e5b517ea76ac8\",\"name\":\"Reda\u00e7\u00e3o\",\"image\":{\"@type\":\"ImageObject\",\"inLanguage\":\"pt-BR\",\"@id\":\"https:\\\/\\\/secure.gravatar.com\\\/avatar\\\/e0a867bdedb85fd243eadf09663511f96fc81e0720a4a42581f334ad4303aa6b?s=96&d=mm&r=g\",\"url\":\"https:\\\/\\\/secure.gravatar.com\\\/avatar\\\/e0a867bdedb85fd243eadf09663511f96fc81e0720a4a42581f334ad4303aa6b?s=96&d=mm&r=g\",\"contentUrl\":\"https:\\\/\\\/secure.gravatar.com\\\/avatar\\\/e0a867bdedb85fd243eadf09663511f96fc81e0720a4a42581f334ad4303aa6b?s=96&d=mm&r=g\",\"caption\":\"Reda\u00e7\u00e3o\"}}]}<\/script>\n<!-- \/ Yoast SEO plugin. -->","yoast_head_json":{"title":"Produ\u00e7\u00e3o de pescado cresce para atender demanda em alta - Notibras","robots":{"index":"index","follow":"follow","max-snippet":"max-snippet:-1","max-image-preview":"max-image-preview:large","max-video-preview":"max-video-preview:-1"},"canonical":"https:\/\/www.notibras.com\/site\/producao-de-pescado-cresce-para-atender-demanda-em-alta\/","og_locale":"pt_BR","og_type":"article","og_title":"Produ\u00e7\u00e3o de pescado cresce para atender demanda em alta - Notibras","og_description":"Com a Semana Santa nas proximidades do calend\u00e1rio, o brasileiro que segue tradi\u00e7\u00f5es crist\u00e3s se prepara para reduzir o consumo de carne vermelha. \u00c9 o caso da aposentada Maria das Gra\u00e7as Damasceno, 68, que vem de fam\u00edlia cat\u00f3lica. \u201cQuinta e Sexta-feira Santa a gente n\u00e3o pode comer carne vermelha, ent\u00e3o tem que ser peixe, sardinha, [&hellip;]","og_url":"https:\/\/www.notibras.com\/site\/producao-de-pescado-cresce-para-atender-demanda-em-alta\/","og_site_name":"Notibras","article_publisher":"https:\/\/www.facebook.com\/notibras\/","article_published_time":"2024-03-25T03:59:25+00:00","article_modified_time":"2024-03-25T08:01:44+00:00","og_image":[{"width":799,"height":533,"url":"https:\/\/www.notibras.com\/site\/wp-content\/uploads\/2024\/03\/53608537018_eeee3dd3b0_c.jpg","type":"image\/jpeg"}],"author":"Reda\u00e7\u00e3o","twitter_card":"summary_large_image","twitter_creator":"@Notibras","twitter_site":"@Notibras","twitter_misc":{"Escrito por":"Reda\u00e7\u00e3o","Est. tempo de leitura":"5 minutos"},"schema":{"@context":"https:\/\/schema.org","@graph":[{"@type":"Article","@id":"https:\/\/www.notibras.com\/site\/producao-de-pescado-cresce-para-atender-demanda-em-alta\/#article","isPartOf":{"@id":"https:\/\/www.notibras.com\/site\/producao-de-pescado-cresce-para-atender-demanda-em-alta\/"},"author":{"name":"Reda\u00e7\u00e3o","@id":"https:\/\/www.notibras.com\/site\/#\/schema\/person\/36ab0979449956132d3e5b517ea76ac8"},"headline":"Produ\u00e7\u00e3o de pescado cresce para atender demanda em alta","datePublished":"2024-03-25T03:59:25+00:00","dateModified":"2024-03-25T08:01:44+00:00","mainEntityOfPage":{"@id":"https:\/\/www.notibras.com\/site\/producao-de-pescado-cresce-para-atender-demanda-em-alta\/"},"wordCount":831,"publisher":{"@id":"https:\/\/www.notibras.com\/site\/#organization"},"image":{"@id":"https:\/\/www.notibras.com\/site\/producao-de-pescado-cresce-para-atender-demanda-em-alta\/#primaryimage"},"thumbnailUrl":"https:\/\/www.notibras.com\/site\/wp-content\/uploads\/2024\/03\/53608537018_eeee3dd3b0_c.jpg","articleSection":["Quadradinho em Foco"],"inLanguage":"pt-BR"},{"@type":"WebPage","@id":"https:\/\/www.notibras.com\/site\/producao-de-pescado-cresce-para-atender-demanda-em-alta\/","url":"https:\/\/www.notibras.com\/site\/producao-de-pescado-cresce-para-atender-demanda-em-alta\/","name":"Produ\u00e7\u00e3o de pescado cresce para atender demanda em alta - Notibras","isPartOf":{"@id":"https:\/\/www.notibras.com\/site\/#website"},"primaryImageOfPage":{"@id":"https:\/\/www.notibras.com\/site\/producao-de-pescado-cresce-para-atender-demanda-em-alta\/#primaryimage"},"image":{"@id":"https:\/\/www.notibras.com\/site\/producao-de-pescado-cresce-para-atender-demanda-em-alta\/#primaryimage"},"thumbnailUrl":"https:\/\/www.notibras.com\/site\/wp-content\/uploads\/2024\/03\/53608537018_eeee3dd3b0_c.jpg","datePublished":"2024-03-25T03:59:25+00:00","dateModified":"2024-03-25T08:01:44+00:00","breadcrumb":{"@id":"https:\/\/www.notibras.com\/site\/producao-de-pescado-cresce-para-atender-demanda-em-alta\/#breadcrumb"},"inLanguage":"pt-BR","potentialAction":[{"@type":"ReadAction","target":["https:\/\/www.notibras.com\/site\/producao-de-pescado-cresce-para-atender-demanda-em-alta\/"]}]},{"@type":"ImageObject","inLanguage":"pt-BR","@id":"https:\/\/www.notibras.com\/site\/producao-de-pescado-cresce-para-atender-demanda-em-alta\/#primaryimage","url":"https:\/\/www.notibras.com\/site\/wp-content\/uploads\/2024\/03\/53608537018_eeee3dd3b0_c.jpg","contentUrl":"https:\/\/www.notibras.com\/site\/wp-content\/uploads\/2024\/03\/53608537018_eeee3dd3b0_c.jpg","width":799,"height":533},{"@type":"BreadcrumbList","@id":"https:\/\/www.notibras.com\/site\/producao-de-pescado-cresce-para-atender-demanda-em-alta\/#breadcrumb","itemListElement":[{"@type":"ListItem","position":1,"name":"In\u00edcio","item":"https:\/\/www.notibras.com\/site\/"},{"@type":"ListItem","position":2,"name":"Produ\u00e7\u00e3o de pescado cresce para atender demanda em alta"}]},{"@type":"WebSite","@id":"https:\/\/www.notibras.com\/site\/#website","url":"https:\/\/www.notibras.com\/site\/","name":"Notibras","description":"Not\u00edcias de Bras\u00edlia, do Brasil e do Mundo","publisher":{"@id":"https:\/\/www.notibras.com\/site\/#organization"},"potentialAction":[{"@type":"SearchAction","target":{"@type":"EntryPoint","urlTemplate":"https:\/\/www.notibras.com\/site\/?s={search_term_string}"},"query-input":{"@type":"PropertyValueSpecification","valueRequired":true,"valueName":"search_term_string"}}],"inLanguage":"pt-BR"},{"@type":"Organization","@id":"https:\/\/www.notibras.com\/site\/#organization","name":"Grupo Notibras de Comunica\u00e7\u00e3o","url":"https:\/\/www.notibras.com\/site\/","logo":{"@type":"ImageObject","inLanguage":"pt-BR","@id":"https:\/\/www.notibras.com\/site\/#\/schema\/logo\/image\/","url":"https:\/\/www.notibras.com\/site\/wp-content\/uploads\/2023\/01\/notibras23.png","contentUrl":"https:\/\/www.notibras.com\/site\/wp-content\/uploads\/2023\/01\/notibras23.png","width":350,"height":87,"caption":"Grupo Notibras de Comunica\u00e7\u00e3o"},"image":{"@id":"https:\/\/www.notibras.com\/site\/#\/schema\/logo\/image\/"},"sameAs":["https:\/\/www.facebook.com\/notibras\/","https:\/\/x.com\/Notibras","https:\/\/www.instagram.com\/notibras\/"]},{"@type":"Person","@id":"https:\/\/www.notibras.com\/site\/#\/schema\/person\/36ab0979449956132d3e5b517ea76ac8","name":"Reda\u00e7\u00e3o","image":{"@type":"ImageObject","inLanguage":"pt-BR","@id":"https:\/\/secure.gravatar.com\/avatar\/e0a867bdedb85fd243eadf09663511f96fc81e0720a4a42581f334ad4303aa6b?s=96&d=mm&r=g","url":"https:\/\/secure.gravatar.com\/avatar\/e0a867bdedb85fd243eadf09663511f96fc81e0720a4a42581f334ad4303aa6b?s=96&d=mm&r=g","contentUrl":"https:\/\/secure.gravatar.com\/avatar\/e0a867bdedb85fd243eadf09663511f96fc81e0720a4a42581f334ad4303aa6b?s=96&d=mm&r=g","caption":"Reda\u00e7\u00e3o"}}]}},"amp_enabled":true,"_links":{"self":[{"href":"https:\/\/www.notibras.com\/site\/wp-json\/wp\/v2\/posts\/325373","targetHints":{"allow":["GET"]}}],"collection":[{"href":"https:\/\/www.notibras.com\/site\/wp-json\/wp\/v2\/posts"}],"about":[{"href":"https:\/\/www.notibras.com\/site\/wp-json\/wp\/v2\/types\/post"}],"author":[{"embeddable":true,"href":"https:\/\/www.notibras.com\/site\/wp-json\/wp\/v2\/users\/2"}],"replies":[{"embeddable":true,"href":"https:\/\/www.notibras.com\/site\/wp-json\/wp\/v2\/comments?post=325373"}],"version-history":[{"count":1,"href":"https:\/\/www.notibras.com\/site\/wp-json\/wp\/v2\/posts\/325373\/revisions"}],"predecessor-version":[{"id":325375,"href":"https:\/\/www.notibras.com\/site\/wp-json\/wp\/v2\/posts\/325373\/revisions\/325375"}],"wp:featuredmedia":[{"embeddable":true,"href":"https:\/\/www.notibras.com\/site\/wp-json\/wp\/v2\/media\/325374"}],"wp:attachment":[{"href":"https:\/\/www.notibras.com\/site\/wp-json\/wp\/v2\/media?parent=325373"}],"wp:term":[{"taxonomy":"category","embeddable":true,"href":"https:\/\/www.notibras.com\/site\/wp-json\/wp\/v2\/categories?post=325373"},{"taxonomy":"post_tag","embeddable":true,"href":"https:\/\/www.notibras.com\/site\/wp-json\/wp\/v2\/tags?post=325373"}],"curies":[{"name":"wp","href":"https:\/\/api.w.org\/{rel}","templated":true}]}}