{"id":325376,"date":"2024-03-25T00:07:59","date_gmt":"2024-03-25T03:07:59","guid":{"rendered":"https:\/\/www.notibras.com\/site\/?p=325376"},"modified":"2024-03-25T05:09:42","modified_gmt":"2024-03-25T08:09:42","slug":"auxilio-financeiro-do-gdf-socorre-orfaos-de-feminicidio","status":"publish","type":"post","link":"https:\/\/www.notibras.com\/site\/auxilio-financeiro-do-gdf-socorre-orfaos-de-feminicidio\/","title":{"rendered":"Aux\u00edlio financeiro do GDF socorre \u00f3rf\u00e3os de feminic\u00eddio"},"content":{"rendered":"<p>Em dezembro do ano passado, o Governo do Distrito Federal (GDF) regulamentou o in\u00e9dito aux\u00edlio financeiro aos \u00f3rf\u00e3os de m\u00e3es v\u00edtimas de feminic\u00eddio. Desde ent\u00e3o, o executivo local j\u00e1 investiu R$ 192,9 mil no amparo a 79 jovens e crian\u00e7as em situa\u00e7\u00e3o de vulnerabilidade, que recebem mensalmente um sal\u00e1rio m\u00ednimo (R$ 1.412) para amenizar os impactos financeiros sobre as fam\u00edlias que vivenciam trag\u00e9dias ocasionadas pelo crime.<\/p>\n<p>\u201cN\u00f3s n\u00e3o quer\u00edamos perder nenhuma mulher e m\u00e3e para esse crime, mas como infelizmente ainda h\u00e1 esses casos de feminic\u00eddios, o Estado est\u00e1 presente com o programa Acolher Eles e Elas, para oferecer essa ajuda financeira \u00e0s fam\u00edlias\u201d, afirmou a secret\u00e1ria da Mulher do DF, Giselle Ferreira.<\/p>\n<p>Para dar in\u00edcio \u00e0 execu\u00e7\u00e3o do programa, a Secretaria da Mulher realizou uma busca ativa para identificar as fam\u00edlias que estariam aptas a receber o aux\u00edlio. Ap\u00f3s identificados e cadastrados, os contemplados receberam um cart\u00e3o-benef\u00edcio pelo Banco de Bras\u00edlia (BRB), onde \u00e9 depositado mensalmente o valor de R$ 1.412.<\/p>\n<p>Atualmente existem 244 jovens menores de dezoito anos \u00f3rf\u00e3os de m\u00e3es v\u00edtimas do feminic\u00eddio. De acordo com a secret\u00e1ria, a expectativa \u00e9 que os benefici\u00e1rios aos poucos sejam cadastrados no programa Acolher Eles e Elas. \u201cN\u00f3s estamos filtrando todos aqueles que t\u00eam direito ao aux\u00edlio, como os menores de idade em situa\u00e7\u00e3o de vulnerabilidade, para cadastrar e realizar o pagamento. Os que se enquadram tamb\u00e9m podem entrar em contato conosco, pelo telefone 3330-3126\u201d, destacou Giselle.<\/p>\n<p>O aux\u00edlio \u00e9 uma das iniciativas institu\u00eddas pelo governo ap\u00f3s se instaurar, em 2023, a for\u00e7a-tarefa entre \u00f3rg\u00e3os do GDF para o combate ao feminic\u00eddio. Como uma das medidas pensadas em apoio \u00e0s mulheres e familiares de v\u00edtimas do feminic\u00eddio, o benef\u00edcio foi regulamentado pela Lei n\u00ba 7.314, de 1\u00ba de setembro de 2023, e, posteriormente, pelo Decreto n\u00ba 45.256, de 8 de dezembro de 2023, tornando o DF a primeira unidade da federa\u00e7\u00e3o a implementar o programa. A previs\u00e3o \u00e9 de investir R$ 1,4 milh\u00e3o por ano.<\/p>\n<p><strong>Impactos<\/strong><br \/>\nO aux\u00edlio aos \u00f3rf\u00e3os vem de encontro a uma realidade ainda pouco observada na sociedade. Pesquisa realizada pela Secretaria de Seguran\u00e7a P\u00fablica (SSP-DF) com pessoas que ficaram \u00f3rf\u00e3s por conta de feminic\u00eddios mapeou as principais vulnerabilidades socioecon\u00f4micas e emocionais desse p\u00fablico.<\/p>\n<p>Divulgado em setembro do ano passado, o estudo in\u00e9dito identificou que as unidades familiares com \u00f3rf\u00e3os de feminic\u00eddio apresentam renda per capita menor em rela\u00e7\u00e3o ao restante da popula\u00e7\u00e3o do DF. O estudo verificou que a renda per capita desses lares \u00e9 de R$ 900 \u2013 tr\u00eas vezes menor do que a renda per capita do Distrito Federal, que \u00e9 de R$ 2.913, conforme o Censo de 2022. Tamb\u00e9m \u00e9 menor do que a renda per capita do pa\u00eds, que \u00e9 de R$ 1.625.<\/p>\n<p>A pesquisa ainda avaliou os h\u00e1bitos e a autoestima do p\u00fablico-alvo, bem como a rela\u00e7\u00e3o dos \u00f3rf\u00e3os com a escola. Foi encontrado um maior impacto do feminic\u00eddio na autoestima das meninas em rela\u00e7\u00e3o aos meninos.<\/p>\n<p>O diagn\u00f3stico do estudo mostrou como a vida do \u00f3rf\u00e3o \u00e9 afetada pela perspectiva de perder a m\u00e3e e, muitas vezes, o pai, seja por pris\u00e3o ou por suic\u00eddio ap\u00f3s o crime. Al\u00e9m disso, comprova a import\u00e2ncia do Programa Acolher Eles e Elas e do aux\u00edlio pioneiro do GDF na tarefa de amenizar a nova realidade das fam\u00edlias afetadas pelo crime.<\/p>\n<p>\u201cO \u00f3rf\u00e3o \u00e9 retirado do lar original, perde a m\u00e3e, muitas vezes, o pai tamb\u00e9m. O impacto na vida dessa pessoa \u00e9 muito grande. Do outro lado, o familiar que recebe o \u00f3rf\u00e3o precisa se adaptar \u00e0quela nova realidade, com uma crian\u00e7a a mais. O impacto na renda \u00e9 enorme\u201d, explicou, \u00e0 \u00e9poca da divulga\u00e7\u00e3o do estudo, o coordenador de Monitoramento e Avalia\u00e7\u00e3o de Pol\u00edticas P\u00fablicas da SSP, tenente-coronel Is\u00e2ngelo Senna.<\/p>\n","protected":false},"excerpt":{"rendered":"<p>Em dezembro do ano passado, o Governo do Distrito Federal (GDF) regulamentou o in\u00e9dito aux\u00edlio financeiro aos \u00f3rf\u00e3os de m\u00e3es v\u00edtimas de feminic\u00eddio. Desde ent\u00e3o, o executivo local j\u00e1 investiu R$ 192,9 mil no amparo a 79 jovens e crian\u00e7as em situa\u00e7\u00e3o de vulnerabilidade, que recebem mensalmente um sal\u00e1rio m\u00ednimo (R$ 1.412) para amenizar os [&hellip;]<\/p>\n","protected":false},"author":2,"featured_media":325377,"comment_status":"closed","ping_status":"closed","sticky":false,"template":"","format":"standard","meta":{"_acf_changed":false,"footnotes":""},"categories":[161],"tags":[],"class_list":["post-325376","post","type-post","status-publish","format-standard","has-post-thumbnail","hentry","category-quadradinho-em-foco"],"acf":[],"yoast_head":"<!-- This site is optimized with the Yoast SEO plugin v27.5 - https:\/\/yoast.com\/product\/yoast-seo-wordpress\/ -->\n<title>Aux\u00edlio financeiro do GDF socorre \u00f3rf\u00e3os de feminic\u00eddio - Notibras<\/title>\n<meta name=\"robots\" content=\"index, follow, max-snippet:-1, max-image-preview:large, max-video-preview:-1\" \/>\n<link rel=\"canonical\" href=\"https:\/\/www.notibras.com\/site\/auxilio-financeiro-do-gdf-socorre-orfaos-de-feminicidio\/\" \/>\n<meta property=\"og:locale\" content=\"pt_BR\" \/>\n<meta property=\"og:type\" content=\"article\" \/>\n<meta property=\"og:title\" content=\"Aux\u00edlio financeiro do GDF socorre \u00f3rf\u00e3os de feminic\u00eddio - Notibras\" \/>\n<meta property=\"og:description\" content=\"Em dezembro do ano passado, o Governo do Distrito Federal (GDF) regulamentou o in\u00e9dito aux\u00edlio financeiro aos \u00f3rf\u00e3os de m\u00e3es v\u00edtimas de feminic\u00eddio. Desde ent\u00e3o, o executivo local j\u00e1 investiu R$ 192,9 mil no amparo a 79 jovens e crian\u00e7as em situa\u00e7\u00e3o de vulnerabilidade, que recebem mensalmente um sal\u00e1rio m\u00ednimo (R$ 1.412) para amenizar os [&hellip;]\" \/>\n<meta property=\"og:url\" content=\"https:\/\/www.notibras.com\/site\/auxilio-financeiro-do-gdf-socorre-orfaos-de-feminicidio\/\" \/>\n<meta property=\"og:site_name\" content=\"Notibras\" \/>\n<meta property=\"article:publisher\" content=\"https:\/\/www.facebook.com\/notibras\/\" \/>\n<meta property=\"article:published_time\" content=\"2024-03-25T03:07:59+00:00\" \/>\n<meta property=\"article:modified_time\" content=\"2024-03-25T08:09:42+00:00\" \/>\n<meta property=\"og:image\" content=\"https:\/\/www.notibras.com\/site\/wp-content\/uploads\/2024\/03\/WhatsApp-Image-2024-03-22-at-2.50.21-PM-768x510-1.jpeg\" \/>\n\t<meta property=\"og:image:width\" content=\"768\" \/>\n\t<meta property=\"og:image:height\" content=\"510\" \/>\n\t<meta property=\"og:image:type\" content=\"image\/jpeg\" \/>\n<meta name=\"author\" content=\"Reda\u00e7\u00e3o\" \/>\n<meta name=\"twitter:card\" content=\"summary_large_image\" \/>\n<meta name=\"twitter:creator\" content=\"@Notibras\" \/>\n<meta name=\"twitter:site\" content=\"@Notibras\" \/>\n<meta name=\"twitter:label1\" content=\"Escrito por\" \/>\n\t<meta name=\"twitter:data1\" content=\"Reda\u00e7\u00e3o\" \/>\n\t<meta name=\"twitter:label2\" content=\"Est. tempo de leitura\" \/>\n\t<meta name=\"twitter:data2\" content=\"4 minutos\" \/>\n<script type=\"application\/ld+json\" class=\"yoast-schema-graph\">{\"@context\":\"https:\\\/\\\/schema.org\",\"@graph\":[{\"@type\":\"Article\",\"@id\":\"https:\\\/\\\/www.notibras.com\\\/site\\\/auxilio-financeiro-do-gdf-socorre-orfaos-de-feminicidio\\\/#article\",\"isPartOf\":{\"@id\":\"https:\\\/\\\/www.notibras.com\\\/site\\\/auxilio-financeiro-do-gdf-socorre-orfaos-de-feminicidio\\\/\"},\"author\":{\"name\":\"Reda\u00e7\u00e3o\",\"@id\":\"https:\\\/\\\/www.notibras.com\\\/site\\\/#\\\/schema\\\/person\\\/36ab0979449956132d3e5b517ea76ac8\"},\"headline\":\"Aux\u00edlio financeiro do GDF socorre \u00f3rf\u00e3os de feminic\u00eddio\",\"datePublished\":\"2024-03-25T03:07:59+00:00\",\"dateModified\":\"2024-03-25T08:09:42+00:00\",\"mainEntityOfPage\":{\"@id\":\"https:\\\/\\\/www.notibras.com\\\/site\\\/auxilio-financeiro-do-gdf-socorre-orfaos-de-feminicidio\\\/\"},\"wordCount\":690,\"publisher\":{\"@id\":\"https:\\\/\\\/www.notibras.com\\\/site\\\/#organization\"},\"image\":{\"@id\":\"https:\\\/\\\/www.notibras.com\\\/site\\\/auxilio-financeiro-do-gdf-socorre-orfaos-de-feminicidio\\\/#primaryimage\"},\"thumbnailUrl\":\"https:\\\/\\\/www.notibras.com\\\/site\\\/wp-content\\\/uploads\\\/2024\\\/03\\\/WhatsApp-Image-2024-03-22-at-2.50.21-PM-768x510-1.jpeg\",\"articleSection\":[\"Quadradinho em Foco\"],\"inLanguage\":\"pt-BR\"},{\"@type\":\"WebPage\",\"@id\":\"https:\\\/\\\/www.notibras.com\\\/site\\\/auxilio-financeiro-do-gdf-socorre-orfaos-de-feminicidio\\\/\",\"url\":\"https:\\\/\\\/www.notibras.com\\\/site\\\/auxilio-financeiro-do-gdf-socorre-orfaos-de-feminicidio\\\/\",\"name\":\"Aux\u00edlio financeiro do GDF socorre \u00f3rf\u00e3os de feminic\u00eddio - Notibras\",\"isPartOf\":{\"@id\":\"https:\\\/\\\/www.notibras.com\\\/site\\\/#website\"},\"primaryImageOfPage\":{\"@id\":\"https:\\\/\\\/www.notibras.com\\\/site\\\/auxilio-financeiro-do-gdf-socorre-orfaos-de-feminicidio\\\/#primaryimage\"},\"image\":{\"@id\":\"https:\\\/\\\/www.notibras.com\\\/site\\\/auxilio-financeiro-do-gdf-socorre-orfaos-de-feminicidio\\\/#primaryimage\"},\"thumbnailUrl\":\"https:\\\/\\\/www.notibras.com\\\/site\\\/wp-content\\\/uploads\\\/2024\\\/03\\\/WhatsApp-Image-2024-03-22-at-2.50.21-PM-768x510-1.jpeg\",\"datePublished\":\"2024-03-25T03:07:59+00:00\",\"dateModified\":\"2024-03-25T08:09:42+00:00\",\"breadcrumb\":{\"@id\":\"https:\\\/\\\/www.notibras.com\\\/site\\\/auxilio-financeiro-do-gdf-socorre-orfaos-de-feminicidio\\\/#breadcrumb\"},\"inLanguage\":\"pt-BR\",\"potentialAction\":[{\"@type\":\"ReadAction\",\"target\":[\"https:\\\/\\\/www.notibras.com\\\/site\\\/auxilio-financeiro-do-gdf-socorre-orfaos-de-feminicidio\\\/\"]}]},{\"@type\":\"ImageObject\",\"inLanguage\":\"pt-BR\",\"@id\":\"https:\\\/\\\/www.notibras.com\\\/site\\\/auxilio-financeiro-do-gdf-socorre-orfaos-de-feminicidio\\\/#primaryimage\",\"url\":\"https:\\\/\\\/www.notibras.com\\\/site\\\/wp-content\\\/uploads\\\/2024\\\/03\\\/WhatsApp-Image-2024-03-22-at-2.50.21-PM-768x510-1.jpeg\",\"contentUrl\":\"https:\\\/\\\/www.notibras.com\\\/site\\\/wp-content\\\/uploads\\\/2024\\\/03\\\/WhatsApp-Image-2024-03-22-at-2.50.21-PM-768x510-1.jpeg\",\"width\":768,\"height\":510},{\"@type\":\"BreadcrumbList\",\"@id\":\"https:\\\/\\\/www.notibras.com\\\/site\\\/auxilio-financeiro-do-gdf-socorre-orfaos-de-feminicidio\\\/#breadcrumb\",\"itemListElement\":[{\"@type\":\"ListItem\",\"position\":1,\"name\":\"In\u00edcio\",\"item\":\"https:\\\/\\\/www.notibras.com\\\/site\\\/\"},{\"@type\":\"ListItem\",\"position\":2,\"name\":\"Aux\u00edlio financeiro do GDF socorre \u00f3rf\u00e3os de feminic\u00eddio\"}]},{\"@type\":\"WebSite\",\"@id\":\"https:\\\/\\\/www.notibras.com\\\/site\\\/#website\",\"url\":\"https:\\\/\\\/www.notibras.com\\\/site\\\/\",\"name\":\"Notibras\",\"description\":\"Not\u00edcias de Bras\u00edlia, do Brasil e do Mundo\",\"publisher\":{\"@id\":\"https:\\\/\\\/www.notibras.com\\\/site\\\/#organization\"},\"potentialAction\":[{\"@type\":\"SearchAction\",\"target\":{\"@type\":\"EntryPoint\",\"urlTemplate\":\"https:\\\/\\\/www.notibras.com\\\/site\\\/?s={search_term_string}\"},\"query-input\":{\"@type\":\"PropertyValueSpecification\",\"valueRequired\":true,\"valueName\":\"search_term_string\"}}],\"inLanguage\":\"pt-BR\"},{\"@type\":\"Organization\",\"@id\":\"https:\\\/\\\/www.notibras.com\\\/site\\\/#organization\",\"name\":\"Grupo Notibras de Comunica\u00e7\u00e3o\",\"url\":\"https:\\\/\\\/www.notibras.com\\\/site\\\/\",\"logo\":{\"@type\":\"ImageObject\",\"inLanguage\":\"pt-BR\",\"@id\":\"https:\\\/\\\/www.notibras.com\\\/site\\\/#\\\/schema\\\/logo\\\/image\\\/\",\"url\":\"https:\\\/\\\/www.notibras.com\\\/site\\\/wp-content\\\/uploads\\\/2023\\\/01\\\/notibras23.png\",\"contentUrl\":\"https:\\\/\\\/www.notibras.com\\\/site\\\/wp-content\\\/uploads\\\/2023\\\/01\\\/notibras23.png\",\"width\":350,\"height\":87,\"caption\":\"Grupo Notibras de Comunica\u00e7\u00e3o\"},\"image\":{\"@id\":\"https:\\\/\\\/www.notibras.com\\\/site\\\/#\\\/schema\\\/logo\\\/image\\\/\"},\"sameAs\":[\"https:\\\/\\\/www.facebook.com\\\/notibras\\\/\",\"https:\\\/\\\/x.com\\\/Notibras\",\"https:\\\/\\\/www.instagram.com\\\/notibras\\\/\"]},{\"@type\":\"Person\",\"@id\":\"https:\\\/\\\/www.notibras.com\\\/site\\\/#\\\/schema\\\/person\\\/36ab0979449956132d3e5b517ea76ac8\",\"name\":\"Reda\u00e7\u00e3o\",\"image\":{\"@type\":\"ImageObject\",\"inLanguage\":\"pt-BR\",\"@id\":\"https:\\\/\\\/secure.gravatar.com\\\/avatar\\\/e0a867bdedb85fd243eadf09663511f96fc81e0720a4a42581f334ad4303aa6b?s=96&d=mm&r=g\",\"url\":\"https:\\\/\\\/secure.gravatar.com\\\/avatar\\\/e0a867bdedb85fd243eadf09663511f96fc81e0720a4a42581f334ad4303aa6b?s=96&d=mm&r=g\",\"contentUrl\":\"https:\\\/\\\/secure.gravatar.com\\\/avatar\\\/e0a867bdedb85fd243eadf09663511f96fc81e0720a4a42581f334ad4303aa6b?s=96&d=mm&r=g\",\"caption\":\"Reda\u00e7\u00e3o\"}}]}<\/script>\n<!-- \/ Yoast SEO plugin. -->","yoast_head_json":{"title":"Aux\u00edlio financeiro do GDF socorre \u00f3rf\u00e3os de feminic\u00eddio - Notibras","robots":{"index":"index","follow":"follow","max-snippet":"max-snippet:-1","max-image-preview":"max-image-preview:large","max-video-preview":"max-video-preview:-1"},"canonical":"https:\/\/www.notibras.com\/site\/auxilio-financeiro-do-gdf-socorre-orfaos-de-feminicidio\/","og_locale":"pt_BR","og_type":"article","og_title":"Aux\u00edlio financeiro do GDF socorre \u00f3rf\u00e3os de feminic\u00eddio - Notibras","og_description":"Em dezembro do ano passado, o Governo do Distrito Federal (GDF) regulamentou o in\u00e9dito aux\u00edlio financeiro aos \u00f3rf\u00e3os de m\u00e3es v\u00edtimas de feminic\u00eddio. Desde ent\u00e3o, o executivo local j\u00e1 investiu R$ 192,9 mil no amparo a 79 jovens e crian\u00e7as em situa\u00e7\u00e3o de vulnerabilidade, que recebem mensalmente um sal\u00e1rio m\u00ednimo (R$ 1.412) para amenizar os [&hellip;]","og_url":"https:\/\/www.notibras.com\/site\/auxilio-financeiro-do-gdf-socorre-orfaos-de-feminicidio\/","og_site_name":"Notibras","article_publisher":"https:\/\/www.facebook.com\/notibras\/","article_published_time":"2024-03-25T03:07:59+00:00","article_modified_time":"2024-03-25T08:09:42+00:00","og_image":[{"width":768,"height":510,"url":"https:\/\/www.notibras.com\/site\/wp-content\/uploads\/2024\/03\/WhatsApp-Image-2024-03-22-at-2.50.21-PM-768x510-1.jpeg","type":"image\/jpeg"}],"author":"Reda\u00e7\u00e3o","twitter_card":"summary_large_image","twitter_creator":"@Notibras","twitter_site":"@Notibras","twitter_misc":{"Escrito por":"Reda\u00e7\u00e3o","Est. tempo de leitura":"4 minutos"},"schema":{"@context":"https:\/\/schema.org","@graph":[{"@type":"Article","@id":"https:\/\/www.notibras.com\/site\/auxilio-financeiro-do-gdf-socorre-orfaos-de-feminicidio\/#article","isPartOf":{"@id":"https:\/\/www.notibras.com\/site\/auxilio-financeiro-do-gdf-socorre-orfaos-de-feminicidio\/"},"author":{"name":"Reda\u00e7\u00e3o","@id":"https:\/\/www.notibras.com\/site\/#\/schema\/person\/36ab0979449956132d3e5b517ea76ac8"},"headline":"Aux\u00edlio financeiro do GDF socorre \u00f3rf\u00e3os de feminic\u00eddio","datePublished":"2024-03-25T03:07:59+00:00","dateModified":"2024-03-25T08:09:42+00:00","mainEntityOfPage":{"@id":"https:\/\/www.notibras.com\/site\/auxilio-financeiro-do-gdf-socorre-orfaos-de-feminicidio\/"},"wordCount":690,"publisher":{"@id":"https:\/\/www.notibras.com\/site\/#organization"},"image":{"@id":"https:\/\/www.notibras.com\/site\/auxilio-financeiro-do-gdf-socorre-orfaos-de-feminicidio\/#primaryimage"},"thumbnailUrl":"https:\/\/www.notibras.com\/site\/wp-content\/uploads\/2024\/03\/WhatsApp-Image-2024-03-22-at-2.50.21-PM-768x510-1.jpeg","articleSection":["Quadradinho em Foco"],"inLanguage":"pt-BR"},{"@type":"WebPage","@id":"https:\/\/www.notibras.com\/site\/auxilio-financeiro-do-gdf-socorre-orfaos-de-feminicidio\/","url":"https:\/\/www.notibras.com\/site\/auxilio-financeiro-do-gdf-socorre-orfaos-de-feminicidio\/","name":"Aux\u00edlio financeiro do GDF socorre \u00f3rf\u00e3os de feminic\u00eddio - Notibras","isPartOf":{"@id":"https:\/\/www.notibras.com\/site\/#website"},"primaryImageOfPage":{"@id":"https:\/\/www.notibras.com\/site\/auxilio-financeiro-do-gdf-socorre-orfaos-de-feminicidio\/#primaryimage"},"image":{"@id":"https:\/\/www.notibras.com\/site\/auxilio-financeiro-do-gdf-socorre-orfaos-de-feminicidio\/#primaryimage"},"thumbnailUrl":"https:\/\/www.notibras.com\/site\/wp-content\/uploads\/2024\/03\/WhatsApp-Image-2024-03-22-at-2.50.21-PM-768x510-1.jpeg","datePublished":"2024-03-25T03:07:59+00:00","dateModified":"2024-03-25T08:09:42+00:00","breadcrumb":{"@id":"https:\/\/www.notibras.com\/site\/auxilio-financeiro-do-gdf-socorre-orfaos-de-feminicidio\/#breadcrumb"},"inLanguage":"pt-BR","potentialAction":[{"@type":"ReadAction","target":["https:\/\/www.notibras.com\/site\/auxilio-financeiro-do-gdf-socorre-orfaos-de-feminicidio\/"]}]},{"@type":"ImageObject","inLanguage":"pt-BR","@id":"https:\/\/www.notibras.com\/site\/auxilio-financeiro-do-gdf-socorre-orfaos-de-feminicidio\/#primaryimage","url":"https:\/\/www.notibras.com\/site\/wp-content\/uploads\/2024\/03\/WhatsApp-Image-2024-03-22-at-2.50.21-PM-768x510-1.jpeg","contentUrl":"https:\/\/www.notibras.com\/site\/wp-content\/uploads\/2024\/03\/WhatsApp-Image-2024-03-22-at-2.50.21-PM-768x510-1.jpeg","width":768,"height":510},{"@type":"BreadcrumbList","@id":"https:\/\/www.notibras.com\/site\/auxilio-financeiro-do-gdf-socorre-orfaos-de-feminicidio\/#breadcrumb","itemListElement":[{"@type":"ListItem","position":1,"name":"In\u00edcio","item":"https:\/\/www.notibras.com\/site\/"},{"@type":"ListItem","position":2,"name":"Aux\u00edlio financeiro do GDF socorre \u00f3rf\u00e3os de feminic\u00eddio"}]},{"@type":"WebSite","@id":"https:\/\/www.notibras.com\/site\/#website","url":"https:\/\/www.notibras.com\/site\/","name":"Notibras","description":"Not\u00edcias de Bras\u00edlia, do Brasil e do Mundo","publisher":{"@id":"https:\/\/www.notibras.com\/site\/#organization"},"potentialAction":[{"@type":"SearchAction","target":{"@type":"EntryPoint","urlTemplate":"https:\/\/www.notibras.com\/site\/?s={search_term_string}"},"query-input":{"@type":"PropertyValueSpecification","valueRequired":true,"valueName":"search_term_string"}}],"inLanguage":"pt-BR"},{"@type":"Organization","@id":"https:\/\/www.notibras.com\/site\/#organization","name":"Grupo Notibras de Comunica\u00e7\u00e3o","url":"https:\/\/www.notibras.com\/site\/","logo":{"@type":"ImageObject","inLanguage":"pt-BR","@id":"https:\/\/www.notibras.com\/site\/#\/schema\/logo\/image\/","url":"https:\/\/www.notibras.com\/site\/wp-content\/uploads\/2023\/01\/notibras23.png","contentUrl":"https:\/\/www.notibras.com\/site\/wp-content\/uploads\/2023\/01\/notibras23.png","width":350,"height":87,"caption":"Grupo Notibras de Comunica\u00e7\u00e3o"},"image":{"@id":"https:\/\/www.notibras.com\/site\/#\/schema\/logo\/image\/"},"sameAs":["https:\/\/www.facebook.com\/notibras\/","https:\/\/x.com\/Notibras","https:\/\/www.instagram.com\/notibras\/"]},{"@type":"Person","@id":"https:\/\/www.notibras.com\/site\/#\/schema\/person\/36ab0979449956132d3e5b517ea76ac8","name":"Reda\u00e7\u00e3o","image":{"@type":"ImageObject","inLanguage":"pt-BR","@id":"https:\/\/secure.gravatar.com\/avatar\/e0a867bdedb85fd243eadf09663511f96fc81e0720a4a42581f334ad4303aa6b?s=96&d=mm&r=g","url":"https:\/\/secure.gravatar.com\/avatar\/e0a867bdedb85fd243eadf09663511f96fc81e0720a4a42581f334ad4303aa6b?s=96&d=mm&r=g","contentUrl":"https:\/\/secure.gravatar.com\/avatar\/e0a867bdedb85fd243eadf09663511f96fc81e0720a4a42581f334ad4303aa6b?s=96&d=mm&r=g","caption":"Reda\u00e7\u00e3o"}}]}},"amp_enabled":true,"_links":{"self":[{"href":"https:\/\/www.notibras.com\/site\/wp-json\/wp\/v2\/posts\/325376","targetHints":{"allow":["GET"]}}],"collection":[{"href":"https:\/\/www.notibras.com\/site\/wp-json\/wp\/v2\/posts"}],"about":[{"href":"https:\/\/www.notibras.com\/site\/wp-json\/wp\/v2\/types\/post"}],"author":[{"embeddable":true,"href":"https:\/\/www.notibras.com\/site\/wp-json\/wp\/v2\/users\/2"}],"replies":[{"embeddable":true,"href":"https:\/\/www.notibras.com\/site\/wp-json\/wp\/v2\/comments?post=325376"}],"version-history":[{"count":1,"href":"https:\/\/www.notibras.com\/site\/wp-json\/wp\/v2\/posts\/325376\/revisions"}],"predecessor-version":[{"id":325378,"href":"https:\/\/www.notibras.com\/site\/wp-json\/wp\/v2\/posts\/325376\/revisions\/325378"}],"wp:featuredmedia":[{"embeddable":true,"href":"https:\/\/www.notibras.com\/site\/wp-json\/wp\/v2\/media\/325377"}],"wp:attachment":[{"href":"https:\/\/www.notibras.com\/site\/wp-json\/wp\/v2\/media?parent=325376"}],"wp:term":[{"taxonomy":"category","embeddable":true,"href":"https:\/\/www.notibras.com\/site\/wp-json\/wp\/v2\/categories?post=325376"},{"taxonomy":"post_tag","embeddable":true,"href":"https:\/\/www.notibras.com\/site\/wp-json\/wp\/v2\/tags?post=325376"}],"curies":[{"name":"wp","href":"https:\/\/api.w.org\/{rel}","templated":true}]}}