{"id":325379,"date":"2024-03-25T00:19:37","date_gmt":"2024-03-25T03:19:37","guid":{"rendered":"https:\/\/www.notibras.com\/site\/?p=325379"},"modified":"2024-03-25T05:21:29","modified_gmt":"2024-03-25T08:21:29","slug":"infarto-do-miocardio-pode-ser-fatal-alertam-especialistas","status":"publish","type":"post","link":"https:\/\/www.notibras.com\/site\/infarto-do-miocardio-pode-ser-fatal-alertam-especialistas\/","title":{"rendered":"Infarto do mioc\u00e1rdio pode ser fatal, alertam especialistas"},"content":{"rendered":"<p>Dor aguda no peito que irradia para o bra\u00e7o ou ombro esquerdo, suor frio, falta de ar, palidez e sensa\u00e7\u00e3o de desmaio. Esses s\u00e3o alguns dos sinais de alerta de um infarto, a maior causa de mortes no pa\u00eds. De acordo com o Minist\u00e9rio da Sa\u00fade (MS), estima-se que, no Brasil, ocorram de 300 mil a 400 mil casos anuais de infarto. A cada cinco a sete casos, um resulta em \u00f3bito. Para diminuir o risco de morte, o atendimento de urg\u00eancia e emerg\u00eancia, nos primeiros minutos \u00e9 fundamental.<\/p>\n<p>\u201cO tratamento mais eficaz \u00e9 o mais r\u00e1pido, pois a obstru\u00e7\u00e3o de art\u00e9rias card\u00edacas pode levar \u00e0 isquemia [sofrimento do m\u00fasculo card\u00edaco]. Se n\u00e3o for tratada prontamente, pode ocasionar a morte de c\u00e9lulas card\u00edacas, levando a complica\u00e7\u00f5es, como insufici\u00eancia card\u00edaca p\u00f3s-infarto ou morte s\u00fabita\u201d, alerta a cardiologista da Secretaria de Sa\u00fade Edna Maria Marques de Oliveira.<\/p>\n<p>Infarto agudo do mioc\u00e1rdio ou ataque card\u00edaco \u00e9 a morte de c\u00e9lulas do m\u00fasculo do cora\u00e7\u00e3o devido \u00e0 obstru\u00e7\u00e3o de uma art\u00e9ria que interrompe o fluxo sangu\u00edneo de forma r\u00e1pida e intensa. Pode ocorrer em diversas partes do cora\u00e7\u00e3o, dependendo da \u00e1rea que foi bloqueada. Em casos raros, o infarto pode acontecer por contra\u00e7\u00e3o da art\u00e9ria, interrompendo o fluxo sangu\u00edneo ou por desprendimento de um co\u00e1gulo originado dentro do pr\u00f3prio cora\u00e7\u00e3o e que se aloja no interior dos vasos.<\/p>\n<p><strong>Sinais de alerta<\/strong><br \/>\nIdentificar um infarto agudo do mioc\u00e1rdio pode ser desafiador, pois os sintomas variam. Dentre os sinais de alarme est\u00e3o dor ou desconforto na regi\u00e3o peitoral, podendo irradiar para as costas, rosto, bra\u00e7o esquerdo e, raramente, bra\u00e7o direito. Essa dor costuma ser intensa e prolongada, acompanhada de sensa\u00e7\u00e3o de peso ou aperto sobre o t\u00f3rax, provocando suor frio, palidez, falta de ar e sensa\u00e7\u00e3o de desmaio. \u201cPor\u00e9m, h\u00e1 pacientes que apresentam outros sintomas, como dor no est\u00f4mago, na mand\u00edbula e v\u00f4mitos\u201d, esclarece a m\u00e9dica.<\/p>\n<p><strong>Fatores de risco e preven\u00e7\u00e3o<\/strong><br \/>\nOs fatores de risco, como tabagismo, sedentarismo, hist\u00f3rico familiar, alimenta\u00e7\u00e3o ruim, colesterol alto e estresse em excesso, influenciam nas estat\u00edsticas de infarto. Al\u00e9m disso, essas condutas podem provocar hipertens\u00e3o, acidente vascular cerebral (AVC), obesidade, depress\u00e3o e diabetes. Diab\u00e9ticos e hipertensos t\u00eam, segundo o Minist\u00e9rio da Sa\u00fade, de duas a quatro vezes mais chances de sofrer um infarto.<\/p>\n<p>A mudan\u00e7a no estilo de vida \u00e9 o principal meio de preven\u00e7\u00e3o do infarto. Al\u00e9m da pr\u00e1tica regular de atividades f\u00edsicas, alimenta\u00e7\u00e3o adequada, n\u00e3o consumo de \u00e1lcool e qualquer tipo de tabagismo, Edna Maria Marques de Oliveira orienta o controle dos fatores de risco e o acompanhamento regular com o cardiologista.<\/p>\n<p><strong>Atendimento<\/strong><br \/>\nAo perceber os sintomas, deve-se procurar atendimento na emerg\u00eancia hospitalar mais pr\u00f3xima ou ligar para o Servi\u00e7o de Atendimento M\u00f3vel (Samu), no n\u00famero 192. \u201c\u00c9 preciso manter a calma e n\u00e3o deixar o paciente realizar esfor\u00e7o f\u00edsico, nem dirigir. Afrouxe as roupas e, caso a pessoa esteja inconsciente, sem pulso e sem respira\u00e7\u00e3o, inicie a massagem card\u00edaca at\u00e9 a chegada da equipe de sa\u00fade\u201d, orienta o enfermeiro e instrutor do N\u00facleo de Educa\u00e7\u00e3o em Urg\u00eancias (Nuedu) do Samu, Reinaldo Siqueira.<\/p>\n<p>A rede p\u00fablica de sa\u00fade do DF oferece unidades especializadas em cardiologia, como o Hospital de Base (HB), os hospitais regionais de Ceil\u00e2ndia (HRC), Taguatinga (HRT) e Gama (HRG), al\u00e9m de todas as Unidade de Pronto Atendimento (UPAs).<\/p>\n<p><strong>Assist\u00eancia \u00e1gil<\/strong><br \/>\nLan\u00e7ado em 2018, o Projeto Sprint surgiu com o objetivo de proporcionar um atendimento eficiente e um tratamento qualificado para casos de suspeita ou diagn\u00f3sticos de doen\u00e7as cardiovasculares. O projeto forma uma rede interligada em que as equipes de emerg\u00eancia t\u00eam o aux\u00edlio de um aplicativo que os conecta diretamente \u00e0s equipes de plant\u00e3o de cardiologia do HB e do Instituto de Cardiologia e Transplantes do Distrito Federal (ICTDF).<\/p>\n<p>Todas as portas de entradas das emerg\u00eancias est\u00e3o capacitadas para estabelecerem o diagn\u00f3stico e iniciar o tratamento no primeiro atendimento. Temos uma equipe de retaguarda de cardiologistas 24 horas, que d\u00e3o suporte para os plantonistas em qualquer UPA ou hospital da rede p\u00fablica do DF\u201d, explica Edna Maria, que tamb\u00e9m \u00e9 coordenadora do projeto.<\/p>\n<p>Toda a rede integrada de Atendimento ao Infarto Agudo do Mioc\u00e1rdio \u00e9 conectada por meio do aplicativo Join, possibilitando aos m\u00e9dicos da ponta (cl\u00ednicos das UPAs e hospitais) fornecer orienta\u00e7\u00f5es por meio da telemedicina. Os especialistas na \u00e1rea ajudam no diagn\u00f3stico, inclusive auxiliando na realiza\u00e7\u00e3o de tromb\u00f3lise \u2013 processo pelo qual se dissolve um co\u00e1gulo (trombo) formado na corrente sangu\u00ednea \u2013 ainda no local do atendimento inicial. Al\u00e9m disso, indicam procedimentos e j\u00e1 se preparam para receber o paciente caso seja indicada uma transfer\u00eancia, feita em ambul\u00e2ncia do Samu.<\/p>\n<p>Segundo a coordenadora, a ideia trouxe melhorias no atendimento a pacientes. \u201cHouve uma redu\u00e7\u00e3o da mortalidade por infarto agudo do mioc\u00e1rdio, al\u00e9m de menor per\u00edodo de interna\u00e7\u00e3o com o acesso ao cateterismo e demais exames complementares\u201d, afirma. Em m\u00e9dia, 31 casos envolvendo infarto s\u00e3o atendidos por meio do aplicativo no m\u00eas.<\/p>\n","protected":false},"excerpt":{"rendered":"<p>Dor aguda no peito que irradia para o bra\u00e7o ou ombro esquerdo, suor frio, falta de ar, palidez e sensa\u00e7\u00e3o de desmaio. Esses s\u00e3o alguns dos sinais de alerta de um infarto, a maior causa de mortes no pa\u00eds. De acordo com o Minist\u00e9rio da Sa\u00fade (MS), estima-se que, no Brasil, ocorram de 300 mil [&hellip;]<\/p>\n","protected":false},"author":2,"featured_media":325380,"comment_status":"closed","ping_status":"closed","sticky":false,"template":"","format":"standard","meta":{"_acf_changed":false,"footnotes":""},"categories":[161],"tags":[],"class_list":["post-325379","post","type-post","status-publish","format-standard","has-post-thumbnail","hentry","category-quadradinho-em-foco"],"acf":[],"yoast_head":"<!-- This site is optimized with the Yoast SEO plugin v27.5 - https:\/\/yoast.com\/product\/yoast-seo-wordpress\/ -->\n<title>Infarto do mioc\u00e1rdio pode ser fatal, alertam especialistas - Notibras<\/title>\n<meta name=\"robots\" content=\"index, follow, max-snippet:-1, max-image-preview:large, max-video-preview:-1\" \/>\n<link rel=\"canonical\" href=\"https:\/\/www.notibras.com\/site\/infarto-do-miocardio-pode-ser-fatal-alertam-especialistas\/\" \/>\n<meta property=\"og:locale\" content=\"pt_BR\" \/>\n<meta property=\"og:type\" content=\"article\" \/>\n<meta property=\"og:title\" content=\"Infarto do mioc\u00e1rdio pode ser fatal, alertam especialistas - Notibras\" \/>\n<meta property=\"og:description\" content=\"Dor aguda no peito que irradia para o bra\u00e7o ou ombro esquerdo, suor frio, falta de ar, palidez e sensa\u00e7\u00e3o de desmaio. Esses s\u00e3o alguns dos sinais de alerta de um infarto, a maior causa de mortes no pa\u00eds. De acordo com o Minist\u00e9rio da Sa\u00fade (MS), estima-se que, no Brasil, ocorram de 300 mil [&hellip;]\" \/>\n<meta property=\"og:url\" content=\"https:\/\/www.notibras.com\/site\/infarto-do-miocardio-pode-ser-fatal-alertam-especialistas\/\" \/>\n<meta property=\"og:site_name\" content=\"Notibras\" \/>\n<meta property=\"article:publisher\" content=\"https:\/\/www.facebook.com\/notibras\/\" \/>\n<meta property=\"article:published_time\" content=\"2024-03-25T03:19:37+00:00\" \/>\n<meta property=\"article:modified_time\" content=\"2024-03-25T08:21:29+00:00\" \/>\n<meta property=\"og:image\" content=\"https:\/\/www.notibras.com\/site\/wp-content\/uploads\/2024\/03\/WhatsApp-Image-2024-03-22-at-5.55.45-PM-1536x1023-1.jpeg\" \/>\n\t<meta property=\"og:image:width\" content=\"1536\" \/>\n\t<meta property=\"og:image:height\" content=\"1023\" \/>\n\t<meta property=\"og:image:type\" content=\"image\/jpeg\" \/>\n<meta name=\"author\" content=\"Reda\u00e7\u00e3o\" \/>\n<meta name=\"twitter:card\" content=\"summary_large_image\" \/>\n<meta name=\"twitter:creator\" content=\"@Notibras\" \/>\n<meta name=\"twitter:site\" content=\"@Notibras\" \/>\n<meta name=\"twitter:label1\" content=\"Escrito por\" \/>\n\t<meta name=\"twitter:data1\" content=\"Reda\u00e7\u00e3o\" \/>\n\t<meta name=\"twitter:label2\" content=\"Est. tempo de leitura\" \/>\n\t<meta name=\"twitter:data2\" content=\"5 minutos\" \/>\n<script type=\"application\/ld+json\" class=\"yoast-schema-graph\">{\"@context\":\"https:\\\/\\\/schema.org\",\"@graph\":[{\"@type\":\"Article\",\"@id\":\"https:\\\/\\\/www.notibras.com\\\/site\\\/infarto-do-miocardio-pode-ser-fatal-alertam-especialistas\\\/#article\",\"isPartOf\":{\"@id\":\"https:\\\/\\\/www.notibras.com\\\/site\\\/infarto-do-miocardio-pode-ser-fatal-alertam-especialistas\\\/\"},\"author\":{\"name\":\"Reda\u00e7\u00e3o\",\"@id\":\"https:\\\/\\\/www.notibras.com\\\/site\\\/#\\\/schema\\\/person\\\/36ab0979449956132d3e5b517ea76ac8\"},\"headline\":\"Infarto do mioc\u00e1rdio pode ser fatal, alertam especialistas\",\"datePublished\":\"2024-03-25T03:19:37+00:00\",\"dateModified\":\"2024-03-25T08:21:29+00:00\",\"mainEntityOfPage\":{\"@id\":\"https:\\\/\\\/www.notibras.com\\\/site\\\/infarto-do-miocardio-pode-ser-fatal-alertam-especialistas\\\/\"},\"wordCount\":921,\"publisher\":{\"@id\":\"https:\\\/\\\/www.notibras.com\\\/site\\\/#organization\"},\"image\":{\"@id\":\"https:\\\/\\\/www.notibras.com\\\/site\\\/infarto-do-miocardio-pode-ser-fatal-alertam-especialistas\\\/#primaryimage\"},\"thumbnailUrl\":\"https:\\\/\\\/www.notibras.com\\\/site\\\/wp-content\\\/uploads\\\/2024\\\/03\\\/WhatsApp-Image-2024-03-22-at-5.55.45-PM-1536x1023-1.jpeg\",\"articleSection\":[\"Quadradinho em Foco\"],\"inLanguage\":\"pt-BR\"},{\"@type\":\"WebPage\",\"@id\":\"https:\\\/\\\/www.notibras.com\\\/site\\\/infarto-do-miocardio-pode-ser-fatal-alertam-especialistas\\\/\",\"url\":\"https:\\\/\\\/www.notibras.com\\\/site\\\/infarto-do-miocardio-pode-ser-fatal-alertam-especialistas\\\/\",\"name\":\"Infarto do mioc\u00e1rdio pode ser fatal, alertam especialistas - Notibras\",\"isPartOf\":{\"@id\":\"https:\\\/\\\/www.notibras.com\\\/site\\\/#website\"},\"primaryImageOfPage\":{\"@id\":\"https:\\\/\\\/www.notibras.com\\\/site\\\/infarto-do-miocardio-pode-ser-fatal-alertam-especialistas\\\/#primaryimage\"},\"image\":{\"@id\":\"https:\\\/\\\/www.notibras.com\\\/site\\\/infarto-do-miocardio-pode-ser-fatal-alertam-especialistas\\\/#primaryimage\"},\"thumbnailUrl\":\"https:\\\/\\\/www.notibras.com\\\/site\\\/wp-content\\\/uploads\\\/2024\\\/03\\\/WhatsApp-Image-2024-03-22-at-5.55.45-PM-1536x1023-1.jpeg\",\"datePublished\":\"2024-03-25T03:19:37+00:00\",\"dateModified\":\"2024-03-25T08:21:29+00:00\",\"breadcrumb\":{\"@id\":\"https:\\\/\\\/www.notibras.com\\\/site\\\/infarto-do-miocardio-pode-ser-fatal-alertam-especialistas\\\/#breadcrumb\"},\"inLanguage\":\"pt-BR\",\"potentialAction\":[{\"@type\":\"ReadAction\",\"target\":[\"https:\\\/\\\/www.notibras.com\\\/site\\\/infarto-do-miocardio-pode-ser-fatal-alertam-especialistas\\\/\"]}]},{\"@type\":\"ImageObject\",\"inLanguage\":\"pt-BR\",\"@id\":\"https:\\\/\\\/www.notibras.com\\\/site\\\/infarto-do-miocardio-pode-ser-fatal-alertam-especialistas\\\/#primaryimage\",\"url\":\"https:\\\/\\\/www.notibras.com\\\/site\\\/wp-content\\\/uploads\\\/2024\\\/03\\\/WhatsApp-Image-2024-03-22-at-5.55.45-PM-1536x1023-1.jpeg\",\"contentUrl\":\"https:\\\/\\\/www.notibras.com\\\/site\\\/wp-content\\\/uploads\\\/2024\\\/03\\\/WhatsApp-Image-2024-03-22-at-5.55.45-PM-1536x1023-1.jpeg\",\"width\":1536,\"height\":1023},{\"@type\":\"BreadcrumbList\",\"@id\":\"https:\\\/\\\/www.notibras.com\\\/site\\\/infarto-do-miocardio-pode-ser-fatal-alertam-especialistas\\\/#breadcrumb\",\"itemListElement\":[{\"@type\":\"ListItem\",\"position\":1,\"name\":\"In\u00edcio\",\"item\":\"https:\\\/\\\/www.notibras.com\\\/site\\\/\"},{\"@type\":\"ListItem\",\"position\":2,\"name\":\"Infarto do mioc\u00e1rdio pode ser fatal, alertam especialistas\"}]},{\"@type\":\"WebSite\",\"@id\":\"https:\\\/\\\/www.notibras.com\\\/site\\\/#website\",\"url\":\"https:\\\/\\\/www.notibras.com\\\/site\\\/\",\"name\":\"Notibras\",\"description\":\"Not\u00edcias de Bras\u00edlia, do Brasil e do Mundo\",\"publisher\":{\"@id\":\"https:\\\/\\\/www.notibras.com\\\/site\\\/#organization\"},\"potentialAction\":[{\"@type\":\"SearchAction\",\"target\":{\"@type\":\"EntryPoint\",\"urlTemplate\":\"https:\\\/\\\/www.notibras.com\\\/site\\\/?s={search_term_string}\"},\"query-input\":{\"@type\":\"PropertyValueSpecification\",\"valueRequired\":true,\"valueName\":\"search_term_string\"}}],\"inLanguage\":\"pt-BR\"},{\"@type\":\"Organization\",\"@id\":\"https:\\\/\\\/www.notibras.com\\\/site\\\/#organization\",\"name\":\"Grupo Notibras de Comunica\u00e7\u00e3o\",\"url\":\"https:\\\/\\\/www.notibras.com\\\/site\\\/\",\"logo\":{\"@type\":\"ImageObject\",\"inLanguage\":\"pt-BR\",\"@id\":\"https:\\\/\\\/www.notibras.com\\\/site\\\/#\\\/schema\\\/logo\\\/image\\\/\",\"url\":\"https:\\\/\\\/www.notibras.com\\\/site\\\/wp-content\\\/uploads\\\/2023\\\/01\\\/notibras23.png\",\"contentUrl\":\"https:\\\/\\\/www.notibras.com\\\/site\\\/wp-content\\\/uploads\\\/2023\\\/01\\\/notibras23.png\",\"width\":350,\"height\":87,\"caption\":\"Grupo Notibras de Comunica\u00e7\u00e3o\"},\"image\":{\"@id\":\"https:\\\/\\\/www.notibras.com\\\/site\\\/#\\\/schema\\\/logo\\\/image\\\/\"},\"sameAs\":[\"https:\\\/\\\/www.facebook.com\\\/notibras\\\/\",\"https:\\\/\\\/x.com\\\/Notibras\",\"https:\\\/\\\/www.instagram.com\\\/notibras\\\/\"]},{\"@type\":\"Person\",\"@id\":\"https:\\\/\\\/www.notibras.com\\\/site\\\/#\\\/schema\\\/person\\\/36ab0979449956132d3e5b517ea76ac8\",\"name\":\"Reda\u00e7\u00e3o\",\"image\":{\"@type\":\"ImageObject\",\"inLanguage\":\"pt-BR\",\"@id\":\"https:\\\/\\\/secure.gravatar.com\\\/avatar\\\/e0a867bdedb85fd243eadf09663511f96fc81e0720a4a42581f334ad4303aa6b?s=96&d=mm&r=g\",\"url\":\"https:\\\/\\\/secure.gravatar.com\\\/avatar\\\/e0a867bdedb85fd243eadf09663511f96fc81e0720a4a42581f334ad4303aa6b?s=96&d=mm&r=g\",\"contentUrl\":\"https:\\\/\\\/secure.gravatar.com\\\/avatar\\\/e0a867bdedb85fd243eadf09663511f96fc81e0720a4a42581f334ad4303aa6b?s=96&d=mm&r=g\",\"caption\":\"Reda\u00e7\u00e3o\"}}]}<\/script>\n<!-- \/ Yoast SEO plugin. -->","yoast_head_json":{"title":"Infarto do mioc\u00e1rdio pode ser fatal, alertam especialistas - Notibras","robots":{"index":"index","follow":"follow","max-snippet":"max-snippet:-1","max-image-preview":"max-image-preview:large","max-video-preview":"max-video-preview:-1"},"canonical":"https:\/\/www.notibras.com\/site\/infarto-do-miocardio-pode-ser-fatal-alertam-especialistas\/","og_locale":"pt_BR","og_type":"article","og_title":"Infarto do mioc\u00e1rdio pode ser fatal, alertam especialistas - Notibras","og_description":"Dor aguda no peito que irradia para o bra\u00e7o ou ombro esquerdo, suor frio, falta de ar, palidez e sensa\u00e7\u00e3o de desmaio. Esses s\u00e3o alguns dos sinais de alerta de um infarto, a maior causa de mortes no pa\u00eds. De acordo com o Minist\u00e9rio da Sa\u00fade (MS), estima-se que, no Brasil, ocorram de 300 mil [&hellip;]","og_url":"https:\/\/www.notibras.com\/site\/infarto-do-miocardio-pode-ser-fatal-alertam-especialistas\/","og_site_name":"Notibras","article_publisher":"https:\/\/www.facebook.com\/notibras\/","article_published_time":"2024-03-25T03:19:37+00:00","article_modified_time":"2024-03-25T08:21:29+00:00","og_image":[{"width":1536,"height":1023,"url":"https:\/\/www.notibras.com\/site\/wp-content\/uploads\/2024\/03\/WhatsApp-Image-2024-03-22-at-5.55.45-PM-1536x1023-1.jpeg","type":"image\/jpeg"}],"author":"Reda\u00e7\u00e3o","twitter_card":"summary_large_image","twitter_creator":"@Notibras","twitter_site":"@Notibras","twitter_misc":{"Escrito por":"Reda\u00e7\u00e3o","Est. tempo de leitura":"5 minutos"},"schema":{"@context":"https:\/\/schema.org","@graph":[{"@type":"Article","@id":"https:\/\/www.notibras.com\/site\/infarto-do-miocardio-pode-ser-fatal-alertam-especialistas\/#article","isPartOf":{"@id":"https:\/\/www.notibras.com\/site\/infarto-do-miocardio-pode-ser-fatal-alertam-especialistas\/"},"author":{"name":"Reda\u00e7\u00e3o","@id":"https:\/\/www.notibras.com\/site\/#\/schema\/person\/36ab0979449956132d3e5b517ea76ac8"},"headline":"Infarto do mioc\u00e1rdio pode ser fatal, alertam especialistas","datePublished":"2024-03-25T03:19:37+00:00","dateModified":"2024-03-25T08:21:29+00:00","mainEntityOfPage":{"@id":"https:\/\/www.notibras.com\/site\/infarto-do-miocardio-pode-ser-fatal-alertam-especialistas\/"},"wordCount":921,"publisher":{"@id":"https:\/\/www.notibras.com\/site\/#organization"},"image":{"@id":"https:\/\/www.notibras.com\/site\/infarto-do-miocardio-pode-ser-fatal-alertam-especialistas\/#primaryimage"},"thumbnailUrl":"https:\/\/www.notibras.com\/site\/wp-content\/uploads\/2024\/03\/WhatsApp-Image-2024-03-22-at-5.55.45-PM-1536x1023-1.jpeg","articleSection":["Quadradinho em Foco"],"inLanguage":"pt-BR"},{"@type":"WebPage","@id":"https:\/\/www.notibras.com\/site\/infarto-do-miocardio-pode-ser-fatal-alertam-especialistas\/","url":"https:\/\/www.notibras.com\/site\/infarto-do-miocardio-pode-ser-fatal-alertam-especialistas\/","name":"Infarto do mioc\u00e1rdio pode ser fatal, alertam especialistas - Notibras","isPartOf":{"@id":"https:\/\/www.notibras.com\/site\/#website"},"primaryImageOfPage":{"@id":"https:\/\/www.notibras.com\/site\/infarto-do-miocardio-pode-ser-fatal-alertam-especialistas\/#primaryimage"},"image":{"@id":"https:\/\/www.notibras.com\/site\/infarto-do-miocardio-pode-ser-fatal-alertam-especialistas\/#primaryimage"},"thumbnailUrl":"https:\/\/www.notibras.com\/site\/wp-content\/uploads\/2024\/03\/WhatsApp-Image-2024-03-22-at-5.55.45-PM-1536x1023-1.jpeg","datePublished":"2024-03-25T03:19:37+00:00","dateModified":"2024-03-25T08:21:29+00:00","breadcrumb":{"@id":"https:\/\/www.notibras.com\/site\/infarto-do-miocardio-pode-ser-fatal-alertam-especialistas\/#breadcrumb"},"inLanguage":"pt-BR","potentialAction":[{"@type":"ReadAction","target":["https:\/\/www.notibras.com\/site\/infarto-do-miocardio-pode-ser-fatal-alertam-especialistas\/"]}]},{"@type":"ImageObject","inLanguage":"pt-BR","@id":"https:\/\/www.notibras.com\/site\/infarto-do-miocardio-pode-ser-fatal-alertam-especialistas\/#primaryimage","url":"https:\/\/www.notibras.com\/site\/wp-content\/uploads\/2024\/03\/WhatsApp-Image-2024-03-22-at-5.55.45-PM-1536x1023-1.jpeg","contentUrl":"https:\/\/www.notibras.com\/site\/wp-content\/uploads\/2024\/03\/WhatsApp-Image-2024-03-22-at-5.55.45-PM-1536x1023-1.jpeg","width":1536,"height":1023},{"@type":"BreadcrumbList","@id":"https:\/\/www.notibras.com\/site\/infarto-do-miocardio-pode-ser-fatal-alertam-especialistas\/#breadcrumb","itemListElement":[{"@type":"ListItem","position":1,"name":"In\u00edcio","item":"https:\/\/www.notibras.com\/site\/"},{"@type":"ListItem","position":2,"name":"Infarto do mioc\u00e1rdio pode ser fatal, alertam especialistas"}]},{"@type":"WebSite","@id":"https:\/\/www.notibras.com\/site\/#website","url":"https:\/\/www.notibras.com\/site\/","name":"Notibras","description":"Not\u00edcias de Bras\u00edlia, do Brasil e do Mundo","publisher":{"@id":"https:\/\/www.notibras.com\/site\/#organization"},"potentialAction":[{"@type":"SearchAction","target":{"@type":"EntryPoint","urlTemplate":"https:\/\/www.notibras.com\/site\/?s={search_term_string}"},"query-input":{"@type":"PropertyValueSpecification","valueRequired":true,"valueName":"search_term_string"}}],"inLanguage":"pt-BR"},{"@type":"Organization","@id":"https:\/\/www.notibras.com\/site\/#organization","name":"Grupo Notibras de Comunica\u00e7\u00e3o","url":"https:\/\/www.notibras.com\/site\/","logo":{"@type":"ImageObject","inLanguage":"pt-BR","@id":"https:\/\/www.notibras.com\/site\/#\/schema\/logo\/image\/","url":"https:\/\/www.notibras.com\/site\/wp-content\/uploads\/2023\/01\/notibras23.png","contentUrl":"https:\/\/www.notibras.com\/site\/wp-content\/uploads\/2023\/01\/notibras23.png","width":350,"height":87,"caption":"Grupo Notibras de Comunica\u00e7\u00e3o"},"image":{"@id":"https:\/\/www.notibras.com\/site\/#\/schema\/logo\/image\/"},"sameAs":["https:\/\/www.facebook.com\/notibras\/","https:\/\/x.com\/Notibras","https:\/\/www.instagram.com\/notibras\/"]},{"@type":"Person","@id":"https:\/\/www.notibras.com\/site\/#\/schema\/person\/36ab0979449956132d3e5b517ea76ac8","name":"Reda\u00e7\u00e3o","image":{"@type":"ImageObject","inLanguage":"pt-BR","@id":"https:\/\/secure.gravatar.com\/avatar\/e0a867bdedb85fd243eadf09663511f96fc81e0720a4a42581f334ad4303aa6b?s=96&d=mm&r=g","url":"https:\/\/secure.gravatar.com\/avatar\/e0a867bdedb85fd243eadf09663511f96fc81e0720a4a42581f334ad4303aa6b?s=96&d=mm&r=g","contentUrl":"https:\/\/secure.gravatar.com\/avatar\/e0a867bdedb85fd243eadf09663511f96fc81e0720a4a42581f334ad4303aa6b?s=96&d=mm&r=g","caption":"Reda\u00e7\u00e3o"}}]}},"amp_enabled":true,"_links":{"self":[{"href":"https:\/\/www.notibras.com\/site\/wp-json\/wp\/v2\/posts\/325379","targetHints":{"allow":["GET"]}}],"collection":[{"href":"https:\/\/www.notibras.com\/site\/wp-json\/wp\/v2\/posts"}],"about":[{"href":"https:\/\/www.notibras.com\/site\/wp-json\/wp\/v2\/types\/post"}],"author":[{"embeddable":true,"href":"https:\/\/www.notibras.com\/site\/wp-json\/wp\/v2\/users\/2"}],"replies":[{"embeddable":true,"href":"https:\/\/www.notibras.com\/site\/wp-json\/wp\/v2\/comments?post=325379"}],"version-history":[{"count":1,"href":"https:\/\/www.notibras.com\/site\/wp-json\/wp\/v2\/posts\/325379\/revisions"}],"predecessor-version":[{"id":325381,"href":"https:\/\/www.notibras.com\/site\/wp-json\/wp\/v2\/posts\/325379\/revisions\/325381"}],"wp:featuredmedia":[{"embeddable":true,"href":"https:\/\/www.notibras.com\/site\/wp-json\/wp\/v2\/media\/325380"}],"wp:attachment":[{"href":"https:\/\/www.notibras.com\/site\/wp-json\/wp\/v2\/media?parent=325379"}],"wp:term":[{"taxonomy":"category","embeddable":true,"href":"https:\/\/www.notibras.com\/site\/wp-json\/wp\/v2\/categories?post=325379"},{"taxonomy":"post_tag","embeddable":true,"href":"https:\/\/www.notibras.com\/site\/wp-json\/wp\/v2\/tags?post=325379"}],"curies":[{"name":"wp","href":"https:\/\/api.w.org\/{rel}","templated":true}]}}