{"id":32543,"date":"2014-12-31T07:09:20","date_gmt":"2014-12-31T10:09:20","guid":{"rendered":"http:\/\/www.notibras.com\/site\/?p=32543"},"modified":"2014-12-31T07:09:20","modified_gmt":"2014-12-31T10:09:20","slug":"de-fora-do-parlamento-candidato-lamenta-o-eleitor-que-tem","status":"publish","type":"post","link":"https:\/\/www.notibras.com\/site\/de-fora-do-parlamento-candidato-lamenta-o-eleitor-que-tem\/","title":{"rendered":"De fora do parlamento, candidato lamenta o eleitor que tem"},"content":{"rendered":"<p>Tem ex-administrador regional chateado. Tem motivo. Ele se candidatou (pela primeira vez) ao cargo de deputado distrital. N\u00e3o ganhou. Pegou supl\u00eancia. Sua frusta\u00e7\u00e3o se deve ao fato de que os eleitores tanto pediram, mas n\u00e3o fizeram a renova\u00e7\u00e3o esperada. Por isso, ele ficou de fora do quadro legislativo. \u201cO povo ainda n\u00e3o sabe votar\u201d. Tenho a impress\u00e3o de que muita gente pensa assim administrador. S\u00f3 n\u00e3o sabe praticar.<\/p>\n","protected":false},"excerpt":{"rendered":"<p>Tem ex-administrador regional chateado. Tem motivo. Ele se candidatou (pela primeira vez) ao cargo de deputado distrital. N\u00e3o ganhou. Pegou supl\u00eancia. Sua frusta\u00e7\u00e3o se deve ao fato de que os eleitores tanto pediram, mas n\u00e3o fizeram a renova\u00e7\u00e3o esperada. Por isso, ele ficou de fora do quadro legislativo. \u201cO povo ainda n\u00e3o sabe votar\u201d. Tenho [&hellip;]<\/p>\n","protected":false},"author":1,"featured_media":32544,"comment_status":"open","ping_status":"closed","sticky":false,"template":"","format":"standard","meta":{"_acf_changed":false,"footnotes":""},"categories":[26],"tags":[],"class_list":["post-32543","post","type-post","status-publish","format-standard","has-post-thumbnail","hentry","category-eleicoes-2022"],"acf":[],"yoast_head":"<!-- This site is optimized with the Yoast SEO plugin v27.2 - https:\/\/yoast.com\/product\/yoast-seo-wordpress\/ -->\n<title>De fora do parlamento, candidato lamenta o eleitor que tem - Notibras<\/title>\n<meta name=\"robots\" content=\"index, follow, max-snippet:-1, max-image-preview:large, max-video-preview:-1\" \/>\n<link rel=\"canonical\" href=\"https:\/\/www.notibras.com\/site\/de-fora-do-parlamento-candidato-lamenta-o-eleitor-que-tem\/\" \/>\n<meta property=\"og:locale\" content=\"pt_BR\" \/>\n<meta property=\"og:type\" content=\"article\" \/>\n<meta property=\"og:title\" content=\"De fora do parlamento, candidato lamenta o eleitor que tem - Notibras\" \/>\n<meta property=\"og:description\" content=\"Tem ex-administrador regional chateado. Tem motivo. Ele se candidatou (pela primeira vez) ao cargo de deputado distrital. N\u00e3o ganhou. Pegou supl\u00eancia. Sua frusta\u00e7\u00e3o se deve ao fato de que os eleitores tanto pediram, mas n\u00e3o fizeram a renova\u00e7\u00e3o esperada. Por isso, ele ficou de fora do quadro legislativo. \u201cO povo ainda n\u00e3o sabe votar\u201d. Tenho [&hellip;]\" \/>\n<meta property=\"og:url\" content=\"https:\/\/www.notibras.com\/site\/de-fora-do-parlamento-candidato-lamenta-o-eleitor-que-tem\/\" \/>\n<meta property=\"og:site_name\" content=\"Notibras\" \/>\n<meta property=\"article:publisher\" content=\"https:\/\/www.facebook.com\/notibras\/\" \/>\n<meta property=\"article:published_time\" content=\"2014-12-31T10:09:20+00:00\" \/>\n<meta property=\"og:image\" content=\"https:\/\/www.notibras.com\/site\/wp-content\/uploads\/2014\/12\/voto.jpg\" \/>\n\t<meta property=\"og:image:width\" content=\"720\" \/>\n\t<meta property=\"og:image:height\" content=\"422\" \/>\n\t<meta property=\"og:image:type\" content=\"image\/jpeg\" \/>\n<meta name=\"author\" content=\"Reda\u00e7\u00e3o\" \/>\n<meta name=\"twitter:card\" content=\"summary_large_image\" \/>\n<meta name=\"twitter:creator\" content=\"@Notibras\" \/>\n<meta name=\"twitter:site\" content=\"@Notibras\" \/>\n<meta name=\"twitter:label1\" content=\"Escrito por\" \/>\n\t<meta name=\"twitter:data1\" content=\"Reda\u00e7\u00e3o\" \/>\n<script type=\"application\/ld+json\" class=\"yoast-schema-graph\">{\"@context\":\"https:\/\/schema.org\",\"@graph\":[{\"@type\":\"Article\",\"@id\":\"https:\/\/www.notibras.com\/site\/de-fora-do-parlamento-candidato-lamenta-o-eleitor-que-tem\/#article\",\"isPartOf\":{\"@id\":\"https:\/\/www.notibras.com\/site\/de-fora-do-parlamento-candidato-lamenta-o-eleitor-que-tem\/\"},\"author\":{\"name\":\"Reda\u00e7\u00e3o\",\"@id\":\"https:\/\/www.notibras.com\/site\/#\/schema\/person\/00b8e1aa08f9ef6563e878c5159d01cf\"},\"headline\":\"De fora do parlamento, candidato lamenta o eleitor que tem\",\"datePublished\":\"2014-12-31T10:09:20+00:00\",\"mainEntityOfPage\":{\"@id\":\"https:\/\/www.notibras.com\/site\/de-fora-do-parlamento-candidato-lamenta-o-eleitor-que-tem\/\"},\"wordCount\":86,\"commentCount\":0,\"publisher\":{\"@id\":\"https:\/\/www.notibras.com\/site\/#organization\"},\"image\":{\"@id\":\"https:\/\/www.notibras.com\/site\/de-fora-do-parlamento-candidato-lamenta-o-eleitor-que-tem\/#primaryimage\"},\"thumbnailUrl\":\"https:\/\/www.notibras.com\/site\/wp-content\/uploads\/2014\/12\/voto.jpg\",\"articleSection\":[\"Elei\u00e7\u00f5es 2022\"],\"inLanguage\":\"pt-BR\",\"potentialAction\":[{\"@type\":\"CommentAction\",\"name\":\"Comment\",\"target\":[\"https:\/\/www.notibras.com\/site\/de-fora-do-parlamento-candidato-lamenta-o-eleitor-que-tem\/#respond\"]}]},{\"@type\":\"WebPage\",\"@id\":\"https:\/\/www.notibras.com\/site\/de-fora-do-parlamento-candidato-lamenta-o-eleitor-que-tem\/\",\"url\":\"https:\/\/www.notibras.com\/site\/de-fora-do-parlamento-candidato-lamenta-o-eleitor-que-tem\/\",\"name\":\"De fora do parlamento, candidato lamenta o eleitor que tem - Notibras\",\"isPartOf\":{\"@id\":\"https:\/\/www.notibras.com\/site\/#website\"},\"primaryImageOfPage\":{\"@id\":\"https:\/\/www.notibras.com\/site\/de-fora-do-parlamento-candidato-lamenta-o-eleitor-que-tem\/#primaryimage\"},\"image\":{\"@id\":\"https:\/\/www.notibras.com\/site\/de-fora-do-parlamento-candidato-lamenta-o-eleitor-que-tem\/#primaryimage\"},\"thumbnailUrl\":\"https:\/\/www.notibras.com\/site\/wp-content\/uploads\/2014\/12\/voto.jpg\",\"datePublished\":\"2014-12-31T10:09:20+00:00\",\"breadcrumb\":{\"@id\":\"https:\/\/www.notibras.com\/site\/de-fora-do-parlamento-candidato-lamenta-o-eleitor-que-tem\/#breadcrumb\"},\"inLanguage\":\"pt-BR\",\"potentialAction\":[{\"@type\":\"ReadAction\",\"target\":[\"https:\/\/www.notibras.com\/site\/de-fora-do-parlamento-candidato-lamenta-o-eleitor-que-tem\/\"]}]},{\"@type\":\"ImageObject\",\"inLanguage\":\"pt-BR\",\"@id\":\"https:\/\/www.notibras.com\/site\/de-fora-do-parlamento-candidato-lamenta-o-eleitor-que-tem\/#primaryimage\",\"url\":\"https:\/\/www.notibras.com\/site\/wp-content\/uploads\/2014\/12\/voto.jpg\",\"contentUrl\":\"https:\/\/www.notibras.com\/site\/wp-content\/uploads\/2014\/12\/voto.jpg\",\"width\":720,\"height\":422},{\"@type\":\"BreadcrumbList\",\"@id\":\"https:\/\/www.notibras.com\/site\/de-fora-do-parlamento-candidato-lamenta-o-eleitor-que-tem\/#breadcrumb\",\"itemListElement\":[{\"@type\":\"ListItem\",\"position\":1,\"name\":\"In\u00edcio\",\"item\":\"https:\/\/www.notibras.com\/site\/\"},{\"@type\":\"ListItem\",\"position\":2,\"name\":\"De fora do parlamento, candidato lamenta o eleitor que tem\"}]},{\"@type\":\"WebSite\",\"@id\":\"https:\/\/www.notibras.com\/site\/#website\",\"url\":\"https:\/\/www.notibras.com\/site\/\",\"name\":\"Notibras\",\"description\":\"Not\u00edcias de Bras\u00edlia, do Brasil e do Mundo\",\"publisher\":{\"@id\":\"https:\/\/www.notibras.com\/site\/#organization\"},\"potentialAction\":[{\"@type\":\"SearchAction\",\"target\":{\"@type\":\"EntryPoint\",\"urlTemplate\":\"https:\/\/www.notibras.com\/site\/?s={search_term_string}\"},\"query-input\":{\"@type\":\"PropertyValueSpecification\",\"valueRequired\":true,\"valueName\":\"search_term_string\"}}],\"inLanguage\":\"pt-BR\"},{\"@type\":\"Organization\",\"@id\":\"https:\/\/www.notibras.com\/site\/#organization\",\"name\":\"Grupo Notibras de Comunica\u00e7\u00e3o\",\"url\":\"https:\/\/www.notibras.com\/site\/\",\"logo\":{\"@type\":\"ImageObject\",\"inLanguage\":\"pt-BR\",\"@id\":\"https:\/\/www.notibras.com\/site\/#\/schema\/logo\/image\/\",\"url\":\"https:\/\/www.notibras.com\/site\/wp-content\/uploads\/2023\/01\/notibras23.png\",\"contentUrl\":\"https:\/\/www.notibras.com\/site\/wp-content\/uploads\/2023\/01\/notibras23.png\",\"width\":350,\"height\":87,\"caption\":\"Grupo Notibras de Comunica\u00e7\u00e3o\"},\"image\":{\"@id\":\"https:\/\/www.notibras.com\/site\/#\/schema\/logo\/image\/\"},\"sameAs\":[\"https:\/\/www.facebook.com\/notibras\/\",\"https:\/\/x.com\/Notibras\",\"https:\/\/www.instagram.com\/notibras\/\"]},{\"@type\":\"Person\",\"@id\":\"https:\/\/www.notibras.com\/site\/#\/schema\/person\/00b8e1aa08f9ef6563e878c5159d01cf\",\"name\":\"Reda\u00e7\u00e3o\",\"image\":{\"@type\":\"ImageObject\",\"inLanguage\":\"pt-BR\",\"@id\":\"https:\/\/secure.gravatar.com\/avatar\/ac5a707d5b47784a5ed426c6e213e201423c750890f64e4c379114dade67dfb9?s=96&d=mm&r=g\",\"url\":\"https:\/\/secure.gravatar.com\/avatar\/ac5a707d5b47784a5ed426c6e213e201423c750890f64e4c379114dade67dfb9?s=96&d=mm&r=g\",\"contentUrl\":\"https:\/\/secure.gravatar.com\/avatar\/ac5a707d5b47784a5ed426c6e213e201423c750890f64e4c379114dade67dfb9?s=96&d=mm&r=g\",\"caption\":\"Reda\u00e7\u00e3o\"}}]}<\/script>\n<!-- \/ Yoast SEO plugin. -->","yoast_head_json":{"title":"De fora do parlamento, candidato lamenta o eleitor que tem - Notibras","robots":{"index":"index","follow":"follow","max-snippet":"max-snippet:-1","max-image-preview":"max-image-preview:large","max-video-preview":"max-video-preview:-1"},"canonical":"https:\/\/www.notibras.com\/site\/de-fora-do-parlamento-candidato-lamenta-o-eleitor-que-tem\/","og_locale":"pt_BR","og_type":"article","og_title":"De fora do parlamento, candidato lamenta o eleitor que tem - Notibras","og_description":"Tem ex-administrador regional chateado. Tem motivo. Ele se candidatou (pela primeira vez) ao cargo de deputado distrital. N\u00e3o ganhou. Pegou supl\u00eancia. Sua frusta\u00e7\u00e3o se deve ao fato de que os eleitores tanto pediram, mas n\u00e3o fizeram a renova\u00e7\u00e3o esperada. Por isso, ele ficou de fora do quadro legislativo. \u201cO povo ainda n\u00e3o sabe votar\u201d. Tenho [&hellip;]","og_url":"https:\/\/www.notibras.com\/site\/de-fora-do-parlamento-candidato-lamenta-o-eleitor-que-tem\/","og_site_name":"Notibras","article_publisher":"https:\/\/www.facebook.com\/notibras\/","article_published_time":"2014-12-31T10:09:20+00:00","og_image":[{"width":720,"height":422,"url":"https:\/\/www.notibras.com\/site\/wp-content\/uploads\/2014\/12\/voto.jpg","type":"image\/jpeg"}],"author":"Reda\u00e7\u00e3o","twitter_card":"summary_large_image","twitter_creator":"@Notibras","twitter_site":"@Notibras","twitter_misc":{"Escrito por":"Reda\u00e7\u00e3o"},"schema":{"@context":"https:\/\/schema.org","@graph":[{"@type":"Article","@id":"https:\/\/www.notibras.com\/site\/de-fora-do-parlamento-candidato-lamenta-o-eleitor-que-tem\/#article","isPartOf":{"@id":"https:\/\/www.notibras.com\/site\/de-fora-do-parlamento-candidato-lamenta-o-eleitor-que-tem\/"},"author":{"name":"Reda\u00e7\u00e3o","@id":"https:\/\/www.notibras.com\/site\/#\/schema\/person\/00b8e1aa08f9ef6563e878c5159d01cf"},"headline":"De fora do parlamento, candidato lamenta o eleitor que tem","datePublished":"2014-12-31T10:09:20+00:00","mainEntityOfPage":{"@id":"https:\/\/www.notibras.com\/site\/de-fora-do-parlamento-candidato-lamenta-o-eleitor-que-tem\/"},"wordCount":86,"commentCount":0,"publisher":{"@id":"https:\/\/www.notibras.com\/site\/#organization"},"image":{"@id":"https:\/\/www.notibras.com\/site\/de-fora-do-parlamento-candidato-lamenta-o-eleitor-que-tem\/#primaryimage"},"thumbnailUrl":"https:\/\/www.notibras.com\/site\/wp-content\/uploads\/2014\/12\/voto.jpg","articleSection":["Elei\u00e7\u00f5es 2022"],"inLanguage":"pt-BR","potentialAction":[{"@type":"CommentAction","name":"Comment","target":["https:\/\/www.notibras.com\/site\/de-fora-do-parlamento-candidato-lamenta-o-eleitor-que-tem\/#respond"]}]},{"@type":"WebPage","@id":"https:\/\/www.notibras.com\/site\/de-fora-do-parlamento-candidato-lamenta-o-eleitor-que-tem\/","url":"https:\/\/www.notibras.com\/site\/de-fora-do-parlamento-candidato-lamenta-o-eleitor-que-tem\/","name":"De fora do parlamento, candidato lamenta o eleitor que tem - Notibras","isPartOf":{"@id":"https:\/\/www.notibras.com\/site\/#website"},"primaryImageOfPage":{"@id":"https:\/\/www.notibras.com\/site\/de-fora-do-parlamento-candidato-lamenta-o-eleitor-que-tem\/#primaryimage"},"image":{"@id":"https:\/\/www.notibras.com\/site\/de-fora-do-parlamento-candidato-lamenta-o-eleitor-que-tem\/#primaryimage"},"thumbnailUrl":"https:\/\/www.notibras.com\/site\/wp-content\/uploads\/2014\/12\/voto.jpg","datePublished":"2014-12-31T10:09:20+00:00","breadcrumb":{"@id":"https:\/\/www.notibras.com\/site\/de-fora-do-parlamento-candidato-lamenta-o-eleitor-que-tem\/#breadcrumb"},"inLanguage":"pt-BR","potentialAction":[{"@type":"ReadAction","target":["https:\/\/www.notibras.com\/site\/de-fora-do-parlamento-candidato-lamenta-o-eleitor-que-tem\/"]}]},{"@type":"ImageObject","inLanguage":"pt-BR","@id":"https:\/\/www.notibras.com\/site\/de-fora-do-parlamento-candidato-lamenta-o-eleitor-que-tem\/#primaryimage","url":"https:\/\/www.notibras.com\/site\/wp-content\/uploads\/2014\/12\/voto.jpg","contentUrl":"https:\/\/www.notibras.com\/site\/wp-content\/uploads\/2014\/12\/voto.jpg","width":720,"height":422},{"@type":"BreadcrumbList","@id":"https:\/\/www.notibras.com\/site\/de-fora-do-parlamento-candidato-lamenta-o-eleitor-que-tem\/#breadcrumb","itemListElement":[{"@type":"ListItem","position":1,"name":"In\u00edcio","item":"https:\/\/www.notibras.com\/site\/"},{"@type":"ListItem","position":2,"name":"De fora do parlamento, candidato lamenta o eleitor que tem"}]},{"@type":"WebSite","@id":"https:\/\/www.notibras.com\/site\/#website","url":"https:\/\/www.notibras.com\/site\/","name":"Notibras","description":"Not\u00edcias de Bras\u00edlia, do Brasil e do Mundo","publisher":{"@id":"https:\/\/www.notibras.com\/site\/#organization"},"potentialAction":[{"@type":"SearchAction","target":{"@type":"EntryPoint","urlTemplate":"https:\/\/www.notibras.com\/site\/?s={search_term_string}"},"query-input":{"@type":"PropertyValueSpecification","valueRequired":true,"valueName":"search_term_string"}}],"inLanguage":"pt-BR"},{"@type":"Organization","@id":"https:\/\/www.notibras.com\/site\/#organization","name":"Grupo Notibras de Comunica\u00e7\u00e3o","url":"https:\/\/www.notibras.com\/site\/","logo":{"@type":"ImageObject","inLanguage":"pt-BR","@id":"https:\/\/www.notibras.com\/site\/#\/schema\/logo\/image\/","url":"https:\/\/www.notibras.com\/site\/wp-content\/uploads\/2023\/01\/notibras23.png","contentUrl":"https:\/\/www.notibras.com\/site\/wp-content\/uploads\/2023\/01\/notibras23.png","width":350,"height":87,"caption":"Grupo Notibras de Comunica\u00e7\u00e3o"},"image":{"@id":"https:\/\/www.notibras.com\/site\/#\/schema\/logo\/image\/"},"sameAs":["https:\/\/www.facebook.com\/notibras\/","https:\/\/x.com\/Notibras","https:\/\/www.instagram.com\/notibras\/"]},{"@type":"Person","@id":"https:\/\/www.notibras.com\/site\/#\/schema\/person\/00b8e1aa08f9ef6563e878c5159d01cf","name":"Reda\u00e7\u00e3o","image":{"@type":"ImageObject","inLanguage":"pt-BR","@id":"https:\/\/secure.gravatar.com\/avatar\/ac5a707d5b47784a5ed426c6e213e201423c750890f64e4c379114dade67dfb9?s=96&d=mm&r=g","url":"https:\/\/secure.gravatar.com\/avatar\/ac5a707d5b47784a5ed426c6e213e201423c750890f64e4c379114dade67dfb9?s=96&d=mm&r=g","contentUrl":"https:\/\/secure.gravatar.com\/avatar\/ac5a707d5b47784a5ed426c6e213e201423c750890f64e4c379114dade67dfb9?s=96&d=mm&r=g","caption":"Reda\u00e7\u00e3o"}}]}},"amp_enabled":true,"_links":{"self":[{"href":"https:\/\/www.notibras.com\/site\/wp-json\/wp\/v2\/posts\/32543","targetHints":{"allow":["GET"]}}],"collection":[{"href":"https:\/\/www.notibras.com\/site\/wp-json\/wp\/v2\/posts"}],"about":[{"href":"https:\/\/www.notibras.com\/site\/wp-json\/wp\/v2\/types\/post"}],"author":[{"embeddable":true,"href":"https:\/\/www.notibras.com\/site\/wp-json\/wp\/v2\/users\/1"}],"replies":[{"embeddable":true,"href":"https:\/\/www.notibras.com\/site\/wp-json\/wp\/v2\/comments?post=32543"}],"version-history":[{"count":0,"href":"https:\/\/www.notibras.com\/site\/wp-json\/wp\/v2\/posts\/32543\/revisions"}],"wp:featuredmedia":[{"embeddable":true,"href":"https:\/\/www.notibras.com\/site\/wp-json\/wp\/v2\/media\/32544"}],"wp:attachment":[{"href":"https:\/\/www.notibras.com\/site\/wp-json\/wp\/v2\/media?parent=32543"}],"wp:term":[{"taxonomy":"category","embeddable":true,"href":"https:\/\/www.notibras.com\/site\/wp-json\/wp\/v2\/categories?post=32543"},{"taxonomy":"post_tag","embeddable":true,"href":"https:\/\/www.notibras.com\/site\/wp-json\/wp\/v2\/tags?post=32543"}],"curies":[{"name":"wp","href":"https:\/\/api.w.org\/{rel}","templated":true}]}}