{"id":325436,"date":"2024-03-26T01:11:05","date_gmt":"2024-03-26T04:11:05","guid":{"rendered":"https:\/\/www.notibras.com\/site\/?p=325436"},"modified":"2024-03-27T11:29:54","modified_gmt":"2024-03-27T14:29:54","slug":"tribunal-manda-educacao-corrigir-falhas-nas-ausencias-de-professores","status":"publish","type":"post","link":"https:\/\/www.notibras.com\/site\/tribunal-manda-educacao-corrigir-falhas-nas-ausencias-de-professores\/","title":{"rendered":"Tribunal manda Educa\u00e7\u00e3o corrigir falhas nas aus\u00eancias de professores"},"content":{"rendered":"<p>O Tribunal de Contas do Distrito Federal notificou a Secretaria de Educa\u00e7\u00e3o sobre falhas na oferta de profissionais de magist\u00e9rio na Rede P\u00fablica de Ensino. A Corte aponta a necessidade de melhorias para garantir a transpar\u00eancia, a padroniza\u00e7\u00e3o e, principalmente, a gest\u00e3o efetiva das car\u00eancias de servidores. O \u00f3rg\u00e3o fiscalizador admite que houve avan\u00e7o em rela\u00e7\u00e3o a irregularidades apontadas em uma fiscaliza\u00e7\u00e3o do TCDF de 2021. As melhorias, por\u00e9m, ainda n\u00e3o s\u00e3o suficientes para garantir a oferta de professores e orientadores educacionais de maneira adequada.<\/p>\n<p>De acordo com o monitoramento realizado recentemente pelo Tribunal, a SEE n\u00e3o tem cumprido integralmente uma determina\u00e7\u00e3o da Corte de 2022 para que todas as aus\u00eancias sejam inclu\u00eddas no Sistema Integrado de Gest\u00e3o de Pessoas (Sigep). Essa plataforma foi criada para auxiliar as a\u00e7\u00f5es de gest\u00e3o dos profissionais da educa\u00e7\u00e3o nas unidades escolares e administrativas da rede p\u00fablica.<\/p>\n<p>No diagn\u00f3stico, o TCDF identificou quantitativo consider\u00e1vel de licen\u00e7as e afastamentos sem registro no Sigep, especialmente nos casos de aus\u00eancias inferiores a cinco dias. Geralmente, os registros de afastamento s\u00f3 t\u00eam sido feitos em prazo suficiente para substitui\u00e7\u00e3o por professor tempor\u00e1rio. Mas esse prazo n\u00e3o \u00e9 padronizado entre as diversas escolas da rede p\u00fablica. Enquanto algumas unidades solicitam professor substituto para os afastamentos de apenas um dia, outras escolas fazem esse pedido somente para per\u00edodos superiores a 30 dias.<\/p>\n<p>Al\u00e9m disso, 46% dos gestores n\u00e3o divulgam para a comunidade escolar as informa\u00e7\u00f5es quanto aos profissionais afastados e previs\u00e3o de retorno. Outra falha na publicidade, apontada por 73% dos gestores, \u00e9 a aus\u00eancia de regulamenta\u00e7\u00e3o sobre o local e a forma de divulga\u00e7\u00e3o dessas informa\u00e7\u00f5es.<\/p>\n<p>O levantamento do Tribunal tamb\u00e9m aponta que a maioria das escolas tem descumprido a legisla\u00e7\u00e3o ao priorizar a convoca\u00e7\u00e3o de professores tempor\u00e1rios para suprir as car\u00eancias provis\u00f3rias de educadores. Segundo normativo da Secretaria de Educa\u00e7\u00e3o, a convoca\u00e7\u00e3o de professor tempor\u00e1rio s\u00f3 deve ser feita quando for invi\u00e1vel a substitui\u00e7\u00e3o por outro educador concursado da mesma escola que tenha carga hor\u00e1ria n\u00e3o preenchida.<\/p>\n<p>Mas o monitoramento do TCDF aponta que 89% dos gestores nunca (73%) ou raramente (16%) utilizam essa carga hor\u00e1ria residual para as substitui\u00e7\u00f5es de at\u00e9 cinco dias. J\u00e1 nas aus\u00eancias entre 6 e 15 dias \u00e9 adotada a substitui\u00e7\u00e3o por professor tempor\u00e1rio em 79% dos casos.<\/p>\n<p>Por outro lado, o monitoramento do TCDF aponta ainda que 70,84% das escolas t\u00eam quantidade de orientadores educacionais em conformidade com a legisla\u00e7\u00e3o. Mas ainda existem 100 escolas com quantidade insuficiente de orientadores. Enquanto isso, 80 escolas t\u00eam profissionais em excesso.<\/p>\n<p>No m\u00eas passado, o Tribunal de Contas determinou que a Secretaria de Educa\u00e7\u00e3o estabele\u00e7a sistem\u00e1tica padronizada para divulga\u00e7\u00e3o cont\u00ednua \u00e0 comunidade escolar de informa\u00e7\u00f5es como carga hor\u00e1ria de cada professor, afastamentos e previs\u00e3o de retorno desses profissionais. A pasta tamb\u00e9m deve atuar para garantir que o suprimento de car\u00eancias provis\u00f3rias seja realizado, prioritariamente, por professor efetivo com carga hor\u00e1ria residual lotado na pr\u00f3pria escola. A Corte tamb\u00e9m cobrou a regulariza\u00e7\u00e3o da distribui\u00e7\u00e3o dos orientadores educacionais entre as unidades escolares, com a realoca\u00e7\u00e3o de excedentes para as escolas que apresentem d\u00e9ficit desses profissionais.<\/p>\n","protected":false},"excerpt":{"rendered":"<p>O Tribunal de Contas do Distrito Federal notificou a Secretaria de Educa\u00e7\u00e3o sobre falhas na oferta de profissionais de magist\u00e9rio na Rede P\u00fablica de Ensino. A Corte aponta a necessidade de melhorias para garantir a transpar\u00eancia, a padroniza\u00e7\u00e3o e, principalmente, a gest\u00e3o efetiva das car\u00eancias de servidores. O \u00f3rg\u00e3o fiscalizador admite que houve avan\u00e7o em [&hellip;]<\/p>\n","protected":false},"author":2,"featured_media":208174,"comment_status":"closed","ping_status":"closed","sticky":false,"template":"","format":"standard","meta":{"_acf_changed":false,"footnotes":""},"categories":[161],"tags":[],"class_list":["post-325436","post","type-post","status-publish","format-standard","has-post-thumbnail","hentry","category-quadradinho-em-foco"],"acf":[],"yoast_head":"<!-- This site is optimized with the Yoast SEO plugin v27.5 - https:\/\/yoast.com\/product\/yoast-seo-wordpress\/ -->\n<title>Tribunal manda Educa\u00e7\u00e3o corrigir falhas nas aus\u00eancias de professores - Notibras<\/title>\n<meta name=\"robots\" content=\"index, follow, max-snippet:-1, max-image-preview:large, max-video-preview:-1\" \/>\n<link rel=\"canonical\" href=\"https:\/\/www.notibras.com\/site\/tribunal-manda-educacao-corrigir-falhas-nas-ausencias-de-professores\/\" \/>\n<meta property=\"og:locale\" content=\"pt_BR\" \/>\n<meta property=\"og:type\" content=\"article\" \/>\n<meta property=\"og:title\" content=\"Tribunal manda Educa\u00e7\u00e3o corrigir falhas nas aus\u00eancias de professores - Notibras\" \/>\n<meta property=\"og:description\" content=\"O Tribunal de Contas do Distrito Federal notificou a Secretaria de Educa\u00e7\u00e3o sobre falhas na oferta de profissionais de magist\u00e9rio na Rede P\u00fablica de Ensino. A Corte aponta a necessidade de melhorias para garantir a transpar\u00eancia, a padroniza\u00e7\u00e3o e, principalmente, a gest\u00e3o efetiva das car\u00eancias de servidores. O \u00f3rg\u00e3o fiscalizador admite que houve avan\u00e7o em [&hellip;]\" \/>\n<meta property=\"og:url\" content=\"https:\/\/www.notibras.com\/site\/tribunal-manda-educacao-corrigir-falhas-nas-ausencias-de-professores\/\" \/>\n<meta property=\"og:site_name\" content=\"Notibras\" \/>\n<meta property=\"article:publisher\" content=\"https:\/\/www.facebook.com\/notibras\/\" \/>\n<meta property=\"article:published_time\" content=\"2024-03-26T04:11:05+00:00\" \/>\n<meta property=\"article:modified_time\" content=\"2024-03-27T14:29:54+00:00\" \/>\n<meta property=\"og:image\" content=\"https:\/\/www.notibras.com\/site\/wp-content\/uploads\/2019\/05\/professor-14.jpg\" \/>\n\t<meta property=\"og:image:width\" content=\"1140\" \/>\n\t<meta property=\"og:image:height\" content=\"760\" \/>\n\t<meta property=\"og:image:type\" content=\"image\/jpeg\" \/>\n<meta name=\"author\" content=\"Reda\u00e7\u00e3o\" \/>\n<meta name=\"twitter:card\" content=\"summary_large_image\" \/>\n<meta name=\"twitter:creator\" content=\"@Notibras\" \/>\n<meta name=\"twitter:site\" content=\"@Notibras\" \/>\n<meta name=\"twitter:label1\" content=\"Escrito por\" \/>\n\t<meta name=\"twitter:data1\" content=\"Reda\u00e7\u00e3o\" \/>\n\t<meta name=\"twitter:label2\" content=\"Est. tempo de leitura\" \/>\n\t<meta name=\"twitter:data2\" content=\"4 minutos\" \/>\n<script type=\"application\/ld+json\" class=\"yoast-schema-graph\">{\"@context\":\"https:\\\/\\\/schema.org\",\"@graph\":[{\"@type\":\"Article\",\"@id\":\"https:\\\/\\\/www.notibras.com\\\/site\\\/tribunal-manda-educacao-corrigir-falhas-nas-ausencias-de-professores\\\/#article\",\"isPartOf\":{\"@id\":\"https:\\\/\\\/www.notibras.com\\\/site\\\/tribunal-manda-educacao-corrigir-falhas-nas-ausencias-de-professores\\\/\"},\"author\":{\"name\":\"Reda\u00e7\u00e3o\",\"@id\":\"https:\\\/\\\/www.notibras.com\\\/site\\\/#\\\/schema\\\/person\\\/36ab0979449956132d3e5b517ea76ac8\"},\"headline\":\"Tribunal manda Educa\u00e7\u00e3o corrigir falhas nas aus\u00eancias de professores\",\"datePublished\":\"2024-03-26T04:11:05+00:00\",\"dateModified\":\"2024-03-27T14:29:54+00:00\",\"mainEntityOfPage\":{\"@id\":\"https:\\\/\\\/www.notibras.com\\\/site\\\/tribunal-manda-educacao-corrigir-falhas-nas-ausencias-de-professores\\\/\"},\"wordCount\":582,\"publisher\":{\"@id\":\"https:\\\/\\\/www.notibras.com\\\/site\\\/#organization\"},\"image\":{\"@id\":\"https:\\\/\\\/www.notibras.com\\\/site\\\/tribunal-manda-educacao-corrigir-falhas-nas-ausencias-de-professores\\\/#primaryimage\"},\"thumbnailUrl\":\"https:\\\/\\\/www.notibras.com\\\/site\\\/wp-content\\\/uploads\\\/2019\\\/05\\\/professor-14.jpg\",\"articleSection\":[\"Quadradinho em Foco\"],\"inLanguage\":\"pt-BR\"},{\"@type\":\"WebPage\",\"@id\":\"https:\\\/\\\/www.notibras.com\\\/site\\\/tribunal-manda-educacao-corrigir-falhas-nas-ausencias-de-professores\\\/\",\"url\":\"https:\\\/\\\/www.notibras.com\\\/site\\\/tribunal-manda-educacao-corrigir-falhas-nas-ausencias-de-professores\\\/\",\"name\":\"Tribunal manda Educa\u00e7\u00e3o corrigir falhas nas aus\u00eancias de professores - Notibras\",\"isPartOf\":{\"@id\":\"https:\\\/\\\/www.notibras.com\\\/site\\\/#website\"},\"primaryImageOfPage\":{\"@id\":\"https:\\\/\\\/www.notibras.com\\\/site\\\/tribunal-manda-educacao-corrigir-falhas-nas-ausencias-de-professores\\\/#primaryimage\"},\"image\":{\"@id\":\"https:\\\/\\\/www.notibras.com\\\/site\\\/tribunal-manda-educacao-corrigir-falhas-nas-ausencias-de-professores\\\/#primaryimage\"},\"thumbnailUrl\":\"https:\\\/\\\/www.notibras.com\\\/site\\\/wp-content\\\/uploads\\\/2019\\\/05\\\/professor-14.jpg\",\"datePublished\":\"2024-03-26T04:11:05+00:00\",\"dateModified\":\"2024-03-27T14:29:54+00:00\",\"breadcrumb\":{\"@id\":\"https:\\\/\\\/www.notibras.com\\\/site\\\/tribunal-manda-educacao-corrigir-falhas-nas-ausencias-de-professores\\\/#breadcrumb\"},\"inLanguage\":\"pt-BR\",\"potentialAction\":[{\"@type\":\"ReadAction\",\"target\":[\"https:\\\/\\\/www.notibras.com\\\/site\\\/tribunal-manda-educacao-corrigir-falhas-nas-ausencias-de-professores\\\/\"]}]},{\"@type\":\"ImageObject\",\"inLanguage\":\"pt-BR\",\"@id\":\"https:\\\/\\\/www.notibras.com\\\/site\\\/tribunal-manda-educacao-corrigir-falhas-nas-ausencias-de-professores\\\/#primaryimage\",\"url\":\"https:\\\/\\\/www.notibras.com\\\/site\\\/wp-content\\\/uploads\\\/2019\\\/05\\\/professor-14.jpg\",\"contentUrl\":\"https:\\\/\\\/www.notibras.com\\\/site\\\/wp-content\\\/uploads\\\/2019\\\/05\\\/professor-14.jpg\",\"width\":1140,\"height\":760},{\"@type\":\"BreadcrumbList\",\"@id\":\"https:\\\/\\\/www.notibras.com\\\/site\\\/tribunal-manda-educacao-corrigir-falhas-nas-ausencias-de-professores\\\/#breadcrumb\",\"itemListElement\":[{\"@type\":\"ListItem\",\"position\":1,\"name\":\"In\u00edcio\",\"item\":\"https:\\\/\\\/www.notibras.com\\\/site\\\/\"},{\"@type\":\"ListItem\",\"position\":2,\"name\":\"Tribunal manda Educa\u00e7\u00e3o corrigir falhas nas aus\u00eancias de professores\"}]},{\"@type\":\"WebSite\",\"@id\":\"https:\\\/\\\/www.notibras.com\\\/site\\\/#website\",\"url\":\"https:\\\/\\\/www.notibras.com\\\/site\\\/\",\"name\":\"Notibras\",\"description\":\"Not\u00edcias de Bras\u00edlia, do Brasil e do Mundo\",\"publisher\":{\"@id\":\"https:\\\/\\\/www.notibras.com\\\/site\\\/#organization\"},\"potentialAction\":[{\"@type\":\"SearchAction\",\"target\":{\"@type\":\"EntryPoint\",\"urlTemplate\":\"https:\\\/\\\/www.notibras.com\\\/site\\\/?s={search_term_string}\"},\"query-input\":{\"@type\":\"PropertyValueSpecification\",\"valueRequired\":true,\"valueName\":\"search_term_string\"}}],\"inLanguage\":\"pt-BR\"},{\"@type\":\"Organization\",\"@id\":\"https:\\\/\\\/www.notibras.com\\\/site\\\/#organization\",\"name\":\"Grupo Notibras de Comunica\u00e7\u00e3o\",\"url\":\"https:\\\/\\\/www.notibras.com\\\/site\\\/\",\"logo\":{\"@type\":\"ImageObject\",\"inLanguage\":\"pt-BR\",\"@id\":\"https:\\\/\\\/www.notibras.com\\\/site\\\/#\\\/schema\\\/logo\\\/image\\\/\",\"url\":\"https:\\\/\\\/www.notibras.com\\\/site\\\/wp-content\\\/uploads\\\/2023\\\/01\\\/notibras23.png\",\"contentUrl\":\"https:\\\/\\\/www.notibras.com\\\/site\\\/wp-content\\\/uploads\\\/2023\\\/01\\\/notibras23.png\",\"width\":350,\"height\":87,\"caption\":\"Grupo Notibras de Comunica\u00e7\u00e3o\"},\"image\":{\"@id\":\"https:\\\/\\\/www.notibras.com\\\/site\\\/#\\\/schema\\\/logo\\\/image\\\/\"},\"sameAs\":[\"https:\\\/\\\/www.facebook.com\\\/notibras\\\/\",\"https:\\\/\\\/x.com\\\/Notibras\",\"https:\\\/\\\/www.instagram.com\\\/notibras\\\/\"]},{\"@type\":\"Person\",\"@id\":\"https:\\\/\\\/www.notibras.com\\\/site\\\/#\\\/schema\\\/person\\\/36ab0979449956132d3e5b517ea76ac8\",\"name\":\"Reda\u00e7\u00e3o\",\"image\":{\"@type\":\"ImageObject\",\"inLanguage\":\"pt-BR\",\"@id\":\"https:\\\/\\\/secure.gravatar.com\\\/avatar\\\/e0a867bdedb85fd243eadf09663511f96fc81e0720a4a42581f334ad4303aa6b?s=96&d=mm&r=g\",\"url\":\"https:\\\/\\\/secure.gravatar.com\\\/avatar\\\/e0a867bdedb85fd243eadf09663511f96fc81e0720a4a42581f334ad4303aa6b?s=96&d=mm&r=g\",\"contentUrl\":\"https:\\\/\\\/secure.gravatar.com\\\/avatar\\\/e0a867bdedb85fd243eadf09663511f96fc81e0720a4a42581f334ad4303aa6b?s=96&d=mm&r=g\",\"caption\":\"Reda\u00e7\u00e3o\"}}]}<\/script>\n<!-- \/ Yoast SEO plugin. -->","yoast_head_json":{"title":"Tribunal manda Educa\u00e7\u00e3o corrigir falhas nas aus\u00eancias de professores - Notibras","robots":{"index":"index","follow":"follow","max-snippet":"max-snippet:-1","max-image-preview":"max-image-preview:large","max-video-preview":"max-video-preview:-1"},"canonical":"https:\/\/www.notibras.com\/site\/tribunal-manda-educacao-corrigir-falhas-nas-ausencias-de-professores\/","og_locale":"pt_BR","og_type":"article","og_title":"Tribunal manda Educa\u00e7\u00e3o corrigir falhas nas aus\u00eancias de professores - Notibras","og_description":"O Tribunal de Contas do Distrito Federal notificou a Secretaria de Educa\u00e7\u00e3o sobre falhas na oferta de profissionais de magist\u00e9rio na Rede P\u00fablica de Ensino. A Corte aponta a necessidade de melhorias para garantir a transpar\u00eancia, a padroniza\u00e7\u00e3o e, principalmente, a gest\u00e3o efetiva das car\u00eancias de servidores. O \u00f3rg\u00e3o fiscalizador admite que houve avan\u00e7o em [&hellip;]","og_url":"https:\/\/www.notibras.com\/site\/tribunal-manda-educacao-corrigir-falhas-nas-ausencias-de-professores\/","og_site_name":"Notibras","article_publisher":"https:\/\/www.facebook.com\/notibras\/","article_published_time":"2024-03-26T04:11:05+00:00","article_modified_time":"2024-03-27T14:29:54+00:00","og_image":[{"width":1140,"height":760,"url":"https:\/\/www.notibras.com\/site\/wp-content\/uploads\/2019\/05\/professor-14.jpg","type":"image\/jpeg"}],"author":"Reda\u00e7\u00e3o","twitter_card":"summary_large_image","twitter_creator":"@Notibras","twitter_site":"@Notibras","twitter_misc":{"Escrito por":"Reda\u00e7\u00e3o","Est. tempo de leitura":"4 minutos"},"schema":{"@context":"https:\/\/schema.org","@graph":[{"@type":"Article","@id":"https:\/\/www.notibras.com\/site\/tribunal-manda-educacao-corrigir-falhas-nas-ausencias-de-professores\/#article","isPartOf":{"@id":"https:\/\/www.notibras.com\/site\/tribunal-manda-educacao-corrigir-falhas-nas-ausencias-de-professores\/"},"author":{"name":"Reda\u00e7\u00e3o","@id":"https:\/\/www.notibras.com\/site\/#\/schema\/person\/36ab0979449956132d3e5b517ea76ac8"},"headline":"Tribunal manda Educa\u00e7\u00e3o corrigir falhas nas aus\u00eancias de professores","datePublished":"2024-03-26T04:11:05+00:00","dateModified":"2024-03-27T14:29:54+00:00","mainEntityOfPage":{"@id":"https:\/\/www.notibras.com\/site\/tribunal-manda-educacao-corrigir-falhas-nas-ausencias-de-professores\/"},"wordCount":582,"publisher":{"@id":"https:\/\/www.notibras.com\/site\/#organization"},"image":{"@id":"https:\/\/www.notibras.com\/site\/tribunal-manda-educacao-corrigir-falhas-nas-ausencias-de-professores\/#primaryimage"},"thumbnailUrl":"https:\/\/www.notibras.com\/site\/wp-content\/uploads\/2019\/05\/professor-14.jpg","articleSection":["Quadradinho em Foco"],"inLanguage":"pt-BR"},{"@type":"WebPage","@id":"https:\/\/www.notibras.com\/site\/tribunal-manda-educacao-corrigir-falhas-nas-ausencias-de-professores\/","url":"https:\/\/www.notibras.com\/site\/tribunal-manda-educacao-corrigir-falhas-nas-ausencias-de-professores\/","name":"Tribunal manda Educa\u00e7\u00e3o corrigir falhas nas aus\u00eancias de professores - Notibras","isPartOf":{"@id":"https:\/\/www.notibras.com\/site\/#website"},"primaryImageOfPage":{"@id":"https:\/\/www.notibras.com\/site\/tribunal-manda-educacao-corrigir-falhas-nas-ausencias-de-professores\/#primaryimage"},"image":{"@id":"https:\/\/www.notibras.com\/site\/tribunal-manda-educacao-corrigir-falhas-nas-ausencias-de-professores\/#primaryimage"},"thumbnailUrl":"https:\/\/www.notibras.com\/site\/wp-content\/uploads\/2019\/05\/professor-14.jpg","datePublished":"2024-03-26T04:11:05+00:00","dateModified":"2024-03-27T14:29:54+00:00","breadcrumb":{"@id":"https:\/\/www.notibras.com\/site\/tribunal-manda-educacao-corrigir-falhas-nas-ausencias-de-professores\/#breadcrumb"},"inLanguage":"pt-BR","potentialAction":[{"@type":"ReadAction","target":["https:\/\/www.notibras.com\/site\/tribunal-manda-educacao-corrigir-falhas-nas-ausencias-de-professores\/"]}]},{"@type":"ImageObject","inLanguage":"pt-BR","@id":"https:\/\/www.notibras.com\/site\/tribunal-manda-educacao-corrigir-falhas-nas-ausencias-de-professores\/#primaryimage","url":"https:\/\/www.notibras.com\/site\/wp-content\/uploads\/2019\/05\/professor-14.jpg","contentUrl":"https:\/\/www.notibras.com\/site\/wp-content\/uploads\/2019\/05\/professor-14.jpg","width":1140,"height":760},{"@type":"BreadcrumbList","@id":"https:\/\/www.notibras.com\/site\/tribunal-manda-educacao-corrigir-falhas-nas-ausencias-de-professores\/#breadcrumb","itemListElement":[{"@type":"ListItem","position":1,"name":"In\u00edcio","item":"https:\/\/www.notibras.com\/site\/"},{"@type":"ListItem","position":2,"name":"Tribunal manda Educa\u00e7\u00e3o corrigir falhas nas aus\u00eancias de professores"}]},{"@type":"WebSite","@id":"https:\/\/www.notibras.com\/site\/#website","url":"https:\/\/www.notibras.com\/site\/","name":"Notibras","description":"Not\u00edcias de Bras\u00edlia, do Brasil e do Mundo","publisher":{"@id":"https:\/\/www.notibras.com\/site\/#organization"},"potentialAction":[{"@type":"SearchAction","target":{"@type":"EntryPoint","urlTemplate":"https:\/\/www.notibras.com\/site\/?s={search_term_string}"},"query-input":{"@type":"PropertyValueSpecification","valueRequired":true,"valueName":"search_term_string"}}],"inLanguage":"pt-BR"},{"@type":"Organization","@id":"https:\/\/www.notibras.com\/site\/#organization","name":"Grupo Notibras de Comunica\u00e7\u00e3o","url":"https:\/\/www.notibras.com\/site\/","logo":{"@type":"ImageObject","inLanguage":"pt-BR","@id":"https:\/\/www.notibras.com\/site\/#\/schema\/logo\/image\/","url":"https:\/\/www.notibras.com\/site\/wp-content\/uploads\/2023\/01\/notibras23.png","contentUrl":"https:\/\/www.notibras.com\/site\/wp-content\/uploads\/2023\/01\/notibras23.png","width":350,"height":87,"caption":"Grupo Notibras de Comunica\u00e7\u00e3o"},"image":{"@id":"https:\/\/www.notibras.com\/site\/#\/schema\/logo\/image\/"},"sameAs":["https:\/\/www.facebook.com\/notibras\/","https:\/\/x.com\/Notibras","https:\/\/www.instagram.com\/notibras\/"]},{"@type":"Person","@id":"https:\/\/www.notibras.com\/site\/#\/schema\/person\/36ab0979449956132d3e5b517ea76ac8","name":"Reda\u00e7\u00e3o","image":{"@type":"ImageObject","inLanguage":"pt-BR","@id":"https:\/\/secure.gravatar.com\/avatar\/e0a867bdedb85fd243eadf09663511f96fc81e0720a4a42581f334ad4303aa6b?s=96&d=mm&r=g","url":"https:\/\/secure.gravatar.com\/avatar\/e0a867bdedb85fd243eadf09663511f96fc81e0720a4a42581f334ad4303aa6b?s=96&d=mm&r=g","contentUrl":"https:\/\/secure.gravatar.com\/avatar\/e0a867bdedb85fd243eadf09663511f96fc81e0720a4a42581f334ad4303aa6b?s=96&d=mm&r=g","caption":"Reda\u00e7\u00e3o"}}]}},"amp_enabled":true,"_links":{"self":[{"href":"https:\/\/www.notibras.com\/site\/wp-json\/wp\/v2\/posts\/325436","targetHints":{"allow":["GET"]}}],"collection":[{"href":"https:\/\/www.notibras.com\/site\/wp-json\/wp\/v2\/posts"}],"about":[{"href":"https:\/\/www.notibras.com\/site\/wp-json\/wp\/v2\/types\/post"}],"author":[{"embeddable":true,"href":"https:\/\/www.notibras.com\/site\/wp-json\/wp\/v2\/users\/2"}],"replies":[{"embeddable":true,"href":"https:\/\/www.notibras.com\/site\/wp-json\/wp\/v2\/comments?post=325436"}],"version-history":[{"count":1,"href":"https:\/\/www.notibras.com\/site\/wp-json\/wp\/v2\/posts\/325436\/revisions"}],"predecessor-version":[{"id":325437,"href":"https:\/\/www.notibras.com\/site\/wp-json\/wp\/v2\/posts\/325436\/revisions\/325437"}],"wp:featuredmedia":[{"embeddable":true,"href":"https:\/\/www.notibras.com\/site\/wp-json\/wp\/v2\/media\/208174"}],"wp:attachment":[{"href":"https:\/\/www.notibras.com\/site\/wp-json\/wp\/v2\/media?parent=325436"}],"wp:term":[{"taxonomy":"category","embeddable":true,"href":"https:\/\/www.notibras.com\/site\/wp-json\/wp\/v2\/categories?post=325436"},{"taxonomy":"post_tag","embeddable":true,"href":"https:\/\/www.notibras.com\/site\/wp-json\/wp\/v2\/tags?post=325436"}],"curies":[{"name":"wp","href":"https:\/\/api.w.org\/{rel}","templated":true}]}}