{"id":325447,"date":"2024-03-26T00:00:09","date_gmt":"2024-03-26T03:00:09","guid":{"rendered":"https:\/\/www.notibras.com\/site\/?p=325447"},"modified":"2024-03-26T11:25:08","modified_gmt":"2024-03-26T14:25:08","slug":"dia-roxo-conscientiza-a-populacao-sobre-a-epilepsia","status":"publish","type":"post","link":"https:\/\/www.notibras.com\/site\/dia-roxo-conscientiza-a-populacao-sobre-a-epilepsia\/","title":{"rendered":"Dia Roxo conscientiza a popula\u00e7\u00e3o sobre a epilepsia"},"content":{"rendered":"<p>O dia 26 de mar\u00e7o \u00e9 marcado como Dia Roxo, ou Dia Internacional de Conscientiza\u00e7\u00e3o sobre a Pessoa com Epilepsia. A doen\u00e7a \u00e9 a condi\u00e7\u00e3o cr\u00f4nica neurol\u00f3gica mais prevalente no mundo \u2013 segundo a Organiza\u00e7\u00e3o Mundial da Sa\u00fade (OMS), 50 milh\u00f5es de pessoas t\u00eam epilepsia. No Brasil, 2% da popula\u00e7\u00e3o t\u00eam a doen\u00e7a. No Distrito Federal, o Hospital da Crian\u00e7a de Bras\u00edlia Jos\u00e9 Alencar (HCB) acompanha crian\u00e7as e adolescentes com este quadro.<\/p>\n<p>Giovanna Ferreira tinha 6 anos de idade quando come\u00e7ou a ter crises epil\u00e9ticas. A fam\u00edlia procurou ajuda m\u00e9dica e ela iniciou o atendimento no Hospital de Base, com a neurologista Renata Brasileiro. Em 2011, quando o Hospital da Crian\u00e7a de Bras\u00edlia foi inaugurado, ela foi transferida para l\u00e1.<\/p>\n<p>No Dia Roxo, quase quatro meses ap\u00f3s a cirurgia, Giovanna comemora o sucesso do procedimento. A jovem, que completou 19 anos de idade no dia seguinte da cirurgia, j\u00e1 conseguiu realizar sonhos: \u201cMinha vida est\u00e1 muito boa, nunca mais tive crises. Agora posso fazer minhas coisas, andar de bicicleta\u201d, conta a adolescente. Antes da cirurgia, ela tinha muita vontade de aprender a cozinhar; agora, j\u00e1 consegue fazer o almo\u00e7o sozinha.<\/p>\n<p>A hist\u00f3ria de Giovanna foi citada na segunda-feira (25), em sess\u00e3o solene da C\u00e2mara Legislativa do Distrito Federal (CLDF). O chefe da neurocirurgia do HCB, Ben\u00edcio Oton de Lima, participou da mesa da sess\u00e3o solene e falou sobre o trabalho do hospital na estrutura\u00e7\u00e3o de um programa espec\u00edfico de cirurgias para epilepsia. \u201cExistem v\u00e1rias cirurgias, dependendo do tipo de epilepsia e do tipo de maneira que essa crian\u00e7a pode ser tratada; o HCB uniu um time de especialistas que se envolvem nessa forma de tratamento\u201d, relatou o neurocirurgi\u00e3o.<\/p>\n<p>Ao longo da sess\u00e3o, os participantes do evento destacaram o impacto que a epilepsia traz para a vida dos pacientes \u2013 inclusive na idade adulta, dificultando a\u00e7\u00f5es como dirigir ou encontrar um emprego. A embaixadora da Associa\u00e7\u00e3o Brasileira de Epilepsia em Goi\u00e2nia, Aline Pansani, comentou o dado de que mais de 50 milh\u00f5es de pessoas no mundo t\u00eam epilepsia e ressaltou que ela \u201cn\u00e3o \u00e9 uma doen\u00e7a rara, mas \u00e9 escondida. Essa sess\u00e3o \u00e9 uma forma de trazer luz para essa causa\u201d.<\/p>\n<p>Pansani lembrou, ainda, dos riscos associados \u00e0 doen\u00e7a e que n\u00e3o s\u00e3o divulgados: \u201cPoucas pessoas falam sobre a mortalidade. Quando falta um medicamento na rede p\u00fablica de sa\u00fade e o paciente tem que alterar o medicamento ou ficar sem, as crises podem perder o controle e, em uma crise, ele pode morrer subitamente. Ent\u00e3o, \u00e9 importante dar visibilidade a todos\u201d.<\/p>\n<p>O deputado distrital Jorge Vianna, que prop\u00f4s a sess\u00e3o, refor\u00e7ou que a sociedade precisa quebrar preconceitos que existem acerca da doen\u00e7a. \u201cA resposta a esse desafio \u00e9 a conscientiza\u00e7\u00e3o. Temos que educar as pessoas sobre a verdadeira natureza da epilepsia, sobre como lidar com as crises convulsivas\u201d.<\/p>\n<p><strong>Sintomas<\/strong><br \/>\n\u201cA epilepsia \u00e9 o c\u00e9rebro com uma hiperexcitabilidade neuronal, de maneira anormal e s\u00edncrona, gerando est\u00edmulos el\u00e9tricos fora do comum\u201d, explica a neurologista pedi\u00e1trica do HCB, Renata Brasileiro. A doen\u00e7a pode ter v\u00e1rias causas gen\u00e9ticas, infecciosas, acidentes vasculares cerebrais, traumatismo craniano e zika v\u00edrus, entre outras, e o diagn\u00f3stico \u00e9 feito de forma cl\u00ednica. \u201cEle \u00e9 feito por profissional m\u00e9dico da sa\u00fade b\u00e1sica, desde que tenha recebido treinamento adequado; depois, o paciente \u00e9 referenciado para um especialista\u201d, afirma Brasileiro.<\/p>\n<p>A conscientiza\u00e7\u00e3o sobre o Dia Roxo passa pelo entendimento dos sintomas da epilepsia \u2013 especialmente das crises acarretadas pela doen\u00e7a. \u201cAs mais conhecidas da popula\u00e7\u00e3o s\u00e3o aquelas em que o paciente cai, fica duro, se debate; s\u00e3o crises que chamamos de t\u00f4nica-cr\u00f4nica generalizada ou bilateral, popularmente conhecidas como convulsivas\u201d, diz a m\u00e9dica. Brasileiro alerta, por\u00e9m, que h\u00e1 outras formas de crise: \u201cVoc\u00ea pode ter crises de aus\u00eancia; crises em que o paciente sente um mal estar; ou que a pessoa puxa s\u00f3 um lado do corpo, s\u00f3 a boca. Em algumas crises, perde a consci\u00eancia, mas h\u00e1 crises em que a pessoa sabe o que est\u00e1 acontecendo\u201d.<\/p>\n<p>No HCB, a neurologista atende as crian\u00e7as encaminhadas pela Central de Regula\u00e7\u00e3o da Secretaria de Sa\u00fade do Distrito Federal (SES-DF) ao HCB. Unidade terci\u00e1ria de sa\u00fade, o hospital acompanha pacientes f\u00e1rmaco-resistentes. \u201cS\u00e3o pacientes que v\u00e3o precisar de uma equipe mais especializada porque, em geral, n\u00e3o respondem aos medicamentos utilizados. Fazemos uma investiga\u00e7\u00e3o para considerar outras formas de tratamento, como dieta cetog\u00eanica, cirurgia de epilepsia\u201d, esclarece Renata Brasileiro.<\/p>\n<p><strong>Tratamento<\/strong><br \/>\nA neurologista Renata Brasileiro explica que o principal tratamento para a epilepsia s\u00e3o os rem\u00e9dios, mas h\u00e1 outras abordagens, como a dieta cetog\u00eanica | Foto: Divbulga\u00e7\u00e3o\/ HCB<\/p>\n<p>O principal tratamento s\u00e3o os rem\u00e9dios, mas h\u00e1 outras abordagens, como a dieta cetog\u00eanica. Segundo a neurologista, essa \u201c\u00e9 uma dieta rica em gordura, pobre em prote\u00ednas e com praticamente nada em carboidrato; o objetivo \u00e9 mudar a fonte de energia para o c\u00e9rebro. \u00c9 um ambulat\u00f3rio composto por m\u00e9dico-neurologista e nutricionista\u201d.<\/p>\n<p>A estrutura\u00e7\u00e3o do ambulat\u00f3rio de dieta cetog\u00eanica do HCB foi constru\u00edda com apoio da neuropediatra do Hospital Materno Infantil de Bras\u00edlia (Hmib), Ludmila de Lima. \u201cA dieta funciona como uma medica\u00e7\u00e3o; \u00e9 uma comida minimamente calculada pelo peso, estatura e condi\u00e7\u00e3o nutricional do paciente por uma nutricionista especializada. Ela \u00e9 basicamente feita de gorduras, um pouquinho de carboidratos (que s\u00e3o nossos a\u00e7\u00facares), e a prote\u00edna \u00e9 normal, porque ele precisa crescer e se desenvolver\u201d, explica Lima.<\/p>\n<p>Outra forma de tratamento \u00e9 a abordagem cir\u00fargica, em que neurocirurgi\u00f5es operam a \u00e1rea do c\u00e9rebro onde se encontra a les\u00e3o neurol\u00f3gica que causa as crises epil\u00e9ticas. Em novembro de 2023, o Hospital da Crian\u00e7a de Bras\u00edlia realizou o procedimento para tratar a adolescente Giovanna Ferreira, ent\u00e3o com 18 anos. O atendimento teve um diferencial: parte da cirurgia foi realizada com a paciente acordada \u2013 a regi\u00e3o do c\u00e9rebro que precisava passar por ressec\u00e7\u00e3o ficava muito pr\u00f3xima da \u00e1rea respons\u00e1vel pela fala. Por isso, a paciente precisou ser capaz de conversar durante o procedimento.<\/p>\n<p>O HCB j\u00e1 realiza outras cirurgias do tipo, mas foi a primeira vez que o procedimento foi realizado com o paciente desperto. \u201cCome\u00e7amos normalmente, com a seda\u00e7\u00e3o, e expomos o c\u00e9rebro para monitorizar a \u00e1rea da fala, saber se est\u00e1 fazendo sentido. A regi\u00e3o a ser ressecada era muito pr\u00f3xima dessa \u00e1rea\u201d, explica o neurocirurgi\u00e3o do HCB, Paulo Le\u00e3o.<\/p>\n<p>Para estimular a conscientiza\u00e7\u00e3o e a informa\u00e7\u00e3o sobre a epilepsia, o Hospital da Crian\u00e7a de Bras\u00edlia ser\u00e1 iluminado de roxo, chamando a aten\u00e7\u00e3o da popula\u00e7\u00e3o.<\/p>\n","protected":false},"excerpt":{"rendered":"<p>O dia 26 de mar\u00e7o \u00e9 marcado como Dia Roxo, ou Dia Internacional de Conscientiza\u00e7\u00e3o sobre a Pessoa com Epilepsia. A doen\u00e7a \u00e9 a condi\u00e7\u00e3o cr\u00f4nica neurol\u00f3gica mais prevalente no mundo \u2013 segundo a Organiza\u00e7\u00e3o Mundial da Sa\u00fade (OMS), 50 milh\u00f5es de pessoas t\u00eam epilepsia. No Brasil, 2% da popula\u00e7\u00e3o t\u00eam a doen\u00e7a. No Distrito [&hellip;]<\/p>\n","protected":false},"author":2,"featured_media":325448,"comment_status":"closed","ping_status":"closed","sticky":false,"template":"","format":"standard","meta":{"_acf_changed":false,"footnotes":""},"categories":[161],"tags":[],"class_list":["post-325447","post","type-post","status-publish","format-standard","has-post-thumbnail","hentry","category-quadradinho-em-foco"],"acf":[],"yoast_head":"<!-- This site is optimized with the Yoast SEO plugin v27.5 - https:\/\/yoast.com\/product\/yoast-seo-wordpress\/ -->\n<title>Dia Roxo conscientiza a popula\u00e7\u00e3o sobre a epilepsia - Notibras<\/title>\n<meta name=\"robots\" content=\"index, follow, max-snippet:-1, max-image-preview:large, max-video-preview:-1\" \/>\n<link rel=\"canonical\" href=\"https:\/\/www.notibras.com\/site\/dia-roxo-conscientiza-a-populacao-sobre-a-epilepsia\/\" \/>\n<meta property=\"og:locale\" content=\"pt_BR\" \/>\n<meta property=\"og:type\" content=\"article\" \/>\n<meta property=\"og:title\" content=\"Dia Roxo conscientiza a popula\u00e7\u00e3o sobre a epilepsia - Notibras\" \/>\n<meta property=\"og:description\" content=\"O dia 26 de mar\u00e7o \u00e9 marcado como Dia Roxo, ou Dia Internacional de Conscientiza\u00e7\u00e3o sobre a Pessoa com Epilepsia. A doen\u00e7a \u00e9 a condi\u00e7\u00e3o cr\u00f4nica neurol\u00f3gica mais prevalente no mundo \u2013 segundo a Organiza\u00e7\u00e3o Mundial da Sa\u00fade (OMS), 50 milh\u00f5es de pessoas t\u00eam epilepsia. No Brasil, 2% da popula\u00e7\u00e3o t\u00eam a doen\u00e7a. No Distrito [&hellip;]\" \/>\n<meta property=\"og:url\" content=\"https:\/\/www.notibras.com\/site\/dia-roxo-conscientiza-a-populacao-sobre-a-epilepsia\/\" \/>\n<meta property=\"og:site_name\" content=\"Notibras\" \/>\n<meta property=\"article:publisher\" content=\"https:\/\/www.facebook.com\/notibras\/\" \/>\n<meta property=\"article:published_time\" content=\"2024-03-26T03:00:09+00:00\" \/>\n<meta property=\"article:modified_time\" content=\"2024-03-26T14:25:08+00:00\" \/>\n<meta property=\"og:image\" content=\"https:\/\/www.notibras.com\/site\/wp-content\/uploads\/2024\/03\/Epilepsia-HCB-neurologista-Renata-Brasileiro_MG_0306.jpg\" \/>\n\t<meta property=\"og:image:width\" content=\"1080\" \/>\n\t<meta property=\"og:image:height\" content=\"720\" \/>\n\t<meta property=\"og:image:type\" content=\"image\/jpeg\" \/>\n<meta name=\"author\" content=\"Reda\u00e7\u00e3o\" \/>\n<meta name=\"twitter:card\" content=\"summary_large_image\" \/>\n<meta name=\"twitter:creator\" content=\"@Notibras\" \/>\n<meta name=\"twitter:site\" content=\"@Notibras\" \/>\n<meta name=\"twitter:label1\" content=\"Escrito por\" \/>\n\t<meta name=\"twitter:data1\" content=\"Reda\u00e7\u00e3o\" \/>\n\t<meta name=\"twitter:label2\" content=\"Est. tempo de leitura\" \/>\n\t<meta name=\"twitter:data2\" content=\"7 minutos\" \/>\n<script type=\"application\/ld+json\" class=\"yoast-schema-graph\">{\"@context\":\"https:\\\/\\\/schema.org\",\"@graph\":[{\"@type\":\"Article\",\"@id\":\"https:\\\/\\\/www.notibras.com\\\/site\\\/dia-roxo-conscientiza-a-populacao-sobre-a-epilepsia\\\/#article\",\"isPartOf\":{\"@id\":\"https:\\\/\\\/www.notibras.com\\\/site\\\/dia-roxo-conscientiza-a-populacao-sobre-a-epilepsia\\\/\"},\"author\":{\"name\":\"Reda\u00e7\u00e3o\",\"@id\":\"https:\\\/\\\/www.notibras.com\\\/site\\\/#\\\/schema\\\/person\\\/36ab0979449956132d3e5b517ea76ac8\"},\"headline\":\"Dia Roxo conscientiza a popula\u00e7\u00e3o sobre a epilepsia\",\"datePublished\":\"2024-03-26T03:00:09+00:00\",\"dateModified\":\"2024-03-26T14:25:08+00:00\",\"mainEntityOfPage\":{\"@id\":\"https:\\\/\\\/www.notibras.com\\\/site\\\/dia-roxo-conscientiza-a-populacao-sobre-a-epilepsia\\\/\"},\"wordCount\":1168,\"publisher\":{\"@id\":\"https:\\\/\\\/www.notibras.com\\\/site\\\/#organization\"},\"image\":{\"@id\":\"https:\\\/\\\/www.notibras.com\\\/site\\\/dia-roxo-conscientiza-a-populacao-sobre-a-epilepsia\\\/#primaryimage\"},\"thumbnailUrl\":\"https:\\\/\\\/www.notibras.com\\\/site\\\/wp-content\\\/uploads\\\/2024\\\/03\\\/Epilepsia-HCB-neurologista-Renata-Brasileiro_MG_0306.jpg\",\"articleSection\":[\"Quadradinho em Foco\"],\"inLanguage\":\"pt-BR\"},{\"@type\":\"WebPage\",\"@id\":\"https:\\\/\\\/www.notibras.com\\\/site\\\/dia-roxo-conscientiza-a-populacao-sobre-a-epilepsia\\\/\",\"url\":\"https:\\\/\\\/www.notibras.com\\\/site\\\/dia-roxo-conscientiza-a-populacao-sobre-a-epilepsia\\\/\",\"name\":\"Dia Roxo conscientiza a popula\u00e7\u00e3o sobre a epilepsia - Notibras\",\"isPartOf\":{\"@id\":\"https:\\\/\\\/www.notibras.com\\\/site\\\/#website\"},\"primaryImageOfPage\":{\"@id\":\"https:\\\/\\\/www.notibras.com\\\/site\\\/dia-roxo-conscientiza-a-populacao-sobre-a-epilepsia\\\/#primaryimage\"},\"image\":{\"@id\":\"https:\\\/\\\/www.notibras.com\\\/site\\\/dia-roxo-conscientiza-a-populacao-sobre-a-epilepsia\\\/#primaryimage\"},\"thumbnailUrl\":\"https:\\\/\\\/www.notibras.com\\\/site\\\/wp-content\\\/uploads\\\/2024\\\/03\\\/Epilepsia-HCB-neurologista-Renata-Brasileiro_MG_0306.jpg\",\"datePublished\":\"2024-03-26T03:00:09+00:00\",\"dateModified\":\"2024-03-26T14:25:08+00:00\",\"breadcrumb\":{\"@id\":\"https:\\\/\\\/www.notibras.com\\\/site\\\/dia-roxo-conscientiza-a-populacao-sobre-a-epilepsia\\\/#breadcrumb\"},\"inLanguage\":\"pt-BR\",\"potentialAction\":[{\"@type\":\"ReadAction\",\"target\":[\"https:\\\/\\\/www.notibras.com\\\/site\\\/dia-roxo-conscientiza-a-populacao-sobre-a-epilepsia\\\/\"]}]},{\"@type\":\"ImageObject\",\"inLanguage\":\"pt-BR\",\"@id\":\"https:\\\/\\\/www.notibras.com\\\/site\\\/dia-roxo-conscientiza-a-populacao-sobre-a-epilepsia\\\/#primaryimage\",\"url\":\"https:\\\/\\\/www.notibras.com\\\/site\\\/wp-content\\\/uploads\\\/2024\\\/03\\\/Epilepsia-HCB-neurologista-Renata-Brasileiro_MG_0306.jpg\",\"contentUrl\":\"https:\\\/\\\/www.notibras.com\\\/site\\\/wp-content\\\/uploads\\\/2024\\\/03\\\/Epilepsia-HCB-neurologista-Renata-Brasileiro_MG_0306.jpg\",\"width\":1080,\"height\":720},{\"@type\":\"BreadcrumbList\",\"@id\":\"https:\\\/\\\/www.notibras.com\\\/site\\\/dia-roxo-conscientiza-a-populacao-sobre-a-epilepsia\\\/#breadcrumb\",\"itemListElement\":[{\"@type\":\"ListItem\",\"position\":1,\"name\":\"In\u00edcio\",\"item\":\"https:\\\/\\\/www.notibras.com\\\/site\\\/\"},{\"@type\":\"ListItem\",\"position\":2,\"name\":\"Dia Roxo conscientiza a popula\u00e7\u00e3o sobre a epilepsia\"}]},{\"@type\":\"WebSite\",\"@id\":\"https:\\\/\\\/www.notibras.com\\\/site\\\/#website\",\"url\":\"https:\\\/\\\/www.notibras.com\\\/site\\\/\",\"name\":\"Notibras\",\"description\":\"Not\u00edcias de Bras\u00edlia, do Brasil e do Mundo\",\"publisher\":{\"@id\":\"https:\\\/\\\/www.notibras.com\\\/site\\\/#organization\"},\"potentialAction\":[{\"@type\":\"SearchAction\",\"target\":{\"@type\":\"EntryPoint\",\"urlTemplate\":\"https:\\\/\\\/www.notibras.com\\\/site\\\/?s={search_term_string}\"},\"query-input\":{\"@type\":\"PropertyValueSpecification\",\"valueRequired\":true,\"valueName\":\"search_term_string\"}}],\"inLanguage\":\"pt-BR\"},{\"@type\":\"Organization\",\"@id\":\"https:\\\/\\\/www.notibras.com\\\/site\\\/#organization\",\"name\":\"Grupo Notibras de Comunica\u00e7\u00e3o\",\"url\":\"https:\\\/\\\/www.notibras.com\\\/site\\\/\",\"logo\":{\"@type\":\"ImageObject\",\"inLanguage\":\"pt-BR\",\"@id\":\"https:\\\/\\\/www.notibras.com\\\/site\\\/#\\\/schema\\\/logo\\\/image\\\/\",\"url\":\"https:\\\/\\\/www.notibras.com\\\/site\\\/wp-content\\\/uploads\\\/2023\\\/01\\\/notibras23.png\",\"contentUrl\":\"https:\\\/\\\/www.notibras.com\\\/site\\\/wp-content\\\/uploads\\\/2023\\\/01\\\/notibras23.png\",\"width\":350,\"height\":87,\"caption\":\"Grupo Notibras de Comunica\u00e7\u00e3o\"},\"image\":{\"@id\":\"https:\\\/\\\/www.notibras.com\\\/site\\\/#\\\/schema\\\/logo\\\/image\\\/\"},\"sameAs\":[\"https:\\\/\\\/www.facebook.com\\\/notibras\\\/\",\"https:\\\/\\\/x.com\\\/Notibras\",\"https:\\\/\\\/www.instagram.com\\\/notibras\\\/\"]},{\"@type\":\"Person\",\"@id\":\"https:\\\/\\\/www.notibras.com\\\/site\\\/#\\\/schema\\\/person\\\/36ab0979449956132d3e5b517ea76ac8\",\"name\":\"Reda\u00e7\u00e3o\",\"image\":{\"@type\":\"ImageObject\",\"inLanguage\":\"pt-BR\",\"@id\":\"https:\\\/\\\/secure.gravatar.com\\\/avatar\\\/e0a867bdedb85fd243eadf09663511f96fc81e0720a4a42581f334ad4303aa6b?s=96&d=mm&r=g\",\"url\":\"https:\\\/\\\/secure.gravatar.com\\\/avatar\\\/e0a867bdedb85fd243eadf09663511f96fc81e0720a4a42581f334ad4303aa6b?s=96&d=mm&r=g\",\"contentUrl\":\"https:\\\/\\\/secure.gravatar.com\\\/avatar\\\/e0a867bdedb85fd243eadf09663511f96fc81e0720a4a42581f334ad4303aa6b?s=96&d=mm&r=g\",\"caption\":\"Reda\u00e7\u00e3o\"}}]}<\/script>\n<!-- \/ Yoast SEO plugin. -->","yoast_head_json":{"title":"Dia Roxo conscientiza a popula\u00e7\u00e3o sobre a epilepsia - Notibras","robots":{"index":"index","follow":"follow","max-snippet":"max-snippet:-1","max-image-preview":"max-image-preview:large","max-video-preview":"max-video-preview:-1"},"canonical":"https:\/\/www.notibras.com\/site\/dia-roxo-conscientiza-a-populacao-sobre-a-epilepsia\/","og_locale":"pt_BR","og_type":"article","og_title":"Dia Roxo conscientiza a popula\u00e7\u00e3o sobre a epilepsia - Notibras","og_description":"O dia 26 de mar\u00e7o \u00e9 marcado como Dia Roxo, ou Dia Internacional de Conscientiza\u00e7\u00e3o sobre a Pessoa com Epilepsia. A doen\u00e7a \u00e9 a condi\u00e7\u00e3o cr\u00f4nica neurol\u00f3gica mais prevalente no mundo \u2013 segundo a Organiza\u00e7\u00e3o Mundial da Sa\u00fade (OMS), 50 milh\u00f5es de pessoas t\u00eam epilepsia. No Brasil, 2% da popula\u00e7\u00e3o t\u00eam a doen\u00e7a. No Distrito [&hellip;]","og_url":"https:\/\/www.notibras.com\/site\/dia-roxo-conscientiza-a-populacao-sobre-a-epilepsia\/","og_site_name":"Notibras","article_publisher":"https:\/\/www.facebook.com\/notibras\/","article_published_time":"2024-03-26T03:00:09+00:00","article_modified_time":"2024-03-26T14:25:08+00:00","og_image":[{"width":1080,"height":720,"url":"https:\/\/www.notibras.com\/site\/wp-content\/uploads\/2024\/03\/Epilepsia-HCB-neurologista-Renata-Brasileiro_MG_0306.jpg","type":"image\/jpeg"}],"author":"Reda\u00e7\u00e3o","twitter_card":"summary_large_image","twitter_creator":"@Notibras","twitter_site":"@Notibras","twitter_misc":{"Escrito por":"Reda\u00e7\u00e3o","Est. tempo de leitura":"7 minutos"},"schema":{"@context":"https:\/\/schema.org","@graph":[{"@type":"Article","@id":"https:\/\/www.notibras.com\/site\/dia-roxo-conscientiza-a-populacao-sobre-a-epilepsia\/#article","isPartOf":{"@id":"https:\/\/www.notibras.com\/site\/dia-roxo-conscientiza-a-populacao-sobre-a-epilepsia\/"},"author":{"name":"Reda\u00e7\u00e3o","@id":"https:\/\/www.notibras.com\/site\/#\/schema\/person\/36ab0979449956132d3e5b517ea76ac8"},"headline":"Dia Roxo conscientiza a popula\u00e7\u00e3o sobre a epilepsia","datePublished":"2024-03-26T03:00:09+00:00","dateModified":"2024-03-26T14:25:08+00:00","mainEntityOfPage":{"@id":"https:\/\/www.notibras.com\/site\/dia-roxo-conscientiza-a-populacao-sobre-a-epilepsia\/"},"wordCount":1168,"publisher":{"@id":"https:\/\/www.notibras.com\/site\/#organization"},"image":{"@id":"https:\/\/www.notibras.com\/site\/dia-roxo-conscientiza-a-populacao-sobre-a-epilepsia\/#primaryimage"},"thumbnailUrl":"https:\/\/www.notibras.com\/site\/wp-content\/uploads\/2024\/03\/Epilepsia-HCB-neurologista-Renata-Brasileiro_MG_0306.jpg","articleSection":["Quadradinho em Foco"],"inLanguage":"pt-BR"},{"@type":"WebPage","@id":"https:\/\/www.notibras.com\/site\/dia-roxo-conscientiza-a-populacao-sobre-a-epilepsia\/","url":"https:\/\/www.notibras.com\/site\/dia-roxo-conscientiza-a-populacao-sobre-a-epilepsia\/","name":"Dia Roxo conscientiza a popula\u00e7\u00e3o sobre a epilepsia - Notibras","isPartOf":{"@id":"https:\/\/www.notibras.com\/site\/#website"},"primaryImageOfPage":{"@id":"https:\/\/www.notibras.com\/site\/dia-roxo-conscientiza-a-populacao-sobre-a-epilepsia\/#primaryimage"},"image":{"@id":"https:\/\/www.notibras.com\/site\/dia-roxo-conscientiza-a-populacao-sobre-a-epilepsia\/#primaryimage"},"thumbnailUrl":"https:\/\/www.notibras.com\/site\/wp-content\/uploads\/2024\/03\/Epilepsia-HCB-neurologista-Renata-Brasileiro_MG_0306.jpg","datePublished":"2024-03-26T03:00:09+00:00","dateModified":"2024-03-26T14:25:08+00:00","breadcrumb":{"@id":"https:\/\/www.notibras.com\/site\/dia-roxo-conscientiza-a-populacao-sobre-a-epilepsia\/#breadcrumb"},"inLanguage":"pt-BR","potentialAction":[{"@type":"ReadAction","target":["https:\/\/www.notibras.com\/site\/dia-roxo-conscientiza-a-populacao-sobre-a-epilepsia\/"]}]},{"@type":"ImageObject","inLanguage":"pt-BR","@id":"https:\/\/www.notibras.com\/site\/dia-roxo-conscientiza-a-populacao-sobre-a-epilepsia\/#primaryimage","url":"https:\/\/www.notibras.com\/site\/wp-content\/uploads\/2024\/03\/Epilepsia-HCB-neurologista-Renata-Brasileiro_MG_0306.jpg","contentUrl":"https:\/\/www.notibras.com\/site\/wp-content\/uploads\/2024\/03\/Epilepsia-HCB-neurologista-Renata-Brasileiro_MG_0306.jpg","width":1080,"height":720},{"@type":"BreadcrumbList","@id":"https:\/\/www.notibras.com\/site\/dia-roxo-conscientiza-a-populacao-sobre-a-epilepsia\/#breadcrumb","itemListElement":[{"@type":"ListItem","position":1,"name":"In\u00edcio","item":"https:\/\/www.notibras.com\/site\/"},{"@type":"ListItem","position":2,"name":"Dia Roxo conscientiza a popula\u00e7\u00e3o sobre a epilepsia"}]},{"@type":"WebSite","@id":"https:\/\/www.notibras.com\/site\/#website","url":"https:\/\/www.notibras.com\/site\/","name":"Notibras","description":"Not\u00edcias de Bras\u00edlia, do Brasil e do Mundo","publisher":{"@id":"https:\/\/www.notibras.com\/site\/#organization"},"potentialAction":[{"@type":"SearchAction","target":{"@type":"EntryPoint","urlTemplate":"https:\/\/www.notibras.com\/site\/?s={search_term_string}"},"query-input":{"@type":"PropertyValueSpecification","valueRequired":true,"valueName":"search_term_string"}}],"inLanguage":"pt-BR"},{"@type":"Organization","@id":"https:\/\/www.notibras.com\/site\/#organization","name":"Grupo Notibras de Comunica\u00e7\u00e3o","url":"https:\/\/www.notibras.com\/site\/","logo":{"@type":"ImageObject","inLanguage":"pt-BR","@id":"https:\/\/www.notibras.com\/site\/#\/schema\/logo\/image\/","url":"https:\/\/www.notibras.com\/site\/wp-content\/uploads\/2023\/01\/notibras23.png","contentUrl":"https:\/\/www.notibras.com\/site\/wp-content\/uploads\/2023\/01\/notibras23.png","width":350,"height":87,"caption":"Grupo Notibras de Comunica\u00e7\u00e3o"},"image":{"@id":"https:\/\/www.notibras.com\/site\/#\/schema\/logo\/image\/"},"sameAs":["https:\/\/www.facebook.com\/notibras\/","https:\/\/x.com\/Notibras","https:\/\/www.instagram.com\/notibras\/"]},{"@type":"Person","@id":"https:\/\/www.notibras.com\/site\/#\/schema\/person\/36ab0979449956132d3e5b517ea76ac8","name":"Reda\u00e7\u00e3o","image":{"@type":"ImageObject","inLanguage":"pt-BR","@id":"https:\/\/secure.gravatar.com\/avatar\/e0a867bdedb85fd243eadf09663511f96fc81e0720a4a42581f334ad4303aa6b?s=96&d=mm&r=g","url":"https:\/\/secure.gravatar.com\/avatar\/e0a867bdedb85fd243eadf09663511f96fc81e0720a4a42581f334ad4303aa6b?s=96&d=mm&r=g","contentUrl":"https:\/\/secure.gravatar.com\/avatar\/e0a867bdedb85fd243eadf09663511f96fc81e0720a4a42581f334ad4303aa6b?s=96&d=mm&r=g","caption":"Reda\u00e7\u00e3o"}}]}},"amp_enabled":true,"_links":{"self":[{"href":"https:\/\/www.notibras.com\/site\/wp-json\/wp\/v2\/posts\/325447","targetHints":{"allow":["GET"]}}],"collection":[{"href":"https:\/\/www.notibras.com\/site\/wp-json\/wp\/v2\/posts"}],"about":[{"href":"https:\/\/www.notibras.com\/site\/wp-json\/wp\/v2\/types\/post"}],"author":[{"embeddable":true,"href":"https:\/\/www.notibras.com\/site\/wp-json\/wp\/v2\/users\/2"}],"replies":[{"embeddable":true,"href":"https:\/\/www.notibras.com\/site\/wp-json\/wp\/v2\/comments?post=325447"}],"version-history":[{"count":1,"href":"https:\/\/www.notibras.com\/site\/wp-json\/wp\/v2\/posts\/325447\/revisions"}],"predecessor-version":[{"id":325449,"href":"https:\/\/www.notibras.com\/site\/wp-json\/wp\/v2\/posts\/325447\/revisions\/325449"}],"wp:featuredmedia":[{"embeddable":true,"href":"https:\/\/www.notibras.com\/site\/wp-json\/wp\/v2\/media\/325448"}],"wp:attachment":[{"href":"https:\/\/www.notibras.com\/site\/wp-json\/wp\/v2\/media?parent=325447"}],"wp:term":[{"taxonomy":"category","embeddable":true,"href":"https:\/\/www.notibras.com\/site\/wp-json\/wp\/v2\/categories?post=325447"},{"taxonomy":"post_tag","embeddable":true,"href":"https:\/\/www.notibras.com\/site\/wp-json\/wp\/v2\/tags?post=325447"}],"curies":[{"name":"wp","href":"https:\/\/api.w.org\/{rel}","templated":true}]}}