{"id":325453,"date":"2024-03-26T00:00:24","date_gmt":"2024-03-26T03:00:24","guid":{"rendered":"https:\/\/www.notibras.com\/site\/?p=325453"},"modified":"2024-03-26T11:38:17","modified_gmt":"2024-03-26T14:38:17","slug":"comunicador-do-futuro-chega-com-oficinas-gratuitas","status":"publish","type":"post","link":"https:\/\/www.notibras.com\/site\/comunicador-do-futuro-chega-com-oficinas-gratuitas\/","title":{"rendered":"Comunicador do Futuro chega com oficinas gratuitas"},"content":{"rendered":"<p>O Projeto Comunicador do Futuro recebeu, nesta segunda-feira (25), os primeiros alunos da Cidade Estrutural inscritos nas oficinas de capacita\u00e7\u00e3o gratuitas do programa. Ao todo, 155 jovens e adultos participam das turmas, distribu\u00eddas nas \u00e1reas de audiovisual, gerenciamento de redes sociais, fotografia e operador de \u00e1udio.<\/p>\n<p>A iniciativa conta com apoio do Governo do Distrito Federal (GDF), por meio da Secretaria de Cultura e Economia Criativa (Secec). As oficinas s\u00e3o ministradas em uma carreta itinerante, estacionada pr\u00f3ximo \u00e0 Administra\u00e7\u00e3o Regional da Estrutural. As aulas ocorrem at\u00e9 22 de abril.<\/p>\n<p>O secret\u00e1rio de Cultura, Claudio Abrantes, defende que a chegada do projeto \u00e0 Estrutural marca \u201cmais um passo significativo na miss\u00e3o do GDF de democratizar o acesso \u00e0 forma\u00e7\u00e3o e oportunidades no campo cultural.\u201d<\/p>\n<p>\u201cAo oferecer cursos gratuitos em \u00e1reas como fotografia, audiovisual, redes sociais e operador de \u00e1udio, estamos n\u00e3o apenas capacitando os moradores locais, mas tamb\u00e9m abrindo portas para o desenvolvimento profissional e a inser\u00e7\u00e3o no mercado de trabalho. Este projeto n\u00e3o apenas responde a uma demanda do mercado, mas tamb\u00e9m reflete nosso compromisso em impulsionar pol\u00edticas p\u00fablicas que promovam a igualdade de oportunidades\u201d, destaca.<\/p>\n<p>S\u00e3o oito turmas \u2013 quatro pela manh\u00e3, e quatro \u00e0 tarde \u2013, com cursos t\u00e9cnicos profissionalizantes. O Comunicador do Futuro busca capacitar moradores das regi\u00f5es em \u00e1reas de f\u00e1cil acesso ao mercado, bem como fomentar a capacita\u00e7\u00e3o no setor cultural.<\/p>\n<p>Esta \u00e9 a terceira regi\u00e3o administrativa a receber o projeto. Desde janeiro, a carreta itinerante passou por Ceil\u00e2ndia e Riacho Fundo II, onde cerca de 250 estudantes participaram das aulas nas primeiras turmas. A pr\u00f3xima localiza\u00e7\u00e3o ser\u00e1 S\u00e3o Sebasti\u00e3o, de 29 de abril a 24 de maio. As inscri\u00e7\u00f5es est\u00e3o abertas neste site comunicadordofuturo.com.br.<\/p>\n<p><strong>Impulso para empreender<\/strong><br \/>\nDeborah Gomides, de 29 anos, tem um e-commerce de joias e est\u00e1 fazendo o segundo curso do projeto. Ela esteve no Riacho Fundo II, onde participou das aulas de gerenciamento de redes, e agora frequenta a oficina de fotografia, na Estrutural.<\/p>\n<p>\u201cEu tenho a loja h\u00e1 algum tempo, mas n\u00e3o tirava muitas fotos, porque n\u00e3o sabia. Tinha receio de fazer algo sem muita qualidade. Agora, depois do curso, j\u00e1 estou postando fotos, que era o que eu estava precisando\u201d, relata.<\/p>\n<p>Segundo a empreendedora, a capacita\u00e7\u00e3o tem feito a diferen\u00e7a para alavancar o e-commerce. \u201cMudou demais a minha vida profissional. Eu tive at\u00e9 um v\u00eddeo que bateu recorde de visualiza\u00e7\u00f5es no Instagram, usando as t\u00e9cnicas que eu aprendi no curso. E agora, vou usar o que eu aprender de fotografia\u201d, afirma.<\/p>\n<p>Professor da turma de gerenciamento de redes, Valter Serafim conta que muitos participantes se inscrevem em busca de coloca\u00e7\u00e3o no mercado, ou para melhorar a entrega nas fun\u00e7\u00f5es em que j\u00e1 atuam. \u201cRecebi relatos de muitos alunos de outras cidades que conseguiram vagas de trabalho, ou que querem virar influenciadores. Cada um tem um objetivo\u201d, explica.<\/p>\n<p><strong>Inclus\u00e3o no mercado<\/strong><br \/>\nPaulo Lafaiete de Lima, 39, morador da Ch\u00e1cara Santa Luzia, elogiou a dedica\u00e7\u00e3o dos professores com as ferramentas de acessibilidade. Ele tem defici\u00eancia visual desde a inf\u00e2ncia e conta que o professor utilizou o tato para explicar os aparelhos usados por operadores de som.<\/p>\n<p>\u201cO primeiro dia foi muito bom, o professor teve uma did\u00e1tica muito legal, bem acess\u00edvel mesmo. Eu recomendo o curso com certeza, \u00e9 uma porta que se abre. Acredito que outras pessoas que t\u00eam interesse na \u00e1rea de produ\u00e7\u00e3o audiovisual devem investir\u201d.<\/p>\n<p>O Comunicador do Futuro \u00e9 um projeto idealizado pela Associa\u00e7\u00e3o de Radiodifus\u00e3o Comunit\u00e1ria no Distrito Federal (Abra\u00e7o), em parceria com o Instituto Vida Solid\u00e1ria (IVS), e conta com fomento do GDF.<\/p>\n<p>A presidente do IVS, Dilma Imai, explica que essa parceria entre as organiza\u00e7\u00f5es e o GDF \u00e9 fundamental para viabilizar a\u00e7\u00f5es que se apliquem \u00e0 realidade das regi\u00f5es administrativas. \u201cO objetivo \u00e9 levar ao aluno o aprendizado, para que eles se sintam preparados para enfrentar os desafios de empreender. Al\u00e9m disso, busca desenvolver as potencialidades existentes na comunidade\u201d, destaca.<\/p>\n<p>As inscri\u00e7\u00f5es para as \u00faltimas turmas, em S\u00e3o Sebasti\u00e3o, est\u00e3o abertas. Podem participar jovens a partir de 16 anos. As oficinas t\u00eam dura\u00e7\u00e3o de 2 horas, durante 20 dias. Ao final, o estudante que tiver 75% de presen\u00e7a nas atividades ministradas recebe um certificado.<\/p>\n","protected":false},"excerpt":{"rendered":"<p>O Projeto Comunicador do Futuro recebeu, nesta segunda-feira (25), os primeiros alunos da Cidade Estrutural inscritos nas oficinas de capacita\u00e7\u00e3o gratuitas do programa. Ao todo, 155 jovens e adultos participam das turmas, distribu\u00eddas nas \u00e1reas de audiovisual, gerenciamento de redes sociais, fotografia e operador de \u00e1udio. A iniciativa conta com apoio do Governo do Distrito [&hellip;]<\/p>\n","protected":false},"author":2,"featured_media":325454,"comment_status":"closed","ping_status":"closed","sticky":false,"template":"","format":"standard","meta":{"_acf_changed":false,"footnotes":""},"categories":[161],"tags":[],"class_list":["post-325453","post","type-post","status-publish","format-standard","has-post-thumbnail","hentry","category-quadradinho-em-foco"],"acf":[],"yoast_head":"<!-- This site is optimized with the Yoast SEO plugin v27.5 - https:\/\/yoast.com\/product\/yoast-seo-wordpress\/ -->\n<title>Comunicador do Futuro chega com oficinas gratuitas - Notibras<\/title>\n<meta name=\"robots\" content=\"index, follow, max-snippet:-1, max-image-preview:large, max-video-preview:-1\" \/>\n<link rel=\"canonical\" href=\"https:\/\/www.notibras.com\/site\/comunicador-do-futuro-chega-com-oficinas-gratuitas\/\" \/>\n<meta property=\"og:locale\" content=\"pt_BR\" \/>\n<meta property=\"og:type\" content=\"article\" \/>\n<meta property=\"og:title\" content=\"Comunicador do Futuro chega com oficinas gratuitas - Notibras\" \/>\n<meta property=\"og:description\" content=\"O Projeto Comunicador do Futuro recebeu, nesta segunda-feira (25), os primeiros alunos da Cidade Estrutural inscritos nas oficinas de capacita\u00e7\u00e3o gratuitas do programa. Ao todo, 155 jovens e adultos participam das turmas, distribu\u00eddas nas \u00e1reas de audiovisual, gerenciamento de redes sociais, fotografia e operador de \u00e1udio. A iniciativa conta com apoio do Governo do Distrito [&hellip;]\" \/>\n<meta property=\"og:url\" content=\"https:\/\/www.notibras.com\/site\/comunicador-do-futuro-chega-com-oficinas-gratuitas\/\" \/>\n<meta property=\"og:site_name\" content=\"Notibras\" \/>\n<meta property=\"article:publisher\" content=\"https:\/\/www.facebook.com\/notibras\/\" \/>\n<meta property=\"article:published_time\" content=\"2024-03-26T03:00:24+00:00\" \/>\n<meta property=\"article:modified_time\" content=\"2024-03-26T14:38:17+00:00\" \/>\n<meta property=\"og:image\" content=\"https:\/\/www.notibras.com\/site\/wp-content\/uploads\/2024\/03\/WhatsApp-Image-2024-03-25-at-17.15.22-1536x1023-1.jpeg\" \/>\n\t<meta property=\"og:image:width\" content=\"1536\" \/>\n\t<meta property=\"og:image:height\" content=\"1023\" \/>\n\t<meta property=\"og:image:type\" content=\"image\/jpeg\" \/>\n<meta name=\"author\" content=\"Reda\u00e7\u00e3o\" \/>\n<meta name=\"twitter:card\" content=\"summary_large_image\" \/>\n<meta name=\"twitter:creator\" content=\"@Notibras\" \/>\n<meta name=\"twitter:site\" content=\"@Notibras\" \/>\n<meta name=\"twitter:label1\" content=\"Escrito por\" \/>\n\t<meta name=\"twitter:data1\" content=\"Reda\u00e7\u00e3o\" \/>\n\t<meta name=\"twitter:label2\" content=\"Est. tempo de leitura\" \/>\n\t<meta name=\"twitter:data2\" content=\"5 minutos\" \/>\n<script type=\"application\/ld+json\" class=\"yoast-schema-graph\">{\"@context\":\"https:\\\/\\\/schema.org\",\"@graph\":[{\"@type\":\"Article\",\"@id\":\"https:\\\/\\\/www.notibras.com\\\/site\\\/comunicador-do-futuro-chega-com-oficinas-gratuitas\\\/#article\",\"isPartOf\":{\"@id\":\"https:\\\/\\\/www.notibras.com\\\/site\\\/comunicador-do-futuro-chega-com-oficinas-gratuitas\\\/\"},\"author\":{\"name\":\"Reda\u00e7\u00e3o\",\"@id\":\"https:\\\/\\\/www.notibras.com\\\/site\\\/#\\\/schema\\\/person\\\/36ab0979449956132d3e5b517ea76ac8\"},\"headline\":\"Comunicador do Futuro chega com oficinas gratuitas\",\"datePublished\":\"2024-03-26T03:00:24+00:00\",\"dateModified\":\"2024-03-26T14:38:17+00:00\",\"mainEntityOfPage\":{\"@id\":\"https:\\\/\\\/www.notibras.com\\\/site\\\/comunicador-do-futuro-chega-com-oficinas-gratuitas\\\/\"},\"wordCount\":739,\"publisher\":{\"@id\":\"https:\\\/\\\/www.notibras.com\\\/site\\\/#organization\"},\"image\":{\"@id\":\"https:\\\/\\\/www.notibras.com\\\/site\\\/comunicador-do-futuro-chega-com-oficinas-gratuitas\\\/#primaryimage\"},\"thumbnailUrl\":\"https:\\\/\\\/www.notibras.com\\\/site\\\/wp-content\\\/uploads\\\/2024\\\/03\\\/WhatsApp-Image-2024-03-25-at-17.15.22-1536x1023-1.jpeg\",\"articleSection\":[\"Quadradinho em Foco\"],\"inLanguage\":\"pt-BR\"},{\"@type\":\"WebPage\",\"@id\":\"https:\\\/\\\/www.notibras.com\\\/site\\\/comunicador-do-futuro-chega-com-oficinas-gratuitas\\\/\",\"url\":\"https:\\\/\\\/www.notibras.com\\\/site\\\/comunicador-do-futuro-chega-com-oficinas-gratuitas\\\/\",\"name\":\"Comunicador do Futuro chega com oficinas gratuitas - Notibras\",\"isPartOf\":{\"@id\":\"https:\\\/\\\/www.notibras.com\\\/site\\\/#website\"},\"primaryImageOfPage\":{\"@id\":\"https:\\\/\\\/www.notibras.com\\\/site\\\/comunicador-do-futuro-chega-com-oficinas-gratuitas\\\/#primaryimage\"},\"image\":{\"@id\":\"https:\\\/\\\/www.notibras.com\\\/site\\\/comunicador-do-futuro-chega-com-oficinas-gratuitas\\\/#primaryimage\"},\"thumbnailUrl\":\"https:\\\/\\\/www.notibras.com\\\/site\\\/wp-content\\\/uploads\\\/2024\\\/03\\\/WhatsApp-Image-2024-03-25-at-17.15.22-1536x1023-1.jpeg\",\"datePublished\":\"2024-03-26T03:00:24+00:00\",\"dateModified\":\"2024-03-26T14:38:17+00:00\",\"breadcrumb\":{\"@id\":\"https:\\\/\\\/www.notibras.com\\\/site\\\/comunicador-do-futuro-chega-com-oficinas-gratuitas\\\/#breadcrumb\"},\"inLanguage\":\"pt-BR\",\"potentialAction\":[{\"@type\":\"ReadAction\",\"target\":[\"https:\\\/\\\/www.notibras.com\\\/site\\\/comunicador-do-futuro-chega-com-oficinas-gratuitas\\\/\"]}]},{\"@type\":\"ImageObject\",\"inLanguage\":\"pt-BR\",\"@id\":\"https:\\\/\\\/www.notibras.com\\\/site\\\/comunicador-do-futuro-chega-com-oficinas-gratuitas\\\/#primaryimage\",\"url\":\"https:\\\/\\\/www.notibras.com\\\/site\\\/wp-content\\\/uploads\\\/2024\\\/03\\\/WhatsApp-Image-2024-03-25-at-17.15.22-1536x1023-1.jpeg\",\"contentUrl\":\"https:\\\/\\\/www.notibras.com\\\/site\\\/wp-content\\\/uploads\\\/2024\\\/03\\\/WhatsApp-Image-2024-03-25-at-17.15.22-1536x1023-1.jpeg\",\"width\":1536,\"height\":1023},{\"@type\":\"BreadcrumbList\",\"@id\":\"https:\\\/\\\/www.notibras.com\\\/site\\\/comunicador-do-futuro-chega-com-oficinas-gratuitas\\\/#breadcrumb\",\"itemListElement\":[{\"@type\":\"ListItem\",\"position\":1,\"name\":\"In\u00edcio\",\"item\":\"https:\\\/\\\/www.notibras.com\\\/site\\\/\"},{\"@type\":\"ListItem\",\"position\":2,\"name\":\"Comunicador do Futuro chega com oficinas gratuitas\"}]},{\"@type\":\"WebSite\",\"@id\":\"https:\\\/\\\/www.notibras.com\\\/site\\\/#website\",\"url\":\"https:\\\/\\\/www.notibras.com\\\/site\\\/\",\"name\":\"Notibras\",\"description\":\"Not\u00edcias de Bras\u00edlia, do Brasil e do Mundo\",\"publisher\":{\"@id\":\"https:\\\/\\\/www.notibras.com\\\/site\\\/#organization\"},\"potentialAction\":[{\"@type\":\"SearchAction\",\"target\":{\"@type\":\"EntryPoint\",\"urlTemplate\":\"https:\\\/\\\/www.notibras.com\\\/site\\\/?s={search_term_string}\"},\"query-input\":{\"@type\":\"PropertyValueSpecification\",\"valueRequired\":true,\"valueName\":\"search_term_string\"}}],\"inLanguage\":\"pt-BR\"},{\"@type\":\"Organization\",\"@id\":\"https:\\\/\\\/www.notibras.com\\\/site\\\/#organization\",\"name\":\"Grupo Notibras de Comunica\u00e7\u00e3o\",\"url\":\"https:\\\/\\\/www.notibras.com\\\/site\\\/\",\"logo\":{\"@type\":\"ImageObject\",\"inLanguage\":\"pt-BR\",\"@id\":\"https:\\\/\\\/www.notibras.com\\\/site\\\/#\\\/schema\\\/logo\\\/image\\\/\",\"url\":\"https:\\\/\\\/www.notibras.com\\\/site\\\/wp-content\\\/uploads\\\/2023\\\/01\\\/notibras23.png\",\"contentUrl\":\"https:\\\/\\\/www.notibras.com\\\/site\\\/wp-content\\\/uploads\\\/2023\\\/01\\\/notibras23.png\",\"width\":350,\"height\":87,\"caption\":\"Grupo Notibras de Comunica\u00e7\u00e3o\"},\"image\":{\"@id\":\"https:\\\/\\\/www.notibras.com\\\/site\\\/#\\\/schema\\\/logo\\\/image\\\/\"},\"sameAs\":[\"https:\\\/\\\/www.facebook.com\\\/notibras\\\/\",\"https:\\\/\\\/x.com\\\/Notibras\",\"https:\\\/\\\/www.instagram.com\\\/notibras\\\/\"]},{\"@type\":\"Person\",\"@id\":\"https:\\\/\\\/www.notibras.com\\\/site\\\/#\\\/schema\\\/person\\\/36ab0979449956132d3e5b517ea76ac8\",\"name\":\"Reda\u00e7\u00e3o\",\"image\":{\"@type\":\"ImageObject\",\"inLanguage\":\"pt-BR\",\"@id\":\"https:\\\/\\\/secure.gravatar.com\\\/avatar\\\/e0a867bdedb85fd243eadf09663511f96fc81e0720a4a42581f334ad4303aa6b?s=96&d=mm&r=g\",\"url\":\"https:\\\/\\\/secure.gravatar.com\\\/avatar\\\/e0a867bdedb85fd243eadf09663511f96fc81e0720a4a42581f334ad4303aa6b?s=96&d=mm&r=g\",\"contentUrl\":\"https:\\\/\\\/secure.gravatar.com\\\/avatar\\\/e0a867bdedb85fd243eadf09663511f96fc81e0720a4a42581f334ad4303aa6b?s=96&d=mm&r=g\",\"caption\":\"Reda\u00e7\u00e3o\"}}]}<\/script>\n<!-- \/ Yoast SEO plugin. -->","yoast_head_json":{"title":"Comunicador do Futuro chega com oficinas gratuitas - Notibras","robots":{"index":"index","follow":"follow","max-snippet":"max-snippet:-1","max-image-preview":"max-image-preview:large","max-video-preview":"max-video-preview:-1"},"canonical":"https:\/\/www.notibras.com\/site\/comunicador-do-futuro-chega-com-oficinas-gratuitas\/","og_locale":"pt_BR","og_type":"article","og_title":"Comunicador do Futuro chega com oficinas gratuitas - Notibras","og_description":"O Projeto Comunicador do Futuro recebeu, nesta segunda-feira (25), os primeiros alunos da Cidade Estrutural inscritos nas oficinas de capacita\u00e7\u00e3o gratuitas do programa. Ao todo, 155 jovens e adultos participam das turmas, distribu\u00eddas nas \u00e1reas de audiovisual, gerenciamento de redes sociais, fotografia e operador de \u00e1udio. A iniciativa conta com apoio do Governo do Distrito [&hellip;]","og_url":"https:\/\/www.notibras.com\/site\/comunicador-do-futuro-chega-com-oficinas-gratuitas\/","og_site_name":"Notibras","article_publisher":"https:\/\/www.facebook.com\/notibras\/","article_published_time":"2024-03-26T03:00:24+00:00","article_modified_time":"2024-03-26T14:38:17+00:00","og_image":[{"width":1536,"height":1023,"url":"https:\/\/www.notibras.com\/site\/wp-content\/uploads\/2024\/03\/WhatsApp-Image-2024-03-25-at-17.15.22-1536x1023-1.jpeg","type":"image\/jpeg"}],"author":"Reda\u00e7\u00e3o","twitter_card":"summary_large_image","twitter_creator":"@Notibras","twitter_site":"@Notibras","twitter_misc":{"Escrito por":"Reda\u00e7\u00e3o","Est. tempo de leitura":"5 minutos"},"schema":{"@context":"https:\/\/schema.org","@graph":[{"@type":"Article","@id":"https:\/\/www.notibras.com\/site\/comunicador-do-futuro-chega-com-oficinas-gratuitas\/#article","isPartOf":{"@id":"https:\/\/www.notibras.com\/site\/comunicador-do-futuro-chega-com-oficinas-gratuitas\/"},"author":{"name":"Reda\u00e7\u00e3o","@id":"https:\/\/www.notibras.com\/site\/#\/schema\/person\/36ab0979449956132d3e5b517ea76ac8"},"headline":"Comunicador do Futuro chega com oficinas gratuitas","datePublished":"2024-03-26T03:00:24+00:00","dateModified":"2024-03-26T14:38:17+00:00","mainEntityOfPage":{"@id":"https:\/\/www.notibras.com\/site\/comunicador-do-futuro-chega-com-oficinas-gratuitas\/"},"wordCount":739,"publisher":{"@id":"https:\/\/www.notibras.com\/site\/#organization"},"image":{"@id":"https:\/\/www.notibras.com\/site\/comunicador-do-futuro-chega-com-oficinas-gratuitas\/#primaryimage"},"thumbnailUrl":"https:\/\/www.notibras.com\/site\/wp-content\/uploads\/2024\/03\/WhatsApp-Image-2024-03-25-at-17.15.22-1536x1023-1.jpeg","articleSection":["Quadradinho em Foco"],"inLanguage":"pt-BR"},{"@type":"WebPage","@id":"https:\/\/www.notibras.com\/site\/comunicador-do-futuro-chega-com-oficinas-gratuitas\/","url":"https:\/\/www.notibras.com\/site\/comunicador-do-futuro-chega-com-oficinas-gratuitas\/","name":"Comunicador do Futuro chega com oficinas gratuitas - Notibras","isPartOf":{"@id":"https:\/\/www.notibras.com\/site\/#website"},"primaryImageOfPage":{"@id":"https:\/\/www.notibras.com\/site\/comunicador-do-futuro-chega-com-oficinas-gratuitas\/#primaryimage"},"image":{"@id":"https:\/\/www.notibras.com\/site\/comunicador-do-futuro-chega-com-oficinas-gratuitas\/#primaryimage"},"thumbnailUrl":"https:\/\/www.notibras.com\/site\/wp-content\/uploads\/2024\/03\/WhatsApp-Image-2024-03-25-at-17.15.22-1536x1023-1.jpeg","datePublished":"2024-03-26T03:00:24+00:00","dateModified":"2024-03-26T14:38:17+00:00","breadcrumb":{"@id":"https:\/\/www.notibras.com\/site\/comunicador-do-futuro-chega-com-oficinas-gratuitas\/#breadcrumb"},"inLanguage":"pt-BR","potentialAction":[{"@type":"ReadAction","target":["https:\/\/www.notibras.com\/site\/comunicador-do-futuro-chega-com-oficinas-gratuitas\/"]}]},{"@type":"ImageObject","inLanguage":"pt-BR","@id":"https:\/\/www.notibras.com\/site\/comunicador-do-futuro-chega-com-oficinas-gratuitas\/#primaryimage","url":"https:\/\/www.notibras.com\/site\/wp-content\/uploads\/2024\/03\/WhatsApp-Image-2024-03-25-at-17.15.22-1536x1023-1.jpeg","contentUrl":"https:\/\/www.notibras.com\/site\/wp-content\/uploads\/2024\/03\/WhatsApp-Image-2024-03-25-at-17.15.22-1536x1023-1.jpeg","width":1536,"height":1023},{"@type":"BreadcrumbList","@id":"https:\/\/www.notibras.com\/site\/comunicador-do-futuro-chega-com-oficinas-gratuitas\/#breadcrumb","itemListElement":[{"@type":"ListItem","position":1,"name":"In\u00edcio","item":"https:\/\/www.notibras.com\/site\/"},{"@type":"ListItem","position":2,"name":"Comunicador do Futuro chega com oficinas gratuitas"}]},{"@type":"WebSite","@id":"https:\/\/www.notibras.com\/site\/#website","url":"https:\/\/www.notibras.com\/site\/","name":"Notibras","description":"Not\u00edcias de Bras\u00edlia, do Brasil e do Mundo","publisher":{"@id":"https:\/\/www.notibras.com\/site\/#organization"},"potentialAction":[{"@type":"SearchAction","target":{"@type":"EntryPoint","urlTemplate":"https:\/\/www.notibras.com\/site\/?s={search_term_string}"},"query-input":{"@type":"PropertyValueSpecification","valueRequired":true,"valueName":"search_term_string"}}],"inLanguage":"pt-BR"},{"@type":"Organization","@id":"https:\/\/www.notibras.com\/site\/#organization","name":"Grupo Notibras de Comunica\u00e7\u00e3o","url":"https:\/\/www.notibras.com\/site\/","logo":{"@type":"ImageObject","inLanguage":"pt-BR","@id":"https:\/\/www.notibras.com\/site\/#\/schema\/logo\/image\/","url":"https:\/\/www.notibras.com\/site\/wp-content\/uploads\/2023\/01\/notibras23.png","contentUrl":"https:\/\/www.notibras.com\/site\/wp-content\/uploads\/2023\/01\/notibras23.png","width":350,"height":87,"caption":"Grupo Notibras de Comunica\u00e7\u00e3o"},"image":{"@id":"https:\/\/www.notibras.com\/site\/#\/schema\/logo\/image\/"},"sameAs":["https:\/\/www.facebook.com\/notibras\/","https:\/\/x.com\/Notibras","https:\/\/www.instagram.com\/notibras\/"]},{"@type":"Person","@id":"https:\/\/www.notibras.com\/site\/#\/schema\/person\/36ab0979449956132d3e5b517ea76ac8","name":"Reda\u00e7\u00e3o","image":{"@type":"ImageObject","inLanguage":"pt-BR","@id":"https:\/\/secure.gravatar.com\/avatar\/e0a867bdedb85fd243eadf09663511f96fc81e0720a4a42581f334ad4303aa6b?s=96&d=mm&r=g","url":"https:\/\/secure.gravatar.com\/avatar\/e0a867bdedb85fd243eadf09663511f96fc81e0720a4a42581f334ad4303aa6b?s=96&d=mm&r=g","contentUrl":"https:\/\/secure.gravatar.com\/avatar\/e0a867bdedb85fd243eadf09663511f96fc81e0720a4a42581f334ad4303aa6b?s=96&d=mm&r=g","caption":"Reda\u00e7\u00e3o"}}]}},"amp_enabled":true,"_links":{"self":[{"href":"https:\/\/www.notibras.com\/site\/wp-json\/wp\/v2\/posts\/325453","targetHints":{"allow":["GET"]}}],"collection":[{"href":"https:\/\/www.notibras.com\/site\/wp-json\/wp\/v2\/posts"}],"about":[{"href":"https:\/\/www.notibras.com\/site\/wp-json\/wp\/v2\/types\/post"}],"author":[{"embeddable":true,"href":"https:\/\/www.notibras.com\/site\/wp-json\/wp\/v2\/users\/2"}],"replies":[{"embeddable":true,"href":"https:\/\/www.notibras.com\/site\/wp-json\/wp\/v2\/comments?post=325453"}],"version-history":[{"count":1,"href":"https:\/\/www.notibras.com\/site\/wp-json\/wp\/v2\/posts\/325453\/revisions"}],"predecessor-version":[{"id":325455,"href":"https:\/\/www.notibras.com\/site\/wp-json\/wp\/v2\/posts\/325453\/revisions\/325455"}],"wp:featuredmedia":[{"embeddable":true,"href":"https:\/\/www.notibras.com\/site\/wp-json\/wp\/v2\/media\/325454"}],"wp:attachment":[{"href":"https:\/\/www.notibras.com\/site\/wp-json\/wp\/v2\/media?parent=325453"}],"wp:term":[{"taxonomy":"category","embeddable":true,"href":"https:\/\/www.notibras.com\/site\/wp-json\/wp\/v2\/categories?post=325453"},{"taxonomy":"post_tag","embeddable":true,"href":"https:\/\/www.notibras.com\/site\/wp-json\/wp\/v2\/tags?post=325453"}],"curies":[{"name":"wp","href":"https:\/\/api.w.org\/{rel}","templated":true}]}}