{"id":32546,"date":"2014-12-31T07:14:20","date_gmt":"2014-12-31T10:14:20","guid":{"rendered":"http:\/\/www.notibras.com\/site\/?p=32546"},"modified":"2014-12-31T07:20:39","modified_gmt":"2014-12-31T10:20:39","slug":"tiraram-o-a-do-meio-da-camara-ser-presidente-pode-ser-um-carma","status":"publish","type":"post","link":"https:\/\/www.notibras.com\/site\/tiraram-o-a-do-meio-da-camara-ser-presidente-pode-ser-um-carma\/","title":{"rendered":"Tiraram o \u201cA\u201d do meio da C\u00e2mara. Ser presidente pode ser um carma"},"content":{"rendered":"<p>O nobre jornalista chegou a essa conclus\u00e3o depois de, segundo ele, conversar com um colega (entre outros). Este, por sua vez, foi bem sarc\u00e1stico com a republicana Casa legislativa. \u201cC\u00e2mara sem um \u2018a\u2019 \u00e9 carma\u201d, disse o tal rapaz. Chegamos a seguinte conclus\u00e3o: se para o tal presidente, a aposentadoria \u00e9 o que importa, o que vai ter de postulante para a vaga n\u00e3o est\u00e1 no gibi.<\/p>\n","protected":false},"excerpt":{"rendered":"<p>O nobre jornalista chegou a essa conclus\u00e3o depois de, segundo ele, conversar com um colega (entre outros). Este, por sua vez, foi bem sarc\u00e1stico com a republicana Casa legislativa. \u201cC\u00e2mara sem um \u2018a\u2019 \u00e9 carma\u201d, disse o tal rapaz. Chegamos a seguinte conclus\u00e3o: se para o tal presidente, a aposentadoria \u00e9 o que importa, o [&hellip;]<\/p>\n","protected":false},"author":1,"featured_media":32551,"comment_status":"open","ping_status":"closed","sticky":false,"template":"","format":"standard","meta":{"_acf_changed":false,"footnotes":""},"categories":[26],"tags":[],"class_list":["post-32546","post","type-post","status-publish","format-standard","has-post-thumbnail","hentry","category-eleicoes-2022"],"acf":[],"yoast_head":"<!-- This site is optimized with the Yoast SEO plugin v27.2 - https:\/\/yoast.com\/product\/yoast-seo-wordpress\/ -->\n<title>Tiraram o \u201cA\u201d do meio da C\u00e2mara. Ser presidente pode ser um carma - Notibras<\/title>\n<meta name=\"robots\" content=\"index, follow, max-snippet:-1, max-image-preview:large, max-video-preview:-1\" \/>\n<link rel=\"canonical\" href=\"https:\/\/www.notibras.com\/site\/tiraram-o-a-do-meio-da-camara-ser-presidente-pode-ser-um-carma\/\" \/>\n<meta property=\"og:locale\" content=\"pt_BR\" \/>\n<meta property=\"og:type\" content=\"article\" \/>\n<meta property=\"og:title\" content=\"Tiraram o \u201cA\u201d do meio da C\u00e2mara. Ser presidente pode ser um carma - Notibras\" \/>\n<meta property=\"og:description\" content=\"O nobre jornalista chegou a essa conclus\u00e3o depois de, segundo ele, conversar com um colega (entre outros). Este, por sua vez, foi bem sarc\u00e1stico com a republicana Casa legislativa. \u201cC\u00e2mara sem um \u2018a\u2019 \u00e9 carma\u201d, disse o tal rapaz. Chegamos a seguinte conclus\u00e3o: se para o tal presidente, a aposentadoria \u00e9 o que importa, o [&hellip;]\" \/>\n<meta property=\"og:url\" content=\"https:\/\/www.notibras.com\/site\/tiraram-o-a-do-meio-da-camara-ser-presidente-pode-ser-um-carma\/\" \/>\n<meta property=\"og:site_name\" content=\"Notibras\" \/>\n<meta property=\"article:publisher\" content=\"https:\/\/www.facebook.com\/notibras\/\" \/>\n<meta property=\"article:published_time\" content=\"2014-12-31T10:14:20+00:00\" \/>\n<meta property=\"article:modified_time\" content=\"2014-12-31T10:20:39+00:00\" \/>\n<meta property=\"og:image\" content=\"https:\/\/www.notibras.com\/site\/wp-content\/uploads\/2014\/12\/mesa-diretora.jpg\" \/>\n\t<meta property=\"og:image:width\" content=\"1772\" \/>\n\t<meta property=\"og:image:height\" content=\"1181\" \/>\n\t<meta property=\"og:image:type\" content=\"image\/jpeg\" \/>\n<meta name=\"author\" content=\"Reda\u00e7\u00e3o\" \/>\n<meta name=\"twitter:card\" content=\"summary_large_image\" \/>\n<meta name=\"twitter:creator\" content=\"@Notibras\" \/>\n<meta name=\"twitter:site\" content=\"@Notibras\" \/>\n<meta name=\"twitter:label1\" content=\"Escrito por\" \/>\n\t<meta name=\"twitter:data1\" content=\"Reda\u00e7\u00e3o\" \/>\n<script type=\"application\/ld+json\" class=\"yoast-schema-graph\">{\"@context\":\"https:\/\/schema.org\",\"@graph\":[{\"@type\":\"Article\",\"@id\":\"https:\/\/www.notibras.com\/site\/tiraram-o-a-do-meio-da-camara-ser-presidente-pode-ser-um-carma\/#article\",\"isPartOf\":{\"@id\":\"https:\/\/www.notibras.com\/site\/tiraram-o-a-do-meio-da-camara-ser-presidente-pode-ser-um-carma\/\"},\"author\":{\"name\":\"Reda\u00e7\u00e3o\",\"@id\":\"https:\/\/www.notibras.com\/site\/#\/schema\/person\/00b8e1aa08f9ef6563e878c5159d01cf\"},\"headline\":\"Tiraram o \u201cA\u201d do meio da C\u00e2mara. Ser presidente pode ser um carma\",\"datePublished\":\"2014-12-31T10:14:20+00:00\",\"dateModified\":\"2014-12-31T10:20:39+00:00\",\"mainEntityOfPage\":{\"@id\":\"https:\/\/www.notibras.com\/site\/tiraram-o-a-do-meio-da-camara-ser-presidente-pode-ser-um-carma\/\"},\"wordCount\":84,\"commentCount\":0,\"publisher\":{\"@id\":\"https:\/\/www.notibras.com\/site\/#organization\"},\"image\":{\"@id\":\"https:\/\/www.notibras.com\/site\/tiraram-o-a-do-meio-da-camara-ser-presidente-pode-ser-um-carma\/#primaryimage\"},\"thumbnailUrl\":\"https:\/\/www.notibras.com\/site\/wp-content\/uploads\/2014\/12\/mesa-diretora.jpg\",\"articleSection\":[\"Elei\u00e7\u00f5es 2022\"],\"inLanguage\":\"pt-BR\",\"potentialAction\":[{\"@type\":\"CommentAction\",\"name\":\"Comment\",\"target\":[\"https:\/\/www.notibras.com\/site\/tiraram-o-a-do-meio-da-camara-ser-presidente-pode-ser-um-carma\/#respond\"]}]},{\"@type\":\"WebPage\",\"@id\":\"https:\/\/www.notibras.com\/site\/tiraram-o-a-do-meio-da-camara-ser-presidente-pode-ser-um-carma\/\",\"url\":\"https:\/\/www.notibras.com\/site\/tiraram-o-a-do-meio-da-camara-ser-presidente-pode-ser-um-carma\/\",\"name\":\"Tiraram o \u201cA\u201d do meio da C\u00e2mara. Ser presidente pode ser um carma - Notibras\",\"isPartOf\":{\"@id\":\"https:\/\/www.notibras.com\/site\/#website\"},\"primaryImageOfPage\":{\"@id\":\"https:\/\/www.notibras.com\/site\/tiraram-o-a-do-meio-da-camara-ser-presidente-pode-ser-um-carma\/#primaryimage\"},\"image\":{\"@id\":\"https:\/\/www.notibras.com\/site\/tiraram-o-a-do-meio-da-camara-ser-presidente-pode-ser-um-carma\/#primaryimage\"},\"thumbnailUrl\":\"https:\/\/www.notibras.com\/site\/wp-content\/uploads\/2014\/12\/mesa-diretora.jpg\",\"datePublished\":\"2014-12-31T10:14:20+00:00\",\"dateModified\":\"2014-12-31T10:20:39+00:00\",\"breadcrumb\":{\"@id\":\"https:\/\/www.notibras.com\/site\/tiraram-o-a-do-meio-da-camara-ser-presidente-pode-ser-um-carma\/#breadcrumb\"},\"inLanguage\":\"pt-BR\",\"potentialAction\":[{\"@type\":\"ReadAction\",\"target\":[\"https:\/\/www.notibras.com\/site\/tiraram-o-a-do-meio-da-camara-ser-presidente-pode-ser-um-carma\/\"]}]},{\"@type\":\"ImageObject\",\"inLanguage\":\"pt-BR\",\"@id\":\"https:\/\/www.notibras.com\/site\/tiraram-o-a-do-meio-da-camara-ser-presidente-pode-ser-um-carma\/#primaryimage\",\"url\":\"https:\/\/www.notibras.com\/site\/wp-content\/uploads\/2014\/12\/mesa-diretora.jpg\",\"contentUrl\":\"https:\/\/www.notibras.com\/site\/wp-content\/uploads\/2014\/12\/mesa-diretora.jpg\",\"width\":1772,\"height\":1181},{\"@type\":\"BreadcrumbList\",\"@id\":\"https:\/\/www.notibras.com\/site\/tiraram-o-a-do-meio-da-camara-ser-presidente-pode-ser-um-carma\/#breadcrumb\",\"itemListElement\":[{\"@type\":\"ListItem\",\"position\":1,\"name\":\"In\u00edcio\",\"item\":\"https:\/\/www.notibras.com\/site\/\"},{\"@type\":\"ListItem\",\"position\":2,\"name\":\"Tiraram o \u201cA\u201d do meio da C\u00e2mara. Ser presidente pode ser um carma\"}]},{\"@type\":\"WebSite\",\"@id\":\"https:\/\/www.notibras.com\/site\/#website\",\"url\":\"https:\/\/www.notibras.com\/site\/\",\"name\":\"Notibras\",\"description\":\"Not\u00edcias de Bras\u00edlia, do Brasil e do Mundo\",\"publisher\":{\"@id\":\"https:\/\/www.notibras.com\/site\/#organization\"},\"potentialAction\":[{\"@type\":\"SearchAction\",\"target\":{\"@type\":\"EntryPoint\",\"urlTemplate\":\"https:\/\/www.notibras.com\/site\/?s={search_term_string}\"},\"query-input\":{\"@type\":\"PropertyValueSpecification\",\"valueRequired\":true,\"valueName\":\"search_term_string\"}}],\"inLanguage\":\"pt-BR\"},{\"@type\":\"Organization\",\"@id\":\"https:\/\/www.notibras.com\/site\/#organization\",\"name\":\"Grupo Notibras de Comunica\u00e7\u00e3o\",\"url\":\"https:\/\/www.notibras.com\/site\/\",\"logo\":{\"@type\":\"ImageObject\",\"inLanguage\":\"pt-BR\",\"@id\":\"https:\/\/www.notibras.com\/site\/#\/schema\/logo\/image\/\",\"url\":\"https:\/\/www.notibras.com\/site\/wp-content\/uploads\/2023\/01\/notibras23.png\",\"contentUrl\":\"https:\/\/www.notibras.com\/site\/wp-content\/uploads\/2023\/01\/notibras23.png\",\"width\":350,\"height\":87,\"caption\":\"Grupo Notibras de Comunica\u00e7\u00e3o\"},\"image\":{\"@id\":\"https:\/\/www.notibras.com\/site\/#\/schema\/logo\/image\/\"},\"sameAs\":[\"https:\/\/www.facebook.com\/notibras\/\",\"https:\/\/x.com\/Notibras\",\"https:\/\/www.instagram.com\/notibras\/\"]},{\"@type\":\"Person\",\"@id\":\"https:\/\/www.notibras.com\/site\/#\/schema\/person\/00b8e1aa08f9ef6563e878c5159d01cf\",\"name\":\"Reda\u00e7\u00e3o\",\"image\":{\"@type\":\"ImageObject\",\"inLanguage\":\"pt-BR\",\"@id\":\"https:\/\/secure.gravatar.com\/avatar\/ac5a707d5b47784a5ed426c6e213e201423c750890f64e4c379114dade67dfb9?s=96&d=mm&r=g\",\"url\":\"https:\/\/secure.gravatar.com\/avatar\/ac5a707d5b47784a5ed426c6e213e201423c750890f64e4c379114dade67dfb9?s=96&d=mm&r=g\",\"contentUrl\":\"https:\/\/secure.gravatar.com\/avatar\/ac5a707d5b47784a5ed426c6e213e201423c750890f64e4c379114dade67dfb9?s=96&d=mm&r=g\",\"caption\":\"Reda\u00e7\u00e3o\"}}]}<\/script>\n<!-- \/ Yoast SEO plugin. -->","yoast_head_json":{"title":"Tiraram o \u201cA\u201d do meio da C\u00e2mara. Ser presidente pode ser um carma - Notibras","robots":{"index":"index","follow":"follow","max-snippet":"max-snippet:-1","max-image-preview":"max-image-preview:large","max-video-preview":"max-video-preview:-1"},"canonical":"https:\/\/www.notibras.com\/site\/tiraram-o-a-do-meio-da-camara-ser-presidente-pode-ser-um-carma\/","og_locale":"pt_BR","og_type":"article","og_title":"Tiraram o \u201cA\u201d do meio da C\u00e2mara. Ser presidente pode ser um carma - Notibras","og_description":"O nobre jornalista chegou a essa conclus\u00e3o depois de, segundo ele, conversar com um colega (entre outros). Este, por sua vez, foi bem sarc\u00e1stico com a republicana Casa legislativa. \u201cC\u00e2mara sem um \u2018a\u2019 \u00e9 carma\u201d, disse o tal rapaz. Chegamos a seguinte conclus\u00e3o: se para o tal presidente, a aposentadoria \u00e9 o que importa, o [&hellip;]","og_url":"https:\/\/www.notibras.com\/site\/tiraram-o-a-do-meio-da-camara-ser-presidente-pode-ser-um-carma\/","og_site_name":"Notibras","article_publisher":"https:\/\/www.facebook.com\/notibras\/","article_published_time":"2014-12-31T10:14:20+00:00","article_modified_time":"2014-12-31T10:20:39+00:00","og_image":[{"width":1772,"height":1181,"url":"https:\/\/www.notibras.com\/site\/wp-content\/uploads\/2014\/12\/mesa-diretora.jpg","type":"image\/jpeg"}],"author":"Reda\u00e7\u00e3o","twitter_card":"summary_large_image","twitter_creator":"@Notibras","twitter_site":"@Notibras","twitter_misc":{"Escrito por":"Reda\u00e7\u00e3o"},"schema":{"@context":"https:\/\/schema.org","@graph":[{"@type":"Article","@id":"https:\/\/www.notibras.com\/site\/tiraram-o-a-do-meio-da-camara-ser-presidente-pode-ser-um-carma\/#article","isPartOf":{"@id":"https:\/\/www.notibras.com\/site\/tiraram-o-a-do-meio-da-camara-ser-presidente-pode-ser-um-carma\/"},"author":{"name":"Reda\u00e7\u00e3o","@id":"https:\/\/www.notibras.com\/site\/#\/schema\/person\/00b8e1aa08f9ef6563e878c5159d01cf"},"headline":"Tiraram o \u201cA\u201d do meio da C\u00e2mara. Ser presidente pode ser um carma","datePublished":"2014-12-31T10:14:20+00:00","dateModified":"2014-12-31T10:20:39+00:00","mainEntityOfPage":{"@id":"https:\/\/www.notibras.com\/site\/tiraram-o-a-do-meio-da-camara-ser-presidente-pode-ser-um-carma\/"},"wordCount":84,"commentCount":0,"publisher":{"@id":"https:\/\/www.notibras.com\/site\/#organization"},"image":{"@id":"https:\/\/www.notibras.com\/site\/tiraram-o-a-do-meio-da-camara-ser-presidente-pode-ser-um-carma\/#primaryimage"},"thumbnailUrl":"https:\/\/www.notibras.com\/site\/wp-content\/uploads\/2014\/12\/mesa-diretora.jpg","articleSection":["Elei\u00e7\u00f5es 2022"],"inLanguage":"pt-BR","potentialAction":[{"@type":"CommentAction","name":"Comment","target":["https:\/\/www.notibras.com\/site\/tiraram-o-a-do-meio-da-camara-ser-presidente-pode-ser-um-carma\/#respond"]}]},{"@type":"WebPage","@id":"https:\/\/www.notibras.com\/site\/tiraram-o-a-do-meio-da-camara-ser-presidente-pode-ser-um-carma\/","url":"https:\/\/www.notibras.com\/site\/tiraram-o-a-do-meio-da-camara-ser-presidente-pode-ser-um-carma\/","name":"Tiraram o \u201cA\u201d do meio da C\u00e2mara. Ser presidente pode ser um carma - Notibras","isPartOf":{"@id":"https:\/\/www.notibras.com\/site\/#website"},"primaryImageOfPage":{"@id":"https:\/\/www.notibras.com\/site\/tiraram-o-a-do-meio-da-camara-ser-presidente-pode-ser-um-carma\/#primaryimage"},"image":{"@id":"https:\/\/www.notibras.com\/site\/tiraram-o-a-do-meio-da-camara-ser-presidente-pode-ser-um-carma\/#primaryimage"},"thumbnailUrl":"https:\/\/www.notibras.com\/site\/wp-content\/uploads\/2014\/12\/mesa-diretora.jpg","datePublished":"2014-12-31T10:14:20+00:00","dateModified":"2014-12-31T10:20:39+00:00","breadcrumb":{"@id":"https:\/\/www.notibras.com\/site\/tiraram-o-a-do-meio-da-camara-ser-presidente-pode-ser-um-carma\/#breadcrumb"},"inLanguage":"pt-BR","potentialAction":[{"@type":"ReadAction","target":["https:\/\/www.notibras.com\/site\/tiraram-o-a-do-meio-da-camara-ser-presidente-pode-ser-um-carma\/"]}]},{"@type":"ImageObject","inLanguage":"pt-BR","@id":"https:\/\/www.notibras.com\/site\/tiraram-o-a-do-meio-da-camara-ser-presidente-pode-ser-um-carma\/#primaryimage","url":"https:\/\/www.notibras.com\/site\/wp-content\/uploads\/2014\/12\/mesa-diretora.jpg","contentUrl":"https:\/\/www.notibras.com\/site\/wp-content\/uploads\/2014\/12\/mesa-diretora.jpg","width":1772,"height":1181},{"@type":"BreadcrumbList","@id":"https:\/\/www.notibras.com\/site\/tiraram-o-a-do-meio-da-camara-ser-presidente-pode-ser-um-carma\/#breadcrumb","itemListElement":[{"@type":"ListItem","position":1,"name":"In\u00edcio","item":"https:\/\/www.notibras.com\/site\/"},{"@type":"ListItem","position":2,"name":"Tiraram o \u201cA\u201d do meio da C\u00e2mara. Ser presidente pode ser um carma"}]},{"@type":"WebSite","@id":"https:\/\/www.notibras.com\/site\/#website","url":"https:\/\/www.notibras.com\/site\/","name":"Notibras","description":"Not\u00edcias de Bras\u00edlia, do Brasil e do Mundo","publisher":{"@id":"https:\/\/www.notibras.com\/site\/#organization"},"potentialAction":[{"@type":"SearchAction","target":{"@type":"EntryPoint","urlTemplate":"https:\/\/www.notibras.com\/site\/?s={search_term_string}"},"query-input":{"@type":"PropertyValueSpecification","valueRequired":true,"valueName":"search_term_string"}}],"inLanguage":"pt-BR"},{"@type":"Organization","@id":"https:\/\/www.notibras.com\/site\/#organization","name":"Grupo Notibras de Comunica\u00e7\u00e3o","url":"https:\/\/www.notibras.com\/site\/","logo":{"@type":"ImageObject","inLanguage":"pt-BR","@id":"https:\/\/www.notibras.com\/site\/#\/schema\/logo\/image\/","url":"https:\/\/www.notibras.com\/site\/wp-content\/uploads\/2023\/01\/notibras23.png","contentUrl":"https:\/\/www.notibras.com\/site\/wp-content\/uploads\/2023\/01\/notibras23.png","width":350,"height":87,"caption":"Grupo Notibras de Comunica\u00e7\u00e3o"},"image":{"@id":"https:\/\/www.notibras.com\/site\/#\/schema\/logo\/image\/"},"sameAs":["https:\/\/www.facebook.com\/notibras\/","https:\/\/x.com\/Notibras","https:\/\/www.instagram.com\/notibras\/"]},{"@type":"Person","@id":"https:\/\/www.notibras.com\/site\/#\/schema\/person\/00b8e1aa08f9ef6563e878c5159d01cf","name":"Reda\u00e7\u00e3o","image":{"@type":"ImageObject","inLanguage":"pt-BR","@id":"https:\/\/secure.gravatar.com\/avatar\/ac5a707d5b47784a5ed426c6e213e201423c750890f64e4c379114dade67dfb9?s=96&d=mm&r=g","url":"https:\/\/secure.gravatar.com\/avatar\/ac5a707d5b47784a5ed426c6e213e201423c750890f64e4c379114dade67dfb9?s=96&d=mm&r=g","contentUrl":"https:\/\/secure.gravatar.com\/avatar\/ac5a707d5b47784a5ed426c6e213e201423c750890f64e4c379114dade67dfb9?s=96&d=mm&r=g","caption":"Reda\u00e7\u00e3o"}}]}},"amp_enabled":true,"_links":{"self":[{"href":"https:\/\/www.notibras.com\/site\/wp-json\/wp\/v2\/posts\/32546","targetHints":{"allow":["GET"]}}],"collection":[{"href":"https:\/\/www.notibras.com\/site\/wp-json\/wp\/v2\/posts"}],"about":[{"href":"https:\/\/www.notibras.com\/site\/wp-json\/wp\/v2\/types\/post"}],"author":[{"embeddable":true,"href":"https:\/\/www.notibras.com\/site\/wp-json\/wp\/v2\/users\/1"}],"replies":[{"embeddable":true,"href":"https:\/\/www.notibras.com\/site\/wp-json\/wp\/v2\/comments?post=32546"}],"version-history":[{"count":0,"href":"https:\/\/www.notibras.com\/site\/wp-json\/wp\/v2\/posts\/32546\/revisions"}],"wp:featuredmedia":[{"embeddable":true,"href":"https:\/\/www.notibras.com\/site\/wp-json\/wp\/v2\/media\/32551"}],"wp:attachment":[{"href":"https:\/\/www.notibras.com\/site\/wp-json\/wp\/v2\/media?parent=32546"}],"wp:term":[{"taxonomy":"category","embeddable":true,"href":"https:\/\/www.notibras.com\/site\/wp-json\/wp\/v2\/categories?post=32546"},{"taxonomy":"post_tag","embeddable":true,"href":"https:\/\/www.notibras.com\/site\/wp-json\/wp\/v2\/tags?post=32546"}],"curies":[{"name":"wp","href":"https:\/\/api.w.org\/{rel}","templated":true}]}}