{"id":325463,"date":"2024-03-26T12:32:51","date_gmt":"2024-03-26T15:32:51","guid":{"rendered":"https:\/\/www.notibras.com\/site\/?p=325463"},"modified":"2024-03-26T12:32:51","modified_gmt":"2024-03-26T15:32:51","slug":"policial-deve-ser-cauteloso-ao-abordar-doente-mental","status":"publish","type":"post","link":"https:\/\/www.notibras.com\/site\/policial-deve-ser-cauteloso-ao-abordar-doente-mental\/","title":{"rendered":"Policial deve ser cauteloso ao abordar doente mental"},"content":{"rendered":"<p>O Senado est\u00e1 analisando o projeto de lei que estabelece regras para a abordagem policial a pessoas em situa\u00e7\u00e3o de crise de sa\u00fade mental. O\u00a0PL 922\/2024, do senador Alessandro Vieira (MDB-SE), aguarda distribui\u00e7\u00e3o para as comiss\u00f5es permanentes da Casa.<\/p>\n<p>O projeto prev\u00ea uma s\u00e9rie de procedimentos para esse tipo de abordagem. O texto restringe o uso de for\u00e7a letal, que deve ser aplicada apenas de forma excepcional \u2014 quando outras formas de interven\u00e7\u00e3o sejam consideradas ineficazes ou para proteger a vida e a integridade f\u00edsica da equipe policial ou de terceiros.<\/p>\n<p>De acordo com o PL 922\/2024, a conten\u00e7\u00e3o f\u00edsica s\u00f3 deve ocorrer quando se esgotarem todos os recursos de media\u00e7\u00e3o. Ela deve ser realizada preferencialmente por agentes com treinamento espec\u00edfico na abordagem a pessoas em situa\u00e7\u00e3o de crise de sa\u00fade mental.<\/p>\n<p>O texto recomenda ainda a redu\u00e7\u00e3o ou a elimina\u00e7\u00e3o do uso de sinais luminosos e sonoros, al\u00e9m da defini\u00e7\u00e3o de um mediador. Respons\u00e1vel pela comunica\u00e7\u00e3o com a pessoa em situa\u00e7\u00e3o de crise, o mediador deve ter treinamento especializado ou forma\u00e7\u00e3o t\u00e9cnica adequada para abordagem humanizada.<\/p>\n<p>Os policiais envolvidos devem colher informa\u00e7\u00f5es a respeito dos motivos do comportamento do abordado, seja com ele pr\u00f3prio ou com familiares. O projeto tamb\u00e9m recomenda a identifica\u00e7\u00e3o de objetos que possam ser usados como arma.<\/p>\n<p>De acordo com o texto, os \u00f3rg\u00e3os de seguran\u00e7a p\u00fablica devem realizar treinamentos peri\u00f3dicos sobre abordagens a pessoas em situa\u00e7\u00e3o de crise. Ap\u00f3s a a\u00e7\u00e3o policial, o abordado ser encaminhada para institui\u00e7\u00f5es de refer\u00eancia do Sistema \u00danico de Sa\u00fade (SUS) ou do Sistema \u00danico de Assist\u00eancia Social (Suas).<\/p>\n<p>O PL 922\/2024 classifica a pessoa em situa\u00e7\u00e3o de crise como um indiv\u00edduo acometido, temporariamente ou n\u00e3o, por transtorno mental que prejudique sua autonomia e autodetermina\u00e7\u00e3o. O projeto tamb\u00e9m enquadra como em situa\u00e7\u00e3o de crise a pessoa em risco de morte ou de suic\u00eddio ou com agita\u00e7\u00e3o psicomotora, estando ou n\u00e3o sob efeito de subst\u00e2ncias psicoativas.<\/p>\n<p>O senador Alessandro Vieira afirma que a abordagem a pessoas em crise \u201cdemanda resposta adequada\u201d. Na justificativa do projeto, o parlamentar lembra o caso de Genivaldo de Jesus Santos, morto em maio de 2022, durante abordagem da Pol\u00edcia Rodovi\u00e1ria Federal (PRF) na cidade de Umba\u00faba (SE) por dirigir uma moto sem capacete. Com transtornos mentais, ele foi trancado no porta-malas de uma viatura onde os agentes lan\u00e7aram g\u00e1s lacrimog\u00eanio.\u00a0A certid\u00e3o de \u00f3bito de Genivaldo apontou asfixia e insufici\u00eancia respirat\u00f3ria como causa da morte.<\/p>\n<p>\u201cInfelizmente, devido \u00e0 falta de treinamento especializado, bem como \u00e0 inexist\u00eancia de normas espec\u00edficas quanto ao tema, n\u00e3o \u00e9 raro que abordagens policiais a pessoas em situa\u00e7\u00e3o de crise apresentem desfechos tr\u00e1gicos. Destacamos dois casos que envolveram abordagens de pessoas aparentemente em situa\u00e7\u00e3o de crise de sa\u00fade mental que tiveram como resultado o falecimento de algum dos envolvidos. O primeiro, no Cear\u00e1, com o \u00f3bito de dois agentes de seguran\u00e7a p\u00fablica. O segundo, em Sergipe, com o \u00f3bito da pessoa abordada\u201d, destaca Alessandro Vieira.<\/p>\n","protected":false},"excerpt":{"rendered":"<p>O Senado est\u00e1 analisando o projeto de lei que estabelece regras para a abordagem policial a pessoas em situa\u00e7\u00e3o de crise de sa\u00fade mental. O\u00a0PL 922\/2024, do senador Alessandro Vieira (MDB-SE), aguarda distribui\u00e7\u00e3o para as comiss\u00f5es permanentes da Casa. O projeto prev\u00ea uma s\u00e9rie de procedimentos para esse tipo de abordagem. O texto restringe o [&hellip;]<\/p>\n","protected":false},"author":2,"featured_media":325464,"comment_status":"closed","ping_status":"closed","sticky":false,"template":"","format":"standard","meta":{"_acf_changed":false,"footnotes":""},"categories":[165,174],"tags":[],"class_list":["post-325463","post","type-post","status-publish","format-standard","has-post-thumbnail","hentry","category-nordeste","category-sergipe"],"acf":[],"yoast_head":"<!-- This site is optimized with the Yoast SEO plugin v27.2 - https:\/\/yoast.com\/product\/yoast-seo-wordpress\/ -->\n<title>Policial deve ser cauteloso ao abordar doente mental - Notibras<\/title>\n<meta name=\"robots\" content=\"index, follow, max-snippet:-1, max-image-preview:large, max-video-preview:-1\" \/>\n<link rel=\"canonical\" href=\"https:\/\/www.notibras.com\/site\/policial-deve-ser-cauteloso-ao-abordar-doente-mental\/\" \/>\n<meta property=\"og:locale\" content=\"pt_BR\" \/>\n<meta property=\"og:type\" content=\"article\" \/>\n<meta property=\"og:title\" content=\"Policial deve ser cauteloso ao abordar doente mental - Notibras\" \/>\n<meta property=\"og:description\" content=\"O Senado est\u00e1 analisando o projeto de lei que estabelece regras para a abordagem policial a pessoas em situa\u00e7\u00e3o de crise de sa\u00fade mental. O\u00a0PL 922\/2024, do senador Alessandro Vieira (MDB-SE), aguarda distribui\u00e7\u00e3o para as comiss\u00f5es permanentes da Casa. O projeto prev\u00ea uma s\u00e9rie de procedimentos para esse tipo de abordagem. O texto restringe o [&hellip;]\" \/>\n<meta property=\"og:url\" content=\"https:\/\/www.notibras.com\/site\/policial-deve-ser-cauteloso-ao-abordar-doente-mental\/\" \/>\n<meta property=\"og:site_name\" content=\"Notibras\" \/>\n<meta property=\"article:publisher\" content=\"https:\/\/www.facebook.com\/notibras\/\" \/>\n<meta property=\"article:published_time\" content=\"2024-03-26T15:32:51+00:00\" \/>\n<meta property=\"og:image\" content=\"https:\/\/www.notibras.com\/site\/wp-content\/uploads\/2024\/03\/imagem_materia-22.jpeg\" \/>\n\t<meta property=\"og:image:width\" content=\"860\" \/>\n\t<meta property=\"og:image:height\" content=\"570\" \/>\n\t<meta property=\"og:image:type\" content=\"image\/jpeg\" \/>\n<meta name=\"author\" content=\"Reda\u00e7\u00e3o\" \/>\n<meta name=\"twitter:card\" content=\"summary_large_image\" \/>\n<meta name=\"twitter:creator\" content=\"@Notibras\" \/>\n<meta name=\"twitter:site\" content=\"@Notibras\" \/>\n<meta name=\"twitter:label1\" content=\"Escrito por\" \/>\n\t<meta name=\"twitter:data1\" content=\"Reda\u00e7\u00e3o\" \/>\n\t<meta name=\"twitter:label2\" content=\"Est. tempo de leitura\" \/>\n\t<meta name=\"twitter:data2\" content=\"3 minutos\" \/>\n<script type=\"application\/ld+json\" class=\"yoast-schema-graph\">{\"@context\":\"https:\/\/schema.org\",\"@graph\":[{\"@type\":\"Article\",\"@id\":\"https:\/\/www.notibras.com\/site\/policial-deve-ser-cauteloso-ao-abordar-doente-mental\/#article\",\"isPartOf\":{\"@id\":\"https:\/\/www.notibras.com\/site\/policial-deve-ser-cauteloso-ao-abordar-doente-mental\/\"},\"author\":{\"name\":\"Reda\u00e7\u00e3o\",\"@id\":\"https:\/\/www.notibras.com\/site\/#\/schema\/person\/36ab0979449956132d3e5b517ea76ac8\"},\"headline\":\"Policial deve ser cauteloso ao abordar doente mental\",\"datePublished\":\"2024-03-26T15:32:51+00:00\",\"mainEntityOfPage\":{\"@id\":\"https:\/\/www.notibras.com\/site\/policial-deve-ser-cauteloso-ao-abordar-doente-mental\/\"},\"wordCount\":551,\"publisher\":{\"@id\":\"https:\/\/www.notibras.com\/site\/#organization\"},\"image\":{\"@id\":\"https:\/\/www.notibras.com\/site\/policial-deve-ser-cauteloso-ao-abordar-doente-mental\/#primaryimage\"},\"thumbnailUrl\":\"https:\/\/www.notibras.com\/site\/wp-content\/uploads\/2024\/03\/imagem_materia-22.jpeg\",\"articleSection\":[\"Nordeste\",\"Sergipe\"],\"inLanguage\":\"pt-BR\"},{\"@type\":\"WebPage\",\"@id\":\"https:\/\/www.notibras.com\/site\/policial-deve-ser-cauteloso-ao-abordar-doente-mental\/\",\"url\":\"https:\/\/www.notibras.com\/site\/policial-deve-ser-cauteloso-ao-abordar-doente-mental\/\",\"name\":\"Policial deve ser cauteloso ao abordar doente mental - Notibras\",\"isPartOf\":{\"@id\":\"https:\/\/www.notibras.com\/site\/#website\"},\"primaryImageOfPage\":{\"@id\":\"https:\/\/www.notibras.com\/site\/policial-deve-ser-cauteloso-ao-abordar-doente-mental\/#primaryimage\"},\"image\":{\"@id\":\"https:\/\/www.notibras.com\/site\/policial-deve-ser-cauteloso-ao-abordar-doente-mental\/#primaryimage\"},\"thumbnailUrl\":\"https:\/\/www.notibras.com\/site\/wp-content\/uploads\/2024\/03\/imagem_materia-22.jpeg\",\"datePublished\":\"2024-03-26T15:32:51+00:00\",\"breadcrumb\":{\"@id\":\"https:\/\/www.notibras.com\/site\/policial-deve-ser-cauteloso-ao-abordar-doente-mental\/#breadcrumb\"},\"inLanguage\":\"pt-BR\",\"potentialAction\":[{\"@type\":\"ReadAction\",\"target\":[\"https:\/\/www.notibras.com\/site\/policial-deve-ser-cauteloso-ao-abordar-doente-mental\/\"]}]},{\"@type\":\"ImageObject\",\"inLanguage\":\"pt-BR\",\"@id\":\"https:\/\/www.notibras.com\/site\/policial-deve-ser-cauteloso-ao-abordar-doente-mental\/#primaryimage\",\"url\":\"https:\/\/www.notibras.com\/site\/wp-content\/uploads\/2024\/03\/imagem_materia-22.jpeg\",\"contentUrl\":\"https:\/\/www.notibras.com\/site\/wp-content\/uploads\/2024\/03\/imagem_materia-22.jpeg\",\"width\":860,\"height\":570},{\"@type\":\"BreadcrumbList\",\"@id\":\"https:\/\/www.notibras.com\/site\/policial-deve-ser-cauteloso-ao-abordar-doente-mental\/#breadcrumb\",\"itemListElement\":[{\"@type\":\"ListItem\",\"position\":1,\"name\":\"In\u00edcio\",\"item\":\"https:\/\/www.notibras.com\/site\/\"},{\"@type\":\"ListItem\",\"position\":2,\"name\":\"Policial deve ser cauteloso ao abordar doente mental\"}]},{\"@type\":\"WebSite\",\"@id\":\"https:\/\/www.notibras.com\/site\/#website\",\"url\":\"https:\/\/www.notibras.com\/site\/\",\"name\":\"Notibras\",\"description\":\"Not\u00edcias de Bras\u00edlia, do Brasil e do Mundo\",\"publisher\":{\"@id\":\"https:\/\/www.notibras.com\/site\/#organization\"},\"potentialAction\":[{\"@type\":\"SearchAction\",\"target\":{\"@type\":\"EntryPoint\",\"urlTemplate\":\"https:\/\/www.notibras.com\/site\/?s={search_term_string}\"},\"query-input\":{\"@type\":\"PropertyValueSpecification\",\"valueRequired\":true,\"valueName\":\"search_term_string\"}}],\"inLanguage\":\"pt-BR\"},{\"@type\":\"Organization\",\"@id\":\"https:\/\/www.notibras.com\/site\/#organization\",\"name\":\"Grupo Notibras de Comunica\u00e7\u00e3o\",\"url\":\"https:\/\/www.notibras.com\/site\/\",\"logo\":{\"@type\":\"ImageObject\",\"inLanguage\":\"pt-BR\",\"@id\":\"https:\/\/www.notibras.com\/site\/#\/schema\/logo\/image\/\",\"url\":\"https:\/\/www.notibras.com\/site\/wp-content\/uploads\/2023\/01\/notibras23.png\",\"contentUrl\":\"https:\/\/www.notibras.com\/site\/wp-content\/uploads\/2023\/01\/notibras23.png\",\"width\":350,\"height\":87,\"caption\":\"Grupo Notibras de Comunica\u00e7\u00e3o\"},\"image\":{\"@id\":\"https:\/\/www.notibras.com\/site\/#\/schema\/logo\/image\/\"},\"sameAs\":[\"https:\/\/www.facebook.com\/notibras\/\",\"https:\/\/x.com\/Notibras\",\"https:\/\/www.instagram.com\/notibras\/\"]},{\"@type\":\"Person\",\"@id\":\"https:\/\/www.notibras.com\/site\/#\/schema\/person\/36ab0979449956132d3e5b517ea76ac8\",\"name\":\"Reda\u00e7\u00e3o\",\"image\":{\"@type\":\"ImageObject\",\"inLanguage\":\"pt-BR\",\"@id\":\"https:\/\/secure.gravatar.com\/avatar\/e0a867bdedb85fd243eadf09663511f96fc81e0720a4a42581f334ad4303aa6b?s=96&d=mm&r=g\",\"url\":\"https:\/\/secure.gravatar.com\/avatar\/e0a867bdedb85fd243eadf09663511f96fc81e0720a4a42581f334ad4303aa6b?s=96&d=mm&r=g\",\"contentUrl\":\"https:\/\/secure.gravatar.com\/avatar\/e0a867bdedb85fd243eadf09663511f96fc81e0720a4a42581f334ad4303aa6b?s=96&d=mm&r=g\",\"caption\":\"Reda\u00e7\u00e3o\"}}]}<\/script>\n<!-- \/ Yoast SEO plugin. -->","yoast_head_json":{"title":"Policial deve ser cauteloso ao abordar doente mental - Notibras","robots":{"index":"index","follow":"follow","max-snippet":"max-snippet:-1","max-image-preview":"max-image-preview:large","max-video-preview":"max-video-preview:-1"},"canonical":"https:\/\/www.notibras.com\/site\/policial-deve-ser-cauteloso-ao-abordar-doente-mental\/","og_locale":"pt_BR","og_type":"article","og_title":"Policial deve ser cauteloso ao abordar doente mental - Notibras","og_description":"O Senado est\u00e1 analisando o projeto de lei que estabelece regras para a abordagem policial a pessoas em situa\u00e7\u00e3o de crise de sa\u00fade mental. O\u00a0PL 922\/2024, do senador Alessandro Vieira (MDB-SE), aguarda distribui\u00e7\u00e3o para as comiss\u00f5es permanentes da Casa. O projeto prev\u00ea uma s\u00e9rie de procedimentos para esse tipo de abordagem. O texto restringe o [&hellip;]","og_url":"https:\/\/www.notibras.com\/site\/policial-deve-ser-cauteloso-ao-abordar-doente-mental\/","og_site_name":"Notibras","article_publisher":"https:\/\/www.facebook.com\/notibras\/","article_published_time":"2024-03-26T15:32:51+00:00","og_image":[{"width":860,"height":570,"url":"https:\/\/www.notibras.com\/site\/wp-content\/uploads\/2024\/03\/imagem_materia-22.jpeg","type":"image\/jpeg"}],"author":"Reda\u00e7\u00e3o","twitter_card":"summary_large_image","twitter_creator":"@Notibras","twitter_site":"@Notibras","twitter_misc":{"Escrito por":"Reda\u00e7\u00e3o","Est. tempo de leitura":"3 minutos"},"schema":{"@context":"https:\/\/schema.org","@graph":[{"@type":"Article","@id":"https:\/\/www.notibras.com\/site\/policial-deve-ser-cauteloso-ao-abordar-doente-mental\/#article","isPartOf":{"@id":"https:\/\/www.notibras.com\/site\/policial-deve-ser-cauteloso-ao-abordar-doente-mental\/"},"author":{"name":"Reda\u00e7\u00e3o","@id":"https:\/\/www.notibras.com\/site\/#\/schema\/person\/36ab0979449956132d3e5b517ea76ac8"},"headline":"Policial deve ser cauteloso ao abordar doente mental","datePublished":"2024-03-26T15:32:51+00:00","mainEntityOfPage":{"@id":"https:\/\/www.notibras.com\/site\/policial-deve-ser-cauteloso-ao-abordar-doente-mental\/"},"wordCount":551,"publisher":{"@id":"https:\/\/www.notibras.com\/site\/#organization"},"image":{"@id":"https:\/\/www.notibras.com\/site\/policial-deve-ser-cauteloso-ao-abordar-doente-mental\/#primaryimage"},"thumbnailUrl":"https:\/\/www.notibras.com\/site\/wp-content\/uploads\/2024\/03\/imagem_materia-22.jpeg","articleSection":["Nordeste","Sergipe"],"inLanguage":"pt-BR"},{"@type":"WebPage","@id":"https:\/\/www.notibras.com\/site\/policial-deve-ser-cauteloso-ao-abordar-doente-mental\/","url":"https:\/\/www.notibras.com\/site\/policial-deve-ser-cauteloso-ao-abordar-doente-mental\/","name":"Policial deve ser cauteloso ao abordar doente mental - Notibras","isPartOf":{"@id":"https:\/\/www.notibras.com\/site\/#website"},"primaryImageOfPage":{"@id":"https:\/\/www.notibras.com\/site\/policial-deve-ser-cauteloso-ao-abordar-doente-mental\/#primaryimage"},"image":{"@id":"https:\/\/www.notibras.com\/site\/policial-deve-ser-cauteloso-ao-abordar-doente-mental\/#primaryimage"},"thumbnailUrl":"https:\/\/www.notibras.com\/site\/wp-content\/uploads\/2024\/03\/imagem_materia-22.jpeg","datePublished":"2024-03-26T15:32:51+00:00","breadcrumb":{"@id":"https:\/\/www.notibras.com\/site\/policial-deve-ser-cauteloso-ao-abordar-doente-mental\/#breadcrumb"},"inLanguage":"pt-BR","potentialAction":[{"@type":"ReadAction","target":["https:\/\/www.notibras.com\/site\/policial-deve-ser-cauteloso-ao-abordar-doente-mental\/"]}]},{"@type":"ImageObject","inLanguage":"pt-BR","@id":"https:\/\/www.notibras.com\/site\/policial-deve-ser-cauteloso-ao-abordar-doente-mental\/#primaryimage","url":"https:\/\/www.notibras.com\/site\/wp-content\/uploads\/2024\/03\/imagem_materia-22.jpeg","contentUrl":"https:\/\/www.notibras.com\/site\/wp-content\/uploads\/2024\/03\/imagem_materia-22.jpeg","width":860,"height":570},{"@type":"BreadcrumbList","@id":"https:\/\/www.notibras.com\/site\/policial-deve-ser-cauteloso-ao-abordar-doente-mental\/#breadcrumb","itemListElement":[{"@type":"ListItem","position":1,"name":"In\u00edcio","item":"https:\/\/www.notibras.com\/site\/"},{"@type":"ListItem","position":2,"name":"Policial deve ser cauteloso ao abordar doente mental"}]},{"@type":"WebSite","@id":"https:\/\/www.notibras.com\/site\/#website","url":"https:\/\/www.notibras.com\/site\/","name":"Notibras","description":"Not\u00edcias de Bras\u00edlia, do Brasil e do Mundo","publisher":{"@id":"https:\/\/www.notibras.com\/site\/#organization"},"potentialAction":[{"@type":"SearchAction","target":{"@type":"EntryPoint","urlTemplate":"https:\/\/www.notibras.com\/site\/?s={search_term_string}"},"query-input":{"@type":"PropertyValueSpecification","valueRequired":true,"valueName":"search_term_string"}}],"inLanguage":"pt-BR"},{"@type":"Organization","@id":"https:\/\/www.notibras.com\/site\/#organization","name":"Grupo Notibras de Comunica\u00e7\u00e3o","url":"https:\/\/www.notibras.com\/site\/","logo":{"@type":"ImageObject","inLanguage":"pt-BR","@id":"https:\/\/www.notibras.com\/site\/#\/schema\/logo\/image\/","url":"https:\/\/www.notibras.com\/site\/wp-content\/uploads\/2023\/01\/notibras23.png","contentUrl":"https:\/\/www.notibras.com\/site\/wp-content\/uploads\/2023\/01\/notibras23.png","width":350,"height":87,"caption":"Grupo Notibras de Comunica\u00e7\u00e3o"},"image":{"@id":"https:\/\/www.notibras.com\/site\/#\/schema\/logo\/image\/"},"sameAs":["https:\/\/www.facebook.com\/notibras\/","https:\/\/x.com\/Notibras","https:\/\/www.instagram.com\/notibras\/"]},{"@type":"Person","@id":"https:\/\/www.notibras.com\/site\/#\/schema\/person\/36ab0979449956132d3e5b517ea76ac8","name":"Reda\u00e7\u00e3o","image":{"@type":"ImageObject","inLanguage":"pt-BR","@id":"https:\/\/secure.gravatar.com\/avatar\/e0a867bdedb85fd243eadf09663511f96fc81e0720a4a42581f334ad4303aa6b?s=96&d=mm&r=g","url":"https:\/\/secure.gravatar.com\/avatar\/e0a867bdedb85fd243eadf09663511f96fc81e0720a4a42581f334ad4303aa6b?s=96&d=mm&r=g","contentUrl":"https:\/\/secure.gravatar.com\/avatar\/e0a867bdedb85fd243eadf09663511f96fc81e0720a4a42581f334ad4303aa6b?s=96&d=mm&r=g","caption":"Reda\u00e7\u00e3o"}}]}},"amp_enabled":true,"_links":{"self":[{"href":"https:\/\/www.notibras.com\/site\/wp-json\/wp\/v2\/posts\/325463","targetHints":{"allow":["GET"]}}],"collection":[{"href":"https:\/\/www.notibras.com\/site\/wp-json\/wp\/v2\/posts"}],"about":[{"href":"https:\/\/www.notibras.com\/site\/wp-json\/wp\/v2\/types\/post"}],"author":[{"embeddable":true,"href":"https:\/\/www.notibras.com\/site\/wp-json\/wp\/v2\/users\/2"}],"replies":[{"embeddable":true,"href":"https:\/\/www.notibras.com\/site\/wp-json\/wp\/v2\/comments?post=325463"}],"version-history":[{"count":1,"href":"https:\/\/www.notibras.com\/site\/wp-json\/wp\/v2\/posts\/325463\/revisions"}],"predecessor-version":[{"id":325465,"href":"https:\/\/www.notibras.com\/site\/wp-json\/wp\/v2\/posts\/325463\/revisions\/325465"}],"wp:featuredmedia":[{"embeddable":true,"href":"https:\/\/www.notibras.com\/site\/wp-json\/wp\/v2\/media\/325464"}],"wp:attachment":[{"href":"https:\/\/www.notibras.com\/site\/wp-json\/wp\/v2\/media?parent=325463"}],"wp:term":[{"taxonomy":"category","embeddable":true,"href":"https:\/\/www.notibras.com\/site\/wp-json\/wp\/v2\/categories?post=325463"},{"taxonomy":"post_tag","embeddable":true,"href":"https:\/\/www.notibras.com\/site\/wp-json\/wp\/v2\/tags?post=325463"}],"curies":[{"name":"wp","href":"https:\/\/api.w.org\/{rel}","templated":true}]}}